{"id":46225,"date":"2021-08-23T03:07:34","date_gmt":"2021-08-22T23:07:34","guid":{"rendered":"https:\/\/fedai.az\/?p=46225"},"modified":"2021-08-23T03:07:39","modified_gmt":"2021-08-22T23:07:39","slug":"m%c9%99n-agd%c9%99r%c9%99y%c9%99-donm%c9%99k-ist%c9%99yir%c9%99m-c%c9%99nab-putin","status":"publish","type":"post","link":"https:\/\/fedai.az\/?p=46225","title":{"rendered":"M\u0259n A\u011fd\u0259r\u0259y\u0259 d\u00f6nm\u0259k ist\u0259yir\u0259m, c\u0259nab Putin!"},"content":{"rendered":"\n<p><strong>&#171;\u041a\u0430\u0432\u043a\u0430\u0437\u0441\u043a\u0438\u0439 \u0423\u0437\u0435\u043b&#187; sayt\u0131 28 sentyabr 2016-c\u0131 il bel\u0259 bir m\u0259qal\u0259 yay\u0131nlam\u0131\u015fd\u0131. Fedai.az 44 g\u00fcnl\u00fck m\u00fcharib\u0259 \u00f6nc\u0259si A\u011fd\u0259r\u0259d\u0259 6 mind\u0259n azca art\u0131q \u0259halinin qald\u0131\u011f\u0131n\u0131 v\u0259 haz\u0131rda bu r\u0259q\u0259min 3700 n\u0259f\u0259r oldu\u011funu yaz\u0131b. Agd\u0259r\u0259 rayonunun az\u0259rbaycanl\u0131 icmas\u0131n\u0131n say\u0131 is\u0259 haz\u0131rda 17 min n\u0259f\u0259rd\u0259n art\u0131qd\u0131r. Erm\u0259ni v\u0259 rus fa\u015fizmi 1992-1993-c\u00fc ill\u0259r \u0259rzind\u0259, Umudlu k\u0259ndi istisna olmaqla b\u00fct\u00fcn k\u0259ndl\u0259ri yand\u0131r\u0131b v\u0259 bu g\u00fcn \u0259hali m\u0259cburi k\u00f6\u00e7k\u00fcn kimi \u00f6z yurdlar\u0131na d\u00f6n\u0259c\u0259kl\u0259ri g\u00fcn\u00fc s\u0259birsizlikl\u0259 g\u00f6zl\u0259yirl\u0259r. <\/strong><\/p>\n\n\n\n<p>9 noyabrda imzalanm\u0131\u015f \u00fc\u00e7t\u0259r\u0259fli Sazi\u015fin 7-ci b\u0259ndin\u0259 g\u00f6r\u0259 m\u0259cburi k\u00f6\u00e7k\u00fcnl\u0259r \u00f6z yurdlar\u0131na qaytar\u0131lmal\u0131d\u0131r (7. Daxili m\u0259cburi k\u00f6\u00e7k\u00fcnl\u0259r v\u0259 qa\u00e7q\u0131nlar Da\u011fl\u0131q Qaraba\u011f\u0131n \u0259razisin\u0259 v\u0259 \u0259traf rayonlara BMT-nin Qa\u00e7q\u0131nlar \u00fczr\u0259 Ali Komissarl\u0131\u011f\u0131n\u0131n Ofisinin n\u0259zar\u0259ti alt\u0131nda geri qay\u0131d\u0131r.). Lakin Rusiya bir &#171;mujik h\u0259yas\u0131zl\u0131\u011f\u0131 il\u0259&#187; m\u0259cburi k\u00f6\u00e7k\u00fcn \u0259v\u0259zin\u0259 \u0130randa, Livanda v\u0259 Rusiyada b\u00f6lg\u0259y\u0259 k\u00f6\u00e7\u00fcrm\u0259k \u00fc\u00e7\u00fcn erm\u0259ni v\u0259 ruslar\u0131 t\u0259\u015fviq edir. <\/p>\n\n\n\n<p>Bunu erm\u0259ni \u0259silli Lavrov &#8212; Kalantaryan\u0131n rusiyal\u0131 i\u015f adamlar\u0131n\u0131 Qaraba\u011fa \u00e7a\u011f\u0131rmas\u0131 h\u0259yas\u0131zl\u0131\u011f\u0131 bir daha s\u00fcbut edir. Bu c\u00fcr h\u0259yas\u0131zl\u0131q Az\u0259rbaycan xalq\u0131n\u0131n v\u0259 \u00fcmumiyy\u0259tl\u0259, T\u00fcrkl\u0259rin heysiyyat\u0131yla oynamaqdan qeyri bir \u015fey deyildir. Rusiya bilm\u0259lidir ki, Qaraba\u011fda ill\u0259rdir yeti\u015fdirdiyi separat\u00e7\u0131 t\u00f6r-t\u00f6k\u00fcnt\u00fcs\u00fcn\u00fc g\u00f6t\u00fcr\u00fcb r\u0259dd olmasa, n\u0259inki Qafqazdan, h\u0259tta H\u0259\u015ft\u0259rxandan da \u00e7\u0131xma\u011fa m\u0259cbur olacaqd\u0131r.<\/p>\n\n\n\n<p> <strong>Jirinovskil\u0259rin, solovyovlar\u0131n v\u0259 simonyanlar\u0131n t\u0259bli\u011fat\u0131na uyub \u00f6z g\u0259l\u0259c\u0259kl\u0259rini b\u00f6lg\u0259d\u0259 \u00e7ar\u0259siz 25 minlik erm\u0259nini girov saxlamaqla c\u0259h\u0259nn\u0259m \u00e7uxuruna k\u00f6mm\u0259sinl\u0259r. \u041fo \u0434\u043e\u0431\u0440\u043e\u043c\u0443, \u0418\u0432\u0430\u043d, \u0438\u0434\u0438 \u0434\u043e\u043c\u043e\u0439! \u0410 \u0442\u043e \u043e\u0442\u043f\u0440\u0430\u0432\u0438\u043c, \u043a\u0430\u043a \u0413\u0440\u0443\u0437-200&#8230; <\/strong><\/p>\n\n\n\n<p>\u00c7\u00fcnki rus siyas\u0259tinin s\u0259rxo\u015f \u0259xlaq\u0131n\u0131 h\u0259r k\u0259s yax\u015f\u0131 bilir. Bu g\u00fcn \u00f6z yazd\u0131\u011f\u0131n\u0131 &#8212; 4. Rusiya Federasiyas\u0131n\u0131n s\u00fclhm\u0259raml\u0131 kontingenti erm\u0259ni silahl\u0131 q\u00fcvv\u0259l\u0259rinin \u00e7\u0131xar\u0131lmas\u0131 il\u0259 paralel \u015f\u0259kild\u0259 yerl\u0259\u015fdirilir. Rusiya Federasiyas\u0131n\u0131n s\u00fclhm\u0259raml\u0131 kontingentinin qalma m\u00fcdd\u0259ti 5 ildir v\u0259 m\u00fcdd\u0259tin bitm\u0259sin\u0259 6 ay qalm\u0131\u015f haz\u0131rk\u0131 m\u00fcdd\u0259an\u0131n t\u0259tbiqin\u0259 xitam verilm\u0259si niyy\u0259ti il\u0259 ba\u011fl\u0131 T\u0259r\u0259fl\u0259rd\u0259n h\u0259r hans\u0131 biri \u00e7\u0131x\u0131\u015f etm\u0259zs\u0259, m\u00fcdd\u0259t avtomatik olaraq n\u00f6vb\u0259ti 5 il\u0259 uzad\u0131l\u0131r.-kimi m\u00fcdd\u0259alar\u0131 g\u00f6rm\u0259zd\u0259n g\u0259lir v\u0259 h\u0259r v\u0259chl\u0259 Qaraba\u011fda itirdiyi &#171;arsax m\u00fcdafi\u0259 ordusu&#187; ad\u0131yla p\u0259rd\u0259l\u0259diyi separat\u00e7\u0131-terror d\u0259st\u0259l\u0259rini b\u0259rpa etm\u0259y\u0259 \u00e7al\u0131\u015fmaqdad\u0131r. <\/p>\n\n\n\n<p>Bu m\u00fcdd\u0259an\u0131n indiy\u0259d\u0259k h\u0259yata ke\u00e7irilm\u0259m\u0259si, yaln\u0131z v\u0259 yaln\u0131z Rus i\u015f\u011fal g\u00fccl\u0259rinin b\u00f6lg\u0259d\u0259 m\u00f6hk\u0259ml\u0259nm\u0259k ist\u0259kl\u0259ri il\u0259 ba\u011fl\u0131d\u0131r. Rus h\u0259rbi meydanda tarix\u0259n h\u0259mi\u015f\u0259 m\u0259\u011flub olmu\u015f v\u0259 bu c\u00fcr taym autlar g\u00f6t\u00fcr\u0259r\u0259k q\u0131n\u0131na \u00e7\u0259kilmi\u015f v\u0259 m\u0259qam\u0131 nam\u0259rdc\u0259sin\u0259 g\u00f6zl\u0259yib \u0259ks h\u00fccuma ke\u00e7mi\u015fl\u0259r. Napaleonu da, Hitleri d\u0259 bu c\u00fcr aldada bilmi\u015fl\u0259r. Bizl\u0259r g\u00f6zl\u0259m\u0259m\u0259liyik. Rusiyan\u0131n n\u00f6vb\u0259ti \u0130NOB\u0130S plan\u0131 haz\u0131rlamas\u0131na \u015fans verm\u0259m\u0259liyik. Bu g\u00fcn Rusiyan\u0131n &#171;jirinivskisi&#187; qap\u0131 aras\u0131nda qald\u0131\u011f\u0131 bir m\u0259qamdan m\u0259har\u0259tl\u0259 istifad\u0259 etm\u0259y\u0259 \u00e7al\u0131\u015fmal\u0131y\u0131q&#8230; <\/p>\n\n\n\n<p><strong>Sayt\u0131n yazd\u0131\u011f\u0131n\u0131 diqq\u0259tiniz\u0259 \u00e7atd\u0131r\u0131r\u0131q:<\/strong><\/p>\n\n\n\n<p>Da\u011fl\u0131q Qaraba\u011fda bir k\u0259ndin sakinl\u0259ri s\u0259lahiyy\u0259tlil\u0259rd\u0259n onlara ma\u015f\u0131n ayr\u0131lmas\u0131n\u0131 ist\u0259yibl\u0259r Yerli sakinl\u0259rin dediyin\u0259 g\u00f6r\u0259, A\u011fd\u0259r\u0259 (Mardakert) b\u00f6lg\u0259sind\u0259ki D\u0259st\u0259gir (Tona\u015fen) k\u0259ndinin, o c\u00fcml\u0259d\u0259n rayon m\u0259rk\u0259zi il\u0259 n\u0259qliyyat \u0259laq\u0259si yoxdur. &#171;\u041a\u0430\u0432\u043a\u0430\u0437\u0441\u043a\u0438\u0439 \u0423\u0437\u0435\u043b&#187; m\u00fcxbiri x\u0259b\u0259r verir ki, Da\u011fl\u0131q Qaraba\u011f h\u00f6kum\u0259ti bu problemin h\u0259lli variantlar\u0131n\u0131n n\u0259z\u0259rd\u0259n ke\u00e7iril\u0259c\u0259yini a\u00e7\u0131qlay\u0131b. D\u0259st\u0259gir (Tona\u015fen) k\u0259ndi Xank\u0259ndid\u0259n (Stepanakertd\u0259n) 85 kilometr, A\u011fd\u0259r\u0259 rayon m\u0259rk\u0259zind\u0259n 40 kilometr aral\u0131da T\u0259rt\u0259r \u00e7ay\u0131n\u0131n sol sahilind\u0259 yerl\u0259\u015fir. K\u0259nd 1990 -c\u0131 ill\u0259rd\u0259 Qaraba\u011f m\u00fcharib\u0259si zaman\u0131 tamamil\u0259 da\u011f\u0131d\u0131l\u0131b. Haz\u0131rda bu k\u0259nd, dem\u0259k olar ki, yar\u0131s\u0131 g\u0259ncl\u0259r olan 14 ail\u0259nin v\u0259 ya 37 n\u0259f\u0259rin ya\u015fad\u0131\u011f\u0131 k\u0259nddir. M\u0259kt\u0259bd\u0259 be\u015f \u015fagird v\u0259 be\u015f m\u00fc\u0259llim var. K\u0259ndd\u0259 elektrik enerjisi, mobil rabit\u0259 v\u0259 \u0130nternet var. <\/p>\n\n\n\n<figure class=\"wp-block-image size-large is-resized\"><img loading=\"lazy\" decoding=\"async\" src=\"https:\/\/fedai.az\/wp-content\/uploads\/2021\/08\/view_unnamed.jpg\" alt=\"\" class=\"wp-image-46226\" width=\"907\" height=\"488\" srcset=\"https:\/\/fedai.az\/wp-content\/uploads\/2021\/08\/view_unnamed.jpg 500w, https:\/\/fedai.az\/wp-content\/uploads\/2021\/08\/view_unnamed-300x161.jpg 300w, https:\/\/fedai.az\/wp-content\/uploads\/2021\/08\/view_unnamed-150x81.jpg 150w\" sizes=\"auto, (max-width: 907px) 100vw, 907px\" \/><\/figure>\n\n\n\n<p>D\u0259st\u0259gir (Tona\u015fen) icmas\u0131n\u0131n r\u0259hb\u0259rliyi &#171;\u041a\u0430\u0432\u043a\u0430\u0437\u0441\u043a\u0438\u0439 \u0423\u0437\u0435\u043b&#187; bildirib ki, iki ki\u00e7ik \u015f\u0259xsi t\u00f6vl\u0259 var, amma he\u00e7 bir ilk yard\u0131m m\u0259nt\u0259q\u0259si yoxdur. &#171;Uzun ill\u0259rdir yorulmadan m\u00fcraci\u0259t edir\u0259m ki, t\u0259cili h\u0259ll t\u0259l\u0259b ed\u0259n k\u0259ndimizin \u0259sas problemi n\u0259qliyyat \u0259laq\u0259l\u0259rinin olmamas\u0131d\u0131r &#8230; Dig\u0259r icmalarla n\u0259qliyyat \u0259laq\u0259l\u0259rinin olmamas\u0131 bir \u00e7ox narahatl\u0131q yarad\u0131r v\u0259 k\u0259ndin g\u0259l\u0259c\u0259yin\u0259 \u015f\u00fcbh\u0259 yarad\u0131r. <\/p>\n\n\n\n<p>D\u0259st\u0259gir (Tona\u015fen) k\u0259ndinin sakini, m\u00fc\u0259llim Marietta Edigarova &#171;\u041a\u0430\u0432\u043a\u0430\u0437\u0441\u043a\u0438\u0439 \u0423\u0437\u0435\u043b&#187;-\u0259 bel\u0259 deyib. Dediyin\u0259 g\u00f6r\u0259, n\u0259qliyyat olmad\u0131\u011f\u0131ndan \u015f\u0259h\u0259rd\u0259n g\u0259l\u0259n \u015fagirdl\u0259r h\u0259ft\u0259 sonlar\u0131 valideynl\u0259rinin yan\u0131na g\u0259lmir, sonra is\u0259 tamamil\u0259 \u015f\u0259h\u0259rd\u0259 qal\u0131rlar. Eyni zamanda, k\u0259ndd\u0259n A\u011fd\u0259r\u0259 (Mardakert) rayon m\u0259rk\u0259zin\u0259 q\u0259d\u0259r taksi xidm\u0259tl\u0259ri 10-15 min dram (21,2-31,8 dollar) t\u0259\u015fkil edir ki, bu da Edigarovaya g\u00f6r\u0259 c\u0259miyy\u0259tin dem\u0259k olar ki, b\u00fct\u00fcn sakinl\u0259ri \u00fc\u00e7\u00fcn \u00e7ox baha ba\u015fa g\u0259lir. &#171;Kim\u0259s\u0259 bir yer\u0259 getm\u0259k laz\u0131md\u0131rsa, getm\u0259k \u00fc\u00e7\u00fcn yegan\u0259 \u015fans, \u015f\u0259xsi ma\u015f\u0131n\u0131 olan k\u0259ndd\u0259n bir n\u0259f\u0259rd\u0259n m\u0259rk\u0259zi magistral yola onu \u00e7\u0131xarmas\u0131n\u0131 ist\u0259m\u0259si v\u0259 oradan ist\u0259dikl\u0259ri n\u00f6qt\u0259y\u0259 h\u0259r\u0259k\u0259t ed\u0259n ma\u015f\u0131nlara minm\u0259sidir. Yollar asfaltlanmam\u0131\u015f, k\u0259ndimizin uzun ill\u0259rdir niy\u0259 diqq\u0259td\u0259n k\u0259narda qald\u0131\u011f\u0131n\u0131 anlam\u0131ram&#187; deyib. <\/p>\n\n\n\n<figure class=\"wp-block-image size-large is-resized\"><img loading=\"lazy\" decoding=\"async\" src=\"https:\/\/fedai.az\/wp-content\/uploads\/2021\/08\/view_unnamed__2_.jpg\" alt=\"\" class=\"wp-image-46227\" width=\"911\" height=\"490\" srcset=\"https:\/\/fedai.az\/wp-content\/uploads\/2021\/08\/view_unnamed__2_.jpg 500w, https:\/\/fedai.az\/wp-content\/uploads\/2021\/08\/view_unnamed__2_-300x161.jpg 300w, https:\/\/fedai.az\/wp-content\/uploads\/2021\/08\/view_unnamed__2_-150x81.jpg 150w\" sizes=\"auto, (max-width: 911px) 100vw, 911px\" \/><\/figure>\n\n\n\n<p>O, anas\u0131n\u0131 bu yax\u0131nlarda it di\u015fl\u0259ndiyini v\u0259 tibbi yard\u0131ma ehtiyac\u0131 oldu\u011funu qeyd etdi. &#171;Onu m\u00fcayin\u0259, sar\u011f\u0131 v\u0259 iyn\u0259 \u00fc\u00e7\u00fcn h\u0259kim\u0259 aparmaq m\u0259nim \u00fc\u00e7\u00fcn b\u00f6y\u00fck problem idi. Camaat\u0131n h\u0259tta x\u0259st\u0259ni rayon m\u0259rk\u0259zind\u0259ki x\u0259st\u0259xanaya aparmaq \u00fc\u00e7\u00fcn t\u0259cili yard\u0131m ma\u015f\u0131n\u0131 bel\u0259 yoxdur. \u018fks\u0259r sakinl\u0259r k\u0259ndi aylarca t\u0259rk etmirl\u0259r&#187; dey\u0259 Yedigarova bildirib. Onun s\u00f6zl\u0259rin\u0259 g\u00f6r\u0259, 2 aprel 2016 -c\u0131 ild\u0259 k\u0259ndi at\u0259\u015f\u0259 tutark\u0259n icma ba\u015f\u00e7\u0131s\u0131 k\u0259ndlil\u0259ri \u015f\u0259xsi avtomobill\u0259ri il\u0259 evakuasiya edib. Qaraba\u011f m\u00fcnaqi\u015f\u0259si zonas\u0131nda v\u0259ziyy\u0259t aprelin 2 -n\u0259 ke\u00e7\u0259n gec\u0259 k\u0259skin \u015f\u0259kild\u0259 g\u0259rginl\u0259\u015fdi: t\u0259r\u0259fl\u0259r zirehli texnikadan, artilleriyadan v\u0259 aviasiyadan istifad\u0259 ed\u0259r\u0259k d\u00f6y\u00fc\u015f\u0259 ba\u015flad\u0131lar.<\/p>\n\n\n\n<p>Aprelin 5 -d\u0259 at\u0259\u015fk\u0259s imzaland\u0131, lakin onun pozulmas\u0131 bar\u0259d\u0259 m\u0259lumatlar m\u00fct\u0259madi olaraq daxil olurdu. Yedigarova, k\u0259nd sakinl\u0259rinin problemi il\u0259 \u0259laq\u0259dar h\u00f6kum\u0259t\u0259 m\u0259ktublar yazd\u0131\u011f\u0131n\u0131, ancaq ona g\u00f6r\u0259 he\u00e7 bir cavab al\u0131nmad\u0131\u011f\u0131n\u0131 qeyd etdi. &#171;K\u0259ndin he\u00e7 vaxt m\u00fcnt\u0259z\u0259m avtobuslar\u0131 olmay\u0131b. \u0130ndi avtobus xidm\u0259tin\u0259 ehtiyac\u0131m\u0131z yoxdur, ancaq k\u0259ndin ehtiyaclar\u0131 \u00fc\u00e7\u00fcn bir avtomobil ay\u0131rma\u011f\u0131 z\u0259ruri hesab edirik&#187; dedi. \u0130cman\u0131n r\u0259hb\u0259ri Mu\u015feq Yedigaryan &#171;\u041a\u0430\u0432\u043a\u0430\u0437\u0441\u043a\u0438\u0439 \u0423\u0437\u0435\u043b&#187;-\u0259 bildirib ki, icma il\u0259 rayon m\u0259rk\u0259zi v\u0259 &#171;paytaxt&#187; aras\u0131nda avtobus \u0259laq\u0259si qurulaca\u011f\u0131 t\u0259qdird\u0259 bel\u0259 bir reys s\u0259rf\u0259li olmayacaq.<\/p>\n\n\n\n<figure class=\"wp-block-image size-large is-resized\"><img loading=\"lazy\" decoding=\"async\" src=\"https:\/\/fedai.az\/wp-content\/uploads\/2021\/08\/view_unnamed-_4_.jpg\" alt=\"\" class=\"wp-image-46228\" width=\"914\" height=\"492\" srcset=\"https:\/\/fedai.az\/wp-content\/uploads\/2021\/08\/view_unnamed-_4_.jpg 500w, https:\/\/fedai.az\/wp-content\/uploads\/2021\/08\/view_unnamed-_4_-300x161.jpg 300w, https:\/\/fedai.az\/wp-content\/uploads\/2021\/08\/view_unnamed-_4_-150x81.jpg 150w\" sizes=\"auto, (max-width: 914px) 100vw, 914px\" \/><\/figure>\n\n\n\n<p> &#171;Avtobusla ba\u011fl\u0131 h\u00f6kum\u0259td\u0259n q\u0259rar g\u00f6zl\u0259m\u0259k \u00fc\u00e7\u00fcn he\u00e7 bir s\u0259b\u0259b g\u00f6rm\u00fcr\u0259m, \u00e7\u00fcnki ziyanla i\u015fl\u0259y\u0259c\u0259k. Yollar\u0131m\u0131z da\u011fl\u0131qd\u0131r, sakinl\u0259r azd\u0131r &#8212; g\u00fcnd\u0259 bir v\u0259 ya iki s\u0259rni\u015fin ola bil\u0259r, ya da \u00fcmumiyy\u0259tl\u0259 olmur\u201d -dedi. Lakin, onun s\u00f6zl\u0259rin\u0259 g\u00f6r\u0259, camaat\u0131n sad\u0259c\u0259 bir vasit\u0259 il\u0259 t\u0259min olunmas\u0131 laz\u0131md\u0131r. &#171;Yollar\u0131m\u0131zdan ke\u00e7\u0259 bil\u0259c\u0259k, adi bir avtomobil\u0259, daha \u00e7ox adam yerl\u0259\u015fdir\u0259 bil\u0259c\u0259k bir n\u0259qliyyata ehtiyac\u0131m\u0131z var. M\u0259s\u0259l\u0259n, k\u0259ndlil\u0259r\u0259 xidm\u0259t ed\u0259c\u0259k bir UAZ markal\u0131 avtomobil olsun. \u015e\u0259h\u0259r\u0259, x\u0259st\u0259l\u0259ri laz\u0131m g\u0259l\u0259rs\u0259, x\u0259st\u0259xanaya aparmaq \u00fc\u00e7\u00fcn. \u015e\u0259xsi ma\u015f\u0131nlara daha ehtiyac olmayacaq&#187; dey\u0259 icma ba\u015f\u00e7\u0131s\u0131 bildirib. <\/p>\n\n\n\n<p>\u018flav\u0259 etdi ki, camaat\u0131n bel\u0259 bir ma\u015f\u0131nla t\u0259min olunmas\u0131 \u00fc\u00e7\u00fcn r\u0259hb\u0259rliy\u0259 m\u00fcraci\u0259t haz\u0131rlay\u0131b. &#171;Da\u011fl\u0131q Qaraba\u011f ba\u015f nazirinin m\u0259tbuat katibi&#187; Artak Beqlaryan &#171;\u041a\u0430\u0432\u043a\u0430\u0437\u0441\u043a\u0438\u0439 \u0423\u0437\u0435\u043b&#187;-\u0259 bildirib ki, D\u0259st\u0259gir (Tona\u015fen) icmas\u0131n\u0131n n\u0259qliyyat problemi n\u0259z\u0259r\u0259 al\u0131nacaq. Onun s\u00f6zl\u0259rin\u0259 g\u00f6r\u0259, bu problemin h\u0259lli variantlar\u0131 h\u00f6kum\u0259t t\u0259r\u0259find\u0259n n\u0259z\u0259rd\u0259n ke\u00e7iril\u0259c\u0259k. <\/p>\n\n\n\n<p>M\u0259nb\u0259: https:\/\/www.kavkaz-uzel.media\/articles\/290034\/ \u00a9 \u041a\u0430\u0432\u043a\u0430\u0437\u0441\u043a\u0438\u0439 \u0423\u0437\u0435\u043b<\/p>\n\n\n\n<p><strong>P.S. Daha Beqlaryan\u0131n bu m\u0259s\u0259l\u0259y\u0259 baxmas\u0131na ehtiyac v\u0259 k\u0259ndd\u0259 d\u0259 erm\u0259ni qalmay\u0131b. <\/strong><\/p>\n\n\n\n<p><strong>Lakin bu yaz\u0131dan 5 il sonra 44 g\u00fcnl\u00fck V\u0259t\u0259n m\u00fcharib\u0259si ba\u015f verdi v\u0259 \u00e7ox g\u00fcman ki, D\u0259st\u0259gird\u0259 yaln\u0131z qanunsuz erm\u0259ni h\u0259rbi birl\u0259\u015fm\u0259l\u0259rind\u0259n qeyri kims\u0259 qalmay\u0131b&#8230;<\/strong><\/p>\n\n\n\n<p><strong>M\u0259n \u00f6z yurduma &#8212; A\u011fd\u0259r\u0259y\u0259 d\u00f6nm\u0259k ist\u0259yir\u0259m, c\u0259nab Putin!<\/strong><\/p>\n\n\n\n<p><strong>X. \u018fd\u0259bo\u011flu<\/strong><\/p>\n","protected":false},"excerpt":{"rendered":"<p>&#171;\u041a\u0430\u0432\u043a\u0430\u0437\u0441\u043a\u0438\u0439 \u0423\u0437\u0435\u043b&#187; sayt\u0131 28 sentyabr 2016-c\u0131 il bel\u0259 bir m\u0259qal\u0259 yay\u0131nlam\u0131\u015fd\u0131. Fedai.az 44 g\u00fcnl\u00fck m\u00fcharib\u0259 \u00f6nc\u0259si A\u011fd\u0259r\u0259d\u0259 6 mind\u0259n azca art\u0131q \u0259halinin qald\u0131\u011f\u0131n\u0131 v\u0259<\/p>\n","protected":false},"author":2,"featured_media":46229,"comment_status":"closed","ping_status":"closed","sticky":false,"template":"","format":"standard","meta":{"footnotes":""},"categories":[4],"tags":[],"class_list":["post-46225","post","type-post","status-publish","format-standard","has-post-thumbnail","hentry","category-qarabag"],"aioseo_notices":[],"_links":{"self":[{"href":"https:\/\/fedai.az\/index.php?rest_route=\/wp\/v2\/posts\/46225","targetHints":{"allow":["GET"]}}],"collection":[{"href":"https:\/\/fedai.az\/index.php?rest_route=\/wp\/v2\/posts"}],"about":[{"href":"https:\/\/fedai.az\/index.php?rest_route=\/wp\/v2\/types\/post"}],"author":[{"embeddable":true,"href":"https:\/\/fedai.az\/index.php?rest_route=\/wp\/v2\/users\/2"}],"replies":[{"embeddable":true,"href":"https:\/\/fedai.az\/index.php?rest_route=%2Fwp%2Fv2%2Fcomments&post=46225"}],"version-history":[{"count":1,"href":"https:\/\/fedai.az\/index.php?rest_route=\/wp\/v2\/posts\/46225\/revisions"}],"predecessor-version":[{"id":46230,"href":"https:\/\/fedai.az\/index.php?rest_route=\/wp\/v2\/posts\/46225\/revisions\/46230"}],"wp:featuredmedia":[{"embeddable":true,"href":"https:\/\/fedai.az\/index.php?rest_route=\/wp\/v2\/media\/46229"}],"wp:attachment":[{"href":"https:\/\/fedai.az\/index.php?rest_route=%2Fwp%2Fv2%2Fmedia&parent=46225"}],"wp:term":[{"taxonomy":"category","embeddable":true,"href":"https:\/\/fedai.az\/index.php?rest_route=%2Fwp%2Fv2%2Fcategories&post=46225"},{"taxonomy":"post_tag","embeddable":true,"href":"https:\/\/fedai.az\/index.php?rest_route=%2Fwp%2Fv2%2Ftags&post=46225"}],"curies":[{"name":"wp","href":"https:\/\/api.w.org\/{rel}","templated":true}]}}