{"id":46233,"date":"2021-08-23T03:24:16","date_gmt":"2021-08-22T23:24:16","guid":{"rendered":"https:\/\/fedai.az\/?p=46233"},"modified":"2021-08-23T03:24:25","modified_gmt":"2021-08-22T23:24:25","slug":"s%c9%99hidl%c9%99rimiz-v%c9%99t%c9%99n-muharib%c9%99sind%c9%99-daxili-qosunlarin-ilk-s%c9%99hidi-kimi-adini-tarix%c9%99-yazdi","status":"publish","type":"post","link":"https:\/\/fedai.az\/?p=46233","title":{"rendered":"\u015e\u0259hidl\u0259rimiz: V\u0259t\u0259n m\u00fcharib\u0259sind\u0259 Daxili Qo\u015funlar\u0131n ilk \u015f\u0259hidi kimi ad\u0131n\u0131 tarix\u0259 yazd\u0131&#8230;"},"content":{"rendered":"\n<p><strong>Az\u0259rbaycan Respublikas\u0131n\u0131n suverenliyi v\u0259 \u0259razi b\u00fct\u00f6vl\u00fcy\u00fc u\u011frunda 44 g\u00fcn davam ed\u0259n V\u0259t\u0259n m\u00fcharib\u0259sind\u0259 \u0259sl q\u0259hr\u0259manl\u0131q n\u00fcmun\u0259l\u0259ri g\u00f6st\u0259r\u0259r\u0259k, d\u0259mir yumruqla erm\u0259ni i\u015f\u011fal\u00e7\u0131lar\u0131n\u0131n ba\u015f\u0131n\u0131 \u0259z\u0259r\u0259k, d\u00fc\u015fm\u0259ni diz \u00e7\u00f6kd\u00fcr\u0259n h\u0259rbi qulluq\u00e7ular\u0131m\u0131z\u0131n \u015f\u0259r\u0259fli d\u00f6y\u00fc\u015f yolunu \u00f6yr\u0259nm\u0259k v\u0259 c\u0259miyy\u0259td\u0259 geni\u015f t\u0259bli\u011f etm\u0259k h\u0259r birimizin v\u0259t\u0259np\u0259rv\u0259rlik borcudur.<\/strong><\/p>\n\n\n\n<p><strong>V\u0259t\u0259n u\u011frunda son damla qan\u0131nad\u0259k d\u00f6y\u00fc\u015f\u0259r\u0259k \u015f\u0259hidlik zirv\u0259sin\u0259 ucalm\u0131\u015f c\u0259sur silahda\u015flar\u0131m\u0131zdan biri d\u0259 gizir Abdullayev S\u0259rxan Elxan o\u011fludur.<\/strong><\/p>\n\n\n\n<p>Gizir S\u0259rxan Abdullayev 1988-ci il noyabr\u0131n 2-d\u0259 Qazax \u015f\u0259h\u0259rind\u0259 h\u0259rb\u00e7i ail\u0259sind\u0259 anadan olub. Elxan Abdullayevin v\u0259 Suray\u0259 anan\u0131n b\u00f6y\u00fcd\u00fcb t\u0259rbiy\u0259 etdiyi \u00fc\u00e7 o\u011ful \u00f6vlad\u0131ndan (S\u0259rxan, Elman v\u0259 Murtuz\u0259li) biri, h\u0259m\u00e7inin, ail\u0259nin ilki idi S\u0259rxan&#8230;<\/p>\n\n\n\n<figure class=\"wp-block-image size-large is-resized\"><img loading=\"lazy\" decoding=\"async\" src=\"https:\/\/fedai.az\/wp-content\/uploads\/2021\/08\/239628935_649236176056485_5095580846870307255_n-754x1024.jpg\" alt=\"\" class=\"wp-image-46234\" width=\"906\" height=\"1230\" srcset=\"https:\/\/fedai.az\/wp-content\/uploads\/2021\/08\/239628935_649236176056485_5095580846870307255_n-754x1024.jpg 754w, https:\/\/fedai.az\/wp-content\/uploads\/2021\/08\/239628935_649236176056485_5095580846870307255_n-221x300.jpg 221w, https:\/\/fedai.az\/wp-content\/uploads\/2021\/08\/239628935_649236176056485_5095580846870307255_n-110x150.jpg 110w, https:\/\/fedai.az\/wp-content\/uploads\/2021\/08\/239628935_649236176056485_5095580846870307255_n-768x1044.jpg 768w, https:\/\/fedai.az\/wp-content\/uploads\/2021\/08\/239628935_649236176056485_5095580846870307255_n.jpg 942w\" sizes=\"auto, (max-width: 906px) 100vw, 906px\" \/><\/figure>\n\n\n\n<p>Orta t\u0259hsilini Qazax \u015f\u0259h\u0259rind\u0259ki Mehdi H\u00fcseyn ad\u0131na humanitar v\u0259 t\u0259bi\u0259t f\u0259nl\u0259ri \u00fczr\u0259 m\u0259kt\u0259b-liseyd\u0259 al\u0131b. M\u00fcdd\u0259tli h\u0259qiqi h\u0259rbi xidm\u0259tini 2007-ci ilin yanvar ay\u0131ndan 2008-ci ilin iyul ay\u0131nad\u0259k Daxili Qo\u015funlar\u0131n Bak\u0131da yerl\u0259\u015f\u0259n \u201cN\u201d sayl\u0131 h\u0259rbi hiss\u0259sinin komendant b\u00f6l\u00fcy\u00fcnd\u0259 ke\u00e7ib. Q\u0131sa fasil\u0259d\u0259n sonra, y\u0259ni 2008-ci ilin noyabr ay\u0131ndan Daxili Qo\u015funlar\u0131n Zaqatala rayonunda yerl\u0259\u015f\u0259n \u201cN\u201d sayl\u0131 h\u0259rbi hiss\u0259sinin x\u00fcsusi t\u0259yinatl\u0131 d\u0259st\u0259sind\u0259 m\u00fcdd\u0259td\u0259n art\u0131q h\u0259qiqi h\u0259rbi xidm\u0259t h\u0259rbi qulluq\u00e7usu kimi yenid\u0259n V\u0259t\u0259n\u0259 olan borcunu yerin\u0259 yetirm\u0259y\u0259 ba\u015flay\u0131b. H\u0259rb\u00e7i kimi atas\u0131n\u0131n yolunu davam etdirm\u0259k arzusunda olan silahda\u015f\u0131m\u0131z xidm\u0259t etdiyi d\u00f6vrd\u0259 Daxili Qo\u015funlar\u0131n Orta \u0130xtisas H\u0259rbi M\u0259kt\u0259bind\u0259 (haz\u0131rda Daxili Qo\u015funlar\u0131n Ali H\u0259rbi M\u0259kt\u0259bi) t\u0259\u015fkil olunan 6 ayl\u0131q \u201cGizir haz\u0131rl\u0131\u011f\u0131 kursu\u201dnu bitirm\u0259y\u0259 m\u00fcv\u0259ff\u0259q olub. \u201cGizir\u201d h\u0259rbi r\u00fctb\u0259sind\u0259 yenid\u0259n qo\u015funlar\u0131n Zaqataladak\u0131 \u201cN\u201d sayl\u0131 h\u0259rbi hiss\u0259sind\u0259 xidm\u0259tini davam etdir\u0259n S.Abdullayev 2013-c\u00fc ilin fevral ay\u0131ndan etibar\u0259n x\u00fcsusi t\u0259yinatl\u0131 d\u0259st\u0259nin x\u00fcsusi h\u0259ml\u0259 qrupunda yar\u0131mqrup komandiri v\u0259zif\u0259sini \u015f\u0259r\u0259fl\u0259 yerin\u0259 yetirib. Bununla yana\u015f\u0131, S\u0259rxan \u0259sl x\u00fcsusi t\u0259yinatl\u0131ya xas olan y\u00fcks\u0259k d\u00f6y\u00fc\u015f haz\u0131rl\u0131\u011f\u0131 v\u0259 \u0259zmkarl\u0131\u011f\u0131 il\u0259 qazand\u0131\u011f\u0131 \u201cZo\u011fal\u0131 beret\u201di d\u0259 h\u0259r zaman b\u00f6y\u00fck q\u00fcrur hissi il\u0259 da\u015f\u0131y\u0131b.&nbsp;<\/p>\n\n\n\n<p>S.Abdullayev 2014-c\u00fc ilin sentyabr ay\u0131ndan dekabr ay\u0131nad\u0259k qarda\u015f T\u00fcrkiy\u0259 Respublikas\u0131 Jandarm Ba\u015f Komandanl\u0131\u011f\u0131n\u0131n Jandarm Komando M\u0259kt\u0259bl\u0259ri v\u0259 T\u0259lim M\u0259rk\u0259zi Komandanl\u0131\u011f\u0131nda \u201cGizir komando t\u0259m\u0259l kursu\u201dnu m\u00fcv\u0259ff\u0259qiyy\u0259tl\u0259 bitirib v\u0259 ona m\u00fcvafiq sertifikat verilib.<\/p>\n\n\n\n<figure class=\"wp-block-image size-large\"><img loading=\"lazy\" decoding=\"async\" width=\"599\" height=\"1024\" src=\"https:\/\/fedai.az\/wp-content\/uploads\/2021\/08\/239671037_540514383938991_6875310357067951557_n-599x1024.jpg\" alt=\"\" class=\"wp-image-46235\" srcset=\"https:\/\/fedai.az\/wp-content\/uploads\/2021\/08\/239671037_540514383938991_6875310357067951557_n-599x1024.jpg 599w, https:\/\/fedai.az\/wp-content\/uploads\/2021\/08\/239671037_540514383938991_6875310357067951557_n-176x300.jpg 176w, https:\/\/fedai.az\/wp-content\/uploads\/2021\/08\/239671037_540514383938991_6875310357067951557_n-88x150.jpg 88w, https:\/\/fedai.az\/wp-content\/uploads\/2021\/08\/239671037_540514383938991_6875310357067951557_n.jpg 749w\" sizes=\"auto, (max-width: 599px) 100vw, 599px\" \/><\/figure>\n\n\n\n<p>N\u00fcmun\u0259vi yar\u0131mqrup komandiri kimi bilik v\u0259 bacar\u0131\u011f\u0131 say\u0259sind\u0259 b\u00f6y\u00fck r\u0259isl\u0259rin etimad\u0131n\u0131 v\u0259 tabeliyind\u0259 olan \u015f\u0259xsi hey\u0259tin h\u00f6rm\u0259tini qazanma\u011f\u0131 bacar\u0131b. H\u0259m\u00e7inin, xidm\u0259t etdiyi d\u00f6vrd\u0259 y\u00fcks\u0259k d\u00f6y\u00fc\u015f haz\u0131rl\u0131\u011f\u0131 v\u0259 q\u00fcsursuz xidm\u0259til\u0259 f\u0259rql\u0259n\u0259n c\u0259sur h\u0259rbi qulluq\u00e7umuz 3-c\u00fc d\u0259r\u0259c\u0259li \u201cQ\u00fcsursuz xidm\u0259t\u0259 g\u00f6r\u0259\u201d medal\u0131 il\u0259 t\u0259ltif edilib, el\u0259c\u0259 d\u0259 h\u0259rbi hiss\u0259 komandanl\u0131\u011f\u0131 t\u0259r\u0259find\u0259n d\u0259f\u0259l\u0259rl\u0259 m\u00fckafatland\u0131r\u0131l\u0131b.&nbsp;<\/p>\n\n\n\n<p>Daxili Qo\u015funlar\u0131n \u201cN\u201d sayl\u0131 h\u0259rbi hiss\u0259sind\u0259 \u201cQartal\u201d \u015f\u0259rti ad\u0131n\u0131 da\u015f\u0131yan x\u00fcsusi t\u0259yinatl\u0131 d\u0259st\u0259nin komandiri, \u201cZ\u0259f\u0259r\u201d ordeni, \u201c\u015eu\u015fan\u0131n azad olunmas\u0131na g\u00f6r\u0259\u201d v\u0259 \u201c\u015e\u00fcca\u0259t\u0259 g\u00f6r\u0259\u201d medallar\u0131 il\u0259 t\u0259ltif edilmi\u015f mayor Sahib \u0130brahimov (V\u0259t\u0259n m\u00fcharib\u0259si zaman\u0131 C\u0259bray\u0131l rayonu \u0259razisind\u0259 ged\u0259n d\u00f6y\u00fc\u015fd\u0259 yaralan\u0131b) vaxtil\u0259 birg\u0259 xidm\u0259t etdiyi yar\u0131mqrup komandirinin n\u00fcmun\u0259vi xidm\u0259tini bu g\u00fcn d\u0259 b\u00f6y\u00fck q\u00fcrur hissi il\u0259 qeyd edir: <strong>\u201cSentyabr\u0131n 27-d\u0259n ba\u015flayan v\u0259 44 g\u00fcn davam ed\u0259n V\u0259t\u0259n m\u00fcharib\u0259sind\u0259 d\u0259st\u0259mizin 5 n\u0259f\u0259r h\u0259rbi qulluq\u00e7usu q\u0259hr\u0259mancas\u0131na vuru\u015faraq \u015f\u0259hid olub. Onlardan biri d\u0259 \u00f6z igidliyi v\u0259 v\u0259t\u0259np\u0259rv\u0259rliyi, el\u0259c\u0259 d\u0259 V\u0259t\u0259n m\u00fcharib\u0259sind\u0259 Daxili Qo\u015funlar\u0131n ilk \u015f\u0259hidi kimi ad\u0131n\u0131 h\u0259rb tariximiz\u0259 q\u0131z\u0131l h\u0259rfl\u0259rl\u0259 yazan yar\u0131mqrup komandiri gizir S\u0259rxan Abdullayevdir.&nbsp;<\/strong><\/p>\n\n\n\n<p><strong>Bir komandir kimi f\u0259aliyy\u0259tin\u0259 g\u0259linc\u0259, dey\u0259 bil\u0259r\u0259m ki, \u0259n bacar\u0131ql\u0131 yar\u0131mqrup komandirl\u0259rind\u0259n biri olub S\u0259rxan. Qar\u015f\u0131ya qoyulan b\u00fct\u00fcn tap\u015f\u0131r\u0131qlar\u0131 vicdanla yerin\u0259 yetirib. Daxili Qo\u015funlar \u00fczr\u0259 x\u00fcsusi t\u0259yinatl\u0131lar aras\u0131nda ke\u00e7iril\u0259n yar\u0131\u015flarda d\u0259f\u0259l\u0259rl\u0259 d\u0259st\u0259mizi birinci yer\u0259 \u00e7\u0131xar\u0131b. Olduqca v\u0259t\u0259np\u0259rv\u0259r, c\u0259sur yar\u0131mqrup komandiri kimi \u015f\u0259xsi hey\u0259t \u00fc\u00e7\u00fcn d\u0259 h\u0259r zaman n\u00fcmun\u0259 olub. Tabeliyind\u0259ki h\u0259rbi qulluq\u00e7ulara qar\u015f\u0131 t\u0259l\u0259bkarl\u0131\u011f\u0131 il\u0259 yana\u015f\u0131, onlardan qay\u011f\u0131s\u0131n\u0131 da \u0259sirg\u0259m\u0259yib. H\u0259r zaman \u015f\u0259xsi hey\u0259tin yan\u0131nda olub. El\u0259 d\u00f6y\u00fc\u015fd\u0259 d\u0259 onlar\u0131 t\u0259k qoymad\u0131.&nbsp;<\/strong><\/p>\n\n\n\n<p>&#8212;<strong>\u0130ndiki kimi yad\u0131mdad\u0131r, sentyabr\u0131n 27-d\u0259n 28-\u0259 ke\u00e7\u0259n gec\u0259, d\u00f6y\u00fc\u015f\u00f6nc\u0259si Cam\u0131\u015fda\u011f silsil\u0259sind\u0259n \u00d6m\u0259r y\u00fcks\u0259kliyi istiqam\u0259tin\u0259 ke\u00e7id vaxt\u0131 39 d\u0259r\u0259c\u0259 h\u0259rar\u0259tinin olmas\u0131 il\u0259 \u0259laq\u0259dar bizim t\u0259kidimiz\u0259 baxmayaraq, S\u0259rxan q\u0259ti \u015f\u0259kild\u0259 \u015f\u0259xsi hey\u0259tl\u0259 birg\u0259 h\u0259rbi \u0259m\u0259liyyatlarda i\u015ftirak ed\u0259c\u0259yini bildirdi v\u0259 h\u0259r\u0259k\u0259t\u0259 ba\u015flad\u0131. Bu vaxt m\u0259n onu yan\u0131ma \u00e7a\u011f\u0131r\u0131b: \u201cS\u0259nin q\u0131zd\u0131rman var, x\u0259st\u0259s\u0259n, h\u0259rar\u0259tin y\u00fcks\u0259kdir. Burda bizi g\u00f6zl\u0259, h\u0259l\u0259lik ir\u0259liy\u0259 getm\u0259\u201d \u2013 dedim. S\u0259rxan naraz\u0131 halda: \u201cC\u0259nab mayor, d\u0259st\u0259miz d\u00f6y\u00fc\u015f\u0259 gedir. Siz m\u0259nim yerimd\u0259 olsayd\u0131n\u0131z getm\u0259zdiniz?\u201d \u2013 dey\u0259 sual verdi. M\u0259n cavab\u0131mda: \u201c\u018flb\u0259tt\u0259, m\u0259n getm\u0259liy\u0259m\u201d dedim. O da q\u0259ti \u015f\u0259kild\u0259: \u201cM\u0259n d\u0259 getm\u0259liy\u0259m. M\u0259n d\u0259 komandir\u0259m. M\u0259nim d\u0259 \u015f\u0259xsi hey\u0259tim var\u201d &#8212; dey\u0259 fikrini bitirdi v\u0259 birinci qrupla birg\u0259 h\u0259r\u0259k\u0259tini davam etdirdi. Bu vaxt h\u0259r birimiz onun nec\u0259 v\u0259t\u0259np\u0259rv\u0259r d\u00f6y\u00fc\u015f\u00e7\u00fc oldu\u011funun bir daha \u015fahidi olduq&#8230;\u201d<\/strong>.\u00a0\u00a0\u00a0<\/p>\n\n\n\n<figure class=\"wp-block-image size-large is-resized\"><img loading=\"lazy\" decoding=\"async\" src=\"https:\/\/fedai.az\/wp-content\/uploads\/2021\/08\/240048818_441780153650556_2275407866651377974_n-729x1024.jpg\" alt=\"\" class=\"wp-image-46236\" width=\"905\" height=\"1271\" srcset=\"https:\/\/fedai.az\/wp-content\/uploads\/2021\/08\/240048818_441780153650556_2275407866651377974_n-729x1024.jpg 729w, https:\/\/fedai.az\/wp-content\/uploads\/2021\/08\/240048818_441780153650556_2275407866651377974_n-214x300.jpg 214w, https:\/\/fedai.az\/wp-content\/uploads\/2021\/08\/240048818_441780153650556_2275407866651377974_n-107x150.jpg 107w, https:\/\/fedai.az\/wp-content\/uploads\/2021\/08\/240048818_441780153650556_2275407866651377974_n-768x1079.jpg 768w, https:\/\/fedai.az\/wp-content\/uploads\/2021\/08\/240048818_441780153650556_2275407866651377974_n.jpg 911w\" sizes=\"auto, (max-width: 905px) 100vw, 905px\" \/><\/figure>\n\n\n\n<p><strong>28 sentyabr 2020-ci il&#8230;<\/strong> K\u0259lb\u0259c\u0259r istiqam\u0259tind\u0259 ged\u0259n d\u00f6y\u00fc\u015f S\u0259rxan\u0131n son d\u00f6y\u00fc\u015f\u00fc oldu. Gizir S.Abdullayevl\u0259 eyni qrupun t\u0259rkibind\u0259 bu h\u0259rbi \u0259m\u0259liyyatlarda yax\u0131ndan i\u015ftirak etmi\u015f \u201cQartal\u201d x\u00fcsusi t\u0259yinatl\u0131 d\u0259st\u0259sinin c\u0259sur h\u0259rbi qulluq\u00e7ular\u0131 &#8212; ba\u015f \u00e7avu\u015flar \u018flvan H\u00fcseynov, Samir Yusibov, Rasim Tahirov v\u0259 \u00e7avu\u015f \u015e\u0131x\u0259li M\u0259mm\u0259dovun qeyd etdikl\u0259ri kimi, tabeliyind\u0259 olan \u015f\u0259xsi hey\u0259tl\u0259 birg\u0259 d\u00f6y\u00fc\u015f\u0259 qat\u0131lan igid komandir erm\u0259nil\u0259rin xeyli sayda canl\u0131 q\u00fcvv\u0259sini c\u0259h\u0259nn\u0259m\u0259 vasil edib. Lakin d\u00f6y\u00fc\u015f\u00fcn gedi\u015find\u0259 yax\u0131nl\u0131qlar\u0131nda d\u00fc\u015fm\u0259nin atd\u0131\u011f\u0131 minaatan m\u0259rmisinin partlamas\u0131 n\u0259tic\u0259sind\u0259 ald\u0131qlar\u0131 \u00e7oxsayl\u0131 q\u0259lp\u0259 yaras\u0131ndan gizir S\u0259rxan Abdullayev v\u0259 onunla birg\u0259 vuru\u015fan M\u00fcdafi\u0259 Nazirliyinin \u201cN\u201d sayl\u0131 h\u0259rbi hiss\u0259sinin m\u00fcdd\u0259td\u0259n art\u0131q h\u0259qiqi h\u0259rbi xidm\u0259t h\u0259rbi qulluq\u00e7usu \u0259sg\u0259r Hakim Bax\u0131\u015fov q\u0259hr\u0259mancas\u0131na \u015f\u0259hid olublar.<\/p>\n\n\n\n<p>Gizir S.Abdullayev 2020-ci il sentyabr\u0131n 28-d\u0259 Qazax rayonunun A\u011fk\u00f6yn\u0259k k\u0259nd q\u0259biristanl\u0131\u011f\u0131nda d\u0259fn olunub. Evli idi. Orxan v\u0259 Turan adl\u0131 iki o\u011ful \u0259man\u0259ti yadigar qal\u0131b.&nbsp;<\/p>\n\n\n\n<p>Az\u0259rbaycan Respublikas\u0131 Prezidentinin 15 dekabr 2020-ci il tarixli v\u0259 29 dekabr 2020-ci il tarixli m\u00fcvafiq s\u0259r\u0259ncamlar\u0131 il\u0259 gizir Abdullayev S\u0259rxan Elxan o\u011flu (\u00f6l\u00fcm\u00fcnd\u0259n sonra) \u201cV\u0259t\u0259n u\u011frunda\u201d v\u0259 \u201cK\u0259lb\u0259c\u0259rin azad olunmas\u0131na g\u00f6r\u0259\u201d medallar\u0131 il\u0259 t\u0259ltif edilib.<\/p>\n\n\n\n<p>Qazaxl\u0131 \u015fair Cavan\u015fir R\u00fcst\u0259min q\u0259l\u0259m\u0259 ald\u0131\u011f\u0131 v\u0259 \u015f\u0259hid silahda\u015f\u0131m\u0131z\u0131n q\u0259hr\u0259manl\u0131\u011f\u0131n\u0131 t\u0259r\u0259nn\u00fcm ed\u0259n \u015feirin iki b\u0259ndini sizl\u0259r\u0259 t\u0259qdim edir\u0259m:<\/p>\n\n\n\n<p><strong>V\u0259t\u0259nin qoynunda g\u00f6z a\u00e7an insan,<\/strong><\/p>\n\n\n\n<p><strong>H\u0259r zaman borcludur V\u0259t\u0259n\u0259 bir can.<\/strong><\/p>\n\n\n\n<p><strong>S\u0259n d\u0259 tarix yazd\u0131n qan\u0131nla, S\u0259rxan!<\/strong><\/p>\n\n\n\n<p><strong>Ucald\u0131n \u015f\u0259hidlik zirv\u0259sin\u0259 s\u0259n,<\/strong><\/p>\n\n\n\n<p><strong>S\u0259ninl\u0259 f\u0259xr edir bu Ana V\u0259t\u0259n!<\/strong><\/p>\n\n\n\n<p><strong>Olsa da ya\u011f\u0131lar h\u0259r sa\u011f\u0131n-solun,<\/strong><\/p>\n\n\n\n<p><strong>Q\u0259hr\u0259man\u0131 olmusan s\u0259n Murovda\u011f\u0131n.<\/strong><\/p>\n\n\n\n<p><strong>Ba\u015f\u0131n\u0131 dik tutsun qoy \u00f6vladlar\u0131n,<\/strong><\/p>\n\n\n\n<p><strong>Ucald\u0131n \u015f\u0259hidlik zirv\u0259sin\u0259 s\u0259n,<\/strong><\/p>\n\n\n\n<p><strong>S\u0259ninl\u0259 f\u0259xr edir bu Ana V\u0259t\u0259n!<\/strong><\/p>\n\n\n\n<p>Bundan \u0259lav\u0259, \u201cG\u00f6y\u0259z\u0259n\u201d q\u0259zetinin ba\u015f redaktoru El\u00e7in \u0130smay\u0131l\u0131n 2021-ci ild\u0259 i\u015f\u0131q \u00fcz\u00fc g\u00f6r\u0259n \u201cQanlar\u0131 il\u0259 dastan yazanlar\u201d adl\u0131 kitab\u0131nda yer alan \u201cBiz qisas\u0131 \u00f6vladlar\u0131m\u0131za qoymamal\u0131y\u0131q\u201d ba\u015fl\u0131ql\u0131 m\u0259qal\u0259sind\u0259 \u015f\u0259hid S.Abdullayevin h\u0259yat v\u0259 d\u00f6y\u00fc\u015f yolu geni\u015f i\u015f\u0131qland\u0131r\u0131l\u0131b.<\/p>\n\n\n\n<p>\u015e\u0259hid gizirimizin atas\u0131 Elxan Abdullayev Birinci Qaraba\u011f m\u00fcharib\u0259si veteran\u0131, eyni zamanda ehtiyatda olan gizirdir. Telefon vasit\u0259sil\u0259 \u0259laq\u0259 saxlay\u0131b, v\u0259t\u0259np\u0259rv\u0259r ruhda b\u00f6y\u00fcd\u00fcb t\u0259rbiy\u0259 etdiyi q\u0259hr\u0259man \u00f6vlad\u0131 ba-r\u0259d\u0259 xatir\u0259l\u0259rini q\u0259l\u0259m\u0259 almaq ist\u0259diyimi bil\u0259nd\u0259, bir ata kimi \u00f6vladlar\u0131 il\u0259 h\u0259r zaman q\u00fcrur duydu\u011funu dedi: <strong>\u201cS\u0259rxan h\u0259rbi forman\u0131 s\u0259liq\u0259li \u015f\u0259kild\u0259 el\u0259 geyin\u0259rdi ki, \u00fcz\u0259rind\u0259 bir d\u0259n\u0259 d\u0259 l\u0259k\u0259 v\u0259 q\u0131r\u0131\u015f\u0131q olmazd\u0131. H\u0259rbi forman\u0131 da\u015f\u0131maq onun \u00fc\u00e7\u00fcn sanki toy-bayram idi. O d\u0259r\u0259c\u0259d\u0259 h\u0259rb\u00e7i pe\u015f\u0259sini sev\u0259rdi. Ax\u0131 ba\u015fqa c\u00fcr d\u0259 ola bilm\u0259zdi. \u00c7\u00fcnki g\u00f6z\u00fcn\u00fc a\u00e7\u0131b h\u0259rbi forman\u0131 g\u00f6rm\u00fc\u015fd\u00fc. H\u0259rb\u00e7i pe\u015f\u0259sin\u0259 ba\u011fl\u0131l\u0131q onda u\u015faq ya\u015flar\u0131ndan yaranm\u0131\u015fd\u0131.<\/strong><\/p>\n\n\n\n<p><strong>H\u0259l\u0259 ki\u00e7ik ya\u015flar\u0131nda olanda onu tez-tez \u00f6z\u00fcml\u0259 h\u0259rbi hiss\u0259y\u0259 apar\u0131rd\u0131m. Q\u0259rargahda d\u00f6y\u00fc\u015f bayra\u011f\u0131n\u0131n yan\u0131nda silahla dayanan \u0259sg\u0259r\u0259, \u015f\u0259xsi hey\u0259t\u0259, silah v\u0259 texnikalara el\u0259 diqq\u0259tl\u0259 baxard\u0131 ki&#8230;\u201d<\/strong>.<\/p>\n\n\n\n<figure class=\"wp-block-gallery columns-2 is-cropped wp-block-gallery-1 is-layout-flex wp-block-gallery-is-layout-flex\"><ul class=\"blocks-gallery-grid\"><li class=\"blocks-gallery-item\"><figure><img loading=\"lazy\" decoding=\"async\" width=\"618\" height=\"810\" src=\"https:\/\/fedai.az\/wp-content\/uploads\/2021\/08\/240406463_571520714035089_1265630966445283093_n.jpg\" alt=\"\" data-id=\"46237\" data-link=\"https:\/\/fedai.az\/?attachment_id=46237\" class=\"wp-image-46237\" srcset=\"https:\/\/fedai.az\/wp-content\/uploads\/2021\/08\/240406463_571520714035089_1265630966445283093_n.jpg 618w, https:\/\/fedai.az\/wp-content\/uploads\/2021\/08\/240406463_571520714035089_1265630966445283093_n-229x300.jpg 229w, https:\/\/fedai.az\/wp-content\/uploads\/2021\/08\/240406463_571520714035089_1265630966445283093_n-114x150.jpg 114w\" sizes=\"auto, (max-width: 618px) 100vw, 618px\" \/><\/figure><\/li><li class=\"blocks-gallery-item\"><figure><img loading=\"lazy\" decoding=\"async\" width=\"630\" height=\"1024\" src=\"https:\/\/fedai.az\/wp-content\/uploads\/2021\/08\/239251590_206665248016750_386837333317957391_n-630x1024.jpg\" alt=\"\" data-id=\"46238\" data-full-url=\"https:\/\/fedai.az\/wp-content\/uploads\/2021\/08\/239251590_206665248016750_386837333317957391_n.jpg\" data-link=\"https:\/\/fedai.az\/?attachment_id=46238\" class=\"wp-image-46238\" srcset=\"https:\/\/fedai.az\/wp-content\/uploads\/2021\/08\/239251590_206665248016750_386837333317957391_n-630x1024.jpg 630w, https:\/\/fedai.az\/wp-content\/uploads\/2021\/08\/239251590_206665248016750_386837333317957391_n-184x300.jpg 184w, https:\/\/fedai.az\/wp-content\/uploads\/2021\/08\/239251590_206665248016750_386837333317957391_n-92x150.jpg 92w, https:\/\/fedai.az\/wp-content\/uploads\/2021\/08\/239251590_206665248016750_386837333317957391_n-768x1249.jpg 768w, https:\/\/fedai.az\/wp-content\/uploads\/2021\/08\/239251590_206665248016750_386837333317957391_n.jpg 787w\" sizes=\"auto, (max-width: 630px) 100vw, 630px\" \/><\/figure><\/li><\/ul><\/figure>\n\n\n\n<p>Bu arada q\u0259h\u0259rd\u0259n bir az s\u00f6hb\u0259t\u0259 ara ver\u0259n Elxan day\u0131 tez d\u0259 \u00f6z\u00fcn\u00fc toparlayaraq, S\u0259rxanla ba\u011fl\u0131 xatir\u0259l\u0259rini yenid\u0259n dil\u0259 g\u0259tirir: <strong>\u201cOlduqca v\u0259t\u0259np\u0259rv\u0259r o\u011ful idi.<\/strong><\/p>\n\n\n\n<p><strong>\u00d6z\u00fcn\u0259 yeni mobil telefon alm\u0131\u015fd\u0131. Telefonunda erm\u0259nil\u0259rin C\u0131d\u0131r d\u00fcz\u00fcnd\u0259 qol a\u00e7\u0131b r\u0259qs etm\u0259l\u0259rinin videosunu izl\u0259m\u0259si ona \u00e7ox pis t\u0259sir etmi\u015fdi. D\u00fc\u015fm\u0259nin bu m\u0259nfur h\u0259r\u0259k\u0259tin\u0259 nec\u0259 \u0259s\u0259bl\u0259\u015fmi\u015fdis\u0259, t\u0259z\u0259 ald\u0131\u011f\u0131 telefonu divara \u00e7\u0131rp\u0131b q\u0131r\u0131q-q\u0131r\u0131q etmi\u015fdi.<\/strong><\/p>\n\n\n\n<p><strong>N\u0259 deyim? Bir ata kimi \u00f6vlad itkisi m\u0259nim \u00fc\u00e7\u00fcn n\u0259 q\u0259d\u0259r a\u011f\u0131r olsa da, \u015f\u0259hid atas\u0131 ad\u0131n\u0131 da\u015f\u0131maq bir o q\u0259d\u0259r q\u00fcrurvericidir. Dig\u0259r o\u011flum Elman da V\u0259t\u0259n m\u00fcharib\u0259si i\u015ftirak\u00e7\u0131s\u0131d\u0131r. \u00d6vladlar\u0131m\u0131n v\u0259t\u0259np\u0259rv\u0259rliyi il\u0259 f\u0259xr edir\u0259m\u201d<\/strong>.<\/p>\n\n\n\n<p>Onu da qeyd edim ki, S\u0259rxan\u0131n qarda\u015f\u0131 Elman da h\u0259rb\u00e7idir. \u201cKapitan\u201d h\u0259rbi r\u00fctb\u0259sind\u0259 olan E.Abdullayev Az\u0259rbaycan Silahl\u0131 Q\u00fcvv\u0259l\u0259rinin zabiti kimi 44 g\u00fcn davam ed\u0259n V\u0259t\u0259n m\u00fcharib\u0259sind\u0259 g\u00f6st\u0259rdiyi q\u0259hr\u0259manl\u0131q v\u0259 \u015f\u00fcca\u0259tin\u0259 g\u00f6r\u0259 Az\u0259rbaycan Respublikas\u0131 Prezidentinin m\u00fcvafiq s\u0259r\u0259ncamlar\u0131 il\u0259 \u201cAz\u0259rbaycan Bayra\u011f\u0131\u201d ordeni,&nbsp; \u201cC\u0259bray\u0131l\u0131n azad olunmas\u0131na g\u00f6r\u0259\u201d, \u201cF\u00fczulinin azad olunmas\u0131na g\u00f6r\u0259\u201d, \u201cXocav\u0259ndin azad olunmas\u0131na g\u00f6r\u0259\u201d v\u0259 \u201cZ\u0259ngilan\u0131n azad olunmas\u0131na g\u00f6r\u0259\u201d medallar\u0131 il\u0259 t\u0259ltif edilib. Bundan \u0259lav\u0259, \u015f\u0259hidimizin bibisi o\u011flu, Daxili Qo\u015funlar\u0131n G\u0259nc\u0259 \u015f\u0259h\u0259rind\u0259 yerl\u0259\u015f\u0259n \u201cN\u201d sayl\u0131 h\u0259rbi hiss\u0259sinin x\u00fcsusi t\u0259yinatl\u0131 d\u0259st\u0259sind\u0259 m\u00fcdd\u0259td\u0259n art\u0131q xidm\u0259t ed\u0259n \u0259sg\u0259r Arif Ta\u011f\u0131yev d\u0259 V\u0259t\u0259n m\u00fcharib\u0259si qazisidir.&nbsp;<\/p>\n\n\n\n<p>Sonda Respublika Prezidenti, M\u00fcz\u0259ff\u0259r Ali Ba\u015f Komandan c\u0259nab \u0130lham \u018fliyevin \u00e7\u0131x\u0131\u015flar\u0131n\u0131n birind\u0259 \u015f\u0259hidl\u0259r bar\u0259d\u0259 s\u0259sl\u0259ndirdiyi \u00e7ox d\u0259y\u0259rli s\u00f6zl\u0259ri qeyd etm\u0259k ist\u0259yir\u0259m: \u201cH\u0259r bir \u015f\u0259hid xalq\u0131n unudulmaz q\u0259hr\u0259man\u0131d\u0131r\u201d.<\/p>\n\n\n\n<p>V\u0259t\u0259n u\u011frunda q\u0259hr\u0259mancas\u0131na \u015f\u0259hidlik zirv\u0259sin\u0259 ucalan S\u0259rxan kimi o\u011fullar\u0131m\u0131z\u0131n \u0259ziz xatir\u0259si xalq\u0131m\u0131z\u0131n q\u0259lbind\u0259 \u0259b\u0259di olaraq ya\u015fayacaqd\u0131r.<\/p>\n\n\n\n<p><strong>Allah r\u0259hm\u0259t el\u0259sin!<\/strong><\/p>\n\n\n\n<p><strong>Mayor Anar \u018fhm\u0259dov<\/strong><\/p>\n\n\n\n<p><strong><span class=\"has-inline-color has-vivid-cyan-blue-color\"><em>D\u0130N-in Daxili Qo\u015funlar\u0131n\u0131n \u201c\u018fsg\u0259r\u201d q\u0259zetinin redaktoru<\/em><\/span><\/strong><\/p>\n","protected":false},"excerpt":{"rendered":"<p>Az\u0259rbaycan Respublikas\u0131n\u0131n suverenliyi v\u0259 \u0259razi b\u00fct\u00f6vl\u00fcy\u00fc u\u011frunda 44 g\u00fcn davam ed\u0259n V\u0259t\u0259n m\u00fcharib\u0259sind\u0259 \u0259sl q\u0259hr\u0259manl\u0131q n\u00fcmun\u0259l\u0259ri g\u00f6st\u0259r\u0259r\u0259k, d\u0259mir yumruqla erm\u0259ni i\u015f\u011fal\u00e7\u0131lar\u0131n\u0131n ba\u015f\u0131n\u0131 \u0259z\u0259r\u0259k, d\u00fc\u015fm\u0259ni<\/p>\n","protected":false},"author":2,"featured_media":46239,"comment_status":"closed","ping_status":"closed","sticky":false,"template":"","format":"standard","meta":{"footnotes":""},"categories":[4],"tags":[],"class_list":["post-46233","post","type-post","status-publish","format-standard","has-post-thumbnail","hentry","category-qarabag"],"aioseo_notices":[],"_links":{"self":[{"href":"https:\/\/fedai.az\/index.php?rest_route=\/wp\/v2\/posts\/46233","targetHints":{"allow":["GET"]}}],"collection":[{"href":"https:\/\/fedai.az\/index.php?rest_route=\/wp\/v2\/posts"}],"about":[{"href":"https:\/\/fedai.az\/index.php?rest_route=\/wp\/v2\/types\/post"}],"author":[{"embeddable":true,"href":"https:\/\/fedai.az\/index.php?rest_route=\/wp\/v2\/users\/2"}],"replies":[{"embeddable":true,"href":"https:\/\/fedai.az\/index.php?rest_route=%2Fwp%2Fv2%2Fcomments&post=46233"}],"version-history":[{"count":1,"href":"https:\/\/fedai.az\/index.php?rest_route=\/wp\/v2\/posts\/46233\/revisions"}],"predecessor-version":[{"id":46240,"href":"https:\/\/fedai.az\/index.php?rest_route=\/wp\/v2\/posts\/46233\/revisions\/46240"}],"wp:featuredmedia":[{"embeddable":true,"href":"https:\/\/fedai.az\/index.php?rest_route=\/wp\/v2\/media\/46239"}],"wp:attachment":[{"href":"https:\/\/fedai.az\/index.php?rest_route=%2Fwp%2Fv2%2Fmedia&parent=46233"}],"wp:term":[{"taxonomy":"category","embeddable":true,"href":"https:\/\/fedai.az\/index.php?rest_route=%2Fwp%2Fv2%2Fcategories&post=46233"},{"taxonomy":"post_tag","embeddable":true,"href":"https:\/\/fedai.az\/index.php?rest_route=%2Fwp%2Fv2%2Ftags&post=46233"}],"curies":[{"name":"wp","href":"https:\/\/api.w.org\/{rel}","templated":true}]}}