{"id":46258,"date":"2021-08-23T18:23:51","date_gmt":"2021-08-23T14:23:51","guid":{"rendered":"https:\/\/fedai.az\/?p=46258"},"modified":"2021-08-23T18:28:41","modified_gmt":"2021-08-23T14:28:41","slug":"rusiya-fasizminin-50-metrlik-uzu-acildi-qarabagda-ucaldilan-rus-bayragi-biz%c9%99-n%c9%99-deyir","status":"publish","type":"post","link":"https:\/\/fedai.az\/?p=46258","title":{"rendered":"Rusiya fa\u015fizminin 50 metrlik \u00fcz\u00fc a\u00e7\u0131ld\u0131: Qaraba\u011fda ucald\u0131lan rus bayra\u011f\u0131 biz\u0259 n\u0259 deyir?"},"content":{"rendered":"\n<p><strong>Qaraba\u011fdak\u0131 rusiyal\u0131 s\u00fclhm\u0259raml\u0131lar Rusiya Federasiyas\u0131n\u0131n D\u00f6vl\u0259t Bayra\u011f\u0131 G\u00fcn\u00fcn\u00fc t\u0259nt\u0259n\u0259li \u015f\u0259kild\u0259 qeyd edibl\u0259r. Onlar 50 metr\u0259 \u00e7atan Rusiya bayra\u011f\u0131 il\u0259 aksiya ke\u00e7iribl\u0259r.<\/strong> <\/p>\n\n\n\n<p>Xocal\u0131 aeroportunda ba\u015f tutan bu aksiya Az\u0259rbaycana qar\u015f\u0131 n\u00f6vb\u0259ti t\u0259xribat v\u0259 g\u00fcc n\u00fcmayi\u015fidir. Xocal\u0131 soyq\u0131r\u0131m\u0131n\u0131n bir ba\u015fa i\u015ftirak\u00e7\u0131s\u0131 olan Rusiyan\u0131n bu add\u0131m\u0131na siyasi-h\u0259rbi qiym\u0259t verilm\u0259lidir.<\/p>\n\n\n\n<p>Bu m\u0259lumat\u0131 RF M\u00fcdafi\u0259 Nazirliyinin m\u0259tbuat xidm\u0259ti yay\u0131b.<\/p>\n\n\n\n<figure class=\"wp-block-image size-large is-resized\"><img loading=\"lazy\" decoding=\"async\" src=\"https:\/\/fedai.az\/wp-content\/uploads\/2021\/08\/photo_75848173.jpeg\" alt=\"\" class=\"wp-image-46259\" width=\"886\" height=\"532\" srcset=\"https:\/\/fedai.az\/wp-content\/uploads\/2021\/08\/photo_75848173.jpeg 734w, https:\/\/fedai.az\/wp-content\/uploads\/2021\/08\/photo_75848173-300x180.jpeg 300w, https:\/\/fedai.az\/wp-content\/uploads\/2021\/08\/photo_75848173-150x90.jpeg 150w, https:\/\/fedai.az\/wp-content\/uploads\/2021\/08\/photo_75848173-184x109.jpeg 184w\" sizes=\"auto, (max-width: 886px) 100vw, 886px\" \/><\/figure>\n\n\n\n<p>Xat\u0131rladaq ki, Rusiya Federasiyas\u0131n\u0131n D\u00f6vl\u0259t Bayra\u011f\u0131 G\u00fcn\u00fc h\u0259r il 22 avqustda Rusiyada qeyd olunur. Rusiya Federasiyas\u0131 Prezidentinin 20 avqust 1994 -c\u00fc il tarixli &#171;Rusiya Federasiyas\u0131n\u0131n D\u00f6vl\u0259t Bayra\u011f\u0131 G\u00fcn\u00fc haqq\u0131nda&#187; f\u0259rman\u0131 \u0259sas\u0131nda m\u00fc\u0259yy\u0259n olunub.<\/p>\n\n\n\n<p>1991 -ci ilin bu g\u00fcn\u00fcnd\u0259 RSFSR Ali Soveti &#171;RSFSR D\u00f6vl\u0259t Bayra\u011f\u0131n\u0131n r\u0259smi tan\u0131nmas\u0131 v\u0259 istifad\u0259si haqq\u0131nda&#187; q\u0259rar q\u0259bul ed\u0259r\u0259k, bu q\u0259rar Rusiya Federasiyas\u0131n\u0131n yeni d\u00f6vl\u0259t r\u0259mzl\u0259rinin x\u00fcsusi qanunu il\u0259 t\u0259sis edilm\u0259zd\u0259n \u0259vv\u0259l, Rusiyan\u0131n tarixi bayra\u011f\u0131n\u0131 &#8212; b\u0259rab\u0259r \u00fcf\u00fcqi zolaql\u0131 a\u011f, mavi, q\u0131rm\u0131z\u0131 r\u0259ngl\u0259rd\u0259n ibar\u0259t olan bayra\u011f\u0131 &#8212; Rusiya Federasiyas\u0131n\u0131n milli bayra\u011f\u0131 elan etdi. Bunun bizim \u00f6lk\u0259y\u0259 n\u0259 d\u0259xli var?..<\/p>\n\n\n\n<figure class=\"wp-block-image size-large\"><img loading=\"lazy\" decoding=\"async\" width=\"900\" height=\"506\" src=\"https:\/\/fedai.az\/wp-content\/uploads\/2021\/08\/\u0411\u0435\u0437-\u0438\u043c\u0435\u043d\u0438-1_1.jpg\" alt=\"\" class=\"wp-image-46260\" srcset=\"https:\/\/fedai.az\/wp-content\/uploads\/2021\/08\/\u0411\u0435\u0437-\u0438\u043c\u0435\u043d\u0438-1_1.jpg 900w, https:\/\/fedai.az\/wp-content\/uploads\/2021\/08\/\u0411\u0435\u0437-\u0438\u043c\u0435\u043d\u0438-1_1-300x169.jpg 300w, https:\/\/fedai.az\/wp-content\/uploads\/2021\/08\/\u0411\u0435\u0437-\u0438\u043c\u0435\u043d\u0438-1_1-150x84.jpg 150w, https:\/\/fedai.az\/wp-content\/uploads\/2021\/08\/\u0411\u0435\u0437-\u0438\u043c\u0435\u043d\u0438-1_1-768x432.jpg 768w\" sizes=\"auto, (max-width: 900px) 100vw, 900px\" \/><\/figure>\n\n\n\n<p><strong>M\u0259s\u0259l\u0259y\u0259 m\u00fcnasib\u0259t bildir\u0259n Az\u0259rbaycan V\u0259t\u0259n M\u00fcharib\u0259si Veteranlar\u0131 \u0130ctimai Birliyinin (AVMV\u0130B) M\u0259tbuat xidm\u0259tinin r\u0259hb\u0259ri Xaqani \u018fd\u0259bo\u011flu bildirdi ki, Rusiyan\u0131n bayraq g\u00fcn\u00fc niy\u0259 Az\u0259rbaycanda qeyd edilm\u0259lidir ki? Rusiyan\u0131n daxilind\u0259ki xaos art\u0131q onun regiona p\u0259r\u00e7iml\u0259diyi missiyas\u0131 b\u0259lli olmayan ba\u015f\u0131 pozuq h\u0259rbi d\u0259st\u0259l\u0259r\u0259 d\u0259 siray\u0259t edib. Biri Siranu\u015fun abtafas\u0131n\u0131 doldurur, biri Arakell\u0259 araq \u00e7\u0259kir, biri su da\u015f\u0131y\u0131r, biri erm\u0259ninin itin\u0259 yal bi\u015firir, biri Haykanu\u015fla yat\u0131b d\u0259ri-z\u00f6hr\u0259vi x\u0259st\u0259likl\u0259r\u0259 yoluxur, biri araqdan vurub m\u00f6vqel\u0259rimizin kordinatlar\u0131n\u0131 erm\u0259nil\u0259rl\u0259 birlikd\u0259 at\u0259\u015f\u0259 tutur, biri \u00f6lk\u0259 \u0259razisind\u0259 yerl\u0259\u015f\u0259n qanunsuz terror\u00e7u erm\u0259ni h\u0259rbi d\u0259st\u0259l\u0259rini silahla v\u0259 \u0259rzaqla t\u0259min edir v\u0259 bunlar\u0131n komandiri Rus-TAM is\u0259 Arayikl\u0259 &#171;e\u015fqbazl\u0131q&#187; edir. Amma bu d\u0259f\u0259 Rusiya bayra\u011f\u0131n\u0131n suveren Az\u0259rbaycan \u0259razisind\u0259 bu h\u0259yas\u0131zl\u0131qla as\u0131lmas\u0131 bir t\u0259xribatd\u0131r v\u0259 i\u015f\u011fal\u0131n r\u0259smil\u0259\u015fdirilm\u0259si dem\u0259kdir. \u00d6z\u00fcn\u00fc az\u0259rbaycanl\u0131 sayan v\u0259 \u00f6lk\u0259nin suverenliyini ist\u0259y\u0259n h\u0259r k\u0259s bu rus mujikinin inadkarl\u0131\u011f\u0131na qar\u015f\u0131 aya\u011fa qalxmal\u0131d\u0131r. Han\u0131 Jirinovskinin yetim\u00e7\u0259l\u0259ri? Niy\u0259 s\u0259sl\u0259ri \u00e7\u0131xm\u0131r?<\/strong><\/p>\n\n\n\n<p><strong>X. \u018fd\u0259bo\u011flu qeyd etdi ki, &#171;Az\u0259rbaycan Respublikas\u0131nda xarici d\u00f6vl\u0259tl\u0259rin v\u0259 beyn\u0259lxalq t\u0259\u015fkilatlar\u0131n bayraqlar\u0131n\u0131n istifad\u0259si qaydalar\u0131 haqq\u0131nda&#187; Qanun var v\u0259 bu Qanunun m\u00fcdd\u0259alar\u0131na g\u00f6r\u0259 hans\u0131sa i\u015f\u011fal\u00e7\u0131 v\u0259 t\u0259xribat\u00e7\u0131 ba\u015f\u0131pozuq h\u0259rbi birl\u0259\u015fm\u0259nin bayraq qald\u0131rmas\u0131 haqq\u0131nda he\u00e7 bir m\u00fcdd\u0259a yoxdur. Qanunun 4-c\u00fc madd\u0259sind\u0259 g\u00f6st\u0259rilir: <span class=\"has-inline-color has-vivid-red-color\">&#171;Bu qanunda, habel\u0259 beyn\u0259lxalq h\u00fcquq normalar\u0131nda v\u0259 diplomatik protokol qaydalar\u0131nda n\u0259z\u0259rd\u0259 tutulmu\u015f hallar istisna olmaqla, dig\u0259r hallarda xarici d\u00f6vl\u0259tl\u0259rin v\u0259 beyn\u0259lxalq t\u0259\u015fkilatlar\u0131n bayraqlar\u0131n\u0131n Az\u0259rbaycan Respublikas\u0131nda qald\u0131r\u0131lmas\u0131 v\u0259 ya yerl\u0259\u015fdirilm\u0259si qada\u011fand\u0131r&#187;. <\/span><\/strong><\/p>\n\n\n\n<p><strong>M\u00fc\u0259yy\u0259n olunmu\u015f yerl\u0259r is\u0259 bunlard\u0131r: <span class=\"has-inline-color has-vivid-red-color\">Xarici d\u00f6vl\u0259tl\u0259rin diplomatik\u00a0\u00a0n\u00fcmay\u0259nd\u0259likl\u0259rinin v\u0259\u00a0\u00a0konsulluqlar\u0131n\u0131n, beyn\u0259lxalq t\u0259\u015fkilatlar\u0131n n\u00fcmay\u0259nd\u0259likl\u0259rinin binalar\u0131 \u00fcz\u0259rind\u0259, xarici d\u00f6vl\u0259tin v\u0259 ya beyn\u0259lxalq t\u0259\u015fkilat\u0131n\u00a0\u00a0y\u00fcks\u0259k s\u0259viyy\u0259li n\u00fcmay\u0259nd\u0259 hey\u0259tinin Az\u0259rbaycan Respublikas\u0131na s\u0259f\u0259ri zaman\u0131 protokol qaydalar\u0131na uy\u011fun m\u00fc\u0259yy\u0259n edilmi\u015f yerl\u0259rd\u0259; xarici d\u00f6vl\u0259tin g\u0259mi reyestrind\u0259 qeydiyyata al\u0131nm\u0131\u015f g\u0259mil\u0259r Az\u0259rbaycan Respublikas\u0131n\u0131n daxili sular\u0131nda \u00fcz\u0259rk\u0259n v\u0259 ya Az\u0259rbaycan Respublikas\u0131n\u0131n limanlar\u0131nda dayanark\u0259n h\u0259min g\u0259mil\u0259rd\u0259.<\/span><\/strong><\/p>\n\n\n\n<p><strong>Qanunlar\u0131m\u0131za d\u0259f\u0259l\u0259rl\u0259 h\u00f6rm\u0259tsizlik ed\u0259n bu ba\u015f\u0131pozuq d\u0259st\u0259l\u0259rin qanunsuz \u0259m\u0259ll\u0259rin\u0259 son qoyulmal\u0131d\u0131r v\u0259 el\u0259 bu Qanunun 5-ci madd\u0259sind\u0259 deyildiyi kimi, qanunun t\u0259l\u0259bl\u0259rini pozan \u015f\u0259xsl\u0259r Az\u0259rbaycan Respublikas\u0131n\u0131n qanunvericiliyin\u0259 uy\u011fun m\u0259suliyy\u0259t\u0259 c\u0259lb edilm\u0259lidirl\u0259r. Az\u0259rbaycan Ordusu \u00f6z missiyas\u0131n\u0131 yerin\u0259 yetirm\u0259lidir. \u00d6lk\u0259 \u0259razisind\u0259 Xocal\u0131, Xocav\u0259nd, Xank\u0259ndi v\u0259 A\u011fd\u0259r\u0259d\u0259 RF bayraqlar\u0131 m\u0259hdudla\u015fd\u0131r\u0131lmal\u0131d\u0131r. Bizim torpaqlarda: O BAYRAQLAR ENM\u018fL\u0130D\u0130R! <\/strong><\/p>\n\n\n\n<p><strong>\u0130VAN, \u0130D\u0130 DOMOY!<\/strong><\/p>\n\n\n\n<p><strong>Elnur S\u0259lim<\/strong><\/p>\n","protected":false},"excerpt":{"rendered":"<p>Qaraba\u011fdak\u0131 rusiyal\u0131 s\u00fclhm\u0259raml\u0131lar Rusiya Federasiyas\u0131n\u0131n D\u00f6vl\u0259t Bayra\u011f\u0131 G\u00fcn\u00fcn\u00fc t\u0259nt\u0259n\u0259li \u015f\u0259kild\u0259 qeyd edibl\u0259r. Onlar 50 metr\u0259 \u00e7atan Rusiya bayra\u011f\u0131 il\u0259 aksiya ke\u00e7iribl\u0259r. Xocal\u0131 aeroportunda ba\u015f<\/p>\n","protected":false},"author":2,"featured_media":46261,"comment_status":"closed","ping_status":"closed","sticky":false,"template":"","format":"standard","meta":{"footnotes":""},"categories":[1],"tags":[],"class_list":["post-46258","post","type-post","status-publish","format-standard","has-post-thumbnail","hentry","category-siyast"],"aioseo_notices":[],"_links":{"self":[{"href":"https:\/\/fedai.az\/index.php?rest_route=\/wp\/v2\/posts\/46258","targetHints":{"allow":["GET"]}}],"collection":[{"href":"https:\/\/fedai.az\/index.php?rest_route=\/wp\/v2\/posts"}],"about":[{"href":"https:\/\/fedai.az\/index.php?rest_route=\/wp\/v2\/types\/post"}],"author":[{"embeddable":true,"href":"https:\/\/fedai.az\/index.php?rest_route=\/wp\/v2\/users\/2"}],"replies":[{"embeddable":true,"href":"https:\/\/fedai.az\/index.php?rest_route=%2Fwp%2Fv2%2Fcomments&post=46258"}],"version-history":[{"count":2,"href":"https:\/\/fedai.az\/index.php?rest_route=\/wp\/v2\/posts\/46258\/revisions"}],"predecessor-version":[{"id":46264,"href":"https:\/\/fedai.az\/index.php?rest_route=\/wp\/v2\/posts\/46258\/revisions\/46264"}],"wp:featuredmedia":[{"embeddable":true,"href":"https:\/\/fedai.az\/index.php?rest_route=\/wp\/v2\/media\/46261"}],"wp:attachment":[{"href":"https:\/\/fedai.az\/index.php?rest_route=%2Fwp%2Fv2%2Fmedia&parent=46258"}],"wp:term":[{"taxonomy":"category","embeddable":true,"href":"https:\/\/fedai.az\/index.php?rest_route=%2Fwp%2Fv2%2Fcategories&post=46258"},{"taxonomy":"post_tag","embeddable":true,"href":"https:\/\/fedai.az\/index.php?rest_route=%2Fwp%2Fv2%2Ftags&post=46258"}],"curies":[{"name":"wp","href":"https:\/\/api.w.org\/{rel}","templated":true}]}}