{"id":46268,"date":"2021-08-24T05:17:05","date_gmt":"2021-08-24T01:17:05","guid":{"rendered":"https:\/\/fedai.az\/?p=46268"},"modified":"2021-08-24T05:17:08","modified_gmt":"2021-08-24T01:17:08","slug":"zelenski-%c9%99razil%c9%99rimizi-rusiya-isgalindan-azad-ed%c9%99c%c9%99yik","status":"publish","type":"post","link":"https:\/\/fedai.az\/?p=46268","title":{"rendered":"Zelenski: \u201c\u018frazil\u0259rimizi Rusiya i\u015f\u011fal\u0131ndan azad ed\u0259c\u0259yik\u201d"},"content":{"rendered":"\n<p><strong>Ukrayna Prezidenti Vladimir Zelenski Kr\u0131m Platformas\u0131n\u0131n a\u00e7\u0131l\u0131\u015f\u0131nda \u00e7\u0131x\u0131\u015f edib.<\/strong><\/p>\n\n\n\n<p>O, Kr\u0131m\u0131n Rusiya i\u015f\u011fal\u0131ndan azad olunmas\u0131 \u00fc\u00e7\u00fcn h\u0259r c\u00fcr s\u0259y g\u00f6st\u0259rm\u0259y\u0259 haz\u0131r oldu\u011funu bildirib.<\/p>\n\n\n\n<p>O, beyn\u0259lxalq t\u0259r\u0259fda\u015flarla i\u015fl\u0259m\u0259yin Rusiyan\u0131 dan\u0131\u015f\u0131qlar masas\u0131na oturma\u011fa m\u0259cbur ed\u0259 bil\u0259c\u0259yin\u0259 \u00fcmid etdiyini deyib.<\/p>\n\n\n\n<p>Zelenski Kr\u0131mla ba\u011fl\u0131 bu istiqam\u0259td\u0259 i\u015fl\u0259m\u0259k \u00fc\u00e7\u00fcn m\u00f6hk\u0259m siyasi z\u0259min yaradacaq beyn\u0259lxalq b\u0259yannam\u0259nin q\u0259bul edildiyini d\u0259 a\u00e7\u0131qlay\u0131b.<\/p>\n\n\n\n<p>\u201cBu g\u00fcn yar\u0131madam\u0131z\u0131n azad edilm\u0259si \u00fc\u00e7\u00fcn geri sayma\u011fa ba\u015flay\u0131r\u0131q. \u0130\u015f\u011fal Moskvada ba\u015flad\u0131 v\u0259 Kiyevd\u0259 bit\u0259c\u0259k\u201d, &#8212; Zelenski bildirib.<\/p>\n\n\n\n<p>Qeyd ed\u0259k ki, bu g\u00fcn Kiyevd\u0259 44 \u00f6lk\u0259nin i\u015ftirak\u0131 il\u0259 Beyn\u0259lxalq Kr\u0131m Platformas\u0131n\u0131n ilk sammiti ke\u00e7irilib.<\/p>\n","protected":false},"excerpt":{"rendered":"<p>Ukrayna Prezidenti Vladimir Zelenski Kr\u0131m Platformas\u0131n\u0131n a\u00e7\u0131l\u0131\u015f\u0131nda \u00e7\u0131x\u0131\u015f edib. O, Kr\u0131m\u0131n Rusiya i\u015f\u011fal\u0131ndan azad olunmas\u0131 \u00fc\u00e7\u00fcn h\u0259r c\u00fcr s\u0259y g\u00f6st\u0259rm\u0259y\u0259 haz\u0131r oldu\u011funu bildirib. O,<\/p>\n","protected":false},"author":2,"featured_media":46270,"comment_status":"closed","ping_status":"closed","sticky":false,"template":"","format":"standard","meta":{"footnotes":""},"categories":[13],"tags":[],"class_list":["post-46268","post","type-post","status-publish","format-standard","has-post-thumbnail","hentry","category-xarici"],"aioseo_notices":[],"_links":{"self":[{"href":"https:\/\/fedai.az\/index.php?rest_route=\/wp\/v2\/posts\/46268","targetHints":{"allow":["GET"]}}],"collection":[{"href":"https:\/\/fedai.az\/index.php?rest_route=\/wp\/v2\/posts"}],"about":[{"href":"https:\/\/fedai.az\/index.php?rest_route=\/wp\/v2\/types\/post"}],"author":[{"embeddable":true,"href":"https:\/\/fedai.az\/index.php?rest_route=\/wp\/v2\/users\/2"}],"replies":[{"embeddable":true,"href":"https:\/\/fedai.az\/index.php?rest_route=%2Fwp%2Fv2%2Fcomments&post=46268"}],"version-history":[{"count":1,"href":"https:\/\/fedai.az\/index.php?rest_route=\/wp\/v2\/posts\/46268\/revisions"}],"predecessor-version":[{"id":46271,"href":"https:\/\/fedai.az\/index.php?rest_route=\/wp\/v2\/posts\/46268\/revisions\/46271"}],"wp:featuredmedia":[{"embeddable":true,"href":"https:\/\/fedai.az\/index.php?rest_route=\/wp\/v2\/media\/46270"}],"wp:attachment":[{"href":"https:\/\/fedai.az\/index.php?rest_route=%2Fwp%2Fv2%2Fmedia&parent=46268"}],"wp:term":[{"taxonomy":"category","embeddable":true,"href":"https:\/\/fedai.az\/index.php?rest_route=%2Fwp%2Fv2%2Fcategories&post=46268"},{"taxonomy":"post_tag","embeddable":true,"href":"https:\/\/fedai.az\/index.php?rest_route=%2Fwp%2Fv2%2Ftags&post=46268"}],"curies":[{"name":"wp","href":"https:\/\/api.w.org\/{rel}","templated":true}]}}