{"id":46272,"date":"2021-08-24T05:21:33","date_gmt":"2021-08-24T01:21:33","guid":{"rendered":"https:\/\/fedai.az\/?p=46272"},"modified":"2021-08-24T05:21:36","modified_gmt":"2021-08-24T01:21:36","slug":"az%c9%99rbaycan-kiyevd%c9%99-keciril%c9%99n-krim-platformasina-getmir-ukrayna-narazidir","status":"publish","type":"post","link":"https:\/\/fedai.az\/?p=46272","title":{"rendered":"Az\u0259rbaycan Kiyevd\u0259 ke\u00e7iril\u0259n Kr\u0131m Platformas\u0131na getmir, Ukrayna naraz\u0131d\u0131r"},"content":{"rendered":"\n<p><strong>Ukrayna Az\u0259rbaycan\u0131n avqustun 23-d\u0259 Kiyevd\u0259 ke\u00e7iril\u0259c\u0259k Kr\u0131m Platformas\u0131 zirv\u0259 g\u00f6r\u00fc\u015f\u00fcn\u0259 getm\u0259m\u0259sind\u0259n naraz\u0131d\u0131r, Ukrayna r\u0259smi m\u0259nb\u0259l\u0259ri BBC-y\u0259 deyib.<\/strong><\/p>\n\n\n\n<p>Ukrayna Xarici \u0130\u015fl\u0259r Nazirliyind\u0259n BBC-y\u0259 bildiribl\u0259r ki, Az\u0259rbaycan imtina bar\u0259d\u0259 \u0259vv\u0259lc\u0259d\u0259n r\u0259smi Kiyev\u0259 x\u0259b\u0259rdarl\u0131q edib.<\/p>\n\n\n\n<p>BBC-y\u0259 anonim dan\u0131\u015fan Ukrayna diplomatlar\u0131 r\u0259smi Kiyevin bundan &#171;m\u0259yus oldu\u011funu&#187; bildiribl\u0259r.<\/p>\n\n\n\n<p>Az\u0259rbaycan Xarici \u0130\u015fl\u0259r Nazirliyind\u0259n m\u0259s\u0259l\u0259y\u0259 reaksiya almaq m\u00fcmk\u00fcn olmay\u0131b.<\/p>\n\n\n\n<p>H\u00f6kum\u0259t\u0259 yax\u0131n mill\u0259t v\u0259kill\u0259ri Az\u0259rbaycan\u0131n bu q\u0259rar\u0131 bar\u0259d\u0259 \u015f\u0259rh verm\u0259kd\u0259n imtina edibl\u0259r.<\/p>\n\n\n\n<p>Ukraynal\u0131 diplomatlar Az\u0259rbaycan\u0131n imtina etm\u0259sinin Rusiyan\u0131n t\u0259zyiql\u0259rinin n\u0259tic\u0259si oldu\u011funu v\u0259 \u0259sas t\u0259sir mexanizminin Da\u011fl\u0131q Qaraba\u011f m\u0259s\u0259l\u0259si v\u0259 oradak\u0131 Rusiyan\u0131n s\u00fclhm\u0259raml\u0131 missiyas\u0131 oldu\u011fundan \u015f\u00fcbh\u0259l\u0259nirl\u0259r.<\/p>\n\n\n\n<p>Ukrayna Kr\u0131m Platformas\u0131n\u0131 Kr\u0131m\u0131n nec\u0259 qaytar\u0131laca\u011f\u0131 il\u0259 ba\u011fl\u0131 yeni strategiyas\u0131 \u00e7\u0259r\u00e7iv\u0259sind\u0259 qurur v\u0259 Kiyevd\u0259 m\u00fcst\u0259qillik g\u00fcn\u00fcnd\u0259 ke\u00e7iril\u0259c\u0259k t\u0259dbird\u0259 m\u00fczakir\u0259l\u0259r aparacaq.<\/p>\n\n\n\n<h2 class=\"wp-block-heading\" id=\"Kr\u0131m-platformas\u0131-n\u0259dir\">Kr\u0131m platformas\u0131 n\u0259dir?<\/h2>\n\n\n\n<p>Kr\u0131m Platformas\u0131 Ukraynan\u0131n diplomatik t\u0259\u015f\u0259bb\u00fcs\u00fcd\u00fcr v\u0259 Kr\u0131m\u0131n Rusiya t\u0259r\u0259find\u0259n ilhaq\u0131nda beyn\u0259lxalq al\u0259min diqq\u0259tini \u00e7\u0259km\u0259k \u00fc\u00e7\u00fcn koordinasiya mexanizmidir.<\/p>\n\n\n\n<p>23 avqustda Kr\u0131m Platformas\u0131n\u0131n t\u0259sis g\u00f6r\u00fc\u015f\u00fcnd\u0259, \u00fcmumilikd\u0259 44 d\u00f6vl\u0259t v\u0259 bir s\u0131ra beyn\u0259lxalq t\u0259\u015fkilatlar t\u0259msil olunacaq.<\/p>\n\n\n\n<p>Onlardan 14-\u00fc prezident v\u0259 h\u00f6kum\u0259t ba\u015f\u00e7\u0131lar\u0131 s\u0259viyy\u0259sind\u0259 t\u0259msil olunacaq, Ukraynan\u0131n xarici i\u015fl\u0259r naziri Dmitri Kuleba bildirib.<\/p>\n\n\n\n<p>&#171;Kr\u0131m platformas\u0131 t\u0259r\u0259find\u0259n q\u0259bul edil\u0259c\u0259k b\u0259yannam\u0259 dig\u0259r d\u00f6vl\u0259tl\u0259rin imzalamas\u0131 \u00fc\u00e7\u00fcn a\u00e7\u0131q olacaq&#187;, &#8212; ukraynal\u0131 nazir deyib.<\/p>\n\n\n\n<p>T\u0259dbird\u0259 i\u015ftirak ed\u0259c\u0259k d\u00f6vl\u0259tl\u0259rin siyah\u0131s\u0131n\u0131 d\u0259rc ed\u0259n Ukrayna Xarici \u0130\u015fl\u0259r Nazirliyi b\u0259zi strateji t\u0259r\u0259fda\u015f hesab etdiyi \u00f6lk\u0259l\u0259rin qat\u0131lmad\u0131\u011f\u0131n\u0131 vur\u011fulay\u0131b.<\/p>\n\n\n\n<p>Ukrayna hakimiyy\u0259tinin strateji t\u0259r\u0259fda\u015f adland\u0131rd\u0131qlar\u0131 Az\u0259rbaycan v\u0259 \u00c7in Kr\u0131m platformas\u0131nda t\u0259msil olunmayacaqlar.<\/p>\n\n\n\n<figure class=\"wp-block-image size-large is-resized\"><img loading=\"lazy\" decoding=\"async\" src=\"https:\/\/fedai.az\/wp-content\/uploads\/2021\/08\/120025303_6d82db77-4e81-4074-b0af-398d1d5fdeb9.jpg\" alt=\"\" class=\"wp-image-46273\" width=\"897\" height=\"505\" srcset=\"https:\/\/fedai.az\/wp-content\/uploads\/2021\/08\/120025303_6d82db77-4e81-4074-b0af-398d1d5fdeb9.jpg 800w, https:\/\/fedai.az\/wp-content\/uploads\/2021\/08\/120025303_6d82db77-4e81-4074-b0af-398d1d5fdeb9-300x169.jpg 300w, https:\/\/fedai.az\/wp-content\/uploads\/2021\/08\/120025303_6d82db77-4e81-4074-b0af-398d1d5fdeb9-150x84.jpg 150w, https:\/\/fedai.az\/wp-content\/uploads\/2021\/08\/120025303_6d82db77-4e81-4074-b0af-398d1d5fdeb9-768x432.jpg 768w\" sizes=\"auto, (max-width: 897px) 100vw, 897px\" \/><\/figure>\n\n\n\n<h2 class=\"wp-block-heading\" id=\"Az\u0259rbaycanda-bu-bar\u0259d\u0259-n\u0259-deyirl\u0259r\">Az\u0259rbaycanda bu bar\u0259d\u0259 n\u0259 deyirl\u0259r?<\/h2>\n\n\n\n<p>Az\u0259rbaycan\u0131n ke\u00e7mi\u015f xarici i\u015fl\u0259r naziri Tofiq Z\u00fclf\u00fcqarov hesab edir ki, Az\u0259rbaycan\u0131n Kr\u0131m Platformas\u0131na qo\u015fulmas\u0131na ehtiyac yoxdur.<\/p>\n\n\n\n<p>&#171;Az\u0259rbaycan\u0131n \u00f6z maraqlar\u0131 m\u00f6vcuddur, diplomatik v\u0259 siyasi f\u0259all\u0131q da bu maraqlar\u0131n \u00fcz\u0259rind\u0259 qurulmal\u0131d\u0131r. Ona g\u00f6r\u0259 biz\u0259 aktual olan m\u00f6vzular\u0131 yaddan \u00e7\u0131xar\u0131b dig\u0259r m\u00f6vzularla onlar\u0131 \u0259v\u0259z etm\u0259m\u0259liyik. Hesab edir\u0259m ki, indiki m\u0259rh\u0259l\u0259d\u0259 bizim buna imkan\u0131m\u0131z v\u0259 \u015f\u0259raitimiz yoxdur&#187;, &#8212; Tofiq Z\u00fclf\u00fcqarov BBC News Az\u0259rbaycancaya deyib.<\/p>\n\n\n\n<p>O deyir ki, Az\u0259rbaycan Ukraynan\u0131n \u0259razi b\u00fct\u00f6vl\u00fcy\u00fcn\u00fc tan\u0131y\u0131r v\u0259 bunu beyn\u0259lxalq s\u0259n\u0259dl\u0259rd\u0259 t\u0259sdiq edib.<\/p>\n\n\n\n<p>Siyasi \u015f\u0259rh\u00e7i S\u00fclh\u0259ddin \u018fkb\u0259r hesab edir ki, Az\u0259rbaycan \u00f6z se\u00e7imini Kr\u0131m Platformas\u0131na qat\u0131lmaqla Q\u0259rbd\u0259n yana etm\u0259li idi.<\/p>\n\n\n\n<p>O BBC News Az\u0259rbaycancaya bir ne\u00e7\u0259 ay \u0259vv\u0259l m\u00fcsahib\u0259sind\u0259 bildirmi\u015fdi ki, haz\u0131rda d\u00fcnyada &#171;anti-Rusiya m\u00f6vqeyi formala\u015f\u0131r&#187; v\u0259 Kr\u0131m Platformas\u0131 da bunlardan biridir.<\/p>\n\n\n\n<p>&#171;Az\u0259rbaycan da anti-Rusiya, Kr\u0131m Platformas\u0131na qo\u015fularsa ona nail ola bil\u0259r ki, kollektiv Q\u0259rb, AB\u015e, NATO, Avropa Birliyi Moldova, Ukrayna v\u0259 G\u00fcrc\u00fcstan\u0131n m\u00fcst\u0259qilliyini nec\u0259 m\u00fcdafi\u0259 edirs\u0259 Az\u0259rbaycan\u0131 da el\u0259 m\u00fcdafi\u0259 ed\u0259 bil\u0259r. Az\u0259rbaycan\u0131n apard\u0131\u011f\u0131 ikiba\u015fl\u0131 siyas\u0259t n\u0259tic\u0259sin Q\u0259rbd\u0259n bu d\u0259st\u0259yi ala bilmir&#187;, &#8212; S\u00fclh\u0259ddin \u018fkb\u0259r BBC News Az\u0259rbaycancaya deyib.<\/p>\n\n\n\n<p>Tofiq Z\u00fclf\u00fcqarovun s\u00f6zl\u0259rin\u0259 g\u00f6r\u0259, Kr\u0131m Platformas\u0131 h\u0259l\u0259 t\u0259z\u0259 t\u0259\u015f\u0259bb\u00fcsd\u00fcr v\u0259 h\u0259l\u0259lik bu platforman\u0131n real i\u015fl\u0259ri hans\u0131 \u015f\u0259kild\u0259 icra ed\u0259c\u0259yi bar\u0259d\u0259 yet\u0259rli m\u0259lumat yoxdur.<\/p>\n\n\n\n<p>O bildirib ki, bel\u0259 olan halda, Az\u0259rbaycan indiki m\u0259rh\u0259l\u0259d\u0259 bu t\u0259\u015f\u0259bb\u00fcs\u0259 qo\u015fulmas\u0131 h\u0259l\u0259 tezdir.<\/p>\n\n\n\n<p>&#171;Platformaya qo\u015fulmamaq bar\u0259d\u0259 bu t\u0259mkinli m\u00f6vqe bizim milli maraqlar\u0131m\u0131za uy\u011fundur&#187;, &#8212; Tofiq Z\u00fclf\u00fcqarov deyib.<\/p>\n\n\n\n<p>Az\u0259rbaycan parlamentinin Beyn\u0259lxalq m\u00fcnasib\u0259tl\u0259r v\u0259 parlamentl\u0259raras\u0131 \u0259laq\u0259l\u0259r komit\u0259sinin \u00fczv\u00fc Asim Mollazad\u0259 d\u0259 raz\u0131la\u015f\u0131r ki, Az\u0259rbaycan Ukraynan\u0131n beyn\u0259lxalq t\u0259\u015fkilatlarda d\u0259st\u0259kl\u0259yib v\u0259 onun \u0259razi b\u00fct\u00f6vl\u00fcy\u00fcn\u00fc tan\u0131y\u0131r.<\/p>\n\n\n\n<p>&#171;Az\u0259rbaycan b\u00fct\u00fcn s\u0259sverm\u0259l\u0259rd\u0259 \u0259razi b\u00fct\u00f6vl\u00fcy\u00fc v\u0259 beyn\u0259lxalq h\u00fcquq normalar\u0131na d\u0259st\u0259k verib. M\u00fcqayis\u0259 \u00fc\u00e7\u00fcn Erm\u0259nistan Kuba, Venesuela, \u0130ranla birg\u0259 Ukraynan\u0131n \u0259razi b\u00fct\u00f6vl\u00fcy\u00fcn\u00fc d\u0259st\u0259kl\u0259y\u0259n q\u0259tnam\u0259l\u0259rin \u0259leyhin\u0259 s\u0259s verib, Az\u0259rbaycan is\u0259 yox&#187;, &#8212; Asim Mollazad\u0259 bildirib.<\/p>\n\n\n\n<p>C\u0259nab Mollazad\u0259y\u0259 g\u00f6r\u0259, Az\u0259rbaycan\u0131n bu platformada i\u015ftirak etm\u0259m\u0259sinin \u0259sas s\u0259b\u0259bi &#171;b\u00f6lg\u0259d\u0259 qar\u015f\u0131durmalar\u0131 art\u0131rmamaq&#187; m\u0259qs\u0259di da\u015f\u0131y\u0131r.<\/p>\n\n\n\n<p>O hesab edir ki, Ukrayna Az\u0259rbaycan\u0131n i\u015ftirak etm\u0259m\u0259sini anlay\u0131\u015fla qar\u015f\u0131lay\u0131b v\u0259 bu add\u0131m Az\u0259rbaycan-Ukrayna m\u00fcnasib\u0259tl\u0259rin\u0259 x\u0259l\u0259l g\u0259tirm\u0259y\u0259c\u0259k.<\/p>\n\n\n\n<p>Mill\u0259t v\u0259kilinin s\u00f6zl\u0259rin\u0259 g\u00f6r\u0259, &#171;Az\u0259rbaycan n\u0259 NATO, n\u0259 d\u0259 KTMT-nin \u00fczv\u00fc deyil, Qo\u015fulmama h\u0259r\u0259kat\u0131nda t\u0259msil olunur. Ukraynan\u0131n ba\u015fqa planlar\u0131 var. Biz ham\u0131n\u0131n q\u0259rarlar\u0131na h\u00f6rm\u0259t edirik, amma qar\u015f\u0131durmalarda i\u015ftirak etmirik. Bizim d\u00f6vl\u0259tin qar\u015f\u0131s\u0131nda \u0259n \u0259sas m\u0259qs\u0259d yax\u0131n zamanda s\u00fcr\u0259tl\u0259 Qaraba\u011fa qay\u0131d\u0131\u015f plan\u0131n\u0131n ger\u00e7\u0259kl\u0259\u015fdirm\u0259k, b\u00f6lg\u0259d\u0259 sabitlik v\u0259 kominikasiyalar\u0131n a\u00e7\u0131lma\u011f\u0131, t\u0259r\u0259fda\u015fl\u0131q m\u00fchitini yaratmaqdan ibar\u0259tdir&#187;.<\/p>\n\n\n\n<p>Asim Mollazad\u0259 deyib ki, Az\u0259rbaycan\u0131n i\u015ftirak etm\u0259m\u0259sini Qaraba\u011f m\u0259s\u0259l\u0259si il\u0259 bilav\u0259sit\u0259 \u0259laq\u0259l\u0259ndirm\u0259k olmaz. &#171;Az\u0259rbaycan beyn\u0259lxalq q\u0259tnam\u0259l\u0259r\u0259 \u0259sas\u0259n Qaraba\u011f m\u0259s\u0259l\u0259sini h\u0259ll edib&#187;.<\/p>\n\n\n\n<p>Az\u0259rbaycan Kr\u0131m Platformas\u0131nda i\u015ftirakdan imtina etm\u0259si il\u0259 ba\u011fl\u0131 Az\u0259rbaycan Xarici \u0130\u015fl\u0259r Nazirliyind\u0259n reaksiya almaq m\u00fcmk\u00fcn olmay\u0131b. H\u00f6kum\u0259t\u0259 yax\u0131n mill\u0259t v\u0259kill\u0259ri m\u0259s\u0259l\u0259 il\u0259 ba\u011fl\u0131 \u015f\u0259rh verm\u0259kd\u0259n imtina edibl\u0259r.<\/p>\n\n\n\n<p>M\u0259nb\u0259: BBC<\/p>\n","protected":false},"excerpt":{"rendered":"<p>Ukrayna Az\u0259rbaycan\u0131n avqustun 23-d\u0259 Kiyevd\u0259 ke\u00e7iril\u0259c\u0259k Kr\u0131m Platformas\u0131 zirv\u0259 g\u00f6r\u00fc\u015f\u00fcn\u0259 getm\u0259m\u0259sind\u0259n naraz\u0131d\u0131r, Ukrayna r\u0259smi m\u0259nb\u0259l\u0259ri BBC-y\u0259 deyib. Ukrayna Xarici \u0130\u015fl\u0259r Nazirliyind\u0259n BBC-y\u0259 bildiribl\u0259r ki,<\/p>\n","protected":false},"author":2,"featured_media":46274,"comment_status":"closed","ping_status":"closed","sticky":false,"template":"","format":"standard","meta":{"footnotes":""},"categories":[13],"tags":[],"class_list":["post-46272","post","type-post","status-publish","format-standard","has-post-thumbnail","hentry","category-xarici"],"aioseo_notices":[],"_links":{"self":[{"href":"https:\/\/fedai.az\/index.php?rest_route=\/wp\/v2\/posts\/46272","targetHints":{"allow":["GET"]}}],"collection":[{"href":"https:\/\/fedai.az\/index.php?rest_route=\/wp\/v2\/posts"}],"about":[{"href":"https:\/\/fedai.az\/index.php?rest_route=\/wp\/v2\/types\/post"}],"author":[{"embeddable":true,"href":"https:\/\/fedai.az\/index.php?rest_route=\/wp\/v2\/users\/2"}],"replies":[{"embeddable":true,"href":"https:\/\/fedai.az\/index.php?rest_route=%2Fwp%2Fv2%2Fcomments&post=46272"}],"version-history":[{"count":1,"href":"https:\/\/fedai.az\/index.php?rest_route=\/wp\/v2\/posts\/46272\/revisions"}],"predecessor-version":[{"id":46275,"href":"https:\/\/fedai.az\/index.php?rest_route=\/wp\/v2\/posts\/46272\/revisions\/46275"}],"wp:featuredmedia":[{"embeddable":true,"href":"https:\/\/fedai.az\/index.php?rest_route=\/wp\/v2\/media\/46274"}],"wp:attachment":[{"href":"https:\/\/fedai.az\/index.php?rest_route=%2Fwp%2Fv2%2Fmedia&parent=46272"}],"wp:term":[{"taxonomy":"category","embeddable":true,"href":"https:\/\/fedai.az\/index.php?rest_route=%2Fwp%2Fv2%2Fcategories&post=46272"},{"taxonomy":"post_tag","embeddable":true,"href":"https:\/\/fedai.az\/index.php?rest_route=%2Fwp%2Fv2%2Ftags&post=46272"}],"curies":[{"name":"wp","href":"https:\/\/api.w.org\/{rel}","templated":true}]}}