{"id":46276,"date":"2021-08-24T05:43:21","date_gmt":"2021-08-24T01:43:21","guid":{"rendered":"https:\/\/fedai.az\/?p=46276"},"modified":"2021-08-24T05:43:25","modified_gmt":"2021-08-24T01:43:25","slug":"m%c9%99glub-erm%c9%99ni-ordusunda-n%c9%99l%c9%99r-bas-verir","status":"publish","type":"post","link":"https:\/\/fedai.az\/?p=46276","title":{"rendered":"M\u0259\u011flub erm\u0259ni ordusunda n\u0259l\u0259r ba\u015f verir?"},"content":{"rendered":"\n<p><strong>Erm\u0259ni ordusu h\u0259r g\u00fcn b\u0259db\u0259xt hadis\u0259l\u0259r, intiharlar v\u0259 q\u0259tliamlarla sars\u0131l\u0131r.<\/strong><\/p>\n\n\n\n<p>Bu bar\u0259d\u0259 erm\u0259ni m\u0259tbuat\u0131 yaz\u0131b.<\/p>\n\n\n\n<p>2 -ci Qaraba\u011f m\u00fcharib\u0259sind\u0259n sonra Erm\u0259nistan M\u00fcdafi\u0259 Nazirliyi, dem\u0259k olar ki, h\u0259r g\u00fcn yeni \u00f6l\u0259n h\u0259rb\u00e7il\u0259r haqq\u0131nda elanlar verir. Bu \u0259sg\u0259rl\u0259r \u00f6z orduya n\u0259zar\u0259tin itirilm\u0259si v\u0259 \u00f6zba\u015f\u0131nal\u0131q s\u0259b\u0259biyl\u0259 \u00f6l\u00fcrl\u0259r.<\/p>\n\n\n\n<p>Erm\u0259ni m\u0259tbuat\u0131n\u0131n yazd\u0131\u011f\u0131na g\u00f6r\u0259, erm\u0259nil\u0259rin S\u00fcnik adland\u0131rd\u0131qlar\u0131 Zang\u0259zurdak\u0131 h\u0259rbi hiss\u0259l\u0259rind\u0259n birind\u0259 gec\u0259 saatlar\u0131nda g\u00fcll\u0259 yaras\u0131 alan \u00fc\u00e7 \u0259sg\u0259rin c\u0259s\u0259di tap\u0131l\u0131b: Murad Muradyan, Levon Harutyunyan v\u0259 Qor Saakyan.<\/p>\n\n\n\n<p>Onlar\u0131n 19 ya\u015flar\u0131 olub.<\/p>\n\n\n\n<p>News.am-\u0131n yazd\u0131\u011f\u0131na g\u00f6r\u0259 Erm\u0259nistanda valideynl\u0259r u\u015faqlar\u0131n\u0131 orduya g\u00f6nd\u0259rm\u0259k ist\u0259m\u0259m\u0259l\u0259ri \u015f\u0259raiti yarad\u0131l\u0131r.<\/p>\n\n\n\n<p> Bunu Erm\u0259nistan\u0131n ilk ombudsman\u0131, h\u00fcquq m\u00fcdafi\u0259\u00e7isi Larisa Alaverdyan avqustun 23 -d\u0259 jurnalistl\u0259rl\u0259 g\u00f6r\u00fc\u015f\u00fcnd\u0259 bildirib.<\/p>\n\n\n\n<p>O qeyd edib ki, \u0259vv\u0259lc\u0259 valideynl\u0259r\u0259 u\u015faqlar\u0131n Qaraba\u011fa xidm\u0259t\u0259 getm\u0259y\u0259c\u0259kl\u0259rini s\u00f6yl\u0259yirdil\u0259r, amma indi s\u00f6hb\u0259t orduda el\u0259 bir atmosfer yaratmaqdan gedir ki, valideynl\u0259r u\u015faqlar\u0131n\u0131 orduya g\u00f6nd\u0259rm\u0259k ist\u0259m\u0259sinl\u0259r.<\/p>\n\n\n\n<p>&#171;2018 -ci ild\u0259n \u0259vv\u0259l orduda d\u0259h\u015f\u0259tli hadis\u0259l\u0259r olanda haql\u0131 olaraq s\u0259sini qald\u0131ran t\u0259\u015fkilatlar haradad\u0131rlar?&#187; &#8212; dey\u0259 h\u00fcquq m\u00fcdafi\u0259\u00e7isi soru\u015fub.<\/p>\n\n\n\n<p><strong>\u018fli N\u0259sib Z\u0259rdabi<\/strong><\/p>\n\n\n\n<figure class=\"wp-block-embed is-type-video is-provider-youtube wp-block-embed-youtube wp-embed-aspect-16-9 wp-has-aspect-ratio\"><div class=\"wp-block-embed__wrapper\">\n<iframe loading=\"lazy\" title=\"\u0425\u0410\u041e\u0421 \u0412 \u0410\u0420\u041c\u042f\u041d\u0421\u041a\u041e\u0419 \u0410\u0420\u041c\u0418\u0418: \u0421\u041e\u041b\u0414\u0410\u0422 \u0423\u0411\u0418\u0412\u0410\u042e\u0422 \u0421\u0412\u041e\u0418 \u0416\u0415, \u0410 \u041e\u0411\u0412\u0418\u041d\u0418\u0422\u042c \u041f\u042b\u0422\u0410\u042e\u0422\u0421\u042f \u0410\u0417\u0415\u0420\u0411\u0410\u0419\u0414\u0416\u0410\u041d!\" width=\"715\" height=\"402\" src=\"https:\/\/www.youtube.com\/embed\/osDsv-H4RAk?feature=oembed\" frameborder=\"0\" allow=\"accelerometer; autoplay; clipboard-write; encrypted-media; gyroscope; picture-in-picture\" allowfullscreen><\/iframe>\n<\/div><\/figure>\n","protected":false},"excerpt":{"rendered":"<p>Erm\u0259ni ordusu h\u0259r g\u00fcn b\u0259db\u0259xt hadis\u0259l\u0259r, intiharlar v\u0259 q\u0259tliamlarla sars\u0131l\u0131r. Bu bar\u0259d\u0259 erm\u0259ni m\u0259tbuat\u0131 yaz\u0131b. 2 -ci Qaraba\u011f m\u00fcharib\u0259sind\u0259n sonra Erm\u0259nistan M\u00fcdafi\u0259 Nazirliyi, dem\u0259k<\/p>\n","protected":false},"author":2,"featured_media":46277,"comment_status":"closed","ping_status":"closed","sticky":false,"template":"","format":"standard","meta":{"footnotes":""},"categories":[13],"tags":[],"class_list":["post-46276","post","type-post","status-publish","format-standard","has-post-thumbnail","hentry","category-xarici"],"aioseo_notices":[],"_links":{"self":[{"href":"https:\/\/fedai.az\/index.php?rest_route=\/wp\/v2\/posts\/46276","targetHints":{"allow":["GET"]}}],"collection":[{"href":"https:\/\/fedai.az\/index.php?rest_route=\/wp\/v2\/posts"}],"about":[{"href":"https:\/\/fedai.az\/index.php?rest_route=\/wp\/v2\/types\/post"}],"author":[{"embeddable":true,"href":"https:\/\/fedai.az\/index.php?rest_route=\/wp\/v2\/users\/2"}],"replies":[{"embeddable":true,"href":"https:\/\/fedai.az\/index.php?rest_route=%2Fwp%2Fv2%2Fcomments&post=46276"}],"version-history":[{"count":1,"href":"https:\/\/fedai.az\/index.php?rest_route=\/wp\/v2\/posts\/46276\/revisions"}],"predecessor-version":[{"id":46278,"href":"https:\/\/fedai.az\/index.php?rest_route=\/wp\/v2\/posts\/46276\/revisions\/46278"}],"wp:featuredmedia":[{"embeddable":true,"href":"https:\/\/fedai.az\/index.php?rest_route=\/wp\/v2\/media\/46277"}],"wp:attachment":[{"href":"https:\/\/fedai.az\/index.php?rest_route=%2Fwp%2Fv2%2Fmedia&parent=46276"}],"wp:term":[{"taxonomy":"category","embeddable":true,"href":"https:\/\/fedai.az\/index.php?rest_route=%2Fwp%2Fv2%2Fcategories&post=46276"},{"taxonomy":"post_tag","embeddable":true,"href":"https:\/\/fedai.az\/index.php?rest_route=%2Fwp%2Fv2%2Ftags&post=46276"}],"curies":[{"name":"wp","href":"https:\/\/api.w.org\/{rel}","templated":true}]}}