{"id":46279,"date":"2021-08-24T06:02:02","date_gmt":"2021-08-24T02:02:02","guid":{"rendered":"https:\/\/fedai.az\/?p=46279"},"modified":"2021-08-24T06:02:05","modified_gmt":"2021-08-24T02:02:05","slug":"abs-talibanla-h%c9%99r-gun-danisiqlar-aparir","status":"publish","type":"post","link":"https:\/\/fedai.az\/?p=46279","title":{"rendered":"AB\u015e \u201cTaliban\u201dla h\u0259r g\u00fcn dan\u0131\u015f\u0131qlar apar\u0131r"},"content":{"rendered":"\n<p><strong>Amerika Birl\u0259\u015fmi\u015f \u015etatlar\u0131 h\u0259r g\u00fcn \u018ffqan\u0131standak\u0131 \u201cTaliban\u201d h\u0259r\u0259kat\u0131 il\u0259 h\u0259rbi v\u0259 siyasi kanallar vasit\u0259sil\u0259 dan\u0131\u015f\u0131qlar apar\u0131r.<\/strong><\/p>\n\n\n\n<p>Bunu AB\u015e prezidentinin milli t\u0259hl\u00fck\u0259sizlik m\u0259s\u0259l\u0259l\u0259ri \u00fczr\u0259 k\u00f6m\u0259k\u00e7isi Ceyk Sallivan deyib.<\/p>\n\n\n\n<p>\u201cH\u0259r g\u00fcn siyasi kanallar v\u0259 t\u0259hl\u00fck\u0259sizlik q\u00fcvv\u0259l\u0259ri vasit\u0259si il\u0259 \u201cTaliban\u201dla dan\u0131\u015f\u0131qlar apar\u0131r\u0131q. Geni\u015f m\u00f6vzular\u0131 \u0259hat\u0259 ed\u0259n bu m\u00fczakir\u0259l\u0259ri m\u00fcdafi\u0259 etm\u0259k \u00fc\u00e7\u00fcn t\u0259f\u0259rr\u00fcatlara getm\u0259k ist\u0259m\u0259zdim\u201d, &#8212; o deyib.<\/p>\n\n\n\n<p>O, Birl\u0259\u015fmi\u015f \u015etatlar\u0131n amerikal\u0131lar\u0131n, yerli sakinl\u0259r aras\u0131nda olan m\u00fctt\u0259fiql\u0259rini v\u0259 \u00fc\u00e7\u00fcnc\u00fc \u00f6lk\u0259 v\u0259t\u0259nda\u015flar\u0131n\u0131 31 avqusta q\u0259d\u0259r t\u0259xliy\u0259sini ba\u015fa \u00e7atd\u0131ra bil\u0259c\u0259yin\u0259 \u0259minliyini ifad\u0259 edib.<\/p>\n\n\n\n<p>H\u0259m\u00e7inin dig\u0259r bir m\u0259lumatda is\u0259 AB\u015e-\u0131n Kabil aeroportunun g\u0259l\u0259c\u0259k idar\u0259etm\u0259si il\u0259 ba\u011fl\u0131 m\u00fctt\u0259fiql\u0259ri v\u0259 Talibanla dan\u0131\u015f\u0131qlar apar\u0131d\u0131\u011f\u0131 bildirilir. <\/p>\n\n\n\n<p>Bu bar\u0259d\u0259 AB\u015e D\u00f6vl\u0259t Departamentinin n\u00fcmay\u0259nd\u0259si Ned Prays m\u0259lumat yay\u0131ib.<\/p>\n\n\n\n<p><\/p>\n","protected":false},"excerpt":{"rendered":"<p>Amerika Birl\u0259\u015fmi\u015f \u015etatlar\u0131 h\u0259r g\u00fcn \u018ffqan\u0131standak\u0131 \u201cTaliban\u201d h\u0259r\u0259kat\u0131 il\u0259 h\u0259rbi v\u0259 siyasi kanallar vasit\u0259sil\u0259 dan\u0131\u015f\u0131qlar apar\u0131r. Bunu AB\u015e prezidentinin milli t\u0259hl\u00fck\u0259sizlik m\u0259s\u0259l\u0259l\u0259ri \u00fczr\u0259 k\u00f6m\u0259k\u00e7isi<\/p>\n","protected":false},"author":2,"featured_media":46280,"comment_status":"closed","ping_status":"closed","sticky":false,"template":"","format":"standard","meta":{"footnotes":""},"categories":[3],"tags":[],"class_list":["post-46279","post","type-post","status-publish","format-standard","has-post-thumbnail","hentry","category-gundm"],"aioseo_notices":[],"_links":{"self":[{"href":"https:\/\/fedai.az\/index.php?rest_route=\/wp\/v2\/posts\/46279","targetHints":{"allow":["GET"]}}],"collection":[{"href":"https:\/\/fedai.az\/index.php?rest_route=\/wp\/v2\/posts"}],"about":[{"href":"https:\/\/fedai.az\/index.php?rest_route=\/wp\/v2\/types\/post"}],"author":[{"embeddable":true,"href":"https:\/\/fedai.az\/index.php?rest_route=\/wp\/v2\/users\/2"}],"replies":[{"embeddable":true,"href":"https:\/\/fedai.az\/index.php?rest_route=%2Fwp%2Fv2%2Fcomments&post=46279"}],"version-history":[{"count":1,"href":"https:\/\/fedai.az\/index.php?rest_route=\/wp\/v2\/posts\/46279\/revisions"}],"predecessor-version":[{"id":46281,"href":"https:\/\/fedai.az\/index.php?rest_route=\/wp\/v2\/posts\/46279\/revisions\/46281"}],"wp:featuredmedia":[{"embeddable":true,"href":"https:\/\/fedai.az\/index.php?rest_route=\/wp\/v2\/media\/46280"}],"wp:attachment":[{"href":"https:\/\/fedai.az\/index.php?rest_route=%2Fwp%2Fv2%2Fmedia&parent=46279"}],"wp:term":[{"taxonomy":"category","embeddable":true,"href":"https:\/\/fedai.az\/index.php?rest_route=%2Fwp%2Fv2%2Fcategories&post=46279"},{"taxonomy":"post_tag","embeddable":true,"href":"https:\/\/fedai.az\/index.php?rest_route=%2Fwp%2Fv2%2Ftags&post=46279"}],"curies":[{"name":"wp","href":"https:\/\/api.w.org\/{rel}","templated":true}]}}