{"id":46293,"date":"2021-08-24T06:43:16","date_gmt":"2021-08-24T02:43:16","guid":{"rendered":"https:\/\/fedai.az\/?p=46293"},"modified":"2021-08-24T06:43:19","modified_gmt":"2021-08-24T02:43:19","slug":"talibanin-qara-siyahisinda-kiml%c9%99rin-adi-var","status":"publish","type":"post","link":"https:\/\/fedai.az\/?p=46293","title":{"rendered":"Taliban\u0131n &#171;Qara siyah\u0131s\u0131nda&#187; kiml\u0259rin ad\u0131 var?"},"content":{"rendered":"\n<p><strong>X\u00fcsusil\u0259, hal -haz\u0131rda Kabil hava liman\u0131nda olanlar\u0131n bir \u00e7oxu qara siyah\u0131dak\u0131lard\u0131r v\u0259 evakuasiya \u00fcmidi il\u0259 ya\u015fay\u0131rlar.<\/strong><\/p>\n\n\n\n<p><strong>TAL\u0130BAN, \u018fVV\u018fLK\u0130 H\u00d6KUM\u018fTD\u018f \u018fSAS V\u018fZ\u0130F\u018fL\u018fRD\u018f \u0130\u015eL\u018fY\u018fNL\u018fR\u0130 QARA S\u0130YAHIYA SALIB.<\/strong><\/p>\n\n\n\n<p>Bu bar\u0259d\u0259 DW t\u0259r\u0259find\u0259n, Qlobal Analizl\u0259rin (RHIPTO) Norve\u00e7 M\u0259rk\u0259zi t\u0259r\u0259find\u0259n BMT \u00fc\u00e7\u00fcn haz\u0131rlanm\u0131\u015f bir m\u00fct\u0259x\u0259ssis hesabat\u0131nda m\u0259lumat verilib.<\/p>\n\n\n\n<p>&#171;Taliban, k\u00f6hn\u0259 rejimin b\u00fct\u00fcn n\u00fcmay\u0259nd\u0259l\u0259ri v\u0259 t\u0259r\u0259fdarlar\u0131n\u0131 ovlama\u011f\u0131 planlay\u0131r v\u0259 planda u\u011fursuzluq olduqda onlar\u0131n ail\u0259l\u0259ri h\u0259d\u0259f\u0259 \u00e7evrilir. Onlar\u0131 h\u0259bs edir v\u0259 \u015f\u0259ri\u0259t qanunlar\u0131na g\u00f6r\u0259 \u00f6z \u0259m\u0259ll\u0259rin\u0259 g\u00f6r\u0259 c\u0259zaland\u0131r\u0131rlar \u2026 x\u00fcsus\u0259n d\u0259 \u0259sas v\u0259zif\u0259l\u0259ri tutmu\u015f ordu, polis v\u0259 istintaq b\u00f6lm\u0259l\u0259rind\u0259 \u00e7al\u0131\u015fm\u0131\u015f \u015f\u0259xsl\u0259r &#171;, &#8212; dey\u0259 hesabatda bildirilir<\/p>\n\n\n\n<p>Hal -haz\u0131rda Kabild\u0259 aeroportda olanlar\u0131n \u00e7oxu QARA siyah\u0131da adlar\u0131 olanlard\u0131r v\u0259 t\u0259hl\u00fck\u0259siz bir yer\u0259 getm\u0259k ist\u0259yirl\u0259r.<\/p>\n\n\n\n<p><strong>T\u00fcrkay Xaqan<\/strong><\/p>\n","protected":false},"excerpt":{"rendered":"<p>X\u00fcsusil\u0259, hal -haz\u0131rda Kabil hava liman\u0131nda olanlar\u0131n bir \u00e7oxu qara siyah\u0131dak\u0131lard\u0131r v\u0259 evakuasiya \u00fcmidi il\u0259 ya\u015fay\u0131rlar. TAL\u0130BAN, \u018fVV\u018fLK\u0130 H\u00d6KUM\u018fTD\u018f \u018fSAS V\u018fZ\u0130F\u018fL\u018fRD\u018f \u0130\u015eL\u018fY\u018fNL\u018fR\u0130 QARA S\u0130YAHIYA<\/p>\n","protected":false},"author":2,"featured_media":46294,"comment_status":"closed","ping_status":"closed","sticky":false,"template":"","format":"standard","meta":{"footnotes":""},"categories":[13],"tags":[],"class_list":["post-46293","post","type-post","status-publish","format-standard","has-post-thumbnail","hentry","category-xarici"],"aioseo_notices":[],"_links":{"self":[{"href":"https:\/\/fedai.az\/index.php?rest_route=\/wp\/v2\/posts\/46293","targetHints":{"allow":["GET"]}}],"collection":[{"href":"https:\/\/fedai.az\/index.php?rest_route=\/wp\/v2\/posts"}],"about":[{"href":"https:\/\/fedai.az\/index.php?rest_route=\/wp\/v2\/types\/post"}],"author":[{"embeddable":true,"href":"https:\/\/fedai.az\/index.php?rest_route=\/wp\/v2\/users\/2"}],"replies":[{"embeddable":true,"href":"https:\/\/fedai.az\/index.php?rest_route=%2Fwp%2Fv2%2Fcomments&post=46293"}],"version-history":[{"count":1,"href":"https:\/\/fedai.az\/index.php?rest_route=\/wp\/v2\/posts\/46293\/revisions"}],"predecessor-version":[{"id":46295,"href":"https:\/\/fedai.az\/index.php?rest_route=\/wp\/v2\/posts\/46293\/revisions\/46295"}],"wp:featuredmedia":[{"embeddable":true,"href":"https:\/\/fedai.az\/index.php?rest_route=\/wp\/v2\/media\/46294"}],"wp:attachment":[{"href":"https:\/\/fedai.az\/index.php?rest_route=%2Fwp%2Fv2%2Fmedia&parent=46293"}],"wp:term":[{"taxonomy":"category","embeddable":true,"href":"https:\/\/fedai.az\/index.php?rest_route=%2Fwp%2Fv2%2Fcategories&post=46293"},{"taxonomy":"post_tag","embeddable":true,"href":"https:\/\/fedai.az\/index.php?rest_route=%2Fwp%2Fv2%2Ftags&post=46293"}],"curies":[{"name":"wp","href":"https:\/\/api.w.org\/{rel}","templated":true}]}}