{"id":46296,"date":"2021-08-24T06:46:23","date_gmt":"2021-08-24T02:46:23","guid":{"rendered":"https:\/\/fedai.az\/?p=46296"},"modified":"2021-08-24T06:46:34","modified_gmt":"2021-08-24T02:46:34","slug":"novb%c9%99ti-t%c9%99dris-ili-ucun-t%c9%99til-gunl%c9%99ri-aciqlanib","status":"publish","type":"post","link":"https:\/\/fedai.az\/?p=46296","title":{"rendered":"N\u00f6vb\u0259ti t\u0259dris ili \u00fc\u00e7\u00fcn t\u0259til g\u00fcnl\u0259ri a\u00e7\u0131qlan\u0131b"},"content":{"rendered":"\n<p><strong>\u00dcmumi t\u0259hsil m\u00fc\u0259ssis\u0259l\u0259rind\u0259 2021-2022-ci d\u0259rs ili \u00fc\u00e7\u00fcn t\u0259til g\u00fcnl\u0259ri a\u00e7\u0131qlan\u0131b.<\/strong><\/p>\n\n\n\n<p>Bu bar\u0259d\u0259 \u00fcmumi t\u0259hsil m\u00fc\u0259ssis\u0259l\u0259rinin 2021-2022-ci d\u0259rs ili \u00fc\u00e7\u00fcn t\u0259dris planlar\u0131n\u0131n&nbsp;t\u0259sdiqi haqq\u0131nda t\u0259hsil naziri Emin \u018fmrullayevin imzalad\u0131\u011f\u0131 \u0259mrd\u0259 qeyd edilib.<\/p>\n\n\n\n<p>\u018fmr\u0259 \u0259sas\u0259n, d\u0259rs m\u0259\u015f\u011f\u0259l\u0259l\u0259ri sentyabr\u0131n 15-d\u0259 ba\u015flay\u0131b iyunun 14-d\u0259 ba\u015fa \u00e7at\u0131r.<\/p>\n\n\n\n<p>D\u0259rs ili iki yar\u0131mil\u0259 b\u00f6l\u00fcn\u00fcr:<\/p>\n\n\n\n<p>birinci yar\u0131mil &#8212; 15 sentyabr &#8212; 26 yanvar;<\/p>\n\n\n\n<p>ikinci yar\u0131mil &#8212; 1 fevral &#8212; 14 iyun.<\/p>\n\n\n\n<p>D\u0259rs ili \u0259rzind\u0259 a\u015fa\u011f\u0131dak\u0131 t\u0259till\u0259r m\u00fc\u0259yy\u0259n edilir:<\/p>\n\n\n\n<p>5 g\u00fcn pay\u0131z t\u0259tili (16-20 noyabr);<\/p>\n\n\n\n<p>5 g\u00fcn q\u0131\u015f t\u0259tili (27-31 yanvar).<\/p>\n\n\n\n<p>\u0130btidai sinifl\u0259r \u00fc\u00e7\u00fcn 5 g\u00fcnl\u00fck \u0259lav\u0259 yaz t\u0259tili (1-5 may).<\/p>\n","protected":false},"excerpt":{"rendered":"<p>\u00dcmumi t\u0259hsil m\u00fc\u0259ssis\u0259l\u0259rind\u0259 2021-2022-ci d\u0259rs ili \u00fc\u00e7\u00fcn t\u0259til g\u00fcnl\u0259ri a\u00e7\u0131qlan\u0131b. Bu bar\u0259d\u0259 \u00fcmumi t\u0259hsil m\u00fc\u0259ssis\u0259l\u0259rinin 2021-2022-ci d\u0259rs ili \u00fc\u00e7\u00fcn t\u0259dris planlar\u0131n\u0131n&nbsp;t\u0259sdiqi haqq\u0131nda t\u0259hsil naziri<\/p>\n","protected":false},"author":2,"featured_media":46297,"comment_status":"closed","ping_status":"closed","sticky":false,"template":"","format":"standard","meta":{"footnotes":""},"categories":[8],"tags":[],"class_list":["post-46296","post","type-post","status-publish","format-standard","has-post-thumbnail","hentry","category-thsil"],"aioseo_notices":[],"_links":{"self":[{"href":"https:\/\/fedai.az\/index.php?rest_route=\/wp\/v2\/posts\/46296","targetHints":{"allow":["GET"]}}],"collection":[{"href":"https:\/\/fedai.az\/index.php?rest_route=\/wp\/v2\/posts"}],"about":[{"href":"https:\/\/fedai.az\/index.php?rest_route=\/wp\/v2\/types\/post"}],"author":[{"embeddable":true,"href":"https:\/\/fedai.az\/index.php?rest_route=\/wp\/v2\/users\/2"}],"replies":[{"embeddable":true,"href":"https:\/\/fedai.az\/index.php?rest_route=%2Fwp%2Fv2%2Fcomments&post=46296"}],"version-history":[{"count":1,"href":"https:\/\/fedai.az\/index.php?rest_route=\/wp\/v2\/posts\/46296\/revisions"}],"predecessor-version":[{"id":46298,"href":"https:\/\/fedai.az\/index.php?rest_route=\/wp\/v2\/posts\/46296\/revisions\/46298"}],"wp:featuredmedia":[{"embeddable":true,"href":"https:\/\/fedai.az\/index.php?rest_route=\/wp\/v2\/media\/46297"}],"wp:attachment":[{"href":"https:\/\/fedai.az\/index.php?rest_route=%2Fwp%2Fv2%2Fmedia&parent=46296"}],"wp:term":[{"taxonomy":"category","embeddable":true,"href":"https:\/\/fedai.az\/index.php?rest_route=%2Fwp%2Fv2%2Fcategories&post=46296"},{"taxonomy":"post_tag","embeddable":true,"href":"https:\/\/fedai.az\/index.php?rest_route=%2Fwp%2Fv2%2Ftags&post=46296"}],"curies":[{"name":"wp","href":"https:\/\/api.w.org\/{rel}","templated":true}]}}