{"id":46299,"date":"2021-08-24T07:31:04","date_gmt":"2021-08-24T03:31:04","guid":{"rendered":"https:\/\/fedai.az\/?p=46299"},"modified":"2021-08-24T07:34:03","modified_gmt":"2021-08-24T03:34:03","slug":"daxili-siyas%c9%99t-sah%c9%99si-xanim-mehriban-%c9%99liyevanin-%c9%99sas-f%c9%99aliyy%c9%99t-istiqam%c9%99tl%c9%99rind%c9%99ndir","status":"publish","type":"post","link":"https:\/\/fedai.az\/?p=46299","title":{"rendered":"Daxili siyas\u0259t sah\u0259si, xan\u0131m Mehriban \u018fliyevan\u0131n \u0259sas f\u0259aliyy\u0259t istiqam\u0259tl\u0259rind\u0259ndir"},"content":{"rendered":"\n<p><strong>He\u00e7 kim\u0259 sirr deyil ki, V\u0259t\u0259n\u0259 s\u0259daq\u0259t, milli d\u0259y\u0259rl\u0259r\u0259 h\u00f6rm\u0259t v\u0259 u\u011furlu f\u0259aliyy\u0259t, xan\u0131m Mehriban \u018fliyevan\u0131n \u00f6lk\u0259nin Birinci vitse-prezidenti v\u0259zif\u0259sin\u0259 t\u0259yin olunmas\u0131n\u0131 \u015f\u0259rtl\u0259ndir\u0259n \u0259sas amill\u0259rdir. Xalq\u0131n rifah\u0131na v\u0259 d\u00f6vl\u0259tin inki\u015faf\u0131na h\u0259sr olunmu\u015f \u00e7ox\u015fax\u0259li f\u0259aliyy\u0259t, onun qar\u015f\u0131ya qoydu\u011fu \u0259sas m\u0259qs\u0259di v\u0259 h\u0259yat f\u0259ls\u0259f\u0259sidir. C\u0259nubi Qafqaz\u0131n \u0259n b\u00f6y\u00fck partiyas\u0131 olan Yeni Az\u0259rbaycan Partiyas\u0131n\u0131n s\u0259dr m\u00fcavini, 2005-ci ild\u0259n 2017-ci il\u0259 q\u0259d\u0259r Az\u0259rbaycan Respublikas\u0131 Milli M\u0259clisinin deputat\u0131, 2004-c\u00fc ild\u0259n bu g\u00fcn\u0259 q\u0259d\u0259r Ulu \u00d6nd\u0259rin ad\u0131n\u0131 da\u015f\u0131yan Fondun prezidenti,&nbsp; Az\u0259rbaycan Milli Olimpiya Komit\u0259sinin v\u0259 \u0130craiyy\u0259 Komit\u0259sinin \u00fczv\u00fc v\u0259 n\u00fcfuzlu beyn\u0259lxalq t\u0259\u015fkilatlar olan UNESCO-nun v\u0259 ISESCO-nun Xo\u015fm\u0259raml\u0131 s\u0259firi kimi u\u011furlu f\u0259aliyy\u0259ti is\u0259, xan\u0131m Mehriban \u018fliyevan\u0131n pe\u015f\u0259kar f\u0259aliyy\u0259tinin b\u0259zi istiqam\u0259tl\u0259ridir. <\/strong><\/p>\n\n\n\n<p>O, h\u0259m\u00e7inin, siyas\u0259td\u0259 \u00fcmumb\u0259\u015f\u0259ri d\u0259y\u0259rl\u0259ri ya\u015fadan bir insan kimi d\u0259, tan\u0131n\u0131r. Mehriban xan\u0131m \u018fliyevan\u0131n \u00f6lk\u0259nin birinci xan\u0131m\u0131 kimi f\u0259aliyy\u0259t istiqam\u0259tl\u0259rin\u0259 baxsaq, \u201cYum\u015faq g\u00fcc\u201d amilinin t\u0259cr\u00fcb\u0259d\u0259 effektivliyin\u0259 bir daha \u0259min ola bil\u0259rik. Humanitar sah\u0259d\u0259 u\u011furlu f\u0259aliyy\u0259t g\u00f6st\u0259r\u0259n Mehriban xan\u0131m \u018fliyeva 2017-ci ild\u0259n Az\u0259rbaycan Respublikas\u0131n\u0131n Konstitusiyas\u0131nda t\u0259sbit edil\u0259n siyasi r\u0259hb\u0259rlik funksiyas\u0131n\u0131 da icra etm\u0259y\u0259 ba\u015flad\u0131. Onun Az\u0259rbaycan\u0131n Z\u0259f\u0259ri v\u0259 g\u0259l\u0259c\u0259k b\u00f6y\u00fck u\u011furlar\u0131 namin\u0259n atd\u0131\u011f\u0131 add\u0131mlar t\u0259qdir\u0259layiqdir. Prezident \u0130lham \u018fliyevin \u0259n yax\u0131n silahda\u015f\u0131 olaraq Birinci vitse-prezident Mehriban \u018fliyevan\u0131n sosial, humanitar v\u0259 iqtisadi siyas\u0259tin h\u0259yata ke\u00e7irilm\u0259sind\u0259 b\u00f6y\u00fck \u0259m\u0259yi vard\u0131r. M\u00fcasir Az\u0259rbaycan\u0131n quruculu\u011funda bu tandem m\u00fch\u00fcm \u0259h\u0259miyy\u0259t k\u0259sb edir. Birinci vitse-prezident kimi f\u0259aliyy\u0259ti d\u00f6vr\u00fcnd\u0259 Mehriban xan\u0131m \u018fliyeva q\u0131sa m\u00fcdd\u0259td\u0259 \u00f6z\u00fcn\u00fcn pe\u015f\u0259karl\u0131\u011f\u0131, z\u0259ngin t\u0259cr\u00fcb\u0259si, b\u00f6y\u00fck humanizmi v\u0259 hadis\u0259l\u0259r\u0259 geni\u015fmiqyasl\u0131 bax\u0131\u015f\u0131 il\u0259 Az\u0259rbaycan tarixind\u0259 qad\u0131n h\u0259r\u0259kat\u0131n\u0131n yeni bir s\u0259hif\u0259sini a\u00e7m\u0131\u015f, idar\u0259etm\u0259d\u0259 qad\u0131nlar\u0131n rolunun artmas\u0131na s\u0259b\u0259b olmu\u015fdur. <\/p>\n\n\n\n<figure class=\"wp-block-image size-large is-resized\"><img loading=\"lazy\" decoding=\"async\" src=\"https:\/\/fedai.az\/wp-content\/uploads\/2021\/08\/571605600480.jpg\" alt=\"\" class=\"wp-image-46305\" width=\"1079\" height=\"718\" srcset=\"https:\/\/fedai.az\/wp-content\/uploads\/2021\/08\/571605600480.jpg 700w, https:\/\/fedai.az\/wp-content\/uploads\/2021\/08\/571605600480-300x200.jpg 300w, https:\/\/fedai.az\/wp-content\/uploads\/2021\/08\/571605600480-150x100.jpg 150w\" sizes=\"auto, (max-width: 1079px) 100vw, 1079px\" \/><\/figure>\n\n\n\n<p>Mehriban xan\u0131m \u00f6lk\u0259mizd\u0259ki qad\u0131n h\u0259r\u0259kat\u0131 tarixind\u0259 ilk \u015f\u0259xsiyy\u0259tdir ki, maarif\u00e7ilikd\u0259n s\u0259hiyy\u0259y\u0259, idmandan m\u0259d\u0259niyy\u0259timizin t\u0259bli\u011fin\u0259, xeyriyy\u0259\u00e7ilikd\u0259n \u0259traf m\u00fchitin qorunmas\u0131na q\u0259d\u0259r geni\u015f bir f\u0259aliyy\u0259t m\u0259kan\u0131n\u0131 \u0259hat\u0259 edir. Mehriban xan\u0131m\u0131n t\u0259\u015f\u0259bb\u00fcs\u00fc il\u0259 h\u0259yata ke\u00e7iril\u0259n t\u0259dbirl\u0259r t\u0259kc\u0259 Az\u0259rbaycanla m\u0259hdudla\u015fm\u0131r, eyni zamanda s\u00fclh v\u0259 sabitliyin t\u0259min edilm\u0259sind\u0259 \u00f6n\u0259mli rol oynayan sivilizasiyalararas\u0131 dialoq m\u00fchitinin formala\u015fd\u0131r\u0131lmas\u0131, d\u00fcnya m\u0259d\u0259ni irsinin qorunmas\u0131 \u00fczr\u0259 aktual m\u0259s\u0259l\u0259l\u0259ri d\u0259 \u0259hat\u0259 edir. B\u00fct\u00fcn bu qeyd edil\u0259n m\u0259s\u0259l\u0259l\u0259r\u0259 \u0259sas\u0259n dey\u0259 bil\u0259rik ki, bu g\u00fcn Mehriban xan\u0131m \u018fliyevan\u0131n Az\u0259rbaycan\u0131 d\u00fcnyada m\u0259d\u0259niyy\u0259t car\u00e7\u0131s\u0131, sivilizasiyalararas\u0131 dialoq, m\u00fcltikulturalizm v\u0259 tolerantl\u0131q m\u0259kan\u0131 kimi t\u0259qdim etm\u0259si Prezident \u0130lham \u018fliyevin m\u00fcz\u0259ff\u0259r lider portretini u\u011furla tamamlay\u0131r. Onun d\u00f6vl\u0259t idar\u0259etm\u0259sind\u0259 \u00e7evikliyin t\u0259min olunmas\u0131 istiqam\u0259tind\u0259 f\u0259aliyy\u0259tin t\u0259\u015fkili, \u00f6lk\u0259 \u0259halisinin b\u0259rab\u0259r, \u0259l\u00e7atan v\u0259 keyfiyy\u0259tli t\u0259hsill\u0259 t\u0259minat\u0131, \u00f6lk\u0259 \u0259halisinin sa\u011flaml\u0131\u011f\u0131n\u0131n qorunmas\u0131, sosial bax\u0131mdan daha h\u0259ssas \u0259hali qruplar\u0131n\u0131n (\u015f\u0259hid ail\u0259l\u0259ri, qazil\u0259r, m\u0259cburi k\u00f6\u00e7k\u00fcnl\u0259r, ah\u0131llar, kims\u0259sizl\u0259r, irsi qan x\u0259st\u0259liyind\u0259n v\u0259 dig\u0259r irsi x\u0259st\u0259likl\u0259rd\u0259n \u0259ziyy\u0259t \u00e7\u0259k\u0259n \u015f\u0259xsl\u0259r v\u0259 s.) probleml\u0259rinin h\u0259lli, Az\u0259rbaycan xalq\u0131n\u0131n yaratd\u0131\u011f\u0131 milli m\u0259d\u0259niyy\u0259t v\u0259 inc\u0259s\u0259n\u0259t n\u00fcmun\u0259l\u0259rinin, \u0259n\u0259n\u0259l\u0259rin \u00f6yr\u0259nilm\u0259si, b\u0259rpas\u0131, onlar\u0131n yerli v\u0259 d\u00fcnya m\u0259d\u0259ni irsi kimi qorunmas\u0131, d\u00fcnyada tan\u0131d\u0131lmas\u0131 i\u015fl\u0259ri, \u00f6lk\u0259d\u0259 idman h\u0259r\u0259kat\u0131n\u0131n davaml\u0131l\u0131\u011f\u0131n\u0131n t\u0259min olunmas\u0131, \u00f6lk\u0259d\u0259 ekoloji probleml\u0259rin h\u0259llin\u0259 d\u0259st\u0259k g\u00f6st\u0259rilm\u0259si, b\u00f6hran zaman\u0131 effektiv idar\u0259etm\u0259, pandemiya zaman\u0131 \u0259halinin ehtiyaclar\u0131n\u0131n qar\u015f\u0131lanmas\u0131 v\u0259 tibbi, sosial d\u0259st\u0259k layih\u0259l\u0259rinin realla\u015fd\u0131r\u0131lmas\u0131 v\u0259 i\u015f\u011faldan azad olunan torpaqlar\u0131n b\u0259rpas\u0131nda humanitar missiyan\u0131n h\u0259yata ke\u00e7irilm\u0259si siyas\u0259tind\u0259 \u00f6z\u00fcn\u0259m\u0259xsus rolu vard\u0131r. Dig\u0259r sah\u0259l\u0259r kimi t\u0259hsilin inki\u015faf\u0131na qay\u011f\u0131 sah\u0259sind\u0259 d\u0259 Mehriban xan\u0131m\u0131n \u0259m\u0259yi dan\u0131lmazd\u0131r.<\/p>\n\n\n\n<p> Mehriban xan\u0131m \u018fliyeva r\u0259hb\u0259rlik etdiyi Heyd\u0259r \u018fliyev Fondunun t\u0259\u015f\u0259bb\u00fcs\u00fc il\u0259 t\u0259hsill\u0259 ba\u011fl\u0131 bir \u00e7ox \u00f6n\u0259mli layih\u0259 v\u0259 proqramlara start verilmi\u015fdir. Onlar\u0131n aras\u0131nda \u201cYenil\u0259\u015f\u0259n Az\u0259rbaycana yeni m\u0259kt\u0259b\u201d proqram\u0131 x\u00fcsusi qeyd edilm\u0259lidir. M\u0259hz bu proqram\u0131n ba\u015flanmas\u0131 n\u0259tic\u0259sind\u0259 \u00f6lk\u0259mizd\u0259 \u00fc\u00e7 mind\u0259n \u00e7ox m\u0259kt\u0259b \u0259sasl\u0131 t\u0259mir olunub v\u0259 ya yenid\u0259n tikilmi\u015fdir. Az\u0259rbaycanda t\u0259hsilin inki\u015faf\u0131na b\u00f6y\u00fck h\u0259ssasl\u0131qla yana\u015fan Mehriban xan\u0131m\u0131n t\u0259\u015f\u0259bb\u00fcs\u00fc il\u0259 Fond b\u00fct\u00fcn \u00f6lk\u0259 \u0259razisind\u0259 \u201cYenil\u0259\u015f\u0259n Az\u0259rbaycana yeni m\u0259kt\u0259b\u201d proqram\u0131 il\u0259 yana\u015f\u0131, \u201c\u0130nternat m\u0259kt\u0259bl\u0259rinin inki\u015faf proqram\u0131\u201d, \u201cT\u0259hsil\u0259 d\u0259st\u0259k\u201d kimi proqramlar\u0131n icras\u0131n\u0131 da h\u0259yata ke\u00e7ir\u0259r\u0259k d\u00f6vl\u0259t t\u0259hsil siyas\u0259tinin realla\u015fmas\u0131nda m\u00fcst\u0259sna \u0259h\u0259miyy\u0259t\u0259 malik i\u015fl\u0259r g\u00f6rm\u00fc\u015fd\u00fcr. Bu layih\u0259l\u0259r h\u0259yata ke\u00e7iril\u0259nd\u0259n sonra h\u0259tta respublikam\u0131z\u0131n \u0259n ucqar regionlar\u0131nda da h\u0259r c\u00fcr l\u0259vazimatla t\u0259chiz olunmu\u015f, m\u00fcasir t\u0259l\u0259bl\u0259r\u0259 cavab ver\u0259n m\u0259kt\u0259bl\u0259r tikilib istifad\u0259y\u0259 verilmi\u015f, t\u0259hsilin b\u00fct\u00fcn \u00f6lk\u0259 \u0259razisind\u0259 \u0259l\u00e7atanl\u0131\u011f\u0131 t\u0259min edilmi\u015fdir. T\u0259kc\u0259 2020-2021-ci t\u0259dris ilind\u0259 Heyd\u0259r \u018fliyev Fondunun t\u0259\u015f\u0259bb\u00fcs\u00fc v\u0259 d\u0259st\u0259yi il\u0259 \u00f6lk\u0259mizd\u0259, o c\u00fcml\u0259d\u0259n Bak\u0131, G\u0259nc\u0259 v\u0259 Ming\u0259\u00e7evir \u015f\u0259h\u0259rl\u0259rind\u0259, el\u0259c\u0259 d\u0259 m\u00fcxt\u0259lif rayonlarda 62 t\u0259hsil m\u00fc\u0259ssis\u0259si in\u015fa v\u0259 \u0259sasl\u0131 t\u0259mir olunaraq istifad\u0259y\u0259 verilmi\u015fdir. M\u00fcasir tipli m\u0259kt\u0259bl\u0259rin in\u015fas\u0131, t\u0259dris prosesind\u0259 normal \u015f\u0259raitin yarad\u0131lmas\u0131, t\u0259hsilin keyfiyy\u0259tinin yax\u015f\u0131la\u015fd\u0131r\u0131lmas\u0131 son ill\u0259r \u0259rzind\u0259 Az\u0259rbaycan t\u0259hsilinin beyn\u0259lxalq t\u0259hsil m\u0259kan\u0131na inteqrasiyas\u0131n\u0131 g\u00fccl\u0259ndirmi\u015f v\u0259 beyn\u0259lxalq f\u0259nn olimpiadalar\u0131nda Az\u0259rbaycan m\u0259kt\u0259blisinin u\u011furlar\u0131n\u0131n \u0259sas t\u0259minat\u00e7\u0131s\u0131 olmu\u015fdur. H\u0259ssas \u0259hali qruplar\u0131na qay\u011f\u0131ke\u015f m\u00fcnasib\u0259t is\u0259, Mehriban xan\u0131m\u0131n h\u0259yat devizidir. \u00d6lk\u0259mizd\u0259 x\u00fcsusi h\u0259ssas \u0259hali qruplar\u0131 il\u0259 i\u015fl\u0259m\u0259k, onlar\u0131n probleml\u0259rinin h\u0259llin\u0259 d\u0259st\u0259k olmaq Mehriban xan\u0131m \u018fliyevan\u0131n f\u0259aliyy\u0259t sah\u0259sinin ana x\u0259ttini t\u0259\u015fkil edir. Bu i\u015fd\u0259 g\u00fcnd\u0259lik sosial ehtiyaclar\u0131n qar\u015f\u0131lanmas\u0131, insanlar\u0131n sa\u011flaml\u0131\u011f\u0131n\u0131n qorunmas\u0131, x\u0259st\u0259l\u0259r\u0259, kims\u0259sizl\u0259r\u0259, ah\u0131llara v\u0259 ehtiyac\u0131 olan dig\u0259r insanlara qay\u011f\u0131 v\u0259 n\u0259vazi\u015f \u0259n vacib missiya kimi h\u0259yata ke\u00e7irilm\u0259kd\u0259dir. Onun f\u0259aliyy\u0259tind\u0259 qazi v\u0259 \u015f\u0259hid ail\u0259l\u0259rinin probleml\u0259rinin h\u0259lli h\u0259r zaman diqq\u0259t m\u0259rk\u0259zind\u0259 olmu\u015fdur. Q\u0259hr\u0259man \u015f\u0259hidl\u0259rimizin \u00f6vladlar\u0131, valideynl\u0259ri v\u0259 do\u011fmalar\u0131na d\u00f6vl\u0259tin diqq\u0259tind\u0259n ba\u015fqa Mehriban xan\u0131m \u018fliyevan\u0131n da x\u00fcsusi diqq\u0259ti v\u0259 qay\u011f\u0131s\u0131 olmu\u015fdur. Bu istiqam\u0259td\u0259 f\u0259aliyy\u0259t Heyd\u0259r \u018fliyev Fondu vasit\u0259sil\u0259 he\u00e7 bir ictimai m\u0259lumatland\u0131rma olmadan h\u0259yata ke\u00e7irilmi\u015fdir. Qay\u011f\u0131ya ehtiyac\u0131 olanlara ana n\u0259vazi\u015fi il\u0259 yana\u015fan Mehriban xan\u0131m \u018fliyeva, bu \u0259m\u0259ll\u0259ri il\u0259, daima b\u00fct\u00fcn d\u00fcnyan\u0131n diqq\u0259t m\u0259rk\u0259zind\u0259 olmu\u015fdur. Sa\u011flaml\u0131q \u0130mkanlar\u0131 M\u0259hdud G\u0259ncl\u0259rin Pe\u015f\u0259 Reabilitasiya M\u0259rk\u0259zinin, \u015ea\u011fan v\u0259 Saray q\u0259s\u0259b\u0259l\u0259rind\u0259 \u0259lil u\u015faqlar \u00fc\u00e7\u00fcn internat evl\u0259rinin, Bilg\u0259hd\u0259ki Pensiya ya\u015f\u0131na \u00e7atm\u0131\u015f \u015f\u0259xsl\u0259r \u00fc\u00e7\u00fcn sosial xidm\u0259t m\u00fc\u0259ssis\u0259sinin y\u00fcks\u0259k s\u0259viyy\u0259d\u0259 yenid\u0259n qurulmas\u0131, internat m\u0259kt\u0259bl\u0259rind\u0259 ya\u015fayan u\u015faqlar\u0131n sonrak\u0131 h\u0259yat\u0131n\u0131n t\u0259hl\u00fck\u0259siz v\u0259 sa\u011flam t\u0259minat\u0131 \u00fc\u00e7\u00fcn ya\u015fay\u0131\u015f binalar\u0131n\u0131n tikilib istifad\u0259y\u0259 verilm\u0259si, \u00f6lk\u0259mizd\u0259 irsi qan x\u0259st\u0259liyind\u0259n \u0259ziyy\u0259t \u00e7\u0259k\u0259n \u015f\u0259xsl\u0259rin sa\u011flaml\u0131\u011f\u0131n\u0131n qorunmas\u0131 v\u0259 m\u00fcalic\u0259si \u00fc\u00e7\u00fcn Bak\u0131 \u015f\u0259h\u0259rind\u0259 Talassemiya M\u0259rk\u0259zinin yarad\u0131lmas\u0131 v\u0259 sair \u00e7ox\u015fax\u0259li f\u0259aliyy\u0259t d\u0259 \u00f6lk\u0259mizd\u0259 m\u0259hz Mehriban xan\u0131m \u018fliyevan\u0131n r\u0259hb\u0259rliyi alt\u0131nda h\u0259yata ke\u00e7irilmi\u015fdir. Qeyd edil\u0259n m\u00fc\u0259ssis\u0259l\u0259rin v\u0259 m\u0259rk\u0259zl\u0259rin a\u00e7\u0131l\u0131\u015f\u0131nda i\u015ftirak ed\u0259n Mehriban xan\u0131m onu \u0259hat\u0259 ed\u0259n k\u00f6rp\u0259l\u0259r\u0259, u\u015faqlara, qay\u011f\u0131ya ehtiyac\u0131 olan \u015f\u0259xsl\u0259r\u0259 h\u0259r zaman ana n\u0259vazi\u015fi il\u0259 yana\u015fm\u0131\u015fd\u0131r. <\/p>\n\n\n\n<p>Humanizm v\u0259 \u00e7eviklik Mehriban xan\u0131m \u018fliyevan\u0131n f\u0259aliyy\u0259tind\u0259 ehtiva olunan \u0259sas keyfiyy\u0259tl\u0259rdir. 2019-cu ilin fevral ay\u0131nda \u015eamax\u0131, \u0130smay\u0131ll\u0131 v\u0259 A\u011fsu rayonlar\u0131nda ba\u015f ver\u0259n z\u0259lz\u0259l\u0259nin f\u0259sadlar\u0131n\u0131n aradan qald\u0131r\u0131lmas\u0131nda Heyd\u0259r \u018fliyev Fondu olduqca vacib i\u015fl\u0259r g\u00f6rm\u00fc\u015fd\u00fcr. Az\u0259rbaycan Respublikas\u0131n\u0131n Birinci vitse-prezidenti Mehriban xan\u0131m \u018fliyevan\u0131n g\u00f6st\u0259ri\u015fin\u0259 \u0259sas\u0259n, Heyd\u0259r \u018fliyev Fondunun \u201cRegional \u0130nki\u015faf\u201d \u0130ctimai Birliyi t\u0259r\u0259find\u0259n b\u00f6lg\u0259d\u0259 birliyin \u0259m\u0259kda\u015flar\u0131 v\u0259 k\u00f6n\u00fcll\u00fcl\u0259ri t\u0259r\u0259find\u0259n z\u0259lz\u0259l\u0259d\u0259n ziyan \u00e7\u0259k\u0259nl\u0259r\u0259 tibbi, psixoloji, \u0259rzaq yard\u0131mlar\u0131 g\u00f6st\u0259rilmi\u015f, sosial v\u0259ziyy\u0259ti a\u011f\u0131r olan ail\u0259l\u0259rin probleml\u0259ri ara\u015fd\u0131r\u0131lm\u0131\u015f, m\u00fcvafiq k\u00f6m\u0259klik g\u00f6st\u0259rilmi\u015fdir. Mehriban xan\u0131m h\u0259mi\u015f\u0259 idman h\u0259r\u0259kat\u0131na d\u0259st\u0259k olmu\u015fdur. Mehriban xan\u0131m \u018fliyeva Milli Olimpiya Komit\u0259sinin v\u0259 \u0130craiyy\u0259 Komit\u0259sinin \u00fczv\u00fc, h\u0259m\u00e7inin Az\u0259rbaycan Gimnastika Federasiyas\u0131n\u0131n prezidenti kimi d\u0259 b\u00f6y\u00fck i\u015fl\u0259r g\u00f6rm\u00fc\u015f, Az\u0259rbaycanda idman h\u0259r\u0259kat\u0131n\u0131n davaml\u0131l\u0131\u011f\u0131na \u0259v\u0259zsiz t\u00f6hf\u0259l\u0259r vermi\u015fdir. Yeni istifad\u0259y\u0259 veril\u0259n orta m\u0259kt\u0259b v\u0259 m\u0259kt\u0259b\u0259q\u0259d\u0259r m\u00fc\u0259ssis\u0259l\u0259rin idman zallar\u0131 il\u0259 t\u0259chiz olunmas\u0131, futbol meydan\u00e7alar\u0131n\u0131n, yeni sal\u0131nan parklarda mini stadionlar\u0131n, idman qur\u011fular\u0131n\u0131n istifad\u0259y\u0259 verilm\u0259si, b\u00f6lg\u0259l\u0259rd\u0259 v\u0259 paytaxtda \u015fahmat m\u0259kt\u0259bl\u0259rinin, idman kompleksl\u0259rinin tikilm\u0259si Az\u0259rbaycanda idman h\u0259r\u0259kat\u0131n\u0131n geni\u015fl\u0259nm\u0259sin\u0259 s\u0259b\u0259b olmu\u015fdur. Gimnastika \u00fczr\u0259 d\u00fcnya kuboku yar\u0131\u015flar\u0131n\u0131n, m\u00fcxt\u0259lif \u00e7empionat v\u0259 turnirl\u0259rin, Birinci Avropa Oyunlar\u0131n\u0131n, IV \u0130slam H\u0259mr\u0259yliyi Oyunlar\u0131n\u0131n \u00f6lk\u0259mizd\u0259 y\u00fcks\u0259k s\u0259viyy\u0259d\u0259 ke\u00e7irilm\u0259si m\u0259hz Mehriban xan\u0131m \u018fliyevan\u0131n ad\u0131 v\u0259 y\u00fcks\u0259k t\u0259\u015fkilat\u00e7\u0131l\u0131q qabiliyy\u0259ti il\u0259 ba\u011fl\u0131d\u0131r. Bu beyn\u0259lxalq yar\u0131\u015flar \u00f6lk\u0259mizin ist\u0259r m\u0259d\u0259niyy\u0259t, ist\u0259rs\u0259 d\u0259 idman n\u00fcfuzunu b\u00fct\u00fcn d\u00fcnyada y\u00fcks\u0259ltmi\u015f, Az\u0259rbaycan\u0131 idman \u00f6lk\u0259si kimi tan\u0131tm\u0131\u015f v\u0259 \u00f6lk\u0259miz\u0259 b\u00f6y\u00fck turist ax\u0131n\u0131na s\u0259b\u0259b olmu\u015fdur. D\u00f6vl\u0259t v\u0259 xalq namin\u0259 potensiallar\u0131n s\u0259f\u0259rb\u0259r olunmas\u0131 bacar\u0131\u011f\u0131 Mehriban xan\u0131m\u0131 dig\u0259rl\u0259rind\u0259n f\u0259rql\u0259ndir\u0259n \u0259sas x\u00fcsusiyy\u0259tl\u0259rd\u0259ndir. Pandemiya s\u0259b\u0259bind\u0259n \u00f6lk\u0259mizd\u0259 ya\u015fanan b\u00f6hran zaman\u0131 Mehriban xan\u0131m \u018fliyevan\u0131n pe\u015f\u0259karl\u0131\u011f\u0131 say\u0259sind\u0259 idar\u0259tm\u0259d\u0259 g\u00fcc birliyi t\u0259min olunmu\u015fdur. Onun tap\u015f\u0131r\u0131\u011f\u0131na \u0259sas\u0259n Heyd\u0259r \u018fliyev Fondu t\u0259r\u0259find\u0259n pandemiya d\u00f6vr\u00fcnd\u0259 ail\u0259l\u0259rin sosial ehtiyaclar\u0131n\u0131n qar\u015f\u0131lanmas\u0131, onlar\u0131n \u0259rzaq v\u0259 tibbi l\u0259vazimatlarla t\u0259minat\u0131 h\u0259yata ke\u00e7irilmi\u015fdir. Bak\u0131 v\u0259 regionlardak\u0131 k\u00f6rp\u0259l\u0259r v\u0259 u\u015faq evl\u0259ri, internat m\u0259kt\u0259bl\u0259ri, U\u015faq Psixonevroloji M\u0259rk\u0259zi, b\u00fct\u00fcn sosial xidm\u0259t m\u00fc\u0259ssis\u0259l\u0259ri, o c\u00fcml\u0259d\u0259n pensiya ya\u015f\u0131na \u00e7atm\u0131\u015f \u015f\u0259xsl\u0259r \u00fc\u00e7\u00fcn sosial xidm\u0259t m\u00fc\u0259ssis\u0259si bel\u0259 koronavirusla m\u00fcbariz\u0259 t\u0259dbirl\u0259ri \u00e7\u0259r\u00e7iv\u0259sind\u0259 dezinfeksiyaedici vasit\u0259l\u0259rl\u0259, maskalar, dig\u0259r qoruyucu vasit\u0259l\u0259r v\u0259 z\u0259ruri ehtiyaclarla m\u00fct\u0259madi t\u0259min edilmi\u015fdir. Ekoloji probleml\u0259rin h\u0259llin\u0259 y\u00f6n\u0259lmi\u015f t\u0259\u015f\u0259bb\u00fcsl\u0259r, Mehriban xan\u0131m\u0131n \u0259sas prinsipl\u0259rind\u0259ndir. Mehriban xan\u0131m \u018fliyevan\u0131n t\u0259\u015f\u0259bb\u00fcs\u00fc il\u0259 \u00f6lk\u0259mizd\u0259 b\u00f6y\u00fck ekoloji layih\u0259l\u0259r icra edilm\u0259kd\u0259dir. 2007-ci il Novruz bayram\u0131 \u0259r\u0259f\u0259sind\u0259 Mehriban xan\u0131m\u0131n t\u0259\u015f\u0259bb\u00fcs\u00fc il\u0259 ba\u015flanan \u201cH\u0259r\u0259y\u0259 bir a\u011fac \u0259k\u0259k\u201d kampaniyas\u0131 bu g\u00fcn d\u0259 davam etdirilir. Kampaniya ba\u015flayandan sonra respublikan\u0131n b\u00fct\u00fcn \u015f\u0259h\u0259r, rayon v\u0259 q\u0259s\u0259b\u0259l\u0259rind\u0259 v\u0259t\u0259nda\u015flar, ayr\u0131-ayr\u0131 idar\u0259 v\u0259 m\u00fc\u0259ssis\u0259l\u0259rin kollektivl\u0259ri bu \u00e7a\u011f\u0131r\u0131\u015fa s\u0259s ver\u0259r\u0259k, ya\u015f\u0131lla\u015fd\u0131rma kampaniyas\u0131na qo\u015fulmu\u015fdur. \u018ftraf m\u00fchitin sa\u011flamla\u015fd\u0131r\u0131lmas\u0131na, ekoloji probleml\u0259rin h\u0259llin\u0259 t\u00f6hf\u0259 olan bu layih\u0259 \u00e7\u0259r\u00e7iv\u0259sind\u0259 respublikan\u0131n b\u00fct\u00fcn gu\u015f\u0259l\u0259rind\u0259 y\u00fcz minl\u0259rl\u0259 a\u011fac \u0259kilmi\u015f, yeni parklar v\u0259 ba\u011flar sal\u0131nm\u0131\u015fd\u0131r. <\/p>\n\n\n\n<figure class=\"wp-block-image size-large is-resized\"><img loading=\"lazy\" decoding=\"async\" src=\"https:\/\/fedai.az\/wp-content\/uploads\/2021\/08\/prezident-qubadli.jpg\" alt=\"\" class=\"wp-image-46303\" width=\"1087\" height=\"657\" srcset=\"https:\/\/fedai.az\/wp-content\/uploads\/2021\/08\/prezident-qubadli.jpg 708w, https:\/\/fedai.az\/wp-content\/uploads\/2021\/08\/prezident-qubadli-300x181.jpg 300w, https:\/\/fedai.az\/wp-content\/uploads\/2021\/08\/prezident-qubadli-150x91.jpg 150w\" sizes=\"auto, (max-width: 1087px) 100vw, 1087px\" \/><\/figure>\n\n\n\n<p>T\u0259kc\u0259 2020-ci ild\u0259 &#8212; N\u0259simi ilind\u0259 Mehriban xan\u0131m \u018fliyevan\u0131n ideyas\u0131 v\u0259 t\u0259\u015f\u0259bb\u00fcs\u00fc il\u0259 b\u00f6y\u00fck Az\u0259rbaycan \u015fairi \u0130mad\u0259ddin N\u0259siminin 650 illik yubileyi m\u00fcnasib\u0259til\u0259 bir g\u00fcnd\u0259 650 min a\u011fac \u0259kilmi\u015fdir. Bak\u0131da IDEA-n\u0131n t\u0259\u015f\u0259bb\u00fcs\u00fc v\u0259 Heyd\u0259r \u018fliyev Fondunun t\u0259\u015fkilati d\u0259st\u0259yi il\u0259 Qafqaz Biom\u00fcxt\u0259lifliyi Sammiti ke\u00e7irilmi\u015f v\u0259 beyn\u0259lxalq ekspertl\u0259rin diqq\u0259ti Az\u0259rbaycanda, el\u0259c\u0259 d\u0259 b\u00fct\u00fcn Qafqazda biom\u00fcxt\u0259lifliyin qorunmas\u0131na y\u00f6n\u0259ldilmi\u015fdir.&nbsp; \u00d6lk\u0259mizd\u0259 m\u00fct\u0259madi olaraq ke\u00e7iril\u0259n a\u011fac\u0259km\u0259 aksiyalar\u0131, X\u0259z\u0259r d\u0259nizinin ekoloji m\u00fchafiz\u0259si t\u0259dbirl\u0259ri, \u015f\u0259h\u0259rl\u0259rimizin ya\u015f\u0131lla\u015fd\u0131r\u0131lmas\u0131 layih\u0259l\u0259rinin \u0259sas t\u0259\u015f\u0259bb\u00fcskar\u0131 v\u0259 i\u015ftirak\u00e7\u0131s\u0131 m\u0259hz Heyd\u0259r \u018fliyev Fondu v\u0259 onun r\u0259hb\u0259ri Mehriban xan\u0131m \u018fliyevad\u0131r. Bildiyimiz kimi, \u00f6lk\u0259nin beyn\u0259lxalq n\u00fcfuzunu art\u0131ran layih\u0259l\u0259r icra edilm\u0259kd\u0259dir. UNESCO-nun v\u0259 ISESCO-nun Xo\u015fm\u0259raml\u0131 s\u0259firi kimi f\u0259aliyy\u0259t, d\u00fcnya \u0259halisinin sa\u011flaml\u0131q v\u0259 t\u0259hsil ehtiyaclar\u0131n\u0131n qar\u015f\u0131lanmas\u0131 t\u0259\u015f\u0259bb\u00fcsl\u0259rin\u0259 d\u0259st\u0259k g\u00f6st\u0259rilm\u0259si, d\u00fcnyan\u0131n maddi, qeyri-maddi irsinin b\u0259rpas\u0131 v\u0259 onun g\u0259l\u0259c\u0259k n\u0259sill\u0259r\u0259 \u00e7atd\u0131r\u0131lmas\u0131 missiyas\u0131, dinl\u0259r, m\u0259d\u0259niyy\u0259tl\u0259raras\u0131 dialoq m\u00fchitinin yarad\u0131lmas\u0131 t\u0259\u015f\u0259bb\u00fcsl\u0259ri v\u0259 \u00f6lk\u0259l\u0259raras\u0131 dostluq, s\u0259m\u0259r\u0259li \u0259m\u0259kda\u015fl\u0131q m\u00fchitinin formala\u015fd\u0131r\u0131lmas\u0131, m\u0259hz xarici siyas\u0259t sah\u0259sind\u0259 Mehriban xan\u0131m \u018fliyevan\u0131n \u0259sas f\u0259aliyy\u0259t istiqam\u0259tl\u0259rind\u0259ndir. M\u0259d\u0259ni layih\u0259l\u0259rin \u00f6lk\u0259nin beyn\u0259lxalq imicin\u0259 m\u00fcsb\u0259t t\u0259sirl\u0259ri \u00e7oxdur. Mehriban xan\u0131m \u018fliyevan\u0131n r\u0259hb\u0259rliyi il\u0259 Heyd\u0259r \u018fliyev Fondunun m\u0259d\u0259niyy\u0259tl\u0259, inc\u0259s\u0259n\u0259tl\u0259 ba\u011fl\u0131 layih\u0259l\u0259ri Az\u0259rbaycan\u0131n m\u0259n\u0259vi, tarixi, m\u0259d\u0259ni irsinin qorunmas\u0131 i\u015find\u0259 \u0259v\u0259zolunmaz rol oynam\u0131\u015fd\u0131r. Bizim milli s\u0259rv\u0259timiz olan mu\u011fam s\u0259n\u0259tinin yenid\u0259n inki\u015faf\u0131 v\u0259 beyn\u0259lxalq arenaya \u00e7\u0131xar\u0131lmas\u0131 m\u0259hz Mehriban xan\u0131m \u018fliyevan\u0131n t\u0259\u015f\u0259bb\u00fcs\u00fc n\u0259tic\u0259sind\u0259 m\u00fcmk\u00fcn olmu\u015fdur. Mehriban xan\u0131m \u018fliyeva Az\u0259rbaycan\u0131n maddi v\u0259 qeyri-maddi irsinin, Qaraba\u011f m\u0259d\u0259niyy\u0259tinin, Az\u0259rbaycan xalq\u0131n\u0131n yaratm\u0131\u015f oldu\u011fu \u0259n\u0259n\u0259 v\u0259 d\u0259y\u0259rl\u0259rin d\u00fcnyada tan\u0131d\u0131lmas\u0131 \u00fc\u00e7\u00fcn m\u00fcxt\u0259lif t\u0259qdimatlar, s\u0259rgil\u0259r, t\u0259dbirl\u0259r ke\u00e7irmi\u015fdir. Az\u0259rbaycan xalq\u0131n\u0131n yaratm\u0131\u015f oldu\u011fu m\u0259d\u0259ni abid\u0259l\u0259r d\u00fcnya irs siyah\u0131lar\u0131na daxil edil\u0259r\u0259k qorunma alt\u0131na al\u0131nm\u0131\u015fd\u0131r. Fransada, \u0130taliyada, Rusiyada v\u0259 ba\u015fqa \u00f6lk\u0259l\u0259rd\u0259 ke\u00e7iril\u0259n \u00e7oxsayl\u0131 t\u0259dbirl\u0259r n\u0259tic\u0259sind\u0259 d\u00fcnya ictimaiyy\u0259ti \u00f6lk\u0259mizi daha yax\u0131ndan tan\u0131ma\u011fa, \u00f6yr\u0259nm\u0259y\u0259, g\u00f6rm\u0259y\u0259 ba\u015flam\u0131\u015fd\u0131r. M\u0259hz bunun n\u0259tic\u0259sind\u0259 d\u00fcnya insan\u0131 Az\u0259rbaycan\u0131 m\u00fcasir v\u0259 dinamik inki\u015faf ed\u0259n \u00f6lk\u0259, eyni zamanda, Az\u0259rbaycan xalq\u0131n\u0131 \u00f6z tarixi k\u00f6kl\u0259rin\u0259 ba\u011fl\u0131 olan multikultural v\u0259 tolerant xalq kimi tan\u0131ma\u011fa ba\u015flam\u0131\u015fd\u0131r. Mehriban xan\u0131m \u018fliyevan\u0131n UNESCO-nun Xo\u015fm\u0259raml\u0131 s\u0259firi v\u0259 \u00f6lk\u0259mizin Birinci vitse-prezidenti kimi 2019-cu ild\u0259 UNESCO-nun \u00dcmumd\u00fcnya \u0130rs Komit\u0259sinin 43-c\u00fc sessiyas\u0131n\u0131n Az\u0259rbaycanda ke\u00e7irilm\u0259sin\u0259 t\u0259\u015f\u0259bb\u00fcs g\u00f6st\u0259rm\u0259si v\u0259 buna nail olmas\u0131 tarixi hadis\u0259dir. Xo\u015fm\u0259raml\u0131 s\u0259fir kimi d\u0259 Mehriban xan\u0131m \u018fliyevan\u0131n says\u0131z-hesabs\u0131z t\u0259\u015f\u0259bb\u00fcsl\u0259ri vard\u0131r. Mirz\u0259 Kaz\u0131mb\u0259yin 200 illik, akademik Yusif M\u0259mm\u0259d\u0259liyevin, xal\u00e7a\u00e7\u0131-r\u0259ssam L\u0259tif K\u0259rimovun, akademik Musa \u018fliyevin, yaz\u0131\u00e7\u0131 Mir C\u0259lal Pa\u015fayevin, r\u0259ssam S\u0259ttar B\u0259hlulzad\u0259nin v\u0259 dramaturq \u0130lyas \u018ff\u0259ndiyevin 100 illik, M\u0259hs\u0259ti G\u0259nc\u0259vinin yarad\u0131c\u0131l\u0131\u011f\u0131n\u0131n 900 illik, h\u0259m\u00e7inin \u00dczeyir Hac\u0131b\u0259ylinin \u201cAr\u015f\u0131n mal alan\u201d musiqili komediyas\u0131n\u0131n 100 illik, \u201cLeyli v\u0259 M\u0259cnun\u201d operas\u0131n\u0131n ilk tama\u015fas\u0131n\u0131n 100 illik, \u201cKitabi-D\u0259d\u0259 Qorqud\u201d eposunun alman dilin\u0259 t\u0259rc\u00fcm\u0259sinin v\u0259 n\u0259\u015frinin 200 illik yubileyl\u0259ri UNESCO s\u0259viyy\u0259sind\u0259 qeyd edilmi\u015fdir. B\u00fct\u00fcn bunlarla yana\u015f\u0131, Az\u0259rbaycan mu\u011fam\u0131, xal\u00e7as\u0131, a\u015f\u0131q musiqisi, tar ifas\u0131, Novruz bayram\u0131, k\u0259la\u011fay\u0131 s\u0259n\u0259ti, Lah\u0131c misg\u0259rlik s\u0259n\u0259ti UNESCO-nun Qeyri-Maddi M\u0259d\u0259ni \u0130rs \u00fczr\u0259 Reprezentativ siyah\u0131s\u0131na, \u00c7\u00f6vk\u0259n-Qaraba\u011f at\u00fcst\u00fc oyun \u0259n\u0259n\u0259si is\u0259 qurumun t\u0259cili qorunma\u011fa ehtiyac\u0131 olan Qeyri-Maddi M\u0259d\u0259ni \u0130rs Siyah\u0131s\u0131na daxil edilmi\u015fdir. Eyni zamanda Q\u0131z Qalas\u0131, \u0130\u00e7\u0259ri\u015f\u0259h\u0259r, \u015eirvan\u015fahlar saray\u0131 v\u0259 Qobustan D\u00f6vl\u0259t Tarix v\u0259 B\u0259dii Qoru\u011fu da UNESCO-nun \u00dcmumd\u00fcnya \u0130rs Siyah\u0131s\u0131na sal\u0131nm\u0131\u015fd\u0131r. U\u011furlu f\u0259aliyy\u0259tin beyn\u0259lxalq miqyasda tan\u0131nmas\u0131 prosesi bu g\u00fcn d\u0259 davam edir. Az\u0259rbaycan Respublikas\u0131nda Birinci xan\u0131m institutunun u\u011furlu f\u0259aliyy\u0259tind\u0259 m\u00fcst\u0259sna \u0259m\u0259yi olan v\u0259 bu institutun d\u00fcnyadak\u0131 m\u00fct\u0259r\u0259qqi n\u00fcmun\u0259l\u0259rin\u0259 uy\u011fun \u015f\u0259kild\u0259 \u00f6z f\u0259aliyy\u0259tini quran Mehriban xan\u0131m \u018fliyevan\u0131n n\u0259cib v\u0259 xeyirxah missiyas\u0131 q\u0131sa zaman \u0259rzind\u0259 n\u0259inki \u00f6lk\u0259 ictimaiyy\u0259ti, h\u0259tta beyn\u0259lxalq ictimaiyy\u0259tin d\u0259 diqq\u0259tini \u00e7\u0259kmi\u015fdir. <\/p>\n\n\n\n<p>Bunun n\u0259tic\u0259si olaraq Mehriban xan\u0131m \u018fliyeva 2004-c\u00fc ilin avqustunda Az\u0259rbaycan \u015fifahi xalq \u0259d\u0259biyyat\u0131 v\u0259 milli musiqi irsinin qorunub saxlan\u0131lmas\u0131 v\u0259 inki\u015faf etdirilm\u0259sind\u0259 xidm\u0259tl\u0259rin\u0259 g\u00f6r\u0259 UNESCO-nun, 2006-c\u0131 ilin noyabr\u0131nda is\u0259 humanitar sah\u0259d\u0259 geni\u015fmiqyasl\u0131 f\u0259aliyy\u0259tin\u0259, o c\u00fcml\u0259d\u0259n sivilizasiyalararas\u0131 v\u0259 m\u0259d\u0259niyy\u0259tl\u0259raras\u0131 dialoqun inki\u015faf\u0131na, \u0130slam m\u0259d\u0259ni irsinin t\u0259bli\u011fin\u0259 v\u0259 qay\u011f\u0131ya ehtiyac\u0131 olan u\u015faqlar\u0131n probleml\u0259rinin h\u0259llind\u0259 b\u00f6y\u00fck d\u0259st\u0259y\u0259 g\u00f6r\u0259 ISESCO-nun Xo\u015fm\u0259raml\u0131 s\u0259firi ad\u0131na layiq g\u00f6r\u00fclm\u00fc\u015fd\u00fcr. Mehriban xan\u0131m \u018fliyevan\u0131n ISESCO x\u0259tti il\u0259 olan f\u0259aliyy\u0259ti b\u00f6y\u00fck s\u0259m\u0259r\u0259 vermi\u015fdir. M\u00fcxt\u0259lif m\u00fcs\u0259lman \u00f6lk\u0259l\u0259rind\u0259 xeyriyy\u0259 aksiyalar\u0131n\u0131n ke\u00e7irilm\u0259si, m\u00fcs\u0259lman u\u015faqlar\u0131n t\u0259hsili v\u0259 sa\u011flaml\u0131\u011f\u0131 il\u0259 ba\u011fl\u0131 davaml\u0131 layih\u0259l\u0259rin realla\u015fd\u0131r\u0131lmas\u0131, h\u0259m\u00e7inin Bak\u0131n\u0131n \u0130slam m\u0259d\u0259niyy\u0259tinin paytaxt\u0131 olmas\u0131 \u00f6n\u0259mli t\u0259\u015f\u0259bb\u00fcs v\u0259 vacib i\u015fl\u0259r kimi qeyd edil\u0259 bil\u0259r. Heyd\u0259r \u018fliyev Fondu \u201cTolerantl\u0131\u011f\u0131n \u00fcnvan\u0131 &#8212; Az\u0259rbaycan\u201d layih\u0259si \u00e7\u0259r\u00e7iv\u0259sind\u0259 \u00f6lk\u0259mizd\u0259 yeni m\u0259scidl\u0259r in\u015fa etmi\u015f, m\u00fcq\u0259dd\u0259s ziyar\u0259tgahlar\u0131n t\u0259mir-b\u0259rpa i\u015fl\u0259rini h\u0259yata ke\u00e7irmi\u015fdir. Bundan \u0259lav\u0259, Mehriban xan\u0131m \u018fliyeva y\u00fcz ill\u0259r boyu Az\u0259rbaycanda dost v\u0259 qarda\u015f \u015f\u0259kild\u0259 ya\u015fam\u0131\u015f m\u00fcxt\u0259lif dinl\u0259rin n\u00fcmay\u0259nd\u0259l\u0259rinin m\u0259d\u0259ni \u00f6z\u00fcn\u0259m\u0259xsuslu\u011funu qoruyub saxlamas\u0131, dini ayinl\u0259rini s\u0259rb\u0259st yerin\u0259 yetirm\u0259si \u00fc\u00e7\u00fcn ibad\u0259t evl\u0259rinin b\u0259rpas\u0131 v\u0259 in\u015fas\u0131 i\u015find\u0259 d\u0259 \u00f6nd\u0259 dayanm\u0131\u015fd\u0131r. M\u0259rd\u0259kan q\u0259s\u0259b\u0259sind\u0259ki XVI \u0259sr\u0259 aid \u201cPir H\u0259s\u0259n\u201d ziyar\u0259tgah\u0131nda, Bin\u0259 q\u0259s\u0259b\u0259sind\u0259ki \u201cM\u00f6hs\u00fcn S\u0259lim\u201d v\u0259 \u201c\u0130mam Rza\u201d, G\u0259nc\u0259d\u0259ki \u201cH\u0259zr\u0259ti Zeyn\u0259b\u201d, Buzovna q\u0259s\u0259b\u0259sind\u0259ki \u201cC\u00fcm\u0259\u201d v\u0259 s. m\u0259scidl\u0259rd\u0259 \u0259sasl\u0131 t\u0259mir v\u0259 b\u0259rpa i\u015fl\u0259ri h\u0259yata ke\u00e7irmi\u015fdir. Davaml\u0131 olaraq \u00f6lk\u0259mizd\u0259ki m\u00fcq\u0259dd\u0259s m\u0259kanlar\u0131, dini ibad\u0259t yerl\u0259rini ziyar\u0259t ed\u0259n Mehriban xan\u0131m \u018fliyeva bu n\u0259cib f\u0259aliyy\u0259ti il\u0259 \u00f6lk\u0259mizd\u0259 d\u00f6vl\u0259t-din m\u00fcnasib\u0259tl\u0259rinin daha yax\u015f\u0131 \u015f\u0259kild\u0259 qurulmas\u0131 i\u015fin\u0259 b\u00f6y\u00fck t\u00f6hf\u0259 vermi\u015fdir. Qlobal humanitar missiya Mehriban xan\u0131m\u0131n d\u00fc\u015f\u00fcnc\u0259sind\u0259 m\u00fch\u00fcm rol oynay\u0131r. Mehriban xan\u0131m \u018fliyevan\u0131n r\u0259hb\u0259rliyi alt\u0131nda Heyd\u0259r \u018fliyev Fondu t\u0259r\u0259find\u0259n h\u0259yata ke\u00e7iril\u0259n \u201cT\u0259hsil\u0259 d\u0259st\u0259k\u201d layih\u0259si \u00f6lk\u0259 miqyas\u0131ndan \u00e7\u0131xaraq, beyn\u0259lxalq humanitar t\u0259\u015f\u0259bb\u00fcs\u0259 \u00e7evrilmi\u015fdir. <\/p>\n\n\n\n<figure class=\"wp-block-image size-large is-resized\"><img loading=\"lazy\" decoding=\"async\" src=\"https:\/\/fedai.az\/wp-content\/uploads\/2021\/08\/1610691196_1608819493_iiiiiiiiiiii.jpg\" alt=\"\" class=\"wp-image-46302\" width=\"1088\" height=\"679\" srcset=\"https:\/\/fedai.az\/wp-content\/uploads\/2021\/08\/1610691196_1608819493_iiiiiiiiiiii.jpg 620w, https:\/\/fedai.az\/wp-content\/uploads\/2021\/08\/1610691196_1608819493_iiiiiiiiiiii-300x187.jpg 300w, https:\/\/fedai.az\/wp-content\/uploads\/2021\/08\/1610691196_1608819493_iiiiiiiiiiii-150x94.jpg 150w, https:\/\/fedai.az\/wp-content\/uploads\/2021\/08\/1610691196_1608819493_iiiiiiiiiiii-115x73.jpg 115w\" sizes=\"auto, (max-width: 1088px) 100vw, 1088px\" \/><\/figure>\n\n\n\n<p>Bel\u0259 ki, layih\u0259 \u00e7\u0259r\u00e7iv\u0259sind\u0259 \u00f6lk\u0259mizd\u0259 h\u0259yata ke\u00e7iril\u0259n t\u0259dbirl\u0259rl\u0259 yana\u015f\u0131, xarici \u00f6lk\u0259l\u0259rd\u0259 &#8212; G\u00fcrc\u00fcstan, Misir, Rum\u0131niya, Rusiya Federasiyas\u0131, Pakistan v\u0259 Hollandiyada bir s\u0131ra m\u0259kt\u0259bl\u0259r yenid\u0259n qurulmu\u015f v\u0259 \u0259sasl\u0131 t\u0259mir olunmu\u015fdur. Pakistan\u0131n M\u00fcz\u0259ff\u0259rabad \u015f\u0259h\u0259ri Rara \u0259razisind\u0259 z\u0259lz\u0259l\u0259 n\u0259tic\u0259sind\u0259 da\u011f\u0131lm\u0131\u015f t\u0259hsil oca\u011f\u0131n\u0131n \u0259v\u0259zind\u0259 yeni orta m\u0259kt\u0259b binas\u0131n\u0131n, G\u00fcrc\u00fcstan\u0131n Dmanisi rayonunda yeni komp\u00fcter t\u0259dris m\u0259rk\u0259zinin,&nbsp; G\u00fcrc\u00fcstan\u0131n Bolnisi rayonunun H\u0259s\u0259n Xocal\u0131 v\u0259 C\u0259f\u0259rli k\u0259ndl\u0259rind\u0259 yeni m\u0259kt\u0259b binalar\u0131n\u0131n in\u015fas\u0131, G\u00fcrc\u00fcstan\u0131n Marneuli \u015f\u0259h\u0259rind\u0259ki Az\u0259rbaycan \u00fcmumt\u0259hsil m\u0259kt\u0259binin, Tiflisd\u0259ki M.F.Axundzad\u0259 ad\u0131na orta m\u0259kt\u0259bin, Qardabanid\u0259ki Az\u0259rbaycan m\u0259kt\u0259bi v\u0259 Dmanisid\u0259ki Az\u0259rbaycan beyn\u0259lxalq orta m\u0259kt\u0259binin, Rusiya Federasiyas\u0131n\u0131n Ulyanovsk \u015f\u0259h\u0259rind\u0259ki orta \u00fcmumt\u0259hsil m\u0259kt\u0259binin binas\u0131n\u0131n \u0259sasl\u0131 t\u0259mir edilm\u0259si bel\u0259 layih\u0259l\u0259rd\u0259ndir. Bu istiqam\u0259td\u0259 g\u00f6r\u00fcl\u0259n i\u015fl\u0259r Mehriban xan\u0131m \u018fliyevan\u0131n xeyirxah v\u0259 t\u0259r\u0259qqip\u0259rv\u0259r missiyas\u0131n\u0131n b\u00fct\u00fcn d\u00fcnya insanlar\u0131na faydal\u0131 olmaq m\u0259qs\u0259di da\u015f\u0131d\u0131\u011f\u0131n\u0131 g\u00f6st\u0259rir v\u0259 d\u00fcnya insan\u0131n\u0131n savadlanmas\u0131na xidm\u0259t edir. D\u00f6vl\u0259timiz hal-haz\u0131rda d\u00fcnya \u0259halisinin sa\u011flaml\u0131\u011f\u0131n\u0131n qorunmas\u0131 namin\u0259 \u00dcmumd\u00fcnya S\u0259hiyy\u0259 T\u0259\u015fkilat\u0131 il\u0259 \u0259m\u0259kda\u015fl\u0131q edir. T\u0259kc\u0259 Az\u0259rbaycan \u0259halisinin deyil, d\u00fcnya \u0259halisinin d\u0259 sa\u011flaml\u0131\u011f\u0131n\u0131n qorunmas\u0131 daim Mehriban xan\u0131m \u018fliyevan\u0131n f\u0259aliyy\u0259tinin \u0259sas\u0131nda dayanm\u0131\u015fd\u0131r. Sa\u011flaml\u0131\u011f\u0131n qorunmas\u0131 istiqam\u0259tind\u0259 beyn\u0259lxalq t\u0259dbirl\u0259r \u00e7\u0259r\u00e7iv\u0259sind\u0259 Heyd\u0259r \u018fliyev Fondu D\u00fcnya Diabet G\u00fcn\u00fc kampaniyas\u0131na qo\u015fulmu\u015f, \u0259halinin sa\u011flaml\u0131\u011f\u0131n\u0131n qorunmas\u0131, x\u00fcsusil\u0259 u\u015faqlar\u0131n fiziki c\u0259h\u0259td\u0259n sa\u011flam b\u00f6y\u00fcm\u0259sin\u0259 laz\u0131mi s\u0259viyy\u0259d\u0259 diqq\u0259t yetirilm\u0259si \u00fc\u00e7\u00fcn \u201cTalassemiyas\u0131z h\u0259yat namin\u0259\u201d layih\u0259sini ba\u015flam\u0131\u015fd\u0131r. Bundan \u0259lav\u0259, 2010-cu ild\u0259 Heyd\u0259r \u018fliyev Fondu v\u0259 UNICEF-in birg\u0259 t\u0259\u015fkilat\u00e7\u0131l\u0131\u011f\u0131 il\u0259 ke\u00e7iril\u0259n anemiya v\u0259 talassemiya \u00fczr\u0259 \u201cd\u0259yirmi masa\u201dda bu istiqam\u0259td\u0259 bir \u00e7ox m\u00fch\u00fcm probleml\u0259r m\u00fczakir\u0259 edilmi\u015fdir. M\u0259hz bu xidm\u0259tl\u0259rin\u0259 g\u00f6r\u0259 \u00dcmumd\u00fcnya S\u0259hiyy\u0259 T\u0259\u015fkilat\u0131 \u0130craiyy\u0259 Komit\u0259sinin 2007-ci il yanvar\u0131n 29-da Cenevr\u0259d\u0259 ke\u00e7iril\u0259n 120-ci sessiyas\u0131n\u0131n yekdil q\u0259rar\u0131 il\u0259 ana, u\u015faq v\u0259 ail\u0259 sa\u011flaml\u0131\u011f\u0131n\u0131n qorunmas\u0131 v\u0259 m\u00f6hk\u0259ml\u0259nm\u0259si i\u015find\u0259 m\u00fcst\u0259sna xidm\u0259tl\u0259rin\u0259 g\u00f6r\u0259 Mehriban xan\u0131m \u018fliyeva bu beyn\u0259lxalq t\u0259\u015fkilat\u0131n ali m\u00fckafat\u0131na layiq g\u00f6r\u00fclm\u00fc\u015fd\u00fcr. Bu g\u00fcn \u00fcmumb\u0259\u015f\u0259ri m\u0259d\u0259ni irsin qorunmas\u0131na verilmi\u015f t\u00f6hf\u0259 \u00f6z\u00fcn\u00fc g\u00f6st\u0259rm\u0259kd\u0259dir. Mehriban xan\u0131m\u0131n t\u0259\u015f\u0259bb\u00fcs\u00fc il\u0259 Heyd\u0259r \u018fliyev Fondu t\u0259r\u0259find\u0259n Versal Saray\u0131n\u0131n park\u0131ndak\u0131 \u00fcmumb\u0259\u015f\u0259ri abid\u0259l\u0259rin b\u0259rpas\u0131, Luvr Muzeyinin b\u0259rpas\u0131, \u0130kinci D\u00fcnya m\u00fcharib\u0259si zaman\u0131 yanm\u0131\u015f v\u0259 da\u011f\u0131d\u0131lm\u0131\u015f Berlin q\u0259srinin b\u0259rpas\u0131, Roman\u0131n Villa Borgeze park\u0131nda Nizami G\u0259nc\u0259vinin abid\u0259sinin ucald\u0131lmas\u0131, Vatikanda Roma katakombalar\u0131n\u0131n b\u0259rpas\u0131, Moskvada M.\u0130.Rudomino ad\u0131na \u00dcmumrusiya D\u00f6vl\u0259t Xarici \u018fd\u0259biyyat Kitabxanas\u0131nda Az\u0259rbaycan\u0131n g\u00f6rk\u0259mli yaz\u0131\u00e7\u0131s\u0131, filosofu v\u0259 humanisti Mirz\u0259 F\u0259t\u0259li Axundzad\u0259nin abid\u0259sinin ucald\u0131lmas\u0131, Parisd\u0259 Az\u0259rbaycan M\u0259d\u0259niyy\u0259ti M\u0259rk\u0259zinin yarad\u0131lmas\u0131, Romada Kapitolini Muzeyinin \u201cFiliosoflar zal\u0131\u201dn\u0131n t\u0259miri v\u0259 dig\u0259r \u00fcmumb\u0259\u015f\u0259ri layih\u0259l\u0259r icra edilmi\u015fdir. B\u0259\u015f\u0259riyy\u0259tin m\u00f6ht\u0259\u015f\u0259m m\u0259d\u0259niyy\u0259t tarixinin m\u00fchafiz\u0259sin\u0259, onun g\u0259l\u0259c\u0259k n\u0259sill\u0259r\u0259 vacib \u0259man\u0259t kimi \u00e7atd\u0131r\u0131lmas\u0131na, bununla b\u0259\u015f\u0259riyy\u0259tin m\u0259d\u0259ni yadda\u015f\u0131n\u0131n qorunmas\u0131na xidm\u0259t g\u00f6st\u0259r\u0259n xeyirxah missiya indi d\u0259 u\u011furla davam etm\u0259kd\u0259dir.<\/p>\n\n\n\n<p> Az\u0259rbaycan\u0131n beyn\u0259lxalq brendin\u0259 \u00e7evrilmi\u015f m\u0259d\u0259niyy\u0259tl\u0259raras\u0131 dialoq \u00f6z m\u00fcsb\u0259t n\u0259tic\u0259sini vermi\u015fdir. Mehriban xan\u0131m \u018fliyeva \u00f6z f\u0259aliyy\u0259tind\u0259 d\u00fcnyada s\u00fclh\u00fcn qorunmas\u0131na, h\u0259m\u00e7inin m\u00fcnaqi\u015f\u0259 ocaqlar\u0131nda s\u00fclh\u00fcn b\u0259rq\u0259rar olunmas\u0131 i\u015fin\u0259 d\u0259 b\u00f6y\u00fck \u00f6n\u0259m vermi\u015fdir. M\u0259hz Mehriban xan\u0131m\u0131n t\u0259\u015f\u0259bb\u00fcs\u00fc say\u0259sind\u0259 UNESCO v\u0259 ISESCO-nun d\u0259st\u0259yi il\u0259 2008-ci ild\u0259 Bak\u0131da ke\u00e7iril\u0259n \u201cM\u0259d\u0259niyy\u0259tl\u0259raras\u0131 dialoqda qad\u0131nlar\u0131n rolunun geni\u015fl\u0259ndirilm\u0259si\u201d beyn\u0259lxalq forumu \u00fcmumb\u0259\u015f\u0259ri m\u0259d\u0259niyy\u0259t\u0259, s\u00fclh\u00fcn v\u0259 \u0259min-amanl\u0131\u011f\u0131n b\u0259rpa olunmas\u0131na hesablanm\u0131\u015f \u0259n b\u00f6y\u00fck add\u0131m olmu\u015fdur. \u00d6lk\u0259mizd\u0259 bilavasit\u0259 Mehriban xan\u0131m \u018fliyevan\u0131n t\u0259\u015f\u0259bb\u00fcs\u00fc n\u0259tic\u0259sind\u0259 \u201cAz\u0259rbaycan: sivilizasiyalararas\u0131 dialoqun ke\u00e7mi\u015fi v\u0259 bu g\u00fcn\u00fc\u201d, \u201cG\u0259ncl\u0259r sivilizasiyalar\u0131n alyans\u0131 namin\u0259\u201d m\u00f6vzusunda beyn\u0259lxalq konfranslar, \u201cD\u00fcnya g\u0259ncl\u0259rinin 4-c\u00fc m\u0259\u015f\u011fulluq sammiti\u201d, BMT-nin D\u00f6vl\u0259t Xidm\u0259tl\u0259ri Forumu, habel\u0259 \u00dcmumd\u00fcnya M\u0259d\u0259niyy\u0259tl\u0259raras\u0131 Dialoq Forumu kimi qlobal t\u0259dbirl\u0259r u\u011furla ke\u00e7irilmi\u015fdir. Az\u0259rbaycan\u0131n xarici \u00f6lk\u0259l\u0259rl\u0259 dostluq v\u0259 \u0259m\u0259kda\u015fl\u0131q \u0259laq\u0259l\u0259rinin g\u00fccl\u0259ndirilm\u0259sin\u0259 verdiyi t\u00f6hf\u0259l\u0259r g\u00f6z qaba\u011f\u0131ndad\u0131r. Mehriban xan\u0131m \u018fliyevan\u0131n Az\u0259rbaycan\u0131n xarici siyas\u0259tind\u0259ki vacib missiyas\u0131 \u00f6lk\u0259l\u0259raras\u0131 dostluq m\u00fcnasib\u0259tl\u0259rinin qurulmas\u0131d\u0131r. Bununla ba\u011fl\u0131 Birinci vitse-prezident Mehriban xan\u0131m \u018fliyevan\u0131n Fransa, \u0130taliya, Rusiya, T\u00fcrkiy\u0259, Ukrayna v\u0259 ba\u015fqa \u00f6lk\u0259l\u0259rin birinci xan\u0131mlar\u0131 v\u0259 ya d\u00f6vl\u0259t idar\u0259etm\u0259sind\u0259 y\u00fcks\u0259k v\u0259zif\u0259 tutan xan\u0131mlar\u0131 il\u0259 ke\u00e7irdiyi g\u00f6r\u00fc\u015fl\u0259r, \u0259m\u0259kda\u015fl\u0131q etdiyi m\u00fcxt\u0259lif platformalar x\u00fcsusi \u0259h\u0259miyy\u0259t da\u015f\u0131y\u0131r. Mehriban xan\u0131m\u0131n bu f\u0259aliyy\u0259tini t\u0259kc\u0259 Az\u0259rbaycan d\u00f6vl\u0259ti deyil, biziml\u0259 \u0259m\u0259kda\u015fl\u0131qda maraql\u0131 olan xarici \u00f6lk\u0259 ba\u015f\u00e7\u0131lar\u0131 da qeyd edirl\u0259r. Mehriban xan\u0131m \u018fliyevan\u0131n f\u0259aliyy\u0259tinin \u0259h\u0259miyy\u0259tini v\u0259 qlobal aktuall\u0131\u011f\u0131n\u0131 \u0259ks etdir\u0259n y\u00fcks\u0259k t\u0259ltifl\u0259r, onun nec\u0259 bir qabiliyy\u0259t\u0259 malik olmas\u0131n\u0131n g\u00f6st\u0259ricisidir. Xeyirxahl\u0131q, m\u0259rh\u0259m\u0259t, insanp\u0259rv\u0259rlik n\u00fcmun\u0259si olan Mehriban xan\u0131m \u018fliyevan\u0131n \u00f6lk\u0259 daxilind\u0259 h\u0259yata ke\u00e7irdiyi humanitar missiyas\u0131 d\u00f6vl\u0259timiz t\u0259r\u0259find\u0259n y\u00fcks\u0259k d\u0259y\u0259rl\u0259ndirilmi\u015f v\u0259 Mehriban xan\u0131m Az\u0259rbaycan\u0131n \u0259n ali d\u00f6vl\u0259t m\u00fckafatlar\u0131na \u2013 \u201cHeyd\u0259r \u018fliyev\u201d ordenin\u0259 v\u0259 Heyd\u0259r \u018fliyev M\u00fckafat\u0131na layiq g\u00f6r\u00fclm\u00fc\u015fd\u00fcr. <\/p>\n\n\n\n<figure class=\"wp-block-image size-large is-resized\"><img loading=\"lazy\" decoding=\"async\" src=\"https:\/\/fedai.az\/wp-content\/uploads\/2021\/08\/1610715074_16106973194127048736_1000x669.jpg\" alt=\"\" class=\"wp-image-46301\" width=\"1091\" height=\"790\" srcset=\"https:\/\/fedai.az\/wp-content\/uploads\/2021\/08\/1610715074_16106973194127048736_1000x669.jpg 612w, https:\/\/fedai.az\/wp-content\/uploads\/2021\/08\/1610715074_16106973194127048736_1000x669-300x217.jpg 300w, https:\/\/fedai.az\/wp-content\/uploads\/2021\/08\/1610715074_16106973194127048736_1000x669-150x109.jpg 150w\" sizes=\"auto, (max-width: 1091px) 100vw, 1091px\" \/><\/figure>\n\n\n\n<p>Xarici \u00f6lk\u0259l\u0259rin ali d\u00f6vl\u0259t m\u00fckafatlar\u0131 s\u0131ras\u0131nda x\u00fcsusi olaraq qeyd etm\u0259k olar: Fransan\u0131n \u201c\u015e\u0259r\u0259f Legionu\u201d, Rusiyan\u0131n \u201cDostluq\u201d v\u0259 \u201cH\u0259\u015ft\u0259rxan vilay\u0259ti qar\u015f\u0131s\u0131nda xidm\u0259tl\u0259rin\u0259 g\u00f6r\u0259\u201d, \u0130taliyan\u0131n \u201cXidm\u0259tl\u0259r\u0259 g\u00f6r\u0259\u201d B\u00f6y\u00fck Xa\u00e7 Kavaleri, Vatikan\u0131n IX Piy Ordeninin B\u00f6y\u00fck Xa\u00e7\u0131, Pol\u015fan\u0131n \u201cXidm\u0259tl\u0259r\u0259 g\u00f6r\u0259\u201d B\u00f6y\u00fck Komandor Xa\u00e7\u0131, Pakistan\u0131n \u201cHilal-e Pakistan\u201d, Serbiyan\u0131n \u201cSreten\u201d, Macar\u0131stan\u0131n \u201cXidm\u0259tl\u0259r\u0259 g\u00f6r\u0259\u201d Komandor Xa\u00e7\u0131, Rus Pravoslav Kils\u0259sinin II d\u0259r\u0259c\u0259li M\u00fcq\u0259dd\u0259s M\u0259l\u0259ksima Knyaginya Olqa ordenl\u0259ri, UNESCO-nun \u201cQ\u0131z\u0131l Motsart\u201d medal\u0131, BMT-nin \u00dcmumd\u00fcnya \u018fqli M\u00fclkiyy\u0259t T\u0259\u015fkilat\u0131n\u0131n Q\u0131z\u0131l medal\u0131, Krans Montana Forumunun Q\u0131z\u0131l medal\u0131 v\u0259 \u201cPrix de la Fondation\u201d m\u00fckafat\u0131, Avropa Olimpiya Komit\u0259l\u0259rinin Ali Ordeni, Beyn\u0259lxalq \u018fdal\u0259tli Oyunlar Komit\u0259sinin \u201cX\u00fcsusi xidm\u0259tl\u0259r\u0259 g\u00f6r\u0259\u201d medal\u0131, Nizami G\u0259nc\u0259vi Beyn\u0259lxalq M\u0259rk\u0259zinin Q\u0131z\u0131l medal\u0131, K\u00fcveyt D\u00f6vl\u0259tinin F\u0259xri diplomu, \u00dcmumd\u00fcnya S\u0259hiyy\u0259 T\u0259\u015fkilat\u0131 \u0130craiyy\u0259 Komit\u0259sinin m\u00fckafat\u0131, \u201cQ\u0131z\u0131l \u00fcr\u0259k\u201d beyn\u0259lxalq m\u00fckafat\u0131, Beyn\u0259lxalq Olimpiya Akademiyas\u0131n\u0131n \u201cOlympic Excellence\u201d x\u00fcsusi f\u0259xri m\u00fckafat\u0131, T\u00fcrk-Alman Dostluq Federasiyas\u0131n\u0131n f\u0259xri m\u00fckafat\u0131. Mehriban xan\u0131m \u018fliyeva, eyni zamanda, Rusiya Federasiyas\u0131n\u0131n \u0130.M.Se\u00e7enov ad\u0131na Birinci Moskva D\u00f6vl\u0259t Tibb Universitetinin F\u0259xri professoru, Bolqar\u0131stan\u0131n M\u00fcq\u0259dd\u0259s Kiril v\u0259 Mefodi ad\u0131na Veliko T\u0131rnovo Universitetinin f\u0259xri doktoru se\u00e7ilmi\u015fdir. Az\u0259rbaycan Respublikas\u0131n\u0131n Birinci Vitse-prezidenti Mehriban \u018fliyevan\u0131n V\u0259t\u0259nin v\u0259 xalq\u0131n taleyind\u0259 bundan sonra da misilsiz rolu olaca\u011f\u0131na, \u00f6lk\u0259nin v\u00fcs\u0259tli inki\u015faf\u0131na yeni v\u0259 davaml\u0131 t\u00f6hf\u0259l\u0259r ver\u0259c\u0259yin\u0259 inam\u0131m\u0131z b\u00f6y\u00fckd\u00fcr. Bu inam\u0131 yaradan ba\u015fl\u0131ca amil d\u0259 qeyd etdiyimiz kimi, Onun h\u0259r zaman d\u00f6vl\u0259t\u00e7iliyimiz\u0259, xalq\u0131m\u0131za&nbsp; xidm\u0259t etm\u0259k ist\u0259yi, arzusudur. <\/p>\n\n\n\n<p><em><strong>Qeyd etm\u0259k ist\u0259yir\u0259m ki, avqust ay\u0131n\u0131n 26-s\u0131 Birinci Vitse-prezident Mehriban \u018fliyevan\u0131n do\u011fum g\u00fcn\u00fcd\u00fcr. Bu \u0259lam\u0259tdar g\u00fcn m\u00fcnasib\u0259til\u0259 Onu \u2013 q\u0259lbi daim humanist duy\u011fularla \u00e7a\u011flayan m\u0259rh\u0259m\u0259tli, \u015f\u0259fq\u0259tli Birinci xan\u0131m\u0131 t\u0259brik edir, Az\u0259rbaycan\u00e7\u0131l\u0131q m\u0259fkur\u0259sinin inki\u015faf etdirilm\u0259sind\u0259 h\u0259r zaman yeni yollar axtar\u0131\u015f\u0131nda olan Mehriban \u018fliyevaya can sa\u011fl\u0131\u011f\u0131, ail\u0259 s\u0259ad\u0259ti arzulay\u0131r\u0131q!.<\/strong><\/em><strong>.<\/strong><\/p>\n\n\n\n<p><strong>Ya\u015fas\u0131n m\u00fcst\u0259qil Az\u0259rbaycan Respublikas\u0131! E\u015fq olsun Az\u0259rbaycan xalq\u0131na! H\u0259r birimiz Az\u0259rbaycan Respublikas\u0131n\u0131n Birinci Vitse-prezidenti Mehriban xan\u0131m \u018fliyeva il\u0259 q\u00fcrur duyuruq!<\/strong><\/p>\n\n\n\n<div class=\"wp-block-media-text alignwide is-stacked-on-mobile\" style=\"grid-template-columns:45% auto\"><figure class=\"wp-block-media-text__media\"><img loading=\"lazy\" decoding=\"async\" width=\"456\" height=\"600\" src=\"https:\/\/fedai.az\/wp-content\/uploads\/2021\/08\/b5-1.jpg\" alt=\"\" class=\"wp-image-46300 size-full\" srcset=\"https:\/\/fedai.az\/wp-content\/uploads\/2021\/08\/b5-1.jpg 456w, https:\/\/fedai.az\/wp-content\/uploads\/2021\/08\/b5-1-228x300.jpg 228w, https:\/\/fedai.az\/wp-content\/uploads\/2021\/08\/b5-1-114x150.jpg 114w\" sizes=\"auto, (max-width: 456px) 100vw, 456px\" \/><\/figure><div class=\"wp-block-media-text__content\">\n<p class=\"has-large-font-size\"><strong>M\u00fc\u015ffiq \u018fliyev<\/strong><\/p>\n\n\n\n<p><strong>Az\u0259rbaycan Respublikas\u0131 \u015e\u0259hid Ail\u0259l\u0259rin\u0259 \u201cQay\u011f\u0131\u201d C\u0259miyy\u0259tinin s\u0259dri, Az\u0259rbaycan V\u0259t\u0259n M\u00fcharib\u0259si Veteranlar\u0131 \u0130ctimai Birliyi (AVMV\u0130B) s\u0259drinin humanitar m\u0259s\u0259l\u0259l\u0259r \u00fczr\u0259 s\u0259lahiyy\u0259tli n\u00fcmay\u0259nd\u0259si<\/strong><\/p>\n\n\n\n<p><strong>BAKI \u015e\u018fH\u018fR\u0130, X\u018fZ\u018fR RAYON SAK\u0130N\u0130<\/strong><\/p>\n<\/div><\/div>\n\n\n\n<p><strong>&nbsp;&nbsp;&nbsp;&nbsp;&nbsp;&nbsp;&nbsp;&nbsp;&nbsp;&nbsp;&nbsp;&nbsp;&nbsp;&nbsp;&nbsp;&nbsp;&nbsp;&nbsp;&nbsp;&nbsp;&nbsp;&nbsp;&nbsp;&nbsp;&nbsp;&nbsp;&nbsp;&nbsp;&nbsp;&nbsp;&nbsp;&nbsp;&nbsp;&nbsp;&nbsp;&nbsp;&nbsp;&nbsp;&nbsp;&nbsp;&nbsp;&nbsp; &nbsp;&nbsp;&nbsp;&nbsp;&nbsp;&nbsp;&nbsp;&nbsp;&nbsp;&nbsp;&nbsp;&nbsp;&nbsp;&nbsp;&nbsp;&nbsp;&nbsp;&nbsp;&nbsp;&nbsp;&nbsp;&nbsp;&nbsp;&nbsp;&nbsp;&nbsp;&nbsp;&nbsp;&nbsp;&nbsp;&nbsp;&nbsp;&nbsp;&nbsp;&nbsp;&nbsp;&nbsp;&nbsp;&nbsp;&nbsp;&nbsp;&nbsp;&nbsp;&nbsp;&nbsp;&nbsp;&nbsp;&nbsp;&nbsp;&nbsp;&nbsp;&nbsp;&nbsp;&nbsp;&nbsp;&nbsp;&nbsp;&nbsp;&nbsp;&nbsp;&nbsp;&nbsp;&nbsp;&nbsp;&nbsp;&nbsp;&nbsp;&nbsp;&nbsp;&nbsp;&nbsp;&nbsp;&nbsp;&nbsp;&nbsp;&nbsp;&nbsp;&nbsp;&nbsp;&nbsp;<\/strong><\/p>\n\n\n\n<p>&nbsp;&nbsp;&nbsp;&nbsp;&nbsp;&nbsp;&nbsp;&nbsp;&nbsp;&nbsp;&nbsp;&nbsp;&nbsp;&nbsp;&nbsp;&nbsp;&nbsp;&nbsp;&nbsp;&nbsp;&nbsp;&nbsp;&nbsp;&nbsp;&nbsp;&nbsp;&nbsp;&nbsp;&nbsp;&nbsp;&nbsp;&nbsp;&nbsp;&nbsp;&nbsp;&nbsp;&nbsp;&nbsp;&nbsp;&nbsp;&nbsp;&nbsp;&nbsp;&nbsp;&nbsp;&nbsp;&nbsp;&nbsp;&nbsp;&nbsp;&nbsp;&nbsp;&nbsp;&nbsp;&nbsp;&nbsp;&nbsp;&nbsp;&nbsp;&nbsp;&nbsp;&nbsp;&nbsp;&nbsp;&nbsp; &nbsp;&nbsp;&nbsp;&nbsp;&nbsp;&nbsp;&nbsp;&nbsp;<\/p>\n\n\n\n<p><strong>&nbsp;&nbsp;&nbsp;&nbsp;&nbsp;&nbsp;&nbsp;&nbsp;&nbsp;&nbsp;&nbsp;&nbsp;&nbsp;&nbsp;&nbsp;&nbsp;&nbsp;&nbsp;&nbsp;&nbsp;&nbsp;&nbsp;&nbsp;&nbsp;&nbsp;&nbsp;&nbsp;&nbsp;&nbsp;&nbsp;&nbsp;&nbsp;&nbsp;&nbsp;&nbsp;&nbsp;&nbsp;&nbsp;&nbsp;&nbsp;&nbsp;&nbsp;&nbsp;&nbsp;&nbsp;&nbsp;&nbsp;&nbsp;&nbsp;&nbsp;&nbsp;&nbsp;&nbsp;&nbsp;&nbsp;&nbsp;&nbsp;&nbsp;&nbsp;&nbsp;&nbsp;&nbsp;&nbsp;&nbsp;&nbsp;&nbsp;&nbsp;&nbsp;&nbsp;&nbsp;&nbsp;&nbsp;&nbsp;&nbsp;&nbsp; &nbsp;&nbsp;&nbsp;&nbsp;&nbsp;&nbsp;&nbsp;&nbsp;&nbsp;&nbsp;&nbsp;&nbsp;&nbsp;&nbsp;&nbsp;&nbsp;&nbsp;&nbsp;&nbsp;<\/strong><\/p>\n","protected":false},"excerpt":{"rendered":"<p>He\u00e7 kim\u0259 sirr deyil ki, V\u0259t\u0259n\u0259 s\u0259daq\u0259t, milli d\u0259y\u0259rl\u0259r\u0259 h\u00f6rm\u0259t v\u0259 u\u011furlu f\u0259aliyy\u0259t, xan\u0131m Mehriban \u018fliyevan\u0131n \u00f6lk\u0259nin Birinci vitse-prezidenti v\u0259zif\u0259sin\u0259 t\u0259yin olunmas\u0131n\u0131 \u015f\u0259rtl\u0259ndir\u0259n \u0259sas<\/p>\n","protected":false},"author":2,"featured_media":46311,"comment_status":"closed","ping_status":"closed","sticky":false,"template":"","format":"standard","meta":{"footnotes":""},"categories":[11],"tags":[],"class_list":["post-46299","post","type-post","status-publish","format-standard","has-post-thumbnail","hentry","category-tbrik"],"aioseo_notices":[],"_links":{"self":[{"href":"https:\/\/fedai.az\/index.php?rest_route=\/wp\/v2\/posts\/46299","targetHints":{"allow":["GET"]}}],"collection":[{"href":"https:\/\/fedai.az\/index.php?rest_route=\/wp\/v2\/posts"}],"about":[{"href":"https:\/\/fedai.az\/index.php?rest_route=\/wp\/v2\/types\/post"}],"author":[{"embeddable":true,"href":"https:\/\/fedai.az\/index.php?rest_route=\/wp\/v2\/users\/2"}],"replies":[{"embeddable":true,"href":"https:\/\/fedai.az\/index.php?rest_route=%2Fwp%2Fv2%2Fcomments&post=46299"}],"version-history":[{"count":2,"href":"https:\/\/fedai.az\/index.php?rest_route=\/wp\/v2\/posts\/46299\/revisions"}],"predecessor-version":[{"id":46312,"href":"https:\/\/fedai.az\/index.php?rest_route=\/wp\/v2\/posts\/46299\/revisions\/46312"}],"wp:featuredmedia":[{"embeddable":true,"href":"https:\/\/fedai.az\/index.php?rest_route=\/wp\/v2\/media\/46311"}],"wp:attachment":[{"href":"https:\/\/fedai.az\/index.php?rest_route=%2Fwp%2Fv2%2Fmedia&parent=46299"}],"wp:term":[{"taxonomy":"category","embeddable":true,"href":"https:\/\/fedai.az\/index.php?rest_route=%2Fwp%2Fv2%2Fcategories&post=46299"},{"taxonomy":"post_tag","embeddable":true,"href":"https:\/\/fedai.az\/index.php?rest_route=%2Fwp%2Fv2%2Ftags&post=46299"}],"curies":[{"name":"wp","href":"https:\/\/api.w.org\/{rel}","templated":true}]}}