{"id":46313,"date":"2021-08-24T07:42:36","date_gmt":"2021-08-24T03:42:36","guid":{"rendered":"https:\/\/fedai.az\/?p=46313"},"modified":"2021-08-24T07:55:51","modified_gmt":"2021-08-24T03:55:51","slug":"abs-s%c9%99firind%c9%99n-s%c9%99rs%c9%99m-aciqlama-qarabagin-statusu-b%c9%99lli-olmadigindan-munaqis%c9%99ni-bitmis-saymaq-olmaz","status":"publish","type":"post","link":"https:\/\/fedai.az\/?p=46313","title":{"rendered":"AB\u015e-\u0131n Erm\u0259nistandak\u0131 s\u0259firi Linn Treysi S\u00fcnikd\u0259 erm\u0259ni \u0259sg\u0259rind\u0259n \u00e7ox postda dayan\u0131r&#8230;"},"content":{"rendered":"\n<p><strong>AB\u015e s\u0259firind\u0259n s\u0259rs\u0259m a\u00e7\u0131qlama: \u201cQaraba\u011f\u0131n statusu b\u0259lli olmad\u0131\u011f\u0131ndan m\u00fcnaqi\u015f\u0259ni bitmi\u015f saymaq olmaz\u201d&#8230;<\/strong><\/p>\n\n\n\n<p><strong>AB\u015e-\u0131n Erm\u0259nistandak\u0131 s\u0259firi Linn Treysi hesab edir ki, Da\u011fl\u0131q Qaraba\u011f\u0131n statusu h\u0259l\u0259 m\u00fc\u0259yy\u0259n edilm\u0259diyind\u0259n m\u00fcnaqi\u015f\u0259 h\u0259ll olunmay\u0131b.<\/strong><\/p>\n\n\n\n<figure class=\"wp-block-image size-large is-resized\"><img loading=\"lazy\" decoding=\"async\" src=\"https:\/\/fedai.az\/wp-content\/uploads\/2021\/08\/1054708.jpg\" alt=\"\" class=\"wp-image-46315\" width=\"907\" height=\"609\" srcset=\"https:\/\/fedai.az\/wp-content\/uploads\/2021\/08\/1054708.jpg 670w, https:\/\/fedai.az\/wp-content\/uploads\/2021\/08\/1054708-300x201.jpg 300w, https:\/\/fedai.az\/wp-content\/uploads\/2021\/08\/1054708-150x101.jpg 150w\" sizes=\"auto, (max-width: 907px) 100vw, 907px\" \/><\/figure>\n\n\n\n<p><br>&#171;Biz Minsk qrupunun h\u0259ms\u0259dri olaraq v\u0259ziyy\u0259tin g\u0259rginliyini azaltma\u011fa, m\u00fcnaqi\u015f\u0259ni aradan qald\u0131rma\u011fa \u00e7al\u0131\u015faca\u011f\u0131q ki, qalan m\u0259s\u0259l\u0259l\u0259rin, m\u00fcharib\u0259d\u0259n sonrak\u0131 durumun v\u0259 qalan v\u0259zif\u0259l\u0259rin son h\u0259lli m\u00fcmk\u00fcn ollsun&#187;, &#8212; dey\u0259 s\u0259fir qeyd edib.<\/p>\n\n\n\n<p><br>Linn Treysi bunu S\u00fcnik b\u00f6lg\u0259sind\u0259 jurnalistl\u0259rl\u0259 s\u00f6hb\u0259t zaman\u0131 bildirib.<\/p>\n\n\n\n<p><br>T\u0259hl\u00fck\u0259sizlik v\u0259 s\u0259rh\u0259d hadis\u0259l\u0259ri il\u0259 \u0259laq\u0259dar m\u0259s\u0259l\u0259l\u0259r\u0259 g\u0259linc\u0259, Treysi xat\u0131rlad\u0131b ki, bu m\u00f6vzuda fikirl\u0259rini a\u00e7\u0131qlay\u0131b v\u0259 AB\u015e D\u00f6vl\u0259t Departamenti t\u0259r\u0259find\u0259n d\u0259 bir ne\u00e7\u0259 m\u00f6vqey\u0259 dair r\u0259y s\u0259sl\u0259ndirilib.<\/p>\n\n\n\n<p><br>&#171;Yax\u015f\u0131 bilirsiniz ki, iyul ay\u0131nda hadis\u0259l\u0259rin qeyd\u0259 al\u0131nd\u0131\u011f\u0131 Geqarkunik b\u00f6lg\u0259sinin s\u0259rh\u0259d rayonlar\u0131ndan birini ziyar\u0259t etdim. \u015eidd\u0259t\u0259 \u0259n q\u0131sa zamanda son qoymaq \u00fc\u00e7\u00fcn v\u0259ziyy\u0259tin g\u0259rginl\u0259\u015fm\u0259m\u0259sini ist\u0259diyimizi a\u00e7\u0131q \u015f\u0259kild\u0259 bildirm\u0259k ist\u0259yir\u0259m&#187;,- dey\u0259 s\u0259fir bildirib.<\/p>\n\n\n\n<p><br>Linn Treysi bu probleml\u0259rin h\u0259llinin son d\u0259r\u0259c\u0259 vacib oldu\u011funu vur\u011fulay\u0131b:&nbsp;<\/p>\n\n\n\n<p><strong>&#171;X\u00fcsus\u0259n d\u0259 m\u00fclki \u0259hali m\u00fcnaqi\u015f\u0259nin episentrind\u0259 oldu\u011fu \u00fc\u00e7\u00fcn onun t\u0259hl\u00fck\u0259sizliyin\u0259 z\u0259man\u0259t veril\u0259 bilm\u0259z, b\u00fct\u00fcn bunlar\u0131 n\u0259z\u0259r\u0259 alaraq s\u00f6z\u00fcged\u0259n probleml\u0259r \u0259n tez zamanda h\u0259llini tapmal\u0131d\u0131r&#187;.<\/strong><\/p>\n\n\n\n<figure class=\"wp-block-image size-large is-resized\"><img loading=\"lazy\" decoding=\"async\" src=\"https:\/\/fedai.az\/wp-content\/uploads\/2021\/08\/images-5-8.jpg\" alt=\"\" class=\"wp-image-46314\" width=\"879\" height=\"658\" srcset=\"https:\/\/fedai.az\/wp-content\/uploads\/2021\/08\/images-5-8.jpg 259w, https:\/\/fedai.az\/wp-content\/uploads\/2021\/08\/images-5-8-150x112.jpg 150w\" sizes=\"auto, (max-width: 879px) 100vw, 879px\" \/><\/figure>\n\n\n\n<p><strong><span class=\"has-inline-color has-vivid-red-color\">N\u0259d\u0259ns\u0259 AB\u015e-\u0131n Erm\u0259nistandak\u0131 s\u0259firi <strong>Linn Treysi<\/strong><\/span><\/strong> <strong><span class=\"has-inline-color has-vivid-red-color\">S\u00fcnikd\u0259 erm\u0259ni \u0259sg\u0259rind\u0259n \u00e7ox postda dayan\u0131r&#8230;<\/span><\/strong><\/p>\n","protected":false},"excerpt":{"rendered":"<p>AB\u015e s\u0259firind\u0259n s\u0259rs\u0259m a\u00e7\u0131qlama: \u201cQaraba\u011f\u0131n statusu b\u0259lli olmad\u0131\u011f\u0131ndan m\u00fcnaqi\u015f\u0259ni bitmi\u015f saymaq olmaz\u201d&#8230; AB\u015e-\u0131n Erm\u0259nistandak\u0131 s\u0259firi Linn Treysi hesab edir ki, Da\u011fl\u0131q Qaraba\u011f\u0131n statusu h\u0259l\u0259<\/p>\n","protected":false},"author":2,"featured_media":46316,"comment_status":"closed","ping_status":"closed","sticky":false,"template":"","format":"standard","meta":{"footnotes":""},"categories":[15],"tags":[],"class_list":["post-46313","post","type-post","status-publish","format-standard","has-post-thumbnail","hentry","category-atmaca"],"aioseo_notices":[],"_links":{"self":[{"href":"https:\/\/fedai.az\/index.php?rest_route=\/wp\/v2\/posts\/46313","targetHints":{"allow":["GET"]}}],"collection":[{"href":"https:\/\/fedai.az\/index.php?rest_route=\/wp\/v2\/posts"}],"about":[{"href":"https:\/\/fedai.az\/index.php?rest_route=\/wp\/v2\/types\/post"}],"author":[{"embeddable":true,"href":"https:\/\/fedai.az\/index.php?rest_route=\/wp\/v2\/users\/2"}],"replies":[{"embeddable":true,"href":"https:\/\/fedai.az\/index.php?rest_route=%2Fwp%2Fv2%2Fcomments&post=46313"}],"version-history":[{"count":2,"href":"https:\/\/fedai.az\/index.php?rest_route=\/wp\/v2\/posts\/46313\/revisions"}],"predecessor-version":[{"id":46325,"href":"https:\/\/fedai.az\/index.php?rest_route=\/wp\/v2\/posts\/46313\/revisions\/46325"}],"wp:featuredmedia":[{"embeddable":true,"href":"https:\/\/fedai.az\/index.php?rest_route=\/wp\/v2\/media\/46316"}],"wp:attachment":[{"href":"https:\/\/fedai.az\/index.php?rest_route=%2Fwp%2Fv2%2Fmedia&parent=46313"}],"wp:term":[{"taxonomy":"category","embeddable":true,"href":"https:\/\/fedai.az\/index.php?rest_route=%2Fwp%2Fv2%2Fcategories&post=46313"},{"taxonomy":"post_tag","embeddable":true,"href":"https:\/\/fedai.az\/index.php?rest_route=%2Fwp%2Fv2%2Ftags&post=46313"}],"curies":[{"name":"wp","href":"https:\/\/api.w.org\/{rel}","templated":true}]}}