{"id":46318,"date":"2021-08-24T07:53:53","date_gmt":"2021-08-24T03:53:53","guid":{"rendered":"https:\/\/fedai.az\/?p=46318"},"modified":"2021-08-24T07:53:57","modified_gmt":"2021-08-24T03:53:57","slug":"qazil%c9%99rimiz-cox-sukurl%c9%99r-olsun-ki-biz%c9%99-q%c9%99l%c9%99b%c9%99-sevinci-yasamaq-n%c9%99sib-oldu","status":"publish","type":"post","link":"https:\/\/fedai.az\/?p=46318","title":{"rendered":"Qazil\u0259rimiz: \u201c\u00c7ox \u015f\u00fck\u00fcrl\u0259r olsun ki, biz\u0259 Q\u0259l\u0259b\u0259 sevinci ya\u015famaq n\u0259sib oldu\u201d"},"content":{"rendered":"\n<p><strong>44 g\u00fcn davam ed\u0259n V\u0259t\u0259n m\u00fcharib\u0259sind\u0259 \u00f6lk\u0259mizd\u0259 ya\u015fayan, Az\u0259rbaycan v\u0259t\u0259nda\u015f\u0131 olan b\u00fct\u00fcn xalqlar\u0131n n\u00fcmay\u0259nd\u0259l\u0259rinin yax\u0131ndan i\u015ftirak etdiyi v\u0259 d\u00fc\u015fm\u0259n \u00fcz\u0259rind\u0259 qazan\u0131lan Q\u0259l\u0259b\u0259y\u0259 \u00f6z t\u00f6hf\u0259sini verdiyi h\u0259r birimiz\u0259 m\u0259lumdur. Az\u0259rbaycan Respublikas\u0131n\u0131n Prezidenti, Silahl\u0131 Q\u00fcvv\u0259l\u0259rin M\u00fcz\u0259ff\u0259r Ali Ba\u015f Komandan\u0131 c\u0259nab \u0130lham \u018fliyevin \u00e7\u0131x\u0131\u015flar\u0131n\u0131n birind\u0259 qeyd etdiyi kimi: \u201cB\u00fct\u00fcn Az\u0259rbaycan xalq\u0131, Az\u0259rbaycanda ya\u015fayan b\u00fct\u00fcn xalqlar\u0131n n\u00fcmay\u0259nd\u0259l\u0259ri bir yumruq kimi birl\u0259\u015f\u0259r\u0259k d\u00fc\u015fm\u0259ni m\u0259\u011flub edib v\u0259 torpaqlar\u0131m\u0131z\u0131 i\u015f\u011faldan azad edibl\u0259r\u201d.<\/strong><\/p>\n\n\n\n<p><strong>\u201cQazil\u0259rimiz\u201d rubrikas\u0131n\u0131n bud\u0259f\u0259ki q\u0259hr\u0259man\u0131 milliyy\u0259tc\u0259 l\u0259zgi olan v\u0259 V\u0259t\u0259n m\u00fcharib\u0259sind\u0259 a\u011f\u0131r yaralanaraq sol qolunu itir\u0259n c\u0259sur silahda\u015f\u0131m\u0131z \u00e7avu\u015f Abuyev \u0130lkin Elxan o\u011fludur.<\/strong><\/p>\n\n\n\n<p>\u00c7avu\u015f \u0130.Abuyev 1998-ci il avqustun 29-da Qusar rayonunun Atluxan k\u0259ndind\u0259 anadan olub. Orta t\u0259hsilini b\u00f6y\u00fcy\u00fcb boya-ba\u015fa \u00e7atd\u0131\u011f\u0131 Atluxan k\u0259nd tam orta m\u0259kt\u0259bind\u0259 al\u0131b. M\u00fcdd\u0259tli h\u0259qiqi h\u0259rbi xidm\u0259tini 2016-2018-ci ill\u0259rd\u0259 Daxili Qo\u015funlar\u0131n Bak\u0131 \u015f\u0259h\u0259ri, N\u0259rimanov rayonunda yerl\u0259\u015f\u0259n \u201cN\u201d sayl\u0131 h\u0259rbi hiss\u0259sinin komendant b\u00f6l\u00fcy\u00fcnd\u0259 ke\u00e7ib. H\u0259l\u0259 u\u015faq ya\u015flar\u0131ndan h\u0259rbi xidm\u0259t\u0259 b\u00f6y\u00fck mara\u011f\u0131 oldu\u011fundan, Daxili Qo\u015funlar\u0131n Hac\u0131qabul rayonundak\u0131 \u201cN\u201d sayl\u0131 h\u0259rbi hiss\u0259sinin x\u00fcsusi vasit\u0259l\u0259rin t\u0259tbiqi d\u0259st\u0259sind\u0259 m\u00fcdd\u0259td\u0259n art\u0131q h\u0259qiqi h\u0259rbi xidm\u0259td\u0259 qalaraq, V\u0259t\u0259n qar\u015f\u0131s\u0131nda olan \u015f\u0259r\u0259fli borcunu yerin\u0259 yetirm\u0259kd\u0259 davam edib.<\/p>\n\n\n\n<figure class=\"wp-block-image size-large is-resized\"><img loading=\"lazy\" decoding=\"async\" src=\"https:\/\/fedai.az\/wp-content\/uploads\/2021\/08\/IMG-20210823-WA0050-821x1024.jpg\" alt=\"\" class=\"wp-image-46319\" width=\"909\" height=\"1133\" srcset=\"https:\/\/fedai.az\/wp-content\/uploads\/2021\/08\/IMG-20210823-WA0050-821x1024.jpg 821w, https:\/\/fedai.az\/wp-content\/uploads\/2021\/08\/IMG-20210823-WA0050-240x300.jpg 240w, https:\/\/fedai.az\/wp-content\/uploads\/2021\/08\/IMG-20210823-WA0050-120x150.jpg 120w, https:\/\/fedai.az\/wp-content\/uploads\/2021\/08\/IMG-20210823-WA0050-768x958.jpg 768w, https:\/\/fedai.az\/wp-content\/uploads\/2021\/08\/IMG-20210823-WA0050.jpg 1026w\" sizes=\"auto, (max-width: 909px) 100vw, 909px\" \/><\/figure>\n\n\n\n<p>2019-cu ilin sentyabr ay\u0131ndan 2020-ci ilin fevral ay\u0131nad\u0259k qarda\u015f T\u00fcrkiy\u0259 Respublikas\u0131 Jandarm Ba\u015f Komandanl\u0131\u011f\u0131n\u0131n Jandarm Komando M\u0259kt\u0259bi v\u0259 T\u0259lim M\u0259rk\u0259zi Komandanl\u0131\u011f\u0131nda ke\u00e7iril\u0259n \u201cGizir komando t\u0259m\u0259l kursu\u201dnda t\u0259hsil al\u0131b.<\/p>\n\n\n\n<p>2020-ci ilin fevral ay\u0131ndan Daxili Qo\u015funlar\u0131n L\u0259nk\u0259ran rayonunda yerl\u0259\u015f\u0259n \u201cN\u201d sayl\u0131 h\u0259rbi hiss\u0259sind\u0259 xidm\u0259tini davam etdir\u0259n \u00e7avu\u015f \u0130.Abuyev yaraland\u0131\u011f\u0131 g\u00fcn\u0259d\u0259k x\u00fcsusi t\u0259yinatl\u0131 d\u0259st\u0259nin x\u00fcsusi h\u0259ml\u0259 qrupunda at\u0131c\u0131 kimi v\u0259zif\u0259 borcunu l\u0259yaq\u0259tl\u0259 yerin\u0259 yetirib. Xidm\u0259t etdiyi d\u00f6vrd\u0259 y\u00fcks\u0259k d\u00f6y\u00fc\u015f haz\u0131rl\u0131\u011f\u0131, h\u0259rbi intizam\u0131 v\u0259 m\u00fcsb\u0259t f\u0259rdi keyfiyy\u0259tl\u0259ri il\u0259 f\u0259rql\u0259n\u0259n h\u0259rbi qulluq\u00e7u kimi h\u0259rbi hiss\u0259 komandanl\u0131\u011f\u0131 t\u0259r\u0259find\u0259n bir ne\u00e7\u0259 d\u0259f\u0259 m\u00fckafatland\u0131r\u0131l\u0131b.<\/p>\n\n\n\n<p>Bir x\u00fcsusi t\u0259yinatl\u0131 kimi m\u00fcq\u0259dd\u0259s torpaqlar\u0131m\u0131z\u0131 d\u00fc\u015fm\u0259n tapda\u011f\u0131ndan azad etm\u0259k u\u011frunda ba\u015flayacaq d\u00f6y\u00fc\u015fl\u0259rd\u0259 f\u0259al i\u015ftirak etm\u0259k \u0130lkinin d\u0259 \u0259n b\u00f6y\u00fck arzular\u0131ndan biri olub. V\u0259t\u0259n u\u011frunda bu g\u00fcn d\u0259 can\u0131ndan ke\u00e7m\u0259y\u0259 haz\u0131r oldu\u011funu dey\u0259n silahda\u015f\u0131m\u0131z F\u00fczuli v\u0259 \u015eu\u015fa istiqam\u0259tl\u0259rind\u0259 apar\u0131lan h\u0259rbi \u0259m\u0259liyyatlarda f\u0259al i\u015ftirak edib. \u0130lk d\u00f6y\u00fc\u015f\u00fc is\u0259 2020-ci il oktyabr\u0131n 17-d\u0259 F\u00fczuli istiqam\u0259tind\u0259, \u201cKaryer\u201d deyil\u0259n \u0259razid\u0259 olub: \u201cBurada d\u00fc\u015fm\u0259nin \u201cBeton post\u201d deyil\u0259n m\u00f6hk\u0259ml\u0259ndirilmi\u015f m\u00f6vqel\u0259ri istiqam\u0259tind\u0259 ba\u015f vermi\u015f \u015fidd\u0259tli d\u00f6y\u00fc\u015fd\u0259 d\u0259st\u0259mizin c\u0259sur h\u0259rbi qulluq\u00e7ular\u0131ndan ki\u00e7ik gizir Anar M\u0259mm\u0259dov q\u0259hr\u0259mancas\u0131na \u015f\u0259hid oldu, dig\u0259r silahda\u015f\u0131m\u0131z \u00e7avu\u015f Elvin Abbasov is\u0259 a\u011f\u0131r yaraland\u0131. Lakin buna baxmayaraq, d\u00fc\u015fm\u0259ni m\u0259hv ed\u0259r\u0259k strateji \u0259h\u0259miyy\u0259tli m\u00f6vqel\u0259rini tutma\u011fa m\u00fcv\u0259ff\u0259q olduq. Bundan sonrak\u0131 d\u00f6y\u00fc\u015f tap\u015f\u0131r\u0131\u011f\u0131m\u0131z is\u0259 \u015eu\u015fan\u0131n azad olunmas\u0131 oldu.<\/p>\n\n\n\n<p>\u015eu\u015fa istiqam\u0259tind\u0259 t\u0259xmin\u0259n 4-5 g\u00fcn piyada, d\u00fc\u015fm\u0259nin x\u0259b\u0259ri bel\u0259 olmadan, \u00e7\u0259tin ke\u00e7il\u0259 bil\u0259n da\u011fl\u0131q-me\u015f\u0259lik, s\u0131ld\u0131r\u0131m qayal\u0131q yollarla ir\u0259lil\u0259m\u0259li olduq. N\u0259hay\u0259t, \u00e7\u0259tinlikl\u0259 da olsa, qrup komandirimiz kapitan Taleh R\u00fcst\u0259mlinin r\u0259hb\u0259rliyi alt\u0131nda t\u0259yin olunmu\u015f vaxtda, qar\u015f\u0131m\u0131za qoyulan tap\u015f\u0131r\u0131\u011fa uy\u011fun olaraq, \u015f\u0259h\u0259r \u0259traf\u0131ndak\u0131 y\u00fcks\u0259klikd\u0259 m\u00f6vqe tutduq v\u0259 n\u00f6vb\u0259ti \u0259mri g\u00f6zl\u0259m\u0259li olduq. D\u0259h\u015f\u0259tli d\u0259r\u0259c\u0259d\u0259 yorulmu\u015fduq. S\u0259h\u0259r alaqaranl\u0131qda d\u00fc\u015fm\u0259n \u00fcz\u0259rin\u0259 h\u00fccuma ke\u00e7m\u0259li idik. Lakin gec\u0259 saatlar\u0131nda oldu\u011fumuz m\u00f6vqel\u0259r v\u0259 \u0259traf \u0259razil\u0259r erm\u0259nil\u0259r t\u0259r\u0259find\u0259n m\u00fcxt\u0259lif \u00e7apl\u0131 silahlardan, o c\u00fcml\u0259d\u0259n tank v\u0259 minaatanlardan g\u00fccl\u00fc at\u0259\u015f\u0259 m\u0259ruz qald\u0131. Bu vaxt yerimi d\u0259yi\u015fm\u0259k ist\u0259yirdim ki, yan\u0131ma d\u00fc\u015f\u0259n tank m\u0259rmisinin q\u0259lp\u0259si sol qolumu a\u011f\u0131r yaralad\u0131. \u015eidd\u0259tli a\u011fr\u0131dan sanki bir anl\u0131q ba\u015f\u0131ma mismar bat\u0131rd\u0131lar. \u018fvv\u0259l n\u0259 ba\u015f verdiyini bilm\u0259dim. Sonra bax\u0131b g\u00f6rd\u00fcm ki, sol qolum yoxdur. Bir t\u0259r\u0259fd\u0259n z\u00fclm\u0259t qaranl\u0131q, dig\u0259r t\u0259r\u0259fd\u0259n d\u0259 ya\u011f\u0131\u015f leysan kimi t\u00f6k\u00fcrd\u00fc. G\u00f6z-g\u00f6z\u00fc g\u00f6rm\u00fcrd\u00fc. At\u0131c\u0131-sanitarlardan \u00e7avu\u015f Famil M\u0259mm\u0259dov (V\u0259t\u0259n m\u00fcharib\u0259si zaman\u0131 \u015eu\u015fa istiqam\u0259tind\u0259 ged\u0259n d\u00f6y\u00fc\u015fl\u0259rd\u0259 yaralan\u0131b), \u00e7avu\u015f Zeymud Mustafayev v\u0259 qo\u015funlar\u0131n Sumqay\u0131t \u015f\u0259h\u0259rind\u0259ki \u201cN\u201d sayl\u0131 h\u0259rbi hiss\u0259nin h\u0259rbi qulluq\u00e7usu \u00e7avu\u015f Tahir Babayev m\u0259n\u0259 ilkin tibbi yard\u0131m g\u00f6st\u0259r\u0259r\u0259k, a\u011fr\u0131k\u0259sici iyn\u0259 vurub, jqutla qanaxmam\u0131 dayand\u0131r\u0131b, yaram\u0131 t\u0259nzifl\u0259 sar\u0131d\u0131lar.<\/p>\n\n\n\n<figure class=\"wp-block-image size-large\"><img loading=\"lazy\" decoding=\"async\" width=\"1024\" height=\"923\" src=\"https:\/\/fedai.az\/wp-content\/uploads\/2021\/08\/IMG-20210823-WA0052-1024x923.jpg\" alt=\"\" class=\"wp-image-46321\" srcset=\"https:\/\/fedai.az\/wp-content\/uploads\/2021\/08\/IMG-20210823-WA0052-1024x923.jpg 1024w, https:\/\/fedai.az\/wp-content\/uploads\/2021\/08\/IMG-20210823-WA0052-300x270.jpg 300w, https:\/\/fedai.az\/wp-content\/uploads\/2021\/08\/IMG-20210823-WA0052-150x135.jpg 150w, https:\/\/fedai.az\/wp-content\/uploads\/2021\/08\/IMG-20210823-WA0052-768x692.jpg 768w, https:\/\/fedai.az\/wp-content\/uploads\/2021\/08\/IMG-20210823-WA0052.jpg 1181w\" sizes=\"auto, (max-width: 1024px) 100vw, 1024px\" \/><\/figure>\n\n\n\n<p><strong>Sonra d\u00f6y\u00fc\u015f\u00e7\u00fc yolda\u015flar\u0131m\u0131n k\u00f6m\u0259yi il\u0259 m\u0259ni yaral\u0131lar\u0131m\u0131z\u0131n saxlan\u0131ld\u0131\u011f\u0131 otel kimi bir ev\u0259 g\u0259tirdil\u0259r. 3 g\u00fcn burada qald\u0131qdan sonra, noyabr\u0131n 9-u ax\u015fam oradan t\u0259xliyy\u0259 olunduq. \u018fvv\u0259lc\u0259 bizi Hadrut q\u0259s\u0259b\u0259sin\u0259, burada tibbi yard\u0131m g\u00f6st\u0259rildikd\u0259n sonra F\u00fczuli Rayon X\u0259st\u0259xanas\u0131na, oradan is\u0259 Bak\u0131ya, Daxili Qo\u015funlar\u0131n H\u0259rbi Qospital\u0131na g\u0259tirdil\u0259r\u201d.<\/strong><\/p>\n\n\n\n<p>\u0130lkini \u00fcz\u0259n \u0259n a\u011fr\u0131l\u0131 hadis\u0259 is\u0259 yaraland\u0131\u011f\u0131 zaman birg\u0259 xidm\u0259t etdiyi iki d\u00f6y\u00fc\u015f\u00e7\u00fc yolda\u015f\u0131n\u0131n onun yan\u0131nda eyni anda h\u0259lak olmas\u0131d\u0131r: \u201c\u00c7ox t\u0259\u0259ss\u00fcfl\u0259r olsun ki, m\u0259n yaraland\u0131\u011f\u0131m vaxt d\u0259st\u0259mizin c\u0259sur d\u00f6y\u00fc\u015f\u00e7\u00fcl\u0259rind\u0259n ba\u015f \u00e7avu\u015f Allahyarov V\u00fcsal \u015eakir o\u011flu v\u0259 \u00e7avu\u015f Orucov Af\u0259r Yaf\u0259t o\u011flu d\u00fc\u015fm\u0259nin atd\u0131\u011f\u0131 tank m\u0259rmisinin partlamas\u0131 n\u0259tic\u0259sind\u0259 eyni anda \u015f\u0259hid oldular. Bundan \u0259lav\u0259, bu d\u00f6y\u00fc\u015fd\u0259 d\u0259st\u0259mizin dig\u0259r c\u0259sur h\u0259rbi qulluq\u00e7usu, m\u0259nim d\u0259 \u0259n yax\u0131n dostum olan \u0259sg\u0259r* M\u0259mm\u0259dov \u0130smay\u0131l F\u0259rhad o\u011flu g\u00f6zl\u0259rini \u0259b\u0259di yumaraq \u015f\u0259hidlik zirv\u0259zin\u0259 y\u00fcks\u0259ldi\u201d.<\/p>\n\n\n\n<p>V\u0259t\u0259n u\u011frunda sol qolunu itir\u0259n c\u0259sur qazimizin t\u0259s\u0259llisi is\u0259 d\u0259mir yumruqt\u0259k birl\u0259\u015f\u0259r\u0259k, d\u00fc\u015fm\u0259ni m\u0259\u011flubiyy\u0259t\u0259 u\u011fradaraq m\u00fcq\u0259dd\u0259s torpaqlar\u0131m\u0131z\u0131 azad etm\u0259yimizdir: \u201c\u00c7ox \u015f\u00fck\u00fcrl\u0259r olsun ki, biz\u0259 Q\u0259l\u0259b\u0259 sevinci ya\u015famaq n\u0259sib oldu. Qalib \u00f6lk\u0259nin v\u0259t\u0259nda\u015f\u0131 olma\u011f\u0131mla yaln\u0131z q\u00fcrur duyuram\u201d.&nbsp;<\/p>\n\n\n\n<p>Az\u0259rbaycan Respublikas\u0131 Prezidentinin 18.12.2020-ci il tarixli, 25.12.2020-ci il tarixli, 29.12.2020-ci il tarixli m\u00fcvafiq s\u0259r\u0259ncamlar\u0131 il\u0259 \u00e7avu\u015f Abuyev \u0130lkin Elxan o\u011flu \u201cC\u0259sur d\u00f6y\u00fc\u015f\u00e7\u00fc\u201d, \u201cF\u00fczulinin azad olunmas\u0131na g\u00f6r\u0259\u201d v\u0259 \u201c\u015eu\u015fan\u0131n azad olunmas\u0131na g\u00f6r\u0259\u201d medallar\u0131 il\u0259 t\u0259ltif edilib.<\/p>\n\n\n\n<p>Daxili Qo\u015funlar\u0131n \u201cN\u201d sayl\u0131 h\u0259rbi hiss\u0259sinin \u201cG\u00fcrz\u0259\u201d \u015f\u0259rti ad\u0131n\u0131 da\u015f\u0131yan x\u00fcsusi t\u0259yinatl\u0131 d\u0259st\u0259sind\u0259 x\u00fcsusi h\u0259ml\u0259 qrupunun komandiri, \u201cF\u00fczulinin azad olunmas\u0131na g\u00f6r\u0259\u201d, \u201c\u015eu\u015fan\u0131n azad olunmas\u0131na g\u00f6r\u0259\u201d v\u0259 \u201c\u015e\u00fcca\u0259t\u0259 g\u00f6r\u0259\u201d medallar\u0131 il\u0259 t\u0259ltif edilmi\u015f kapitan Taleh R\u00fcst\u0259mli (V\u0259t\u0259n m\u00fcharib\u0259si zaman\u0131 \u015eu\u015fa istiqam\u0259tind\u0259 ged\u0259n d\u00f6y\u00fc\u015fl\u0259rd\u0259 yaralan\u0131b) \u00e7avu\u015f \u0130.Abuyevin qrupun n\u00fcmun\u0259vi xidm\u0259t ed\u0259n f\u0259al at\u0131c\u0131s\u0131 olmas\u0131 il\u0259 yana\u015f\u0131, h\u0259m d\u0259 d\u00f6y\u00fc\u015f meydan\u0131nda \u0259sl v\u0259t\u0259np\u0259rv\u0259r h\u0259rbi qulluq\u00e7usu kimi \u00f6z\u00fcn\u00fc t\u0259sdiq etdiyini bildirdi: \u201cD\u0259st\u0259mizin V\u0259t\u0259n m\u00fcharib\u0259sind\u0259 \u00f6z qorxmazl\u0131\u011f\u0131 v\u0259 m\u0259rdliyi il\u0259 \u0259sl q\u0259hr\u0259manl\u0131q n\u00fcmun\u0259si g\u00f6st\u0259r\u0259n qazi h\u0259rbi qulluq\u00e7ular\u0131ndan biri d\u0259 \u00e7avu\u015f \u0130lkin Abuyevdir.&nbsp;&nbsp;&nbsp;&nbsp;<\/p>\n\n\n\n<figure class=\"wp-block-image size-large is-resized\"><img loading=\"lazy\" decoding=\"async\" src=\"https:\/\/fedai.az\/wp-content\/uploads\/2021\/08\/IMG-20210823-WA0051-1-741x1024.jpg\" alt=\"\" class=\"wp-image-46320\" width=\"901\" height=\"1245\" srcset=\"https:\/\/fedai.az\/wp-content\/uploads\/2021\/08\/IMG-20210823-WA0051-1-741x1024.jpg 741w, https:\/\/fedai.az\/wp-content\/uploads\/2021\/08\/IMG-20210823-WA0051-1-217x300.jpg 217w, https:\/\/fedai.az\/wp-content\/uploads\/2021\/08\/IMG-20210823-WA0051-1-109x150.jpg 109w, https:\/\/fedai.az\/wp-content\/uploads\/2021\/08\/IMG-20210823-WA0051-1-768x1062.jpg 768w, https:\/\/fedai.az\/wp-content\/uploads\/2021\/08\/IMG-20210823-WA0051-1.jpg 926w\" sizes=\"auto, (max-width: 901px) 100vw, 901px\" \/><\/figure>\n\n\n\n<p>D\u0259st\u0259mizd\u0259 xidm\u0259t\u0259 ba\u015flad\u0131\u011f\u0131 q\u0131sa bir m\u00fcdd\u0259td\u0259 v\u0259t\u0259np\u0259rv\u0259rliyi, y\u00fcks\u0259k d\u00f6y\u00fc\u015f haz\u0131rl\u0131\u011f\u0131, pe\u015f\u0259karl\u0131\u011f\u0131, n\u00fcmun\u0259vi intizam\u0131 il\u0259 b\u00fct\u00fcn kollektivin h\u00f6rm\u0259tini qazan\u0131b. \u00c7avu\u015f \u0130.Abuyevin V\u0259t\u0259n m\u00fcharib\u0259si zaman\u0131 g\u00f6st\u0259rdiyi \u015f\u00fcca\u0259t n\u0259inki x\u00fcsusi t\u0259yinatl\u0131lar, el\u0259c\u0259 d\u0259 b\u00fct\u00fcn h\u0259rbi qulluq\u00e7ular \u00fc\u00e7\u00fcn \u00f6rn\u0259kdir. \u0130lkin kimi c\u0259sur qazi h\u0259rbi qulluq\u00e7ular\u0131m\u0131zla q\u00fcrur duyur, tezlikl\u0259 h\u0259r birinin sa\u011flaml\u0131qlar\u0131na qovu\u015fmalar\u0131n\u0131 arzulay\u0131r\u0131q\u201d.&nbsp;<\/p>\n\n\n\n<p>M\u0259lumat \u00fc\u00e7\u00fcn bildir\u0259k ki, \u201cAPA\u201d TV sayt\u0131n\u0131n \u201cYouTube\u201d internet portal\u0131 vasit\u0259sil\u0259 yay\u0131mlanan x\u0259b\u0259r proqram\u0131nda, jurnalist Sevinc Vaqifq\u0131z\u0131n\u0131n t\u0259qdimat\u0131nda \u201cQolunu itir\u0259n x\u00fcsusi t\u0259yinatl\u0131: \u015eu\u015faya do\u011fru 4-5 g\u00fcn piyada yol getdik\u201d adl\u0131 s\u00fcjetd\u0259 \u00e7avu\u015f \u0130.Abuyevin d\u00f6y\u00fc\u015f yolu bar\u0259d\u0259 izl\u0259yicil\u0259r\u0259 m\u0259lumat verilib.<\/p>\n\n\n\n<p>Sonda Respublika Prezidenti, M\u00fcz\u0259ff\u0259r Ali Ba\u015f Komandan c\u0259nab \u0130lham \u018fliyevin \u00e7\u0131x\u0131\u015flar\u0131n\u0131n birind\u0259 qazil\u0259r bar\u0259d\u0259 s\u0259sl\u0259ndirdiyi \u00e7ox d\u0259y\u0259rli s\u00f6zl\u0259ri qeyd etm\u0259k ist\u0259yir\u0259m: \u201cYaralanan \u0259sg\u0259rin yaras\u0131 h\u0259r bir az\u0259rbaycanl\u0131n\u0131n yaras\u0131d\u0131r\u201d.<\/p>\n\n\n\n<p>Ad\u0131n\u0131 \u015fanl\u0131 h\u0259rb tariximiz\u0259 \u00f6z f\u0259dakarl\u0131\u011f\u0131 il\u0259 yazan c\u0259sur qazimiz\u0259 bundan sonrak\u0131 h\u0259yat\u0131nda u\u011furlar dil\u0259yirik.<\/p>\n\n\n\n<p><strong>Mayor Anar \u018fhm\u0259dov<\/strong><\/p>\n\n\n\n<p><strong>D\u0130N-in Daxili Qo\u015funlar\u0131n\u0131n\u00a0\u201c\u018fsg\u0259r\u201d q\u0259zetinin redaktoru<\/strong><\/p>\n","protected":false},"excerpt":{"rendered":"<p>44 g\u00fcn davam ed\u0259n V\u0259t\u0259n m\u00fcharib\u0259sind\u0259 \u00f6lk\u0259mizd\u0259 ya\u015fayan, Az\u0259rbaycan v\u0259t\u0259nda\u015f\u0131 olan b\u00fct\u00fcn xalqlar\u0131n n\u00fcmay\u0259nd\u0259l\u0259rinin yax\u0131ndan i\u015ftirak etdiyi v\u0259 d\u00fc\u015fm\u0259n \u00fcz\u0259rind\u0259 qazan\u0131lan Q\u0259l\u0259b\u0259y\u0259 \u00f6z t\u00f6hf\u0259sini<\/p>\n","protected":false},"author":2,"featured_media":46322,"comment_status":"closed","ping_status":"closed","sticky":false,"template":"","format":"standard","meta":{"footnotes":""},"categories":[5],"tags":[],"class_list":["post-46318","post","type-post","status-publish","format-standard","has-post-thumbnail","hentry","category-veteran"],"aioseo_notices":[],"_links":{"self":[{"href":"https:\/\/fedai.az\/index.php?rest_route=\/wp\/v2\/posts\/46318","targetHints":{"allow":["GET"]}}],"collection":[{"href":"https:\/\/fedai.az\/index.php?rest_route=\/wp\/v2\/posts"}],"about":[{"href":"https:\/\/fedai.az\/index.php?rest_route=\/wp\/v2\/types\/post"}],"author":[{"embeddable":true,"href":"https:\/\/fedai.az\/index.php?rest_route=\/wp\/v2\/users\/2"}],"replies":[{"embeddable":true,"href":"https:\/\/fedai.az\/index.php?rest_route=%2Fwp%2Fv2%2Fcomments&post=46318"}],"version-history":[{"count":1,"href":"https:\/\/fedai.az\/index.php?rest_route=\/wp\/v2\/posts\/46318\/revisions"}],"predecessor-version":[{"id":46323,"href":"https:\/\/fedai.az\/index.php?rest_route=\/wp\/v2\/posts\/46318\/revisions\/46323"}],"wp:featuredmedia":[{"embeddable":true,"href":"https:\/\/fedai.az\/index.php?rest_route=\/wp\/v2\/media\/46322"}],"wp:attachment":[{"href":"https:\/\/fedai.az\/index.php?rest_route=%2Fwp%2Fv2%2Fmedia&parent=46318"}],"wp:term":[{"taxonomy":"category","embeddable":true,"href":"https:\/\/fedai.az\/index.php?rest_route=%2Fwp%2Fv2%2Fcategories&post=46318"},{"taxonomy":"post_tag","embeddable":true,"href":"https:\/\/fedai.az\/index.php?rest_route=%2Fwp%2Fv2%2Ftags&post=46318"}],"curies":[{"name":"wp","href":"https:\/\/api.w.org\/{rel}","templated":true}]}}