{"id":46326,"date":"2021-08-24T08:00:59","date_gmt":"2021-08-24T04:00:59","guid":{"rendered":"https:\/\/fedai.az\/?p=46326"},"modified":"2021-08-24T08:01:03","modified_gmt":"2021-08-24T04:01:03","slug":"umidl%c9%99rimiz-dogrulmadi-sergey-lavrov","status":"publish","type":"post","link":"https:\/\/fedai.az\/?p=46326","title":{"rendered":"\u201c\u00dcmidl\u0259rimiz do\u011frulmad\u0131&#187; &#8212; Sergey Lavrov"},"content":{"rendered":"\n<p><strong>&#171;Avropa \u015euras\u0131 Ba\u015f katibliyind\u0259n olan h\u0259mkarlar\u0131m\u0131z\u0131 Da\u011fl\u0131q Qaraba\u011f m\u00fcnaqi\u015f\u0259si zonas\u0131ndak\u0131 v\u0259ziyy\u0259t v\u0259 Rusiyan\u0131n g\u00f6rd\u00fcy\u00fc t\u0259dbirl\u0259r bar\u0259d\u0259 m\u0259lumatland\u0131rd\u0131q\u201d.<\/strong><\/p>\n\n\n\n<p><br>Bunu Rusiyan\u0131n Xarici \u0130\u015fl\u0259r naziri Sergey Lavrov Avropa \u015euras\u0131n\u0131n ba\u015f katibi Mariya Pey\u00e7inovi\u00e7-Buri\u00e7l\u0259 ke\u00e7irdiyi birg\u0259 m\u0259tbuat konfrans\u0131nda bildirib.\u00a0<\/p>\n\n\n\n<p>S. Lavrovun s\u00f6zl\u0259rin\u0259 g\u00f6r\u0259, indi ba\u015fl\u0131ca m\u0259s\u0259l\u0259 t\u0259r\u0259fl\u0259r v\u0259 cavabdeh beyn\u0259lxalq oyun\u00e7ular t\u0259r\u0259find\u0259n ziddiyy\u0259tli ritorikan\u0131n dayand\u0131r\u0131lmas\u0131d\u0131r: &#171;N\u00f6vb\u0259ti vacib add\u0131m is\u0259 h\u0259rbi \u0259m\u0259liyyatlar\u0131n v\u0259 m\u00fclki obyektl\u0259r\u0259 z\u0259rb\u0259l\u0259rin dayand\u0131r\u0131lmas\u0131d\u0131r. B\u00fct\u00fcn bunlar h\u0259ms\u0259dr \u00f6lk\u0259l\u0259rin d\u00f6vl\u0259t ba\u015f\u00e7\u0131lar\u0131n\u0131n birg\u0259 b\u0259yanat\u0131nda, Moskvada Xarici \u0130\u015fl\u0259r nazirl\u0259rinin raz\u0131la\u015fd\u0131rd\u0131\u011f\u0131 s\u0259n\u0259dd\u0259 v\u0259 oktyabr\u0131n 18-d\u0259 raz\u0131la\u015fd\u0131r\u0131lan s\u0259n\u0259dd\u0259 t\u0259sdiqini tap\u0131b. Moskvadak\u0131 g\u00f6r\u00fc\u015fd\u0259n sonra bizim \u00fcmidl\u0259rimiz do\u011frulmad\u0131&#187;.\u00a0<\/p>\n\n\n\n<p><br>S. Lavrov at\u0259\u015fk\u0259sin i\u015fl\u0259m\u0259si \u00fc\u00e7\u00fcn ona n\u0259zar\u0259t mexanizml\u0259rinin vacibliyind\u0259n dan\u0131\u015f\u0131b: &#171;Bizim M\u00fcdafi\u0259 Nazirliyimiz bunun \u00fcz\u0259rind\u0259 Az\u0259rbaycan v\u0259 Erm\u0259nistandan olan h\u0259mkarlar\u0131 il\u0259 aktiv i\u015fl\u0259yir. <\/p>\n\n\n\n<p>\u00dcmid edirik ki, \u0259n yax\u0131n vaxtlarda bu c\u00fcr mexanizm raz\u0131la\u015fd\u0131r\u0131lacaq\u201d. <\/p>\n\n\n\n<p>M\u0259nb\u0259:APA<\/p>\n","protected":false},"excerpt":{"rendered":"<p>&#171;Avropa \u015euras\u0131 Ba\u015f katibliyind\u0259n olan h\u0259mkarlar\u0131m\u0131z\u0131 Da\u011fl\u0131q Qaraba\u011f m\u00fcnaqi\u015f\u0259si zonas\u0131ndak\u0131 v\u0259ziyy\u0259t v\u0259 Rusiyan\u0131n g\u00f6rd\u00fcy\u00fc t\u0259dbirl\u0259r bar\u0259d\u0259 m\u0259lumatland\u0131rd\u0131q\u201d. Bunu Rusiyan\u0131n Xarici \u0130\u015fl\u0259r naziri Sergey Lavrov<\/p>\n","protected":false},"author":2,"featured_media":46328,"comment_status":"closed","ping_status":"closed","sticky":false,"template":"","format":"standard","meta":{"footnotes":""},"categories":[4],"tags":[],"class_list":["post-46326","post","type-post","status-publish","format-standard","has-post-thumbnail","hentry","category-qarabag"],"aioseo_notices":[],"_links":{"self":[{"href":"https:\/\/fedai.az\/index.php?rest_route=\/wp\/v2\/posts\/46326","targetHints":{"allow":["GET"]}}],"collection":[{"href":"https:\/\/fedai.az\/index.php?rest_route=\/wp\/v2\/posts"}],"about":[{"href":"https:\/\/fedai.az\/index.php?rest_route=\/wp\/v2\/types\/post"}],"author":[{"embeddable":true,"href":"https:\/\/fedai.az\/index.php?rest_route=\/wp\/v2\/users\/2"}],"replies":[{"embeddable":true,"href":"https:\/\/fedai.az\/index.php?rest_route=%2Fwp%2Fv2%2Fcomments&post=46326"}],"version-history":[{"count":1,"href":"https:\/\/fedai.az\/index.php?rest_route=\/wp\/v2\/posts\/46326\/revisions"}],"predecessor-version":[{"id":46329,"href":"https:\/\/fedai.az\/index.php?rest_route=\/wp\/v2\/posts\/46326\/revisions\/46329"}],"wp:featuredmedia":[{"embeddable":true,"href":"https:\/\/fedai.az\/index.php?rest_route=\/wp\/v2\/media\/46328"}],"wp:attachment":[{"href":"https:\/\/fedai.az\/index.php?rest_route=%2Fwp%2Fv2%2Fmedia&parent=46326"}],"wp:term":[{"taxonomy":"category","embeddable":true,"href":"https:\/\/fedai.az\/index.php?rest_route=%2Fwp%2Fv2%2Fcategories&post=46326"},{"taxonomy":"post_tag","embeddable":true,"href":"https:\/\/fedai.az\/index.php?rest_route=%2Fwp%2Fv2%2Ftags&post=46326"}],"curies":[{"name":"wp","href":"https:\/\/api.w.org\/{rel}","templated":true}]}}