{"id":46330,"date":"2021-08-24T09:51:13","date_gmt":"2021-08-24T05:51:13","guid":{"rendered":"https:\/\/fedai.az\/?p=46330"},"modified":"2021-08-25T16:08:16","modified_gmt":"2021-08-25T12:08:16","slug":"avmvib-idar%c9%99-hey%c9%99tinin-q%c9%99rari-nec%c9%99-yerin%c9%99-yetirilir-2","status":"publish","type":"post","link":"https:\/\/fedai.az\/?p=46330","title":{"rendered":"AVMV\u0130B \u0130dar\u0259 Hey\u0259tinin q\u0259rar\u0131 nec\u0259 yerin\u0259 yetirilir?"},"content":{"rendered":"\n<p><strong>Az\u0259rbaycan V\u0259t\u0259n M\u00fcharib\u0259si Veteranlar\u0131 \u0130ctimai Birliyi (AVMV\u0130B) \u0130dar\u0259 Hey\u0259tinin q\u0259rar\u0131n\u0131 yerin\u0259 yetirm\u0259y\u0259n rayon \u015f\u00f6b\u0259l\u0259ri haqq\u0131nda ciddi \u00f6l\u00e7\u00fc g\u00f6t\u00fcr\u00fcl\u0259c\u0259yi bar\u0259d\u0259 x\u0259b\u0259rdarl\u0131q etmi\u015fdik.<\/strong><\/p>\n\n\n\n<p><br><strong>M\u0259s\u0259l\u0259 il\u0259 ba\u011fl\u0131 Az\u0259rbaycan V\u0259t\u0259n M\u00fcharib\u0259si Veteranlar\u0131 \u0130ctimai Birliyi (AVMV\u0130B) NTK s\u0259dri Niyazi Quliyev\u0259 m\u00fcraci\u0259t etdik.<\/strong><\/p>\n\n\n\n<p><br>Niyazi Quliyev bildirdi ki, bu m\u0259s\u0259l\u0259 aktuald\u0131r v\u0259 g\u00fcnd\u0259md\u0259 saxlay\u0131r\u0131q. Sad\u0259c\u0259 t\u0259rtib etdiyiniz c\u0259dv\u0259l b\u0259zi \u015f\u00f6b\u0259 s\u0259drl\u0259rinin f\u0259aliyy\u0259t g\u00f6st\u0259ricil\u0259rini \u0259ks etdirir. Bu g\u00fcn kims\u0259 dey\u0259 bilm\u0259z ki, \u0130dar\u0259 Hey\u0259tinin Q\u0259rar\u0131ndan x\u0259b\u0259rsizdil\u0259r. Art\u0131q 4 ildir ki, bu q\u0259rar\u0131n yerin\u0259 yetirilm\u0259si bar\u0259d\u0259 x\u0259b\u0259rdarl\u0131qlar edilib. \u018fg\u0259r x\u0259b\u0259rsiz \u015f\u00f6b\u0259 s\u0259dri varsa, bu o dem\u0259kdir ki, o t\u0259\u015fkilatla maraqlanm\u0131r v\u0259 he\u00e7 bir \u0259laq\u0259si yoxdur. Q\u0259rar verm\u0259liyik ki, bu adamlar biz\u0259 laz\u0131md\u0131rm\u0131? X\u00fcsus\u0259n c\u0259nub b\u00f6lg\u0259l\u0259rind\u0259ki \u015f\u00f6b\u0259l\u0259rimiz tam f\u0259aliyy\u0259tsizdirl\u0259r. C\u0259lilabad, Masall\u0131, Lerik, Astara, Neft\u00e7ala, \u015e\u0259ki v\u0259 Samux \u015f\u00f6b\u0259l\u0259ri dem\u0259k olar ki, f\u0259aliyy\u0259tl\u0259rini dayand\u0131r\u0131b. Y\u0259qin ki, AVMV\u0130B \u0130dar\u0259 Hey\u0259tinin n\u00f6vb\u0259ti y\u0131\u011f\u0131nca\u011f\u0131nda bu m\u0259s\u0259l\u0259 geni\u015f m\u00fczakir\u0259 olunacaq v\u0259 q\u0259rar q\u0259bul edil\u0259c\u0259k. H\u0259r bir rayon \u015f\u00f6b\u0259sinin ilkin v\u0259zif\u0259si q\u0259bul edilmi\u015f q\u0259rarlara h\u00f6rm\u0259tl\u0259 yana\u015fmaq v\u0259 yerin\u0259 yetirm\u0259kdir.<\/p>\n\n\n\n<figure class=\"wp-block-image size-large is-resized\"><img loading=\"lazy\" decoding=\"async\" src=\"https:\/\/fedai.az\/wp-content\/uploads\/2021\/08\/IMG-20201019-WA0000-768x576-1.jpg\" alt=\"\" class=\"wp-image-46331\" width=\"1053\" height=\"790\" srcset=\"https:\/\/fedai.az\/wp-content\/uploads\/2021\/08\/IMG-20201019-WA0000-768x576-1.jpg 768w, https:\/\/fedai.az\/wp-content\/uploads\/2021\/08\/IMG-20201019-WA0000-768x576-1-300x225.jpg 300w, https:\/\/fedai.az\/wp-content\/uploads\/2021\/08\/IMG-20201019-WA0000-768x576-1-150x113.jpg 150w\" sizes=\"auto, (max-width: 1053px) 100vw, 1053px\" \/><\/figure>\n\n\n\n<p><br>AVMV\u0130B NTK s\u0259dri Niyazi Quliyev qeyd etdi ki, t\u0259rtib etdiyiniz c\u0259dv\u0259ll\u0259r daim diqq\u0259timizd\u0259dir. El\u0259 f\u0259aliyy\u0259ti olan \u015f\u00f6b\u0259l\u0259ri bu c\u0259dv\u0259ll\u0259 m\u00fc\u0259yy\u0259nl\u0259\u015fdirm\u0259k m\u00fcmk\u00fcnd\u00fcr.<\/p>\n\n\n\n<p><br><strong>Bu g\u00fcn\u0259d\u0259k olan statistik c\u0259dv\u0259li diqq\u0259tiniz\u0259 \u00e7atd\u0131r\u0131r\u0131q:<\/strong><\/p>\n\n\n\n<ol class=\"wp-block-list\"><li><strong>AVMV\u0130B Xank\u0259ndi rayon \u015f\u00f6b\u0259si \u2014 141,6%<\/strong><\/li><li><strong>AVMV\u0130B Xocav\u0259nd rayon \u015f\u00f6b\u0259si \u2014 125,0%<\/strong><\/li><li><strong>AVMV\u0130B N\u0259rimanov rayon \u015f\u00f6b\u0259si \u2014 100,0%<\/strong><\/li><li><strong>AVMV\u0130B D\u0259mir Yolu \u015f\u00f6b\u0259si \u2014 100,0%<\/strong><\/li><li>AVMV\u0130B N\u0259simi rayon \u015f\u00f6b\u0259si \u2014 83,3%<\/li><li>AVMV\u0130B Z\u0259rdab rayon \u015f\u00f6b\u0259si \u2014 75,0%<\/li><li>AVMV\u0130B Tovuz rayon \u015f\u00f6b\u0259si \u2014 66,6%<\/li><li>AVMV\u0130B Sumqay\u0131t \u015f\u0259h\u0259r \u015f\u00f6b\u0259si \u2014 66,6%<\/li><li>AVMV\u0130B A\u011fstafa rayon \u015f\u00f6b\u0259si \u2014 58,3%<\/li><li>AVMV\u0130B Qubadl\u0131 rayon \u015f\u00f6b\u0259si \u2014 58,3%<\/li><li>AVMV\u0130B Ming\u0259\u00e7evir \u015f\u0259h\u0259r \u015f\u00f6b\u0259si \u2014 41,6%<\/li><li>AVMV\u0130B Suraxan\u0131 rayon \u015f\u00f6b\u0259si \u2014 41,6%<\/li><li>AVMV\u0130B B\u0259rd\u0259 rayon \u015f\u00f6b\u0259si \u2014 41,6%<\/li><li>AVMV\u0130B A\u011fda\u015f rayon \u015f\u00f6b\u0259si \u2014 41,6%<\/li><li>AVMV\u0130B \u015eirvan \u015f\u0259h\u0259r \u015f\u00f6b\u0259si \u2014 41,6%<\/li><li>AVMV\u0130B Saatl\u0131 rayon \u015f\u00f6b\u0259si \u2014 41,6,%<\/li><li>AVMV\u0130B G\u0259nc\u0259 \u015f\u0259h\u0259r \u015f\u00f6b\u0259si\u201441,6%<\/li><li>AVMV\u0130B \u00c7ilov \u015f\u00f6b\u0259si \u2014 41,6%<\/li><li>AVMV\u0130B Yasamal rayon \u015f\u00f6b\u0259si \u2014 33,3%<\/li><li>AVMV\u0130B Balak\u0259n rayon \u015f\u00f6b\u0259si \u2014 33,3%<\/li><li>AVMV\u0130B La\u00e7\u0131n rayon \u015f\u00f6b\u0259si \u2014 33,3%<\/li><li>AVMV\u0130B X\u0259z\u0259r rayon \u015f\u00f6b\u0259si \u2014 33,3%<\/li><li>AVMV\u0130B Qazax rayon \u015f\u00f6b\u0259si \u2014 25,0%<\/li><li>AVMV\u0130B \u015e\u0259mkir rayon \u015f\u00f6b\u0259si \u2014 25,0%<\/li><li>AVMV\u0130B \u0130mi\u015fli rayon \u015f\u00f6b\u0259si \u2014 25,0%<\/li><li><strong>AVMV\u0130B Bin\u0259q\u0259di rayon \u015f\u00f6b\u0259si \u2014 75,0%<\/strong><\/li><li><strong>AVMV\u0130B L\u0259nk\u0259ran rayon \u015f\u00f6b\u0259si \u2014 58,3%<\/strong><\/li><li>AVMV\u0130B \u015eabran rayon \u015f\u00f6b\u0259si &#8212; 25,0%<\/li><li>AVMV\u0130B Ucar rayon \u015f\u00f6b\u0259si \u2014 16,6%28.<\/li><li>AVMV\u0130B \u015eamax\u0131 rayon \u015f\u00f6b\u0259si \u2014 16,6%<\/li><li>AVMV\u0130B K\u00fcrd\u0259mir rayon \u015f\u00f6b\u0259si \u2014 16,6%<\/li><li>AVMV\u0130B Sabun\u00e7u rayon \u015f\u00f6b\u0259si \u2014 16,6%<\/li><li>AVMV\u0130B Bil\u0259suvar rayon \u015f\u00f6b\u0259si \u2014 8,3%<\/li><li>AVMV\u0130B C\u0259bray\u0131l rayon \u015f\u00f6b\u0259si \u2014 8,3%<\/li><li>AVMV\u0130B Z\u0259ngilan rayon \u015f\u00f6b\u0259si \u2014 8,3%<\/li><li>AVMV\u0130B \u0130smay\u0131ll\u0131 rayon \u015f\u00f6b\u0259si \u2014 8,3%<\/li><li>AVMV\u0130B G\u00f6yg\u00f6l rayon \u015f\u00f6b\u0259si \u2014 8,3%<\/li><\/ol>\n\n\n\n<p><strong>\u0130ndis\u0259 AVMV\u0130B \u0130dar\u0259 Hey\u0259tinin Q\u0259rar\u0131n\u0131 saya salmayan \u015f\u00f6b\u0259l\u0259rimizin siyah\u0131s\u0131na diqq\u0259t yetirin:<\/strong><\/p>\n\n\n\n<ol class=\"wp-block-list\"><li>AVMV\u0130B X\u0259tai rayon \u015f\u00f6b\u0259si &#8212; 0%<\/li><li>AVMV\u0130B S\u0259bail rayon \u015f\u00f6b\u0259si &#8212; 0%<\/li><li>AVMV\u0130B Qarada\u011f rayon \u015f\u00f6b\u0259si &#8212; 0%<\/li><li>AVMV\u0130B Nizami rayon \u015f\u00f6b\u0259si &#8212; 0% (\u00f6t\u0259n ill\u0259rd\u0259 \u00f6d\u0259ni\u015fl\u0259r olub)<\/li><li>AVMV\u0130B Ab\u015feron rayon \u015f\u00f6b\u0259si &#8212; 0% (\u00f6t\u0259n ill\u0259rd\u0259 \u00f6d\u0259ni\u015fl\u0259r olub)<\/li><li>AVMV\u0130B X\u0131z\u0131 rayon \u015f\u00f6b\u0259si &#8212; 0%<\/li><li>AVMV\u0130B Piralla\u0131 rayon \u015f\u00f6b\u0259si &#8212; 0%<\/li><li>AVMV\u0130B Hac\u0131qabul rayon \u015f\u00f6b\u0259si &#8212; 0%<\/li><li>AVMV\u0130B Q\u0259b\u0259l\u0259 rayon \u015f\u00f6b\u0259si &#8212; 0%<\/li><li>AVMV\u0130B O\u011fuz rayon \u015f\u00f6b\u0259si &#8212; 0%<\/li><li>AVMV\u0130B Qax rayon \u015f\u00f6b\u0259si &#8212; 0%<\/li><li>AVMV\u0130B Quba rayon \u015f\u00f6b\u0259si &#8212; 0%<\/li><li>AVMV\u0130B Siy\u0259z\u0259n rayon \u015f\u00f6b\u0259si &#8212; 0%<\/li><li>AVMV\u0130B Xa\u00e7maz rayon \u015f\u00f6b\u0259si &#8212; 0%<\/li><li>AVMV\u0130B Qusar rayon \u015f\u00f6b\u0259si &#8212; 0%<\/li><li>AVMV\u0130B T\u0259rt\u0259r rayon \u015f\u00f6b\u0259si &#8212; 0%<\/li><li>AVMV\u0130B A\u011fdam rayon \u015f\u00f6b\u0259si &#8212; 0%<\/li><li>AVMV\u0130B A\u011fsu rayon \u015f\u00f6b\u0259si &#8212; 0%<\/li><li>AVMV\u0130B Yevlax rayon \u015f\u00f6b\u0259si &#8212; 0%<\/li><li>AVMV\u0130B Da\u015fk\u0259s\u0259n rayon \u015f\u00f6b\u0259si &#8212; 0%<\/li><li>AVMV\u0130B G\u00f6y\u00e7ay rayon \u015f\u00f6b\u0259si &#8212; 0%<\/li><li>AVMV\u0130B Goranboy rayon \u015f\u00f6b\u0259si &#8212; 0%<\/li><li>AVMV\u0130B Naftalan rayon \u015f\u00f6b\u0259si &#8212; 0%<\/li><li>AVMV\u0130B A\u011fcab\u0259di rayon \u015f\u00f6b\u0259si &#8212; 0%<\/li><li>AVMV\u0130B Zaqatala rayon \u015f\u00f6b\u0259si &#8212; 0%<\/li><li>AVMV\u0130B Beyl\u0259qan rayon \u015f\u00f6b\u0259si &#8212; 0%<\/li><li>AVMV\u0130B Salyan rayon \u015f\u00f6b\u0259si &#8212; 0%<\/li><\/ol>\n\n\n\n<p><strong>Qeyd: C\u0259dv\u0259ld\u0259 adlar\u0131 olmayan \u015f\u00f6b\u0259l\u0259r, x\u00fcsus\u0259n c\u0259nub b\u00f6lg\u0259sind\u0259ki \u015f\u00f6b\u0259l\u0259rimiz tam f\u0259aliyy\u0259tsizdirl\u0259r.<\/strong><\/p>\n","protected":false},"excerpt":{"rendered":"<p>Az\u0259rbaycan V\u0259t\u0259n M\u00fcharib\u0259si Veteranlar\u0131 \u0130ctimai Birliyi (AVMV\u0130B) \u0130dar\u0259 Hey\u0259tinin q\u0259rar\u0131n\u0131 yerin\u0259 yetirm\u0259y\u0259n rayon \u015f\u00f6b\u0259l\u0259ri haqq\u0131nda ciddi \u00f6l\u00e7\u00fc g\u00f6t\u00fcr\u00fcl\u0259c\u0259yi bar\u0259d\u0259 x\u0259b\u0259rdarl\u0131q etmi\u015fdik. M\u0259s\u0259l\u0259 il\u0259 ba\u011fl\u0131<\/p>\n","protected":false},"author":2,"featured_media":46332,"comment_status":"closed","ping_status":"closed","sticky":false,"template":"","format":"standard","meta":{"footnotes":""},"categories":[5],"tags":[],"class_list":["post-46330","post","type-post","status-publish","format-standard","has-post-thumbnail","hentry","category-veteran"],"aioseo_notices":[],"_links":{"self":[{"href":"https:\/\/fedai.az\/index.php?rest_route=\/wp\/v2\/posts\/46330","targetHints":{"allow":["GET"]}}],"collection":[{"href":"https:\/\/fedai.az\/index.php?rest_route=\/wp\/v2\/posts"}],"about":[{"href":"https:\/\/fedai.az\/index.php?rest_route=\/wp\/v2\/types\/post"}],"author":[{"embeddable":true,"href":"https:\/\/fedai.az\/index.php?rest_route=\/wp\/v2\/users\/2"}],"replies":[{"embeddable":true,"href":"https:\/\/fedai.az\/index.php?rest_route=%2Fwp%2Fv2%2Fcomments&post=46330"}],"version-history":[{"count":5,"href":"https:\/\/fedai.az\/index.php?rest_route=\/wp\/v2\/posts\/46330\/revisions"}],"predecessor-version":[{"id":46423,"href":"https:\/\/fedai.az\/index.php?rest_route=\/wp\/v2\/posts\/46330\/revisions\/46423"}],"wp:featuredmedia":[{"embeddable":true,"href":"https:\/\/fedai.az\/index.php?rest_route=\/wp\/v2\/media\/46332"}],"wp:attachment":[{"href":"https:\/\/fedai.az\/index.php?rest_route=%2Fwp%2Fv2%2Fmedia&parent=46330"}],"wp:term":[{"taxonomy":"category","embeddable":true,"href":"https:\/\/fedai.az\/index.php?rest_route=%2Fwp%2Fv2%2Fcategories&post=46330"},{"taxonomy":"post_tag","embeddable":true,"href":"https:\/\/fedai.az\/index.php?rest_route=%2Fwp%2Fv2%2Ftags&post=46330"}],"curies":[{"name":"wp","href":"https:\/\/api.w.org\/{rel}","templated":true}]}}