{"id":46335,"date":"2021-08-24T17:06:10","date_gmt":"2021-08-24T13:06:10","guid":{"rendered":"https:\/\/fedai.az\/?p=46335"},"modified":"2021-08-24T17:06:12","modified_gmt":"2021-08-24T13:06:12","slug":"pasinyan-blokadadan-qurtulmaliyiq-az%c9%99rbaycan-naxcivanla-n%c9%99qliyyat-%c9%99laq%c9%99l%c9%99ri-qurmalidir","status":"publish","type":"post","link":"https:\/\/fedai.az\/?p=46335","title":{"rendered":"Pa\u015finyan: &#171;Blokadadan qurtulmal\u0131y\u0131q, Az\u0259rbaycan Nax\u00e7\u0131vanla n\u0259qliyyat \u0259laq\u0259l\u0259ri qurmal\u0131d\u0131r&#187;"},"content":{"rendered":"\n<p><strong>\u201cKommunikasiyalar\u0131n a\u00e7\u0131lmas\u0131 xarici siyas\u0259timizin prioritetl\u0259rind\u0259n biri olmal\u0131d\u0131r\u201d.<\/strong><\/p>\n\n\n\n<p>Bunu Erm\u0259nistan\u0131n ba\u015f naziri Nikol Pa\u015finyan parlamentd\u0259 \u00e7\u0131x\u0131\u015f\u0131 zaman\u0131 deyib.\u00a0\u00a0<\/p>\n\n\n\n<p>Pa\u015finyan\u0131n s\u00f6zl\u0259rin\u0259 g\u00f6r\u0259, kommunikasiyalar\u0131n a\u00e7\u0131lmas\u0131 \u00fc\u00e7\u00fcn \u00fc\u00e7t\u0259r\u0259fli i\u015f\u00e7i qrup&nbsp; f\u0259aliyy\u0259tini davam etdirm\u0259lidir.<\/p>\n\n\n\n<p>\u201c\u00dc\u00e7t\u0259r\u0259fli i\u015f\u00e7i qrup 10 noyabr 2020-ci il v\u0259 11 yanvar 2021-ci il raz\u0131la\u015fmas\u0131nda kommunikasiyalar\u0131n a\u00e7\u0131lmas\u0131 istiqam\u0259tind\u0259 konkret n\u0259tic\u0259y\u0259 g\u0259lm\u0259lidir. Hesab edir\u0259m ki, 30 illik blokadadan qurtulmaq \u00fc\u00e7\u00fcn ciddi imkanlar m\u00f6vcuddur. D\u00fczd\u00fcr, bu el\u0259 d\u0259 asan m\u0259s\u0259l\u0259 deyil, amma m\u00fcmk\u00fcnd\u00fcr\u201d.<\/p>\n\n\n\n<p>Pa\u015finyan \u0259lav\u0259 edib ki, 10 noyabr v\u0259 11 yanvar raz\u0131la\u015fmas\u0131na \u0259sas\u0259n Erm\u0259nistan Az\u0259rbaycan \u00fcz\u0259rind\u0259n Rusiyaya v\u0259 \u0130ranla, Az\u0259rbaycan da \u00f6z n\u00f6vb\u0259sind\u0259&nbsp; Nax\u00e7\u0131vanla kommunikasiya v\u0259 n\u0259qliyyat \u0259laq\u0259l\u0259ri qurmaq imkan\u0131 \u0259ld\u0259 etm\u0259lidir.&nbsp;<\/p>\n\n\n\n<p>Pa\u015finyan onu da bildirib ki, kommunikasiyalar\u0131n a\u00e7\u0131lmas\u0131,\u00a0 zaman-zaman\u00a0 g\u00fcnd\u0259m\u0259 g\u0259lib: \u201c\u018fg\u0259r\u00a0 m\u0259qs\u0259d\u0259 nail olmaq ist\u0259yiriks\u0259, Erm\u0259nistan\u0131 n\u0259 az-n\u0259 \u00e7ox olan qar\u015f\u0131l\u0131ql\u0131 \u0259sasda b\u00f6lg\u0259 \u00fc\u00e7\u00fcn \u0259lveri\u015fli m\u00fchit\u0259 \u00e7evirm\u0259liyik\u201d.<\/p>\n\n\n\n<p>M\u0259nb\u0259: \u00d6lk\u0259.Az\u00a0<\/p>\n","protected":false},"excerpt":{"rendered":"<p>\u201cKommunikasiyalar\u0131n a\u00e7\u0131lmas\u0131 xarici siyas\u0259timizin prioritetl\u0259rind\u0259n biri olmal\u0131d\u0131r\u201d. Bunu Erm\u0259nistan\u0131n ba\u015f naziri Nikol Pa\u015finyan parlamentd\u0259 \u00e7\u0131x\u0131\u015f\u0131 zaman\u0131 deyib.\u00a0\u00a0 Pa\u015finyan\u0131n s\u00f6zl\u0259rin\u0259 g\u00f6r\u0259, kommunikasiyalar\u0131n a\u00e7\u0131lmas\u0131 \u00fc\u00e7\u00fcn \u00fc\u00e7t\u0259r\u0259fli<\/p>\n","protected":false},"author":2,"featured_media":46337,"comment_status":"closed","ping_status":"closed","sticky":false,"template":"","format":"standard","meta":{"footnotes":""},"categories":[1],"tags":[],"class_list":["post-46335","post","type-post","status-publish","format-standard","has-post-thumbnail","hentry","category-siyast"],"aioseo_notices":[],"_links":{"self":[{"href":"https:\/\/fedai.az\/index.php?rest_route=\/wp\/v2\/posts\/46335","targetHints":{"allow":["GET"]}}],"collection":[{"href":"https:\/\/fedai.az\/index.php?rest_route=\/wp\/v2\/posts"}],"about":[{"href":"https:\/\/fedai.az\/index.php?rest_route=\/wp\/v2\/types\/post"}],"author":[{"embeddable":true,"href":"https:\/\/fedai.az\/index.php?rest_route=\/wp\/v2\/users\/2"}],"replies":[{"embeddable":true,"href":"https:\/\/fedai.az\/index.php?rest_route=%2Fwp%2Fv2%2Fcomments&post=46335"}],"version-history":[{"count":1,"href":"https:\/\/fedai.az\/index.php?rest_route=\/wp\/v2\/posts\/46335\/revisions"}],"predecessor-version":[{"id":46338,"href":"https:\/\/fedai.az\/index.php?rest_route=\/wp\/v2\/posts\/46335\/revisions\/46338"}],"wp:featuredmedia":[{"embeddable":true,"href":"https:\/\/fedai.az\/index.php?rest_route=\/wp\/v2\/media\/46337"}],"wp:attachment":[{"href":"https:\/\/fedai.az\/index.php?rest_route=%2Fwp%2Fv2%2Fmedia&parent=46335"}],"wp:term":[{"taxonomy":"category","embeddable":true,"href":"https:\/\/fedai.az\/index.php?rest_route=%2Fwp%2Fv2%2Fcategories&post=46335"},{"taxonomy":"post_tag","embeddable":true,"href":"https:\/\/fedai.az\/index.php?rest_route=%2Fwp%2Fv2%2Ftags&post=46335"}],"curies":[{"name":"wp","href":"https:\/\/api.w.org\/{rel}","templated":true}]}}