{"id":46352,"date":"2021-08-25T01:11:14","date_gmt":"2021-08-24T21:11:14","guid":{"rendered":"https:\/\/fedai.az\/?p=46352"},"modified":"2021-08-25T01:11:41","modified_gmt":"2021-08-24T21:11:41","slug":"erm%c9%99nistan-parlamentinin-bu-gunku-iclasinda-muxalif%c9%99t-v%c9%99-iqtidar-deputatlari-arasinda-biabirci-qarsidurma","status":"publish","type":"post","link":"https:\/\/fedai.az\/?p=46352","title":{"rendered":"Erm\u0259nistan Parlamentind\u0259 m\u00fcxalif\u0259t v\u0259 iqtidar DEPUTATLARI aras\u0131nda B\u0130ABIR\u00c7I &#8212; QAR\u015eIDURMA&#8230;"},"content":{"rendered":"\n<p><strong>Erm\u0259nistan Parlamentinin bu g\u00fcnk\u00fc iclas\u0131nda m\u00fcxalif\u0259t v\u0259 iqtidar DEPUTATLARI aras\u0131nda B\u0130ABIR\u00c7I &#8212; QAR\u015eIDURMA ba\u015f verib&#8230; <\/strong><\/p>\n\n\n\n<p>M\u00fcxalif\u0259t deputatlar\u0131 &#171;N\u0130KOL DAVACAN&#187; (Nikol XA\u0130Ndir) dey\u0259 q\u0131\u015fq\u0131raraq, iqtidar deputatlar\u0131na h\u00fccam etm\u0259l\u0259ri daha maraql\u0131 idi. <\/p>\n\n\n\n<p>Xilasedici h\u0259rb\u00e7il\u0259rin m\u00fcdaxil\u0259si olmasayd\u0131 TOQQU\u015eMANIN qar\u015f\u0131s\u0131n\u0131n al\u0131nmas\u0131 m\u00fc\u015fk\u00fcl m\u0259s\u0259l\u0259 olacaqd\u0131.<\/p>\n\n\n\n<p><strong>\u0130smay\u0131l Tanr\u0131verdi<\/strong><\/p>\n\n\n\n<figure class=\"wp-block-embed is-type-video is-provider-youtube wp-block-embed-youtube wp-embed-aspect-16-9 wp-has-aspect-ratio\"><div class=\"wp-block-embed__wrapper\">\n<iframe loading=\"lazy\" title=\"\u0546\u056b\u056f\u0578\u056c, \u0564\u0561\u057e\u0561\u0573\u0561\u0576. \u056b\u0576\u0579\u057a\u0565\u057d \u0565\u0576 \u054a\u054a\u053e \u057a\u0565\u057f\u0576 \u0578\u0582 \u0574\u0575\u0578\u0582\u057d \u0561\u0577\u056d\u0561\u057f\u0561\u056f\u056b\u0581\u0576\u0565\u0580\u0568 \u0570\u0580\u0574\u0577\u057f\u0578\u0582\u0574 \u0568\u0576\u0564\u0564\u056b\u0574\u0561\u0564\u056b\u0580\u0576\u0565\u0580\u056b\u0576\" width=\"715\" height=\"402\" src=\"https:\/\/www.youtube.com\/embed\/fyJu0qCZGtY?feature=oembed\" frameborder=\"0\" allow=\"accelerometer; autoplay; clipboard-write; encrypted-media; gyroscope; picture-in-picture\" allowfullscreen><\/iframe>\n<\/div><\/figure>\n","protected":false},"excerpt":{"rendered":"<p>Erm\u0259nistan Parlamentinin bu g\u00fcnk\u00fc iclas\u0131nda m\u00fcxalif\u0259t v\u0259 iqtidar DEPUTATLARI aras\u0131nda B\u0130ABIR\u00c7I &#8212; QAR\u015eIDURMA ba\u015f verib&#8230; M\u00fcxalif\u0259t deputatlar\u0131 &#171;N\u0130KOL DAVACAN&#187; (Nikol XA\u0130Ndir) dey\u0259 q\u0131\u015fq\u0131raraq, iqtidar<\/p>\n","protected":false},"author":2,"featured_media":46355,"comment_status":"closed","ping_status":"closed","sticky":false,"template":"","format":"standard","meta":{"footnotes":""},"categories":[15],"tags":[],"class_list":["post-46352","post","type-post","status-publish","format-standard","has-post-thumbnail","hentry","category-atmaca"],"aioseo_notices":[],"_links":{"self":[{"href":"https:\/\/fedai.az\/index.php?rest_route=\/wp\/v2\/posts\/46352","targetHints":{"allow":["GET"]}}],"collection":[{"href":"https:\/\/fedai.az\/index.php?rest_route=\/wp\/v2\/posts"}],"about":[{"href":"https:\/\/fedai.az\/index.php?rest_route=\/wp\/v2\/types\/post"}],"author":[{"embeddable":true,"href":"https:\/\/fedai.az\/index.php?rest_route=\/wp\/v2\/users\/2"}],"replies":[{"embeddable":true,"href":"https:\/\/fedai.az\/index.php?rest_route=%2Fwp%2Fv2%2Fcomments&post=46352"}],"version-history":[{"count":3,"href":"https:\/\/fedai.az\/index.php?rest_route=\/wp\/v2\/posts\/46352\/revisions"}],"predecessor-version":[{"id":46358,"href":"https:\/\/fedai.az\/index.php?rest_route=\/wp\/v2\/posts\/46352\/revisions\/46358"}],"wp:featuredmedia":[{"embeddable":true,"href":"https:\/\/fedai.az\/index.php?rest_route=\/wp\/v2\/media\/46355"}],"wp:attachment":[{"href":"https:\/\/fedai.az\/index.php?rest_route=%2Fwp%2Fv2%2Fmedia&parent=46352"}],"wp:term":[{"taxonomy":"category","embeddable":true,"href":"https:\/\/fedai.az\/index.php?rest_route=%2Fwp%2Fv2%2Fcategories&post=46352"},{"taxonomy":"post_tag","embeddable":true,"href":"https:\/\/fedai.az\/index.php?rest_route=%2Fwp%2Fv2%2Ftags&post=46352"}],"curies":[{"name":"wp","href":"https:\/\/api.w.org\/{rel}","templated":true}]}}