{"id":46364,"date":"2021-08-25T01:31:12","date_gmt":"2021-08-24T21:31:12","guid":{"rendered":"https:\/\/fedai.az\/?p=46364"},"modified":"2021-08-25T01:31:16","modified_gmt":"2021-08-24T21:31:16","slug":"talibanla-bagli-dunya-liderl%c9%99rd%c9%99n-birg%c9%99-b%c9%99yanati","status":"publish","type":"post","link":"https:\/\/fedai.az\/?p=46364","title":{"rendered":"&#171;Taliban&#187;la ba\u011fl\u0131 D\u00fcnya Liderl\u0259rd\u0259n birg\u0259 b\u0259yanat\u0131"},"content":{"rendered":"\n<p><strong>G7 \u00f6lk\u0259l\u0259rinin liderl\u0259ri, BMT v\u0259 NATO-nun Ba\u015f katibinin d\u0259 i\u015ftirak etdiyi toplant\u0131da \u018ffqan\u0131stanla ba\u011fl\u0131 yekun s\u0259n\u0259d q\u0259bul olunub.<\/strong><\/p>\n\n\n\n<p>S\u0259n\u0259dd\u0259 \u201cTaliban\u201d \u00e7a\u011f\u0131r\u0131\u015f edilib v\u0259 qrupla\u015fma qar\u015f\u0131s\u0131nda \u015f\u0259rt ir\u0259li s\u00fcr\u00fcl\u00fcb. Bildirilib ki, m\u00fcdafi\u0259siz \u0259fqanlar\u0131n v\u0259 dig\u0259r \u00f6lk\u0259 v\u0259t\u0259nda\u015flar\u0131n\u0131n t\u0259hl\u00fck\u0259sizliyi t\u0259min edilm\u0259li, humanitar b\u00f6hran\u0131n ba\u015f verm\u0259sin\u0259 \u015f\u0259rait yarad\u0131lmamal\u0131 v\u0259 qad\u0131nlar\u0131n h\u00fcquqlar\u0131 t\u0259min edilm\u0259lidir. A\u00e7\u0131qlamada bildirilir ki, \u018ffqan\u0131stan\u0131n \u0259sla terror b\u00f6lg\u0259sin\u0259 \u00e7evrilm\u0259sin\u0259 imkan verilm\u0259m\u0259lidir. \u018fks halda buna qar\u015f\u0131l\u0131q veril\u0259c\u0259k.<\/p>\n\n\n\n<p>S\u0259n\u0259dd\u0259 qeyd edilir ki, G7 \u00f6lk\u0259l\u0259ri \u201cTaliban\u201d\u0131n add\u0131mlar\u0131na uy\u011fun olaraq, onunla \u0259laq\u0259l\u0259r qurub-qurmayaca\u011f\u0131na q\u0259rar ver\u0259c\u0259k.<\/p>\n\n\n\n<p>M\u0259nb\u0259: Kanal.az<\/p>\n","protected":false},"excerpt":{"rendered":"<p>G7 \u00f6lk\u0259l\u0259rinin liderl\u0259ri, BMT v\u0259 NATO-nun Ba\u015f katibinin d\u0259 i\u015ftirak etdiyi toplant\u0131da \u018ffqan\u0131stanla ba\u011fl\u0131 yekun s\u0259n\u0259d q\u0259bul olunub. S\u0259n\u0259dd\u0259 \u201cTaliban\u201d \u00e7a\u011f\u0131r\u0131\u015f edilib v\u0259 qrupla\u015fma<\/p>\n","protected":false},"author":2,"featured_media":46365,"comment_status":"closed","ping_status":"closed","sticky":false,"template":"","format":"standard","meta":{"footnotes":""},"categories":[1],"tags":[],"class_list":["post-46364","post","type-post","status-publish","format-standard","has-post-thumbnail","hentry","category-siyast"],"aioseo_notices":[],"_links":{"self":[{"href":"https:\/\/fedai.az\/index.php?rest_route=\/wp\/v2\/posts\/46364","targetHints":{"allow":["GET"]}}],"collection":[{"href":"https:\/\/fedai.az\/index.php?rest_route=\/wp\/v2\/posts"}],"about":[{"href":"https:\/\/fedai.az\/index.php?rest_route=\/wp\/v2\/types\/post"}],"author":[{"embeddable":true,"href":"https:\/\/fedai.az\/index.php?rest_route=\/wp\/v2\/users\/2"}],"replies":[{"embeddable":true,"href":"https:\/\/fedai.az\/index.php?rest_route=%2Fwp%2Fv2%2Fcomments&post=46364"}],"version-history":[{"count":1,"href":"https:\/\/fedai.az\/index.php?rest_route=\/wp\/v2\/posts\/46364\/revisions"}],"predecessor-version":[{"id":46366,"href":"https:\/\/fedai.az\/index.php?rest_route=\/wp\/v2\/posts\/46364\/revisions\/46366"}],"wp:featuredmedia":[{"embeddable":true,"href":"https:\/\/fedai.az\/index.php?rest_route=\/wp\/v2\/media\/46365"}],"wp:attachment":[{"href":"https:\/\/fedai.az\/index.php?rest_route=%2Fwp%2Fv2%2Fmedia&parent=46364"}],"wp:term":[{"taxonomy":"category","embeddable":true,"href":"https:\/\/fedai.az\/index.php?rest_route=%2Fwp%2Fv2%2Fcategories&post=46364"},{"taxonomy":"post_tag","embeddable":true,"href":"https:\/\/fedai.az\/index.php?rest_route=%2Fwp%2Fv2%2Ftags&post=46364"}],"curies":[{"name":"wp","href":"https:\/\/api.w.org\/{rel}","templated":true}]}}