{"id":46370,"date":"2021-08-25T11:31:26","date_gmt":"2021-08-25T07:31:26","guid":{"rendered":"https:\/\/fedai.az\/?p=46370"},"modified":"2022-08-17T23:40:52","modified_gmt":"2022-08-17T19:40:52","slug":"sabah-avmvib-nin-yarandigi-gundur","status":"publish","type":"post","link":"https:\/\/fedai.az\/?p=46370","title":{"rendered":"Sabah AVMV\u0130B-nin yarand\u0131\u011f\u0131 g\u00fcnd\u00fcr"},"content":{"rendered":"\n<p><mark style=\"background-color:rgba(0, 0, 0, 0)\" class=\"has-inline-color has-vivid-red-color\"><strong>Az\u0259rbaycan V\u0259t\u0259n M\u00fcharib\u0259si Veteranlar\u0131 \u0130ctimai Birliyinin (AVMV\u0130B)<\/strong> <strong>yaranmas\u0131n\u0131n sabah 27 ya\u015f\u0131 tamam olur!<\/strong><\/mark><\/p>\n\n\n\n<p><strong>Az\u0259rbaycan V\u0259t\u0259n M\u00fcharib\u0259si Veteranlar\u0131 \u0130ctimai Birliyi (AVMV\u0130B) 1994-c\u00fc ild\u0259 Bak\u0131da t\u0259sis olunub. \u0130ctimai Birliyin m\u0259ram v\u0259 m\u0259qs\u0259di m\u00fcharib\u0259 i\u015ftirak\u00e7\u0131lar\u0131n\u0131n sosial h\u00fcquqlar\u0131n\u0131n b\u0259rpas\u0131 v\u0259 qorunmas\u0131, veteranlara v\u0259 onlar\u0131n ail\u0259 \u00fczvl\u0259rin\u0259 h\u00fcquqi yard\u0131m g\u00f6st\u0259rilm\u0259sind\u0259, h\u0259m\u00e7inin \u0259m\u0259k bazar\u0131na haz\u0131rlanmas\u0131nda yax\u0131ndan k\u00f6m\u0259klik g\u00f6st\u0259rm\u0259kdir.<\/strong><\/p>\n\n\n\n<figure class=\"wp-block-gallery has-nested-images columns-default is-cropped wp-block-gallery-1 is-layout-flex wp-block-gallery-is-layout-flex\">\n<figure class=\"wp-block-image size-large\"><img loading=\"lazy\" decoding=\"async\" width=\"960\" height=\"540\" data-id=\"46380\" src=\"https:\/\/fedai.az\/wp-content\/uploads\/2021\/08\/f12c7517-51530079847.jpg\" alt=\"\" class=\"wp-image-46380\" srcset=\"https:\/\/fedai.az\/wp-content\/uploads\/2021\/08\/f12c7517-51530079847.jpg 960w, https:\/\/fedai.az\/wp-content\/uploads\/2021\/08\/f12c7517-51530079847-300x169.jpg 300w, https:\/\/fedai.az\/wp-content\/uploads\/2021\/08\/f12c7517-51530079847-150x84.jpg 150w, https:\/\/fedai.az\/wp-content\/uploads\/2021\/08\/f12c7517-51530079847-768x432.jpg 768w\" sizes=\"auto, (max-width: 960px) 100vw, 960px\" \/><\/figure>\n\n\n\n<figure class=\"wp-block-image size-large\"><img loading=\"lazy\" decoding=\"async\" width=\"960\" height=\"638\" data-id=\"46381\" src=\"https:\/\/fedai.az\/wp-content\/uploads\/2021\/08\/46eeW3.jpg\" alt=\"\" class=\"wp-image-46381\" srcset=\"https:\/\/fedai.az\/wp-content\/uploads\/2021\/08\/46eeW3.jpg 960w, https:\/\/fedai.az\/wp-content\/uploads\/2021\/08\/46eeW3-300x199.jpg 300w, https:\/\/fedai.az\/wp-content\/uploads\/2021\/08\/46eeW3-150x100.jpg 150w, https:\/\/fedai.az\/wp-content\/uploads\/2021\/08\/46eeW3-768x510.jpg 768w\" sizes=\"auto, (max-width: 960px) 100vw, 960px\" \/><\/figure>\n<\/figure>\n\n\n\n<p><br>2016-ci il Aprel d\u00f6y\u00fc\u015fl\u0259rind\u0259n sonra \u0130ctimai Birliyin s\u0131ralar\u0131 daha da artm\u0131\u015fd\u0131r. Buna s\u0259b\u0259b AVMV\u0130B-nin r\u0259hb\u0259rliyinin v\u0259t\u0259np\u0259rv\u0259rlik m\u00f6vzular\u0131nda m\u0259d\u0259ni v\u0259 sosial m\u00f6zvulu silsil\u0259 t\u0259dbirl\u0259ri h\u0259yata ke\u00e7irm\u0259si, m\u00fct\u0259madi olaraq \u015e\u0259hid ail\u0259l\u0259l\u0259rini, Qaraba\u011f m\u00fcharib\u0259si i\u015ftirak\u00e7\u0131lar\u0131n\u0131, \u00fcmumiyy\u0259tl\u0259 b\u00fct\u00fcn veteranlar\u0131 m\u00fct\u0259madi ziyar\u0259t etm\u0259l\u0259ri, onlar\u0131n probleml\u0259ri haqq\u0131nda vaxta\u015f\u0131r\u0131 ara\u015fd\u0131rmalar aparmaqla yana\u015f\u0131, d\u00f6vl\u0259t t\u0259dbirl\u0259rind\u0259, h\u0259m\u00e7inin yerli icra hakimiyy\u0259ti orqanlar\u0131, o c\u00fcml\u0259d\u0259n, \u00fcmumt\u0259hsil m\u0259kt\u0259bl\u0259ri v\u0259 universitetl\u0259r il\u0259 birlikd\u0259 m\u0259d\u0259ni-k\u00fctl\u0259vi t\u0259dbirl\u0259rin haz\u0131rlanmas\u0131nda v\u0259 ke\u00e7irilm\u0259sind\u0259 yax\u0131ndan i\u015ftirak etm\u0259sidir.<\/p>\n\n\n\n<p><br>44 g\u00fcnl\u00fck V\u0259t\u0259n M\u00fcharib\u0259si g\u00fcnl\u0259rind\u0259 Az\u0259rbaycan V\u0259t\u0259n M\u00fcharib\u0259si Veteranlar\u0131 \u0130ctimai Birliyi (AVMV\u0130B) &#171;Orduya D\u0259st\u0259k&#187; q\u0259rargah\u0131 yaradaraq, h\u0259m d\u00f6y\u00fc\u015fd\u0259, h\u0259m arxa c\u0259bh\u0259d\u0259 \u0259sg\u0259r v\u0259 zabitl\u0259rimizin yan\u0131nda oldu. Minl\u0259rl\u0259 m\u00fcharib\u0259 veteran\u0131n \u00f6vlad\u0131 bu d\u00f6y\u00fc\u015fl\u0259rd\u0259 atalar\u0131n\u0131n yoluyla ged\u0259r\u0259k bizl\u0259ri bu B\u00f6y\u00fck Z\u0259f\u0259r\u0259 qovu\u015fdurdular. Bu m\u00fcq\u0259dd\u0259s yolda \u015f\u0259hid olanlara Allahdan r\u0259hm\u0259t, qazil\u0259rimiz\u0259 cansa\u011fl\u0131\u011f\u0131 arzulay\u0131r\u0131q. AVMV\u0130B ilk d\u0259f\u0259 olaraq 27 ya\u015f\u0131n\u0131 daim arzulad\u0131\u011f\u0131m\u0131z Z\u0259f\u0259r m\u00fcjd\u0259siyl\u0259 qeyd edir. Bu g\u00fcn d\u00f6y\u00fc\u015fd\u0259n qay\u0131tm\u0131\u015f d\u00f6y\u00fc\u015f\u00e7\u00fcl\u0259rin Birliy\u0259 \u00fcz tutmalar\u0131 s\u0259b\u0259bind\u0259n say\u0131m\u0131z art\u0131q 81 min n\u0259f\u0259ri ke\u00e7ib. Y\u0259ni AVMV\u0130B \u00f6lk\u0259nin \u0259n iri ictimai birliyi olaraq qalmaqdad\u0131r.<\/p>\n\n\n\n<figure class=\"wp-block-embed is-type-video is-provider-youtube wp-block-embed-youtube wp-embed-aspect-16-9 wp-has-aspect-ratio\"><div class=\"wp-block-embed__wrapper\">\n<iframe loading=\"lazy\" title=\"AVMV\u0130B: Film kimi 25 il\" width=\"715\" height=\"402\" src=\"https:\/\/www.youtube.com\/embed\/g6wXgheZh38?feature=oembed\" frameborder=\"0\" allow=\"accelerometer; autoplay; clipboard-write; encrypted-media; gyroscope; picture-in-picture\" allowfullscreen><\/iframe>\n<\/div><\/figure>\n\n\n\n<p><br>Bu g\u00fcn AVMV\u0130B c\u0259miyy\u0259timizd\u0259 Qaraba\u011f m\u00fcharib\u0259si veteranlar\u0131n\u0131n yerini y\u00fcks\u0259k tutur, onlar\u0131n ke\u00e7diyi h\u0259yat yolunu qiym\u0259tl\u0259ndirir v\u0259 sosial f\u0259aliyy\u0259tl\u0259rini g\u00fccl\u0259ndirm\u0259l\u0259ri \u00fc\u00e7\u00fcn m\u00fcxt\u0259lif t\u0259dbirl\u0259r h\u0259yata ke\u00e7irir. M\u00fcharib\u0259 veteranlar\u0131n\u0131n \u00e7ox sayl\u0131 m\u00fcraci\u0259tl\u0259rini v\u0259 \u0130dar\u0259 Hey\u0259tinin q\u0259rar\u0131yla \u201cM\u00fcharib\u0259 veteran\u0131\u201d, &#171;AVMV\u0130B 25 il&#187; v\u0259 \u201cMilli ordu-100\u201d xatir\u0259 medallar\u0131n\u0131 t\u0259sis etmi\u015fdir. H\u0259min medallar ictimai f\u0259aliyy\u0259timizd\u0259 daha f\u0259al m\u00fcharib\u0259 veteranlar\u0131 v\u0259 m\u00fcharib\u0259 \u0259lill\u0259rin\u0259 qay\u011f\u0131 g\u00f6st\u0259r\u0259n, onlar\u0131n dostu olan h\u00fcquqi v\u0259 fiziki \u015f\u0259xsl\u0259r\u0259 t\u0259qdim olunur, onlar\u0131 g\u0259l\u0259c\u0259kd\u0259 d\u0259 bu kimi xeyirxah t\u0259dbirl\u0259r v\u0259 aksiyalar ke\u00e7irm\u0259l\u0259rin\u0259 s\u00f6vq edir.<\/p>\n\n\n\n<p><br>AVMV\u0130B-nin m\u0259tbu orqan\u0131 kimi h\u0259ft\u0259lik \u00abF\u0259dai\u00bb q\u0259zeti m\u00f6vcuddur. Q\u0259zetin eyniadl\u0131 www.fedai.az internet versiyas\u0131 f\u0259aliyy\u0259t g\u00f6st\u0259rir. Lakin \u00fczvl\u0259rinin say\u0131n\u0131n \u00e7oxlu\u011fu, buna m\u00fcvafiq olaraq da t\u0259dbirl\u0259rinin say\u0131n\u0131n artmas\u0131 AVMV\u0130B-nin www.veteran.az sayt\u0131n\u0131 t\u0259sis etm\u0259sin\u0259 s\u0259b\u0259b olmu\u015fdur. Saytda Veteran TV \u2014 internet televiziyas\u0131 f\u0259aliyy\u0259t g\u00f6st\u0259rir. Veteran Radio \u2014 layih\u0259si is\u0259 m\u00fcharib\u0259nin a\u011fr\u0131-ac\u0131lar\u0131n\u0131 g\u00f6rm\u00fc\u015f insanlar\u0131n xatir\u0259sini, onlar\u0131n m\u00fcsahib\u0259l\u0259rini h\u0259m respublika \u00fczr\u0259, h\u0259m d\u0259 Az\u0259rbaycandan k\u0259nara \u2014 d\u00fcnya ictimaiyy\u0259ti qar\u015f\u0131s\u0131na \u00e7\u0131xarmaqla Qaraba\u011f h\u0259qiq\u0259tl\u0259rini t\u0259bli\u011f edir.<\/p>\n\n\n\n<p>V\u0259t\u0259nimizin v\u0259 xalq\u0131m\u0131z\u0131n ill\u0259rl\u0259 arzulad\u0131\u011f\u0131 Z\u0259f\u0259r m\u00fcjd\u0259li bir g\u00fcnd\u0259 AVMV\u0130B-nin 27 ya\u015f\u0131 tamam olur. Bu g\u00fcn \u00fc\u00e7\u00fcn 27 il birg\u0259 y\u00fcr\u00fcd\u00fck.<\/p>\n\n\n\n<figure class=\"wp-block-embed is-type-video is-provider-dailymotion wp-block-embed-dailymotion wp-embed-aspect-16-9 wp-has-aspect-ratio\"><div class=\"wp-block-embed__wrapper\">\n<iframe loading=\"lazy\" title=\"AVMV\u0130B \u00f6n c\u0259bh\u0259d\u0259: \u0130ki d\u00f6y\u00fc\u015f\u00e7\u00fc n\u0259slin g\u00f6r\u00fc\u015f\u00fc\" frameborder=\"0\" width=\"715\" height=\"402\" src=\"https:\/\/www.dailymotion.com\/embed\/video\/x7wpp65\" allowfullscreen allow=\"autoplay\"><\/iframe>\n<\/div><\/figure>\n\n\n\n<p><br>Bu m\u00fcnasib\u0259tl\u0259 b\u00fct\u00fcn m\u00fcharib\u0259 veteranlar\u0131n\u0131 v\u0259 AVMV\u0130B-nin ayaq \u00fcstd\u0259 qalmas\u0131nda pay\u0131 olan m\u0259rd v\u0259 c\u0259sur veteranlar\u0131m\u0131z\u0131 t\u0259brik edirik. Bizim \u00fc\u00e7\u00fcn sava\u015f bitm\u0259z.<\/p>\n\n\n\n<p><br>&#171;Ayaqlar\u0131m, qollar\u0131m, g\u00f6zl\u0259rim olmadan ya\u015faya bil\u0259r\u0259m. \u00abAncaq v\u0259t\u0259nim olmadan, ya\u015faya bilm\u0259r\u0259m\u00bb, dey\u0259n veteranlar\u0131m\u0131za e\u015fq olsun!<\/p>\n\n\n\n<p><br>&#171;Bu v\u0259t\u0259n \u00e7\u00f6r\u0259yini yediyimiz kimi, onun u\u011frunda qur\u011fu\u015fun yem\u0259yi d\u0259 bilirik!&#187;-dey\u0259n veteranlar\u0131m\u0131za e\u015fq olsun!<\/p>\n\n\n\n<p><br>\u015e\u0259hid qan\u0131 il\u0259 sulanan bir torpa\u011fa x\u0259yan\u0259t ed\u0259 bilm\u0259r\u0259m v\u0259 \u015f\u0259hid olmaq \u00fc\u00e7\u00fcn dua etmi\u015f bir qazinin d\u0259 haqq\u0131n\u0131 kims\u0259 \u00f6d\u0259y\u0259 bilm\u0259z!<br>\u015e\u0259hid nurlanm\u0131\u015f, Qazi \u015f\u0259r\u0259fl\u0259nmi\u015f bir \u0259sg\u0259rdi.<\/p>\n\n\n\n<p><br>B\u0259lk\u0259 d\u0259 \u015f\u0259hid olmaq ist\u0259yirdil\u0259r. Ancaq Allah Qazilik n\u0259sib etdi. Onlar da Qazi kimi ya\u015fad\u0131lar.<\/p>\n\n\n\n<figure class=\"wp-block-gallery has-nested-images columns-default is-cropped wp-block-gallery-2 is-layout-flex wp-block-gallery-is-layout-flex\">\n<figure class=\"wp-block-image size-large\"><img loading=\"lazy\" decoding=\"async\" width=\"715\" height=\"400\" data-id=\"46371\" src=\"https:\/\/fedai.az\/wp-content\/uploads\/2021\/08\/IMG-20201008-WA0039-715x400-2.jpg\" alt=\"\" class=\"wp-image-46371\" srcset=\"https:\/\/fedai.az\/wp-content\/uploads\/2021\/08\/IMG-20201008-WA0039-715x400-2.jpg 715w, https:\/\/fedai.az\/wp-content\/uploads\/2021\/08\/IMG-20201008-WA0039-715x400-2-300x168.jpg 300w, https:\/\/fedai.az\/wp-content\/uploads\/2021\/08\/IMG-20201008-WA0039-715x400-2-150x84.jpg 150w\" sizes=\"auto, (max-width: 715px) 100vw, 715px\" \/><\/figure>\n\n\n\n<figure class=\"wp-block-image size-large\"><img loading=\"lazy\" decoding=\"async\" width=\"1024\" height=\"576\" data-id=\"46372\" src=\"https:\/\/fedai.az\/wp-content\/uploads\/2021\/08\/IMG-20201005-WA0032-1024x576-1.jpg\" alt=\"\" class=\"wp-image-46372\" srcset=\"https:\/\/fedai.az\/wp-content\/uploads\/2021\/08\/IMG-20201005-WA0032-1024x576-1.jpg 1024w, https:\/\/fedai.az\/wp-content\/uploads\/2021\/08\/IMG-20201005-WA0032-1024x576-1-300x169.jpg 300w, https:\/\/fedai.az\/wp-content\/uploads\/2021\/08\/IMG-20201005-WA0032-1024x576-1-150x84.jpg 150w, https:\/\/fedai.az\/wp-content\/uploads\/2021\/08\/IMG-20201005-WA0032-1024x576-1-768x432.jpg 768w\" sizes=\"auto, (max-width: 1024px) 100vw, 1024px\" \/><\/figure>\n\n\n\n<figure class=\"wp-block-image size-large\"><img loading=\"lazy\" decoding=\"async\" width=\"720\" height=\"960\" data-id=\"46373\" src=\"https:\/\/fedai.az\/wp-content\/uploads\/2021\/08\/126911286_420936529279906_2635270381803180083_n.jpg\" alt=\"\" class=\"wp-image-46373\" srcset=\"https:\/\/fedai.az\/wp-content\/uploads\/2021\/08\/126911286_420936529279906_2635270381803180083_n.jpg 720w, https:\/\/fedai.az\/wp-content\/uploads\/2021\/08\/126911286_420936529279906_2635270381803180083_n-225x300.jpg 225w, https:\/\/fedai.az\/wp-content\/uploads\/2021\/08\/126911286_420936529279906_2635270381803180083_n-113x150.jpg 113w\" sizes=\"auto, (max-width: 720px) 100vw, 720px\" \/><\/figure>\n<\/figure>\n\n\n\n<p><br><strong>Onlar \u015fanl\u0131 tariximizin \u0259b\u0259di q\u0259hr\u0259manlar\u0131d\u0131r \u2026<\/strong><\/p>\n\n\n\n<p>\u015e\u0259hidlik v\u0259 qazilik ad\u0131 he\u00e7 bir maddi d\u0259y\u0259r v\u0259 d\u00fcnya d\u0259y\u0259ri il\u0259 \u00f6l\u00e7\u00fclm\u0259y\u0259c\u0259k q\u0259d\u0259r b\u00f6y\u00fckd\u00fcr. \u018fmin\u0259m ki, qazil\u0259rimiz \u015f\u0259r\u0259fli, l\u0259yaq\u0259tli duru\u015flar\u0131, V\u0259t\u0259n sevgil\u0259ri v\u0259 q\u0259hr\u0259manl\u0131qlar\u0131 il\u0259 t\u0259msil etdikl\u0259ri d\u0259y\u0259rl\u0259rin \u015f\u00fcuru il\u0259 yeni n\u0259sill\u0259r\u0259 r\u0259hb\u0259rlik ed\u0259c\u0259kl\u0259r.<\/p>\n\n\n\n<figure class=\"wp-block-gallery has-nested-images columns-default is-cropped wp-block-gallery-3 is-layout-flex wp-block-gallery-is-layout-flex\">\n<figure class=\"wp-block-image size-large\"><img loading=\"lazy\" decoding=\"async\" width=\"1024\" height=\"768\" data-id=\"46374\" src=\"https:\/\/fedai.az\/wp-content\/uploads\/2021\/08\/128280826_197355918526392_396082922412985292_n-1024x768-1.jpg\" alt=\"\" class=\"wp-image-46374\" srcset=\"https:\/\/fedai.az\/wp-content\/uploads\/2021\/08\/128280826_197355918526392_396082922412985292_n-1024x768-1.jpg 1024w, https:\/\/fedai.az\/wp-content\/uploads\/2021\/08\/128280826_197355918526392_396082922412985292_n-1024x768-1-300x225.jpg 300w, https:\/\/fedai.az\/wp-content\/uploads\/2021\/08\/128280826_197355918526392_396082922412985292_n-1024x768-1-150x113.jpg 150w, https:\/\/fedai.az\/wp-content\/uploads\/2021\/08\/128280826_197355918526392_396082922412985292_n-1024x768-1-768x576.jpg 768w\" sizes=\"auto, (max-width: 1024px) 100vw, 1024px\" \/><\/figure>\n\n\n\n<figure class=\"wp-block-image size-large\"><img loading=\"lazy\" decoding=\"async\" width=\"1024\" height=\"768\" data-id=\"46375\" src=\"https:\/\/fedai.az\/wp-content\/uploads\/2021\/08\/IMG-20201020-WA0012-1024x768-1.jpg\" alt=\"\" class=\"wp-image-46375\" srcset=\"https:\/\/fedai.az\/wp-content\/uploads\/2021\/08\/IMG-20201020-WA0012-1024x768-1.jpg 1024w, https:\/\/fedai.az\/wp-content\/uploads\/2021\/08\/IMG-20201020-WA0012-1024x768-1-300x225.jpg 300w, https:\/\/fedai.az\/wp-content\/uploads\/2021\/08\/IMG-20201020-WA0012-1024x768-1-150x113.jpg 150w, https:\/\/fedai.az\/wp-content\/uploads\/2021\/08\/IMG-20201020-WA0012-1024x768-1-768x576.jpg 768w\" sizes=\"auto, (max-width: 1024px) 100vw, 1024px\" \/><\/figure>\n\n\n\n<figure class=\"wp-block-image size-large\"><img loading=\"lazy\" decoding=\"async\" width=\"1024\" height=\"576\" data-id=\"46376\" src=\"https:\/\/fedai.az\/wp-content\/uploads\/2021\/08\/IMG-20200930-WA0114-1024x576-1.jpg\" alt=\"\" class=\"wp-image-46376\" srcset=\"https:\/\/fedai.az\/wp-content\/uploads\/2021\/08\/IMG-20200930-WA0114-1024x576-1.jpg 1024w, https:\/\/fedai.az\/wp-content\/uploads\/2021\/08\/IMG-20200930-WA0114-1024x576-1-300x169.jpg 300w, https:\/\/fedai.az\/wp-content\/uploads\/2021\/08\/IMG-20200930-WA0114-1024x576-1-150x84.jpg 150w, https:\/\/fedai.az\/wp-content\/uploads\/2021\/08\/IMG-20200930-WA0114-1024x576-1-768x432.jpg 768w\" sizes=\"auto, (max-width: 1024px) 100vw, 1024px\" \/><\/figure>\n<\/figure>\n\n\n\n<p><br>Tanr\u0131 veteranlar\u0131m\u0131z\u0131 qorusun!<\/p>\n\n\n\n<p><strong><span class=\"has-inline-color has-vivid-red-color\">44 g\u00fcnl\u00fck V\u0259t\u0259n M\u00fcharib\u0259si bir daha g\u00f6st\u0259rdi ki, V\u0259t\u0259n sizl\u0259rin \u00e7iyni v\u0259 \u015f\u0259hidl\u0259rimizin qan\u0131 \u00fcz\u0259rind\u0259 b\u0259rq\u0259rar olub. Bir daha AVMV\u0130B-nin 27 illiyi m\u00fcnasib\u0259tiyl\u0259 h\u0259r biriniz\u0259 xo\u015f arzular\u0131m\u0131z\u0131 \u00e7atd\u0131r\u0131r\u0131q!<\/span><\/strong><\/p>\n\n\n\n<p><br><strong>AVMV\u0130B M\u0259tbuat Xidm\u0259ti<\/strong><\/p>\n\n\n\n<figure class=\"wp-block-gallery has-nested-images columns-default is-cropped wp-block-gallery-4 is-layout-flex wp-block-gallery-is-layout-flex\">\n<figure class=\"wp-block-image size-large\"><img loading=\"lazy\" decoding=\"async\" width=\"576\" height=\"1024\" data-id=\"46378\" src=\"https:\/\/fedai.az\/wp-content\/uploads\/2021\/08\/IMG-20200930-WA0107-576x1024-1.jpg\" alt=\"\" class=\"wp-image-46378\" srcset=\"https:\/\/fedai.az\/wp-content\/uploads\/2021\/08\/IMG-20200930-WA0107-576x1024-1.jpg 576w, https:\/\/fedai.az\/wp-content\/uploads\/2021\/08\/IMG-20200930-WA0107-576x1024-1-169x300.jpg 169w, https:\/\/fedai.az\/wp-content\/uploads\/2021\/08\/IMG-20200930-WA0107-576x1024-1-84x150.jpg 84w\" sizes=\"auto, (max-width: 576px) 100vw, 576px\" \/><\/figure>\n\n\n\n<figure class=\"wp-block-image size-large\"><img loading=\"lazy\" decoding=\"async\" width=\"528\" height=\"960\" data-id=\"46379\" src=\"https:\/\/fedai.az\/wp-content\/uploads\/2021\/08\/126799979_420936579279901_1928871675674015604_n.jpg\" alt=\"\" class=\"wp-image-46379\" srcset=\"https:\/\/fedai.az\/wp-content\/uploads\/2021\/08\/126799979_420936579279901_1928871675674015604_n.jpg 528w, https:\/\/fedai.az\/wp-content\/uploads\/2021\/08\/126799979_420936579279901_1928871675674015604_n-165x300.jpg 165w, https:\/\/fedai.az\/wp-content\/uploads\/2021\/08\/126799979_420936579279901_1928871675674015604_n-83x150.jpg 83w\" sizes=\"auto, (max-width: 528px) 100vw, 528px\" \/><\/figure>\n<\/figure>\n\n\n\n<figure class=\"wp-block-image size-large\"><img loading=\"lazy\" decoding=\"async\" width=\"1024\" height=\"768\" src=\"https:\/\/fedai.az\/wp-content\/uploads\/2021\/08\/IMG-20201020-WA0001-1024x768-1.jpg\" alt=\"\" class=\"wp-image-46377\" srcset=\"https:\/\/fedai.az\/wp-content\/uploads\/2021\/08\/IMG-20201020-WA0001-1024x768-1.jpg 1024w, https:\/\/fedai.az\/wp-content\/uploads\/2021\/08\/IMG-20201020-WA0001-1024x768-1-300x225.jpg 300w, https:\/\/fedai.az\/wp-content\/uploads\/2021\/08\/IMG-20201020-WA0001-1024x768-1-150x113.jpg 150w, https:\/\/fedai.az\/wp-content\/uploads\/2021\/08\/IMG-20201020-WA0001-1024x768-1-768x576.jpg 768w\" sizes=\"auto, (max-width: 1024px) 100vw, 1024px\" \/><\/figure>\n","protected":false},"excerpt":{"rendered":"<p>Az\u0259rbaycan V\u0259t\u0259n M\u00fcharib\u0259si Veteranlar\u0131 \u0130ctimai Birliyinin (AVMV\u0130B) yaranmas\u0131n\u0131n sabah 27 ya\u015f\u0131 tamam olur! Az\u0259rbaycan V\u0259t\u0259n M\u00fcharib\u0259si Veteranlar\u0131 \u0130ctimai Birliyi (AVMV\u0130B) 1994-c\u00fc ild\u0259 Bak\u0131da t\u0259sis<\/p>\n","protected":false},"author":2,"featured_media":46382,"comment_status":"closed","ping_status":"closed","sticky":false,"template":"","format":"standard","meta":{"footnotes":""},"categories":[11],"tags":[],"class_list":["post-46370","post","type-post","status-publish","format-standard","has-post-thumbnail","hentry","category-tbrik"],"aioseo_notices":[],"_links":{"self":[{"href":"https:\/\/fedai.az\/index.php?rest_route=\/wp\/v2\/posts\/46370","targetHints":{"allow":["GET"]}}],"collection":[{"href":"https:\/\/fedai.az\/index.php?rest_route=\/wp\/v2\/posts"}],"about":[{"href":"https:\/\/fedai.az\/index.php?rest_route=\/wp\/v2\/types\/post"}],"author":[{"embeddable":true,"href":"https:\/\/fedai.az\/index.php?rest_route=\/wp\/v2\/users\/2"}],"replies":[{"embeddable":true,"href":"https:\/\/fedai.az\/index.php?rest_route=%2Fwp%2Fv2%2Fcomments&post=46370"}],"version-history":[{"count":2,"href":"https:\/\/fedai.az\/index.php?rest_route=\/wp\/v2\/posts\/46370\/revisions"}],"predecessor-version":[{"id":78943,"href":"https:\/\/fedai.az\/index.php?rest_route=\/wp\/v2\/posts\/46370\/revisions\/78943"}],"wp:featuredmedia":[{"embeddable":true,"href":"https:\/\/fedai.az\/index.php?rest_route=\/wp\/v2\/media\/46382"}],"wp:attachment":[{"href":"https:\/\/fedai.az\/index.php?rest_route=%2Fwp%2Fv2%2Fmedia&parent=46370"}],"wp:term":[{"taxonomy":"category","embeddable":true,"href":"https:\/\/fedai.az\/index.php?rest_route=%2Fwp%2Fv2%2Fcategories&post=46370"},{"taxonomy":"post_tag","embeddable":true,"href":"https:\/\/fedai.az\/index.php?rest_route=%2Fwp%2Fv2%2Ftags&post=46370"}],"curies":[{"name":"wp","href":"https:\/\/api.w.org\/{rel}","templated":true}]}}