{"id":46384,"date":"2021-08-25T12:05:24","date_gmt":"2021-08-25T08:05:24","guid":{"rendered":"https:\/\/fedai.az\/?p=46384"},"modified":"2021-08-25T12:05:26","modified_gmt":"2021-08-25T08:05:26","slug":"s%c9%99hidl%c9%99rimiz-son-n%c9%99f%c9%99sin%c9%99d%c9%99k-dusm%c9%99n%c9%99-qarsi-m%c9%99rdlikl%c9%99-doyus%c9%99n-xususi-t%c9%99yinatli","status":"publish","type":"post","link":"https:\/\/fedai.az\/?p=46384","title":{"rendered":"\u015e\u0259hidl\u0259rimiz: Son n\u0259f\u0259sin\u0259d\u0259k d\u00fc\u015fm\u0259n\u0259 qar\u015f\u0131 m\u0259rdlikl\u0259 d\u00f6y\u00fc\u015f\u0259n x\u00fcsusi t\u0259yinatl\u0131&#8230;"},"content":{"rendered":"\n<p><strong>Az\u0259rbaycan\u0131n 30 il\u0259 yax\u0131n m\u00fcasir m\u00fcst\u0259qillik d\u00f6vr\u00fcn\u00fcn 28 ili respublikam\u0131z\u0131n \u0259razisinin bir hiss\u0259sinin Erm\u0259nistan\u0131n h\u0259rbi t\u0259cav\u00fcz\u00fc n\u0259tic\u0259sind\u0259 i\u015f\u011fal alt\u0131nda qalmas\u0131 il\u0259 ke\u00e7ib. Bir milyona yax\u0131n soyda\u015f\u0131m\u0131z h\u0259min ill\u0259ri do\u011fma yurd h\u0259sr\u0259ti il\u0259 ya\u015fay\u0131b. Minl\u0259rl\u0259 m\u0259cburi k\u00f6\u00e7k\u00fcn v\u0259t\u0259nda\u015f\u0131m\u0131z, soyq\u0131r\u0131m qurbanlar\u0131 v\u0259 \u015f\u0259hidl\u0259rin do\u011fmalar\u0131n\u0131n bir qismi d\u00fc\u015fm\u0259nd\u0259n qisas al\u0131nd\u0131\u011f\u0131, onun m\u0259\u011flub edildiyi g\u00fcnl\u0259ri g\u00f6rm\u0259d\u0259n d\u00fcnyadan k\u00f6\u00e7\u00fcb. Qaraba\u011fl\u0131 olaraq Qaraba\u011fs\u0131z b\u00f6y\u00fcy\u0259n yeni n\u0259sil yeti\u015fib. Bir s\u0131ra m\u0259d\u0259ni v\u0259 t\u0259bii s\u0259rv\u0259tl\u0259rimiz i\u015f\u011fal d\u00f6vr\u00fcnd\u0259 h\u0259mi\u015f\u0259lik olaraq itirilib. \u015e\u00fcbh\u0259siz ki, d\u00f6vl\u0259timiz v\u0259 xalq\u0131m\u0131z \u00fc\u00e7\u00fcn bel\u0259 bir a\u011f\u0131r ger\u00e7\u0259klik q\u0259buledilm\u0259z idi. Torpaqlar\u0131m\u0131z\u0131n i\u015f\u011fal\u0131na s\u00fclh yolu il\u0259 son qoyulaca\u011f\u0131na bu uzun ill\u0259r \u0259rzind\u0259 he\u00e7 k\u0259sd\u0259 inam qalmam\u0131\u015fd\u0131. M\u0259hz V\u0259t\u0259n m\u00fcharib\u0259sinin ba\u015flamas\u0131 v\u0259 tarixi z\u0259f\u0259rimizl\u0259 ba\u015fa \u00e7atmas\u0131 d\u00f6vl\u0259timizin h\u0259yat\u0131nda \u015f\u0259r\u0259fli bir s\u0259hif\u0259nin b\u00fcn\u00f6vr\u0259sini qoydu. 2020-ci ilin 10 noyabr tarixind\u0259 qalib d\u00f6vl\u0259t\u0259 \u00e7evrildik.<\/strong><\/p>\n\n\n\n<p>Az\u0259rbaycan\u0131 layiq oldu\u011fu, haqq etdiyi qalib d\u00f6vl\u0259t\u0259 \u00e7evir\u0259n igid o\u011fullar\u0131n f\u0259dakarl\u0131\u011f\u0131 unudulmazd\u0131r. Onlar\u0131n h\u0259r birinin d\u00f6y\u00fc\u015f yolundan iftixarla dan\u0131\u015f\u0131l\u0131r, \u015f\u0259hidl\u0259rin xatir\u0259sin\u0259 v\u0259 qazil\u0259r\u0259 \u00fcmumxalq ehtiram\u0131n\u0131n \u015fahidi oluruq. \u015e\u0259hidl\u0259r biz\u0259 \u00f6rn\u0259k olan qeyr\u0259t m\u0259kt\u0259bini miras qoyublar.<\/p>\n\n\n\n<figure class=\"wp-block-image size-large\"><img loading=\"lazy\" decoding=\"async\" width=\"714\" height=\"1024\" src=\"https:\/\/fedai.az\/wp-content\/uploads\/2021\/08\/240536244_225157999415799_1410682909557793117_n-714x1024.jpg\" alt=\"\" class=\"wp-image-46385\" srcset=\"https:\/\/fedai.az\/wp-content\/uploads\/2021\/08\/240536244_225157999415799_1410682909557793117_n-714x1024.jpg 714w, https:\/\/fedai.az\/wp-content\/uploads\/2021\/08\/240536244_225157999415799_1410682909557793117_n-209x300.jpg 209w, https:\/\/fedai.az\/wp-content\/uploads\/2021\/08\/240536244_225157999415799_1410682909557793117_n-105x150.jpg 105w, https:\/\/fedai.az\/wp-content\/uploads\/2021\/08\/240536244_225157999415799_1410682909557793117_n-768x1102.jpg 768w, https:\/\/fedai.az\/wp-content\/uploads\/2021\/08\/240536244_225157999415799_1410682909557793117_n.jpg 892w\" sizes=\"auto, (max-width: 714px) 100vw, 714px\" \/><\/figure>\n\n\n\n<p>V\u0259t\u0259n m\u00fcharib\u0259sind\u0259 \u0259razi b\u00fct\u00f6vl\u00fcy\u00fcm\u00fcz\u00fcn b\u0259rpas\u0131 namin\u0259 h\u0259yat\u0131n\u0131 qurban ver\u0259n Daxili \u0130\u015fl\u0259r Nazirliyi Daxili Qo\u015funlar\u0131n\u0131n x\u00fcsusi t\u0259yinatl\u0131lar\u0131 siyah\u0131s\u0131nda gizir Ta\u011f\u0131zad\u0259 Cahid Vahid o\u011flunun da ad\u0131 var. O, 12 fevral 1988-ci ild\u0259 B\u0259rd\u0259 rayonunun Mirzal\u0131b\u0259yli k\u0259ndind\u0259 anadan olub. Vahid Ta\u011f\u0131zad\u0259 v\u0259 Reyhan Ta\u011f\u0131zad\u0259nin 3 o\u011flundan biri, ail\u0259nin ilk \u00f6vlad\u0131 olan Cahid valideynl\u0259ri t\u0259r\u0259find\u0259n el-oba q\u0259drini bil\u0259n, xeyirxah, ail\u0259canl\u0131, z\u0259hm\u0259tke\u015f, d\u00fcr\u00fcst, l\u0259yaq\u0259tli g\u0259nc kimi yeti\u015fdirilib. Mirzal\u0131b\u0259yli k\u0259ndind\u0259ki \u018fsman \u0130smay\u0131lov ad\u0131na tam orta m\u0259kt\u0259bi bitirib. M\u00fcsb\u0259t \u015f\u0259xsi keyfiyy\u0259tl\u0259rin\u0259 g\u00f6r\u0259 h\u0259mk\u0259ndlil\u0259rinin h\u00f6rm\u0259tini qazan\u0131b. Cahid yeniyetm\u0259lik ya\u015flar\u0131ndan idmana maraq g\u00f6st\u0259rib, fitnes, a\u011f\u0131rl\u0131qqald\u0131rma il\u0259 m\u0259\u015f\u011ful olub. H\u0259l\u0259 orta m\u0259kt\u0259bd\u0259 oxudu\u011fu ill\u0259rd\u0259 Cahidd\u0259 h\u0259rb\u00e7i pe\u015f\u0259sin\u0259 r\u0259\u011fb\u0259t yaran\u0131b. Bu r\u0259\u011fb\u0259ti bar\u0259d\u0259 ail\u0259 \u00fczvl\u0259ri v\u0259 yolda\u015flar\u0131 il\u0259 s\u00f6hb\u0259tl\u0259rind\u0259 dan\u0131\u015f\u0131b. H\u0259rbi xidm\u0259t haqq\u0131nda m\u0259tbuatda, televiziyada veril\u0259n informasiyalara x\u00fcsusi diqq\u0259t yetirib. Onun u\u015faql\u0131q, yeniyetm\u0259lik, g\u0259nclik ill\u0259ri Birinci Qaraba\u011f m\u00fcharib\u0259si v\u0259 at\u0259\u015fk\u0259s d\u00f6vr\u00fcn\u0259 t\u0259sad\u00fcf edib. Ya\u015fad\u0131\u011f\u0131 B\u0259rd\u0259 rayonu \u00f6n c\u0259bh\u0259y\u0259 yax\u0131n oldu\u011fundan, Birinci Qaraba\u011f m\u00fcharib\u0259si zaman\u0131 buraya xeyli sayda m\u0259cburi k\u00f6\u00e7k\u00fcn p\u0259nah g\u0259tirib. D\u00f6y\u00fc\u015f zonas\u0131na g\u00f6nd\u0259ril\u0259n h\u0259rbi texnika v\u0259 canl\u0131 q\u00fcvv\u0259d\u0259n ibar\u0259t karvanlar buradan d\u0259f\u0259l\u0259rl\u0259 ke\u00e7ib. H\u0259m\u00e7inin, rayondan y\u00fczl\u0259rl\u0259 g\u0259nc o vaxt torpaqlar\u0131m\u0131z\u0131n m\u00fcdafi\u0259sin\u0259 yollan\u0131b. Bununla yana\u015f\u0131, o d\u00f6vrd\u0259 rayonun tibb m\u00fc\u0259ssis\u0259l\u0259rin\u0259 yaral\u0131lar g\u0259tirilib, habel\u0259 ne\u00e7\u0259-ne\u00e7\u0259 \u015f\u0259hidin tabutu m\u00fcxt\u0259lif \u00fcnvanlara apar\u0131l\u0131b. Ta\u011f\u0131zad\u0259 ail\u0259sinin yadda\u015f\u0131nda b\u00fct\u00fcn bunlar izsiz qalmay\u0131b.<\/p>\n\n\n\n<p>2006-c\u0131 ilin iyul ay\u0131nda Cahid m\u00fcdd\u0259tli h\u0259qiqi h\u0259rbi xidm\u0259t\u0259 \u00e7a\u011f\u0131r\u0131l\u0131b. Daxili Qo\u015funlar\u0131n s\u0131ralar\u0131nda h\u0259rbi xidm\u0259t borcunu vicdanla yerin\u0259 yetirib. 2008-ci ilin yanvar ay\u0131nda qo\u015funlar\u0131n Bak\u0131 \u015f\u0259h\u0259rind\u0259 yerl\u0259\u015f\u0259n \u201cN\u201d sayl\u0131 h\u0259rbi hiss\u0259sind\u0259n ehtiyata burax\u0131l\u0131b. Cahid bir ne\u00e7\u0259 ay sonra yenid\u0259n Daxili Qo\u015funlar\u0131n s\u0131ralar\u0131na qay\u0131d\u0131b. 2008-ci ilin iyun ay\u0131n\u0131n 25-d\u0259n etibar\u0259n qo\u015funlar\u0131n B\u0259rd\u0259 rayonundak\u0131 \u201cN\u201d sayl\u0131 h\u0259rbi hiss\u0259sin\u0259 m\u00fcdd\u0259td\u0259n art\u0131q h\u0259qiqi h\u0259rbi xidm\u0259t\u0259 q\u0259bul olunub. Burada minaatan batareyas\u0131n\u0131n minaatan taq\u0131m\u0131nda minaatan komandiri v\u0259zif\u0259sin\u0259 t\u0259yin edilib. H\u0259rbi xidm\u0259td\u0259 \u0259zmkarl\u0131\u011f\u0131 v\u0259 \u00e7al\u0131\u015fqanl\u0131\u011f\u0131 il\u0259 komandanl\u0131\u011f\u0131n etimad\u0131n\u0131 do\u011fruldub. O, bu h\u0259rbi hiss\u0259d\u0259 motoat\u0131c\u0131 b\u00f6l\u00fckd\u0259 zenit-raket hey\u0259tinin r\u0259isi, x\u00fcsusi t\u0259yinatl\u0131 d\u0259st\u0259nin h\u0259ml\u0259 qrupunda yar\u0131mqrup komandiri v\u0259zif\u0259l\u0259rin\u0259 ir\u0259li \u00e7\u0259kilib. M\u00fcvafiq kursu m\u00fcv\u0259ff\u0259qiyy\u0259tl\u0259 ba\u015fa vuraraq \u201cgizir\u201d h\u0259rbi r\u00fctb\u0259sin\u0259d\u0259k y\u00fcks\u0259lib. 2012-ci ilin dekabr ay\u0131ndan xidm\u0259tini davam etdirm\u0259k \u00fc\u00e7\u00fcn qo\u015funlar\u0131n Zaqatala rayonunda yerl\u0259\u015f\u0259n \u201cN\u201d sayl\u0131 h\u0259rbi hiss\u0259sin\u0259 ke\u00e7irilib. H\u0259rbi hiss\u0259d\u0259 x\u00fcsusi t\u0259yinatl\u0131 d\u0259st\u0259nin h\u0259ml\u0259 qrupunda yar\u0131mqrup komandiri, habel\u0259 at\u0259\u015f t\u0259minat\u0131 qrupunda minaatan yar\u0131mqrup komandiri, el\u0259c\u0259 d\u0259 at\u0259\u015f t\u0259minat\u0131 qrupunda d\u0259zgahl\u0131 qumbaraatan yar\u0131mqrupunun komandiri kimi ona etibar olunan v\u0259zif\u0259l\u0259rd\u0259 \u00f6z t\u0259\u015fkilat\u00e7\u0131l\u0131\u011f\u0131, icra\u00e7\u0131l\u0131\u011f\u0131, tabeliyind\u0259ki \u015f\u0259xsi hey\u0259tl\u0259 i\u015fl\u0259m\u0259k bacar\u0131\u011f\u0131, qar\u015f\u0131ya qoyulan tap\u015f\u0131r\u0131qlar\u0131n yerin\u0259 yetirilm\u0259sin\u0259 m\u0259suliyy\u0259tl\u0259 yana\u015fma\u011f\u0131 il\u0259 f\u0259rql\u0259nib.<\/p>\n\n\n\n<p>2013-c\u00fc ilin iyul-oktyabr aylar\u0131nda Cahid T\u00fcrkiy\u0259 C\u00fcmhuriyy\u0259tin\u0259 ezam edil\u0259r\u0259k, Eyirdir-\u0130spartada yerl\u0259\u015f\u0259n T\u00fcrkiy\u0259 Silahl\u0131 Q\u00fcvv\u0259l\u0259rinin Da\u011f Komando M\u0259kt\u0259bi v\u0259 T\u0259lim M\u0259rk\u0259zi Komandanl\u0131\u011f\u0131n\u0131n Da\u011f komando kursunu ke\u00e7ib. X\u00fcsusi t\u0259yinatl\u0131 kimi bel\u0259 bir kursu bitirm\u0259si pe\u015f\u0259kar haz\u0131rl\u0131\u011f\u0131n\u0131n inki\u015faf etdirilm\u0259si v\u0259 qiym\u0259tli t\u0259cr\u00fcb\u0259 toplamas\u0131 bax\u0131m\u0131ndan onun f\u0259aliyy\u0259tind\u0259 x\u00fcsusi rol oynay\u0131b.<\/p>\n\n\n\n<p>V\u0259t\u0259n m\u00fcharib\u0259sin\u0259d\u0259k h\u0259rbi xidm\u0259ti d\u00f6vr\u00fcnd\u0259 gizir C.Ta\u011f\u0131zad\u0259 III d\u0259r\u0259c\u0259li \u201cQ\u00fcsursuz xidm\u0259t\u0259 g\u00f6r\u0259\u201d medal\u0131 il\u0259 m\u00fckafatland\u0131r\u0131l\u0131b, \u015f\u0259xsi i\u015find\u0259 ona t\u0259tbiq olunan m\u00fcxt\u0259lif n\u00f6v h\u0259v\u0259sl\u0259ndirm\u0259l\u0259r d\u0259 qeyd edilib.<\/p>\n\n\n\n<p>2020-ci ilin avqust ay\u0131nda Cahid M\u00fcdafi\u0259 Nazirliyinin \u201cN\u201d sayl\u0131 h\u0259rbi hiss\u0259sind\u0259 t\u0259\u015fkil olunan x\u00fcsusi t\u0259yinatl\u0131 b\u00f6lm\u0259l\u0259rin taktiki t\u0259liml\u0259rind\u0259 i\u015ftirak ed\u0259r\u0259k, d\u00f6y\u00fc\u015f haz\u0131rl\u0131\u011f\u0131 bax\u0131m\u0131ndan \u00f6z m\u0259har\u0259ti il\u0259 se\u00e7ilib.<\/p>\n\n\n\n<p>V\u0259t\u0259nin m\u00fcdafi\u0259sin\u0259, torpaqlar\u0131m\u0131z\u0131n i\u015f\u011fal\u0131na son qoyulmas\u0131na haz\u0131r olmaq \u0259qid\u0259si il\u0259 xidm\u0259t ed\u0259n Cahid v\u0259 silahda\u015flar\u0131 \u00fc\u00e7\u00fcn \u0259n \u015f\u0259r\u0259fli v\u0259 \u00e7\u0259tin s\u0131naq an\u0131 n\u0259hay\u0259t yeti\u015fdi. 2020-ci il sentyabr\u0131n 27-d\u0259 ba\u015flayan v\u0259 44 g\u00fcn davam ed\u0259n V\u0259t\u0259n m\u00fcharib\u0259si x\u00fcsusi t\u0259yinatl\u0131lar\u0131m\u0131z\u0131n y\u00fcks\u0259k d\u00f6y\u00fc\u015f qabiliyy\u0259tin\u0259 malik olduqlar\u0131n\u0131 g\u00f6st\u0259rdi. Daxili Qo\u015funlar\u0131n Zaqatala rayonundak\u0131 \u201cN\u201d sayl\u0131 h\u0259rbi hiss\u0259sind\u0259n \u00f6n c\u0259bh\u0259y\u0259 g\u00f6nd\u0259ril\u0259n gizir C.Ta\u011f\u0131zad\u0259 m\u00fcharib\u0259nin ilk g\u00fcn\u00fcnd\u0259n d\u00f6y\u00fc\u015f\u0259 at\u0131l\u0131b, erm\u0259ni i\u015f\u011fal\u00e7\u0131lar\u0131na qar\u015f\u0131 c\u0259surluqla vuru\u015fub. Onun d\u00f6y\u00fc\u015f yolu Murovda\u011f y\u00fcks\u0259kliyi, F\u00fczuli v\u0259 C\u0259bray\u0131l rayonlar\u0131n\u0131n \u0259razil\u0259rind\u0259n ke\u00e7ib.<\/p>\n\n\n\n<p>Cahidl\u0259 birg\u0259 d\u00f6y\u00fc\u015fm\u00fc\u015f gizir Sakit F\u0259rz\u0259liyev, m\u00fcdd\u0259td\u0259n art\u0131q h\u0259qiqi h\u0259rbi xidm\u0259t h\u0259rbi qulluq\u00e7ular\u0131 ba\u015f \u00e7avu\u015f Malik Nift\u0259liyev v\u0259 ba\u015f \u0259sg\u0259r F\u0259rrux Alag\u00f6zovla s\u00f6hb\u0259t zaman\u0131 onun v\u0259t\u0259np\u0259rv\u0259r, irad\u0259li v\u0259 q\u0259tiyy\u0259tli oldu\u011funu s\u00f6yl\u0259dil\u0259r. Qorxmadan d\u00fc\u015fm\u0259n postlar\u0131n\u0131n \u00fcz\u0259rin\u0259 h\u0259ml\u0259l\u0259r etdiyini, s\u0259rrast at\u0131\u015flar\u0131 il\u0259 onun bir s\u0131ra at\u0259\u015f n\u00f6qt\u0259l\u0259rini susdurdu\u011funu, canl\u0131 q\u00fcvv\u0259 v\u0259 texnikas\u0131na tutarl\u0131 z\u0259rb\u0259l\u0259r vurdu\u011funu bildirdil\u0259r. D\u00f6y\u00fc\u015f\u00e7\u00fcl\u0259ri ruhland\u0131raraq, o, \u201cbiz el\u0259 vuru\u015fmal\u0131y\u0131q ki, i\u015f\u011fal\u00e7\u0131lar\u0131n tapda\u011f\u0131nda bir qar\u0131\u015f torpa\u011f\u0131m\u0131z qalmas\u0131n\u201d deyib. Murovda\u011f y\u00fcks\u0259kliyi u\u011frunda m\u00fcr\u0259kk\u0259b relyef, b\u0259z\u0259n \u0259lveri\u015fsiz hava \u015f\u0259raiti s\u0259b\u0259bind\u0259n d\u00f6y\u00fc\u015f tap\u015f\u0131r\u0131qlar\u0131n\u0131n yerin\u0259 yetirilm\u0259sinin b\u00fct\u00fcn \u00e7\u0259tinlikl\u0259rin\u0259 baxmayaraq, Cahidin oldu\u011fu qrup v\u0259 dig\u0259r qruplar da m\u0259tinlik n\u00fcmun\u0259si n\u00fcmayi\u015f etdiribl\u0259r.<\/p>\n\n\n\n<p>Gizir S.F\u0259rz\u0259liyev v\u0259 ba\u015f \u00e7avu\u015f M.Nift\u0259liyevin s\u00f6zl\u0259rin\u0259 g\u00f6r\u0259, Murovda\u011f d\u00f6y\u00fc\u015fl\u0259rind\u0259n birind\u0259 Cahid d\u00fc\u015fm\u0259n m\u0259rmisinin partlay\u0131\u015f dal\u011fas\u0131 n\u0259tic\u0259sind\u0259 k\u0259ll\u0259-beyin travmas\u0131 alsa da, t\u0259xliyy\u0259 edilm\u0259sin\u0259 raz\u0131la\u015fmay\u0131b, g\u00f6st\u0259ril\u0259n tibbi yard\u0131mdan sonra d\u00f6y\u00fc\u015f\u00e7\u00fcl\u0259rin yan\u0131na qay\u0131d\u0131b.<\/p>\n\n\n\n<p>F\u00fczuli-C\u0259bray\u0131l zonas\u0131nda da a\u011f\u0131r d\u00f6y\u00fc\u015fl\u0259r gedib. Bu b\u00f6lg\u0259d\u0259 d\u0259 h\u0259rbi qulluq\u00e7ular\u0131m\u0131z\u0131n qar\u015f\u0131s\u0131na qoyulan d\u00f6y\u00fc\u015f tap\u015f\u0131r\u0131qlar\u0131 erm\u0259ni i\u015f\u011fal\u00e7\u0131lar\u0131n\u0131n m\u00fcdafi\u0259 x\u0259ttinin yar\u0131lmas\u0131, onlar\u0131n m\u00f6vqel\u0259rinin \u0259l\u0259 ke\u00e7irilm\u0259si, canl\u0131 q\u00fcvv\u0259, texnika v\u0259 silah-sursatlar\u0131n\u0131n m\u0259hv edilm\u0259si olub. T\u0259cav\u00fczkar\u0131n ill\u0259rl\u0259 qurdu\u011fu v\u0259 m\u00f6hk\u0259ml\u0259ndirdiyi m\u00f6vqel\u0259ri darmada\u011f\u0131n etm\u0259yi bacaran d\u00f6y\u00fc\u015f\u00e7\u00fcl\u0259rimiz m\u00fcxt\u0259lif \u00e7apl\u0131 silahlardan \u015fidd\u0259tli at\u0259\u015f\u0259 m\u0259ruz qal\u0131blar. Ba\u015f \u0259sg\u0259r F.Alag\u00f6zov m\u0259lumat verdi ki, g\u00f6st\u0259ril\u0259n istiqam\u0259td\u0259 Cahidl\u0259 birg\u0259 d\u00f6y\u00fc\u015f yolu davam edib. 2020-ci ilin oktyabr ay\u0131n\u0131n ilk g\u00fcnl\u0259rind\u0259 bizim q\u00fcvv\u0259l\u0259rin F\u00fczuli v\u0259 C\u0259bray\u0131l rayonlar\u0131n\u0131n d\u00fc\u015fm\u0259nin n\u0259zar\u0259tind\u0259ki \u0259razil\u0259rin\u0259 istiqam\u0259tl\u0259n\u0259n h\u00fccum \u0259m\u0259liyyatlar\u0131 s\u0259ngim\u0259yib. H\u0259min d\u00f6y\u00fc\u015fl\u0259rd\u0259n birind\u0259 d\u00fc\u015fm\u0259n minaatan\u0131ndan at\u0131lan m\u0259rminin yax\u0131nl\u0131\u011f\u0131nda partlamas\u0131 n\u0259tic\u0259sind\u0259 gizir C.Ta\u011f\u0131zad\u0259 a\u011f\u0131r yaralanaraq \u015f\u0259hid olub.<\/p>\n\n\n\n<p><strong>Daxili Qo\u015funlar\u0131n Zaqataladak\u0131 \u201cN\u201d sayl\u0131 h\u0259rbi hiss\u0259si komandirinin 13.10.2020-ci il tarixli m\u00fcvafiq \u0259mrind\u0259n \u00e7\u0131xar\u0131\u015fda, habel\u0259 B\u0259rd\u0259 Rayon Qeydiyyat \u015e\u00f6b\u0259si t\u0259r\u0259find\u0259n veril\u0259n 08.10.2020-ci il tarixli \u00f6l\u00fcm haqq\u0131nda \u015f\u0259had\u0259tnam\u0259d\u0259, el\u0259c\u0259 d\u0259 dig\u0259r s\u0259n\u0259dl\u0259rd\u0259 gizir C.Ta\u011f\u0131zad\u0259nin 03.10.2020-ci ild\u0259 F\u00fczuli rayonu \u0259razisind\u0259 h\u0259rbi \u0259m\u0259liyyat zaman\u0131 partlay\u0131\u015f s\u0259b\u0259bind\u0259n h\u0259lak oldu\u011fu bar\u0259d\u0259 qeydl\u0259r \u00f6z \u0259ksini tap\u0131b.\u00a0<\/strong><\/p>\n\n\n\n<figure class=\"wp-block-image size-large is-resized\"><img loading=\"lazy\" decoding=\"async\" src=\"https:\/\/fedai.az\/wp-content\/uploads\/2021\/08\/240590688_331153298789789_2720629749780692179_n-478x1024.jpg\" alt=\"\" class=\"wp-image-46386\" width=\"914\" height=\"1960\" srcset=\"https:\/\/fedai.az\/wp-content\/uploads\/2021\/08\/240590688_331153298789789_2720629749780692179_n-478x1024.jpg 478w, https:\/\/fedai.az\/wp-content\/uploads\/2021\/08\/240590688_331153298789789_2720629749780692179_n-140x300.jpg 140w, https:\/\/fedai.az\/wp-content\/uploads\/2021\/08\/240590688_331153298789789_2720629749780692179_n-70x150.jpg 70w, https:\/\/fedai.az\/wp-content\/uploads\/2021\/08\/240590688_331153298789789_2720629749780692179_n.jpg 591w\" sizes=\"auto, (max-width: 914px) 100vw, 914px\" \/><\/figure>\n\n\n\n<p>\u015e\u0259hid h\u0259rbi qulluq\u00e7umuz do\u011fma k\u0259ndinin q\u0259biristanl\u0131\u011f\u0131nda d\u0259fn olunub. Mirzal\u0131b\u0259yli k\u0259ndind\u0259n 4 n\u0259f\u0259r V\u0259t\u0259n m\u00fcharib\u0259sind\u0259 \u015f\u0259hidlik zirv\u0259sin\u0259 ucal\u0131b. Cahidin m\u00fcharib\u0259d\u0259 d\u00f6y\u00fc\u015f\u0259r\u0259k yaralanan qohumlar\u0131 var.<\/p>\n\n\n\n<p>Az\u0259rbaycan Respublikas\u0131 Prezidentinin 15.12.2020-ci il tarixli, 29.12.2020-ci il tarixli m\u00fcvafiq s\u0259r\u0259ncamlar\u0131 il\u0259 gizir C.Ta\u011f\u0131zad\u0259 \u00f6l\u00fcm\u00fcnd\u0259n sonra \u201cV\u0259t\u0259n u\u011frunda\u201d v\u0259 \u201cK\u0259lb\u0259c\u0259rin azad olunmas\u0131na g\u00f6r\u0259\u201d medallar\u0131 il\u0259 t\u0259ltif edilib.<\/p>\n\n\n\n<p>M\u0259rhumun N\u0259rmin v\u0259 Nihad adl\u0131 2 \u00f6vlad\u0131 yadigar qal\u0131b. N\u0259rmin m\u0259kt\u0259bd\u0259 2-ci sinifd\u0259 oxuyur, Nihad is\u0259 m\u0259kt\u0259b\u0259q\u0259d\u0259r haz\u0131rl\u0131q kursuna gedir. Onlar v\u0259t\u0259np\u0259rv\u0259r ruhda b\u00f6y\u00fcy\u0259c\u0259k, torpaqlar\u0131m\u0131z\u0131 uzun ill\u0259r i\u015f\u011fal alt\u0131nda saxlayan, \u015f\u0259h\u0259r v\u0259 rayonlar\u0131m\u0131z\u0131, o c\u00fcml\u0259d\u0259n, B\u0259rd\u0259ni m\u00fcxt\u0259lif n\u00f6v raketl\u0259rd\u0259n at\u0259\u015f\u0259 tutaraq da\u011f\u0131nt\u0131lara m\u0259ruz qoyan, dinc sakinl\u0259ri q\u0259tl\u0259 yetir\u0259n az\u011f\u0131n d\u00fc\u015fm\u0259n\u0259 qar\u015f\u0131 son n\u0259f\u0259sin\u0259d\u0259k m\u0259rdlikl\u0259 vuru\u015fmu\u015f atalar\u0131n\u0131, onun kimi igidl\u0259ri daim q\u00fcrurla anacaqlar.<\/p>\n\n\n\n<figure class=\"wp-block-image size-large\"><img loading=\"lazy\" decoding=\"async\" width=\"1022\" height=\"1024\" src=\"https:\/\/fedai.az\/wp-content\/uploads\/2021\/08\/240592200_400175121532275_7516447360033540106_n-1022x1024.jpg\" alt=\"\" class=\"wp-image-46388\" srcset=\"https:\/\/fedai.az\/wp-content\/uploads\/2021\/08\/240592200_400175121532275_7516447360033540106_n-1022x1024.jpg 1022w, https:\/\/fedai.az\/wp-content\/uploads\/2021\/08\/240592200_400175121532275_7516447360033540106_n-300x300.jpg 300w, https:\/\/fedai.az\/wp-content\/uploads\/2021\/08\/240592200_400175121532275_7516447360033540106_n-150x150.jpg 150w, https:\/\/fedai.az\/wp-content\/uploads\/2021\/08\/240592200_400175121532275_7516447360033540106_n-768x769.jpg 768w, https:\/\/fedai.az\/wp-content\/uploads\/2021\/08\/240592200_400175121532275_7516447360033540106_n-215x215.jpg 215w, https:\/\/fedai.az\/wp-content\/uploads\/2021\/08\/240592200_400175121532275_7516447360033540106_n.jpg 1278w\" sizes=\"auto, (max-width: 1022px) 100vw, 1022px\" \/><\/figure>\n\n\n\n<p>\u015e\u0259hidin atas\u0131 V.Ta\u011f\u0131zad\u0259 s\u00f6yl\u0259di ki, Cahid d\u00f6y\u00fc\u015f b\u00f6lg\u0259sind\u0259n vaxt tap\u0131b mobil telefonla ev\u0259 z\u0259ng ed\u0259nd\u0259 \u201cnarahat olmay\u0131n, h\u0259r \u015fey yax\u015f\u0131 olacaq, biz ir\u0259lil\u0259yirik\u201d deyib. Valideyn \u00fc\u00e7\u00fcn \u00f6vlad itkisi s\u00f6zl\u0259 t\u0259svir edil\u0259 bilm\u0259y\u0259c\u0259k a\u011fr\u0131-ac\u0131d\u0131r. Ancaq \u015f\u0259hid atas\u0131 olmaq m\u0259n\u0259vi ucal\u0131qd\u0131r. \u201cV\u0259t\u0259n sa\u011f olsun!\u201d- dey\u0259n bel\u0259 valideynl\u0259r\u0259 ehtiram\u0131m\u0131z sonsuzdur.<\/p>\n\n\n\n<p><strong>Allah \u015f\u0259hidl\u0259rimiz\u0259 r\u0259hm\u0259t el\u0259sin!<\/strong><\/p>\n\n\n\n<p><strong>Yal\u00e7\u0131n Abbasov<\/strong><\/p>\n\n\n\n<p><em><strong>D\u0130N-in Daxili Qo\u015funlar\u0131n\u0131n veteran\u0131, t\u0259dqiqat\u00e7\u0131-jurnalist<\/strong><\/em><\/p>\n","protected":false},"excerpt":{"rendered":"<p>Az\u0259rbaycan\u0131n 30 il\u0259 yax\u0131n m\u00fcasir m\u00fcst\u0259qillik d\u00f6vr\u00fcn\u00fcn 28 ili respublikam\u0131z\u0131n \u0259razisinin bir hiss\u0259sinin Erm\u0259nistan\u0131n h\u0259rbi t\u0259cav\u00fcz\u00fc n\u0259tic\u0259sind\u0259 i\u015f\u011fal alt\u0131nda qalmas\u0131 il\u0259 ke\u00e7ib. Bir milyona<\/p>\n","protected":false},"author":2,"featured_media":46387,"comment_status":"closed","ping_status":"closed","sticky":false,"template":"","format":"standard","meta":{"footnotes":""},"categories":[5],"tags":[],"class_list":["post-46384","post","type-post","status-publish","format-standard","has-post-thumbnail","hentry","category-veteran"],"aioseo_notices":[],"_links":{"self":[{"href":"https:\/\/fedai.az\/index.php?rest_route=\/wp\/v2\/posts\/46384","targetHints":{"allow":["GET"]}}],"collection":[{"href":"https:\/\/fedai.az\/index.php?rest_route=\/wp\/v2\/posts"}],"about":[{"href":"https:\/\/fedai.az\/index.php?rest_route=\/wp\/v2\/types\/post"}],"author":[{"embeddable":true,"href":"https:\/\/fedai.az\/index.php?rest_route=\/wp\/v2\/users\/2"}],"replies":[{"embeddable":true,"href":"https:\/\/fedai.az\/index.php?rest_route=%2Fwp%2Fv2%2Fcomments&post=46384"}],"version-history":[{"count":1,"href":"https:\/\/fedai.az\/index.php?rest_route=\/wp\/v2\/posts\/46384\/revisions"}],"predecessor-version":[{"id":46389,"href":"https:\/\/fedai.az\/index.php?rest_route=\/wp\/v2\/posts\/46384\/revisions\/46389"}],"wp:featuredmedia":[{"embeddable":true,"href":"https:\/\/fedai.az\/index.php?rest_route=\/wp\/v2\/media\/46387"}],"wp:attachment":[{"href":"https:\/\/fedai.az\/index.php?rest_route=%2Fwp%2Fv2%2Fmedia&parent=46384"}],"wp:term":[{"taxonomy":"category","embeddable":true,"href":"https:\/\/fedai.az\/index.php?rest_route=%2Fwp%2Fv2%2Fcategories&post=46384"},{"taxonomy":"post_tag","embeddable":true,"href":"https:\/\/fedai.az\/index.php?rest_route=%2Fwp%2Fv2%2Ftags&post=46384"}],"curies":[{"name":"wp","href":"https:\/\/api.w.org\/{rel}","templated":true}]}}