{"id":46413,"date":"2021-08-25T14:44:28","date_gmt":"2021-08-25T10:44:28","guid":{"rendered":"https:\/\/fedai.az\/?p=46413"},"modified":"2021-08-25T14:44:33","modified_gmt":"2021-08-25T10:44:33","slug":"prezident-v%c9%99t%c9%99n-muharib%c9%99si-q%c9%99hr%c9%99manlari-il%c9%99-bagli-s%c9%99r%c9%99ncam-imzaladi","status":"publish","type":"post","link":"https:\/\/fedai.az\/?p=46413","title":{"rendered":"Prezident V\u0259t\u0259n M\u00fcharib\u0259si Q\u0259hr\u0259manlar\u0131 il\u0259 ba\u011fl\u0131 s\u0259r\u0259ncam imzalad\u0131"},"content":{"rendered":"\n<p><strong>Prezident \u0130lham \u018fliyev Az\u0259rbaycan Respublikas\u0131n\u0131n V\u0259t\u0259n M\u00fcharib\u0259si Q\u0259hr\u0259manlar\u0131n\u0131n v\u0259 onlar\u0131n ail\u0259 \u00fczvl\u0259rinin sosial-m\u0259i\u015f\u0259t \u015f\u0259raitinin yax\u015f\u0131la\u015fd\u0131r\u0131lmas\u0131 haqq\u0131nda S\u0259r\u0259ncam imzalay\u0131b.<\/strong><\/p>\n\n\n\n<p><br>\u018fm\u0259k v\u0259 \u018fhalinin Sosial M\u00fcdafi\u0259si Nazirliyin\u0259 tap\u015f\u0131r\u0131l\u0131b ki, Az\u0259rbaycan Respublikas\u0131n\u0131n &#171;V\u0259t\u0259n M\u00fcharib\u0259si Q\u0259hr\u0259man\u0131\u201d ad\u0131 verilmi\u015f \u015f\u0259xsl\u0259rin, el\u0259c\u0259 d\u0259 \u00f6l\u00fcm\u00fcnd\u0259n sonra h\u0259min ad verilmi\u015f \u015f\u0259xsl\u0259rin ail\u0259 \u00fczvl\u0259rinin m\u0259nzill\u0259 t\u0259min edilm\u0259sini h\u0259yata ke\u00e7irsin, S\u0259r\u0259ncam\u0131n icras\u0131 il\u0259 ba\u011fl\u0131 g\u00f6r\u00fclm\u00fc\u015f i\u015fl\u0259r bar\u0259d\u0259 Az\u0259rbaycan Respublikas\u0131n\u0131n Prezidentin\u0259 m\u00fct\u0259madi olaraq m\u0259lumat versin, S\u0259r\u0259ncamda ir\u0259li g\u0259l\u0259n dig\u0259r m\u0259s\u0259l\u0259l\u0259ri h\u0259ll etsin.<\/p>\n\n\n\n<p><br>M\u00fc\u0259yy\u0259n edilib ki, bu S\u0259r\u0259ncamda n\u0259z\u0259rd\u0259 tutulan \u015f\u0259xsl\u0259rin m\u0259nzill\u0259 t\u0259min edilm\u0259si bu m\u0259qs\u0259dl\u0259 Az\u0259rbaycan Respublikas\u0131n\u0131n \u0130poteka v\u0259 Kredit Z\u0259man\u0259t Fondunun Nazirliyin balans\u0131na verdiyi v\u0259 ya Nazirliyin h\u0259min m\u0259qs\u0259d \u00fc\u00e7\u00fcn \u0259ld\u0259 etdiyi m\u0259nzill\u0259r hesab\u0131na h\u0259yata ke\u00e7irilir.<\/p>\n\n\n\n<p><br>\u0130poteka v\u0259 Kredit Z\u0259man\u0259t Fondu Nazirliyin m\u00fcraci\u0259ti \u0259sas\u0131nda bu S\u0259r\u0259ncamdan g\u00f6st\u0259ril\u0259n m\u0259qs\u0259d \u00fc\u00e7\u00fcn balans\u0131nda olan m\u0259nzill\u0259rin Fondun m\u0259nf\u0259\u0259ti hesab\u0131na h\u0259min Nazirliyin balans\u0131na verilm\u0259sini t\u0259min etm\u0259lidir.<\/p>\n\n\n\n<p><br>Nazirl\u0259r Kabinetin\u0259 S\u0259r\u0259ncamdan ir\u0259li g\u0259l\u0259n m\u0259s\u0259l\u0259l\u0259ri h\u0259ll etm\u0259k tap\u015f\u0131r\u0131l\u0131b.<\/p>\n","protected":false},"excerpt":{"rendered":"<p>Prezident \u0130lham \u018fliyev Az\u0259rbaycan Respublikas\u0131n\u0131n V\u0259t\u0259n M\u00fcharib\u0259si Q\u0259hr\u0259manlar\u0131n\u0131n v\u0259 onlar\u0131n ail\u0259 \u00fczvl\u0259rinin sosial-m\u0259i\u015f\u0259t \u015f\u0259raitinin yax\u015f\u0131la\u015fd\u0131r\u0131lmas\u0131 haqq\u0131nda S\u0259r\u0259ncam imzalay\u0131b. \u018fm\u0259k v\u0259 \u018fhalinin Sosial M\u00fcdafi\u0259si Nazirliyin\u0259<\/p>\n","protected":false},"author":2,"featured_media":46414,"comment_status":"closed","ping_status":"closed","sticky":false,"template":"","format":"standard","meta":{"footnotes":""},"categories":[3],"tags":[],"class_list":["post-46413","post","type-post","status-publish","format-standard","has-post-thumbnail","hentry","category-gundm"],"aioseo_notices":[],"_links":{"self":[{"href":"https:\/\/fedai.az\/index.php?rest_route=\/wp\/v2\/posts\/46413","targetHints":{"allow":["GET"]}}],"collection":[{"href":"https:\/\/fedai.az\/index.php?rest_route=\/wp\/v2\/posts"}],"about":[{"href":"https:\/\/fedai.az\/index.php?rest_route=\/wp\/v2\/types\/post"}],"author":[{"embeddable":true,"href":"https:\/\/fedai.az\/index.php?rest_route=\/wp\/v2\/users\/2"}],"replies":[{"embeddable":true,"href":"https:\/\/fedai.az\/index.php?rest_route=%2Fwp%2Fv2%2Fcomments&post=46413"}],"version-history":[{"count":1,"href":"https:\/\/fedai.az\/index.php?rest_route=\/wp\/v2\/posts\/46413\/revisions"}],"predecessor-version":[{"id":46415,"href":"https:\/\/fedai.az\/index.php?rest_route=\/wp\/v2\/posts\/46413\/revisions\/46415"}],"wp:featuredmedia":[{"embeddable":true,"href":"https:\/\/fedai.az\/index.php?rest_route=\/wp\/v2\/media\/46414"}],"wp:attachment":[{"href":"https:\/\/fedai.az\/index.php?rest_route=%2Fwp%2Fv2%2Fmedia&parent=46413"}],"wp:term":[{"taxonomy":"category","embeddable":true,"href":"https:\/\/fedai.az\/index.php?rest_route=%2Fwp%2Fv2%2Fcategories&post=46413"},{"taxonomy":"post_tag","embeddable":true,"href":"https:\/\/fedai.az\/index.php?rest_route=%2Fwp%2Fv2%2Ftags&post=46413"}],"curies":[{"name":"wp","href":"https:\/\/api.w.org\/{rel}","templated":true}]}}