{"id":46427,"date":"2021-08-26T01:04:55","date_gmt":"2021-08-25T21:04:55","guid":{"rendered":"https:\/\/fedai.az\/?p=46427"},"modified":"2021-08-26T01:04:58","modified_gmt":"2021-08-25T21:04:58","slug":"qarabagin-ilk-hava-limaninda-isl%c9%99m%c9%99k-ucun-vakansiya-elan-olundu-axarli-olsun","status":"publish","type":"post","link":"https:\/\/fedai.az\/?p=46427","title":{"rendered":"Qaraba\u011f\u0131n ilk hava liman\u0131nda i\u015fl\u0259m\u0259k \u00fc\u00e7\u00fcn vakansiya elan olundu &#8212; Axarl\u0131 olsun!"},"content":{"rendered":"\n<p><strong>&#171;Az\u0259rbaycan Hava Yollar\u0131&#187; (AZAL) QSC F\u00fczuli \u0259silli v\u0259t\u0259nda\u015flar \u00fc\u00e7\u00fcn F\u00fczuli beyn\u0259lxalq hava liman\u0131nda vakant yerl\u0259rin a\u00e7\u0131ld\u0131\u011f\u0131n\u0131 elan edir.<\/strong><\/p>\n\n\n\n<p><br>Bu bar\u0259d\u0259 Qaynarinfo-ya AZAL-dan bildirilib.<\/p>\n\n\n\n<p><br>Qaraba\u011fda ilk hava liman\u0131n\u0131n a\u00e7\u0131l\u0131\u015f\u0131 \u0259r\u0259f\u0259sind\u0259 F\u00fczuli \u0259silli v\u0259t\u0259nda\u015flar Az\u0259rbaycan\u0131n m\u00fclki aviasiyas\u0131 kimi maraql\u0131 v\u0259 m\u0259suliyy\u0259tli sah\u0259d\u0259 karyeraya ba\u015flama\u011fa d\u0259v\u0259t olunurlar.<\/p>\n\n\n\n<p>\u0130xtisas se\u00e7imi m\u00fcsabiq\u0259 \u0259sas\u0131nda apar\u0131lacaq.<\/p>\n\n\n\n<p><br>Bel\u0259likl\u0259, &#171;Az\u0259raeronaviqasiya\u201d (AZANS) HH\u0130-d\u0259, el\u0259c\u0259 d\u0259 F\u00fczuli beyn\u0259lxalq hava liman\u0131n\u0131n aerodrom v\u0259 aerova\u011fzal xidm\u0259tl\u0259ri \u00fc\u00e7\u00fcn i\u015f\u00e7i hey\u0259tin i\u015f\u0259 q\u0259buluna ba\u015flanm\u0131\u015fd\u0131r.<\/p>\n\n\n\n<p><br><strong>Hava liman\u0131n\u0131n aerodrom v\u0259 aerova\u011fzal xidm\u0259tl\u0259ri \u00fc\u00e7\u00fcn a\u00e7\u0131lan vakant yerl\u0259r:<\/strong><\/p>\n\n\n\n<p><br>&#8212; m\u00fch\u0259ndis-proqramla\u015fd\u0131r\u0131c\u0131lar;<br>&#8212; avadanl\u0131qlar\u0131n t\u0259miri v\u0259 istismar\u0131 \u00fczr\u0259 texnikl\u0259r;<br>&#8212; i\u015f\u0131qtexniki avadanl\u0131q \u00fczr\u0259 m\u00fch\u0259ndis v\u0259 elektrik mexanikl\u0259ri;<br>&#8212; texnoloji avadanl\u0131qlar\u0131n t\u0259miri v\u0259 istismar\u0131 \u00fczr\u0259 m\u00fch\u0259ndis;<br>&#8212; radiorabit\u0259 \u00fczr\u0259 texnik v\u0259 m\u00fch\u0259ndisl\u0259r;<br>&#8212; komendantlar;<br>&#8212; qazanxana operatoru, konveyer x\u0259tl\u0259rinin operatoru;<br>&#8212; havaland\u0131rma v\u0259 kondisioner sisteml\u0259rinin t\u0259miri v\u0259 onlara xidm\u0259t g\u00f6st\u0259rilm\u0259si \u00fczr\u0259 \u00e7iling\u0259r;<br>&#8212; t\u0259mizlik xidm\u0259tl\u0259ri v\u0259 s.<br>AZANS-da a\u00e7\u0131lan vakant yerl\u0259r:<br>&#8212; HH\u0130 v\u0259 Brifinq dispet\u00e7erl\u0259ri;<br>&#8212; m\u00fch\u0259ndis-sinoptik v\u0259 m\u00fch\u0259ndis-meteoroloqlar;<br>&#8212; HH\u0130 AS, rabit\u0259, radionaviqasiya v\u0259 radiolokasiya \u00fczr\u0259 m\u00fch\u0259ndis v\u0259 texnikl\u0259r.<\/p>\n\n\n\n<p>Vakant yerd\u0259n as\u0131l\u0131 olaraq ali, orta ixtisas, orta t\u0259hsil v\u0259 ya i\u015f t\u0259cr\u00fcb\u0259si t\u0259l\u0259b oluna bil\u0259r. \u0130\u015faxtaran \u015f\u0259xsl\u0259rd\u0259n h\u00fcquq t\u0259hsili t\u0259l\u0259b olunmur. Daha \u0259trafl\u0131 m\u0259lumat\u0131 &#171;Az\u0259rbaycan Hava Yollar\u0131\u201d QSC-y\u0259 m\u00fcraci\u0259t ed\u0259r\u0259k \u0259ld\u0259 ed\u0259 bil\u0259rsiniz. Maraqlanan namiz\u0259dl\u0259rd\u0259n CV-l\u0259rini\u00a0hr@azal.az\u00a0elektron \u00fcnvan\u0131na g\u00f6nd\u0259rm\u0259l\u0259ri xahi\u015f olunur.<\/p>\n\n\n\n<p><br>Qeyd ed\u0259k ki, AZAL Qaraba\u011fda tarixi ya\u015fay\u0131\u015f yerl\u0259rin\u0259 qay\u0131dan \u0259halini i\u015fl\u0259 t\u0259min ed\u0259n ilk t\u0259\u015fkilatlardan biridir.<\/p>\n\n\n\n<p><br>Az\u0259rbaycan Respublikas\u0131n\u0131n Prezidenti \u0130lham \u018fliyevin tap\u015f\u0131r\u0131\u011f\u0131 il\u0259 F\u00fczulid\u0259 yeni hava liman\u0131 \u0259n q\u0131sa zamanda in\u015fa edil\u0259c\u0259kdir. D\u00f6vl\u0259t ba\u015f\u00e7\u0131s\u0131 2021-ci ilin yanvar ay\u0131nda hava liman\u0131n\u0131n t\u0259m\u0259lini qoydu, s\u0131naq u\u00e7u\u015flar\u0131n\u0131n h\u0259yata ke\u00e7irilm\u0259si is\u0259 bu ilin sentyabr ay\u0131n\u0131n \u0259vv\u0259lind\u0259 n\u0259z\u0259rd\u0259 tutulub.<\/p>\n\n\n\n<p><br>&#171;X\u00fcsusi q\u00fcrur hissil\u0259 bildirir\u0259m ki, &#171;Az\u0259rbaycan Hava Yollar\u0131\u201d i\u015f\u011faldan azad olunmu\u015f Qaraba\u011fda yeni i\u015f yerl\u0259rini a\u00e7acaq ilk t\u0259\u015fkilatlar s\u0131ras\u0131ndad\u0131r. F\u00fczulid\u0259 hava liman\u0131 \u0259n yax\u0131n g\u00fcnl\u0259rd\u0259 istismara t\u0259hvil veril\u0259c\u0259k v\u0259 \u0259min\u0259m ki, uzun m\u00fcdd\u0259t i\u015f\u011fal alt\u0131nda olan bu regionun sakinl\u0259ri b\u00f6y\u00fck m\u0259mnuniyy\u0259tl\u0259 m\u00fcsabiq\u0259 se\u00e7imind\u0259 i\u015ftirak ed\u0259c\u0259kl\u0259r. M\u0259hz buna g\u00f6r\u0259 onlar \u00fc\u00e7\u00fcn b\u00fct\u00fcn bu imkanlar\u0131 yarad\u0131r\u0131q. X\u00fcsusil\u0259 qeyd edim ki, F\u00fczulid\u0259 ist\u0259nil\u0259n n\u00f6v hava g\u0259mil\u0259rini q\u0259bul etm\u0259y\u0259 imkan ver\u0259n hava liman\u0131n\u0131n istismara verilm\u0259si regionun sosial-iqtisadi inki\u015faf\u0131na g\u00fccl\u00fc t\u0259kan ver\u0259c\u0259k, g\u0259l\u0259c\u0259kd\u0259 is\u0259 turizm potensial\u0131n\u0131 art\u0131racaqd\u0131r\u201d, &#8212; dey\u0259 &#171;AZAL\u201d\u0131n prezidenti Cahangir \u018fsg\u0259rov qeyd edib. .<\/p>\n\n\n\n<p>Hal-haz\u0131rda F\u00fczuli hava liman\u0131nda tikinti i\u015fl\u0259ri son m\u0259rh\u0259l\u0259sind\u0259dir, u\u00e7u\u015flar\u0131n t\u0259hl\u00fck\u0259sizliyini, s\u0259rni\u015fin v\u0259 y\u00fck aviada\u015f\u0131malar\u0131n\u0131n y\u00fcks\u0259k h\u0259cml\u0259rini t\u0259min etm\u0259k \u00fc\u00e7\u00fcn n\u0259z\u0259rd\u0259 tutulmu\u015f \u0259n yeni infrastruktur obyektl\u0259ri istismara verilir. Tikinti i\u015fl\u0259ri s\u00fcr\u0259tl\u0259 davam edir v\u0259 hava liman\u0131n\u0131n a\u00e7\u0131l\u0131\u015f\u0131 bu ilin sonunad\u0259k planla\u015fd\u0131r\u0131l\u0131r.<\/p>\n\n\n\n<p><br>Bundan \u0259lav\u0259 d\u00f6vl\u0259t ba\u015f\u00e7\u0131s\u0131n\u0131n tap\u015f\u0131r\u0131\u011f\u0131 il\u0259 Qaraba\u011fda \u2013 Z\u0259ngilan v\u0259 La\u00e7\u0131n rayonlar\u0131nda daha iki beyn\u0259lxalq hava liman\u0131n\u0131n tikintisi planla\u015fd\u0131r\u0131l\u0131r.<\/p>\n","protected":false},"excerpt":{"rendered":"<p>&#171;Az\u0259rbaycan Hava Yollar\u0131&#187; (AZAL) QSC F\u00fczuli \u0259silli v\u0259t\u0259nda\u015flar \u00fc\u00e7\u00fcn F\u00fczuli beyn\u0259lxalq hava liman\u0131nda vakant yerl\u0259rin a\u00e7\u0131ld\u0131\u011f\u0131n\u0131 elan edir. Bu bar\u0259d\u0259 Qaynarinfo-ya AZAL-dan bildirilib. Qaraba\u011fda<\/p>\n","protected":false},"author":2,"featured_media":46428,"comment_status":"closed","ping_status":"closed","sticky":false,"template":"","format":"standard","meta":{"footnotes":""},"categories":[4],"tags":[],"class_list":["post-46427","post","type-post","status-publish","format-standard","has-post-thumbnail","hentry","category-qarabag"],"aioseo_notices":[],"_links":{"self":[{"href":"https:\/\/fedai.az\/index.php?rest_route=\/wp\/v2\/posts\/46427","targetHints":{"allow":["GET"]}}],"collection":[{"href":"https:\/\/fedai.az\/index.php?rest_route=\/wp\/v2\/posts"}],"about":[{"href":"https:\/\/fedai.az\/index.php?rest_route=\/wp\/v2\/types\/post"}],"author":[{"embeddable":true,"href":"https:\/\/fedai.az\/index.php?rest_route=\/wp\/v2\/users\/2"}],"replies":[{"embeddable":true,"href":"https:\/\/fedai.az\/index.php?rest_route=%2Fwp%2Fv2%2Fcomments&post=46427"}],"version-history":[{"count":1,"href":"https:\/\/fedai.az\/index.php?rest_route=\/wp\/v2\/posts\/46427\/revisions"}],"predecessor-version":[{"id":46429,"href":"https:\/\/fedai.az\/index.php?rest_route=\/wp\/v2\/posts\/46427\/revisions\/46429"}],"wp:featuredmedia":[{"embeddable":true,"href":"https:\/\/fedai.az\/index.php?rest_route=\/wp\/v2\/media\/46428"}],"wp:attachment":[{"href":"https:\/\/fedai.az\/index.php?rest_route=%2Fwp%2Fv2%2Fmedia&parent=46427"}],"wp:term":[{"taxonomy":"category","embeddable":true,"href":"https:\/\/fedai.az\/index.php?rest_route=%2Fwp%2Fv2%2Fcategories&post=46427"},{"taxonomy":"post_tag","embeddable":true,"href":"https:\/\/fedai.az\/index.php?rest_route=%2Fwp%2Fv2%2Ftags&post=46427"}],"curies":[{"name":"wp","href":"https:\/\/api.w.org\/{rel}","templated":true}]}}