{"id":46430,"date":"2021-08-26T01:11:11","date_gmt":"2021-08-25T21:11:11","guid":{"rendered":"https:\/\/fedai.az\/?p=46430"},"modified":"2021-08-26T01:11:15","modified_gmt":"2021-08-25T21:11:15","slug":"erm%c9%99nistan-bunu-d%c9%99y%c9%99rl%c9%99ndirs%c9%99-%c9%99limizd%c9%99n-g%c9%99l%c9%99ni-ed%c9%99c%c9%99yik-%c9%99rdogan","status":"publish","type":"post","link":"https:\/\/fedai.az\/?p=46430","title":{"rendered":"\u201cErm\u0259nistan bunu d\u0259y\u0259rl\u0259ndirs\u0259, \u0259limizd\u0259n g\u0259l\u0259ni ed\u0259c\u0259yik\u201d &#8212; \u018frdo\u011fan"},"content":{"rendered":"\n<p><strong>&#171;Da\u011fl\u0131q Qaraba\u011fdak\u0131 i\u015f\u011fal\u0131n sona \u00e7atmas\u0131 il\u0259 b\u00f6lg\u0259mizd\u0259 uzunm\u00fcdd\u0259tli s\u00fclh \u00fc\u00e7\u00fcn yeni f\u00fcrs\u0259t p\u0259nc\u0259r\u0259si a\u00e7\u0131l\u0131b\u201d.<\/strong><\/p>\n\n\n\n<p><br>&#171;Qafqazinfo\u201d TRT-y\u0259 istinad\u0259n x\u0259b\u0259r verir ki, bunu T\u00fcrkiy\u0259 Prezidenti R\u0259c\u0259b Tayyib \u018frdo\u011fan deyib.<\/p>\n\n\n\n<p>&#171;Erm\u0259nistan bunu d\u0259y\u0259rl\u0259ndirs\u0259, biz d\u0259 \u0259limizd\u0259n g\u0259l\u0259ni ed\u0259c\u0259yik\u201d, &#8212; d\u00f6vl\u0259t ba\u015f\u00e7\u0131s\u0131 qeyd edib.<\/p>\n","protected":false},"excerpt":{"rendered":"<p>&#171;Da\u011fl\u0131q Qaraba\u011fdak\u0131 i\u015f\u011fal\u0131n sona \u00e7atmas\u0131 il\u0259 b\u00f6lg\u0259mizd\u0259 uzunm\u00fcdd\u0259tli s\u00fclh \u00fc\u00e7\u00fcn yeni f\u00fcrs\u0259t p\u0259nc\u0259r\u0259si a\u00e7\u0131l\u0131b\u201d. &#171;Qafqazinfo\u201d TRT-y\u0259 istinad\u0259n x\u0259b\u0259r verir ki, bunu T\u00fcrkiy\u0259 Prezidenti R\u0259c\u0259b<\/p>\n","protected":false},"author":2,"featured_media":46431,"comment_status":"closed","ping_status":"closed","sticky":false,"template":"","format":"standard","meta":{"footnotes":""},"categories":[4],"tags":[],"class_list":["post-46430","post","type-post","status-publish","format-standard","has-post-thumbnail","hentry","category-qarabag"],"aioseo_notices":[],"_links":{"self":[{"href":"https:\/\/fedai.az\/index.php?rest_route=\/wp\/v2\/posts\/46430","targetHints":{"allow":["GET"]}}],"collection":[{"href":"https:\/\/fedai.az\/index.php?rest_route=\/wp\/v2\/posts"}],"about":[{"href":"https:\/\/fedai.az\/index.php?rest_route=\/wp\/v2\/types\/post"}],"author":[{"embeddable":true,"href":"https:\/\/fedai.az\/index.php?rest_route=\/wp\/v2\/users\/2"}],"replies":[{"embeddable":true,"href":"https:\/\/fedai.az\/index.php?rest_route=%2Fwp%2Fv2%2Fcomments&post=46430"}],"version-history":[{"count":1,"href":"https:\/\/fedai.az\/index.php?rest_route=\/wp\/v2\/posts\/46430\/revisions"}],"predecessor-version":[{"id":46432,"href":"https:\/\/fedai.az\/index.php?rest_route=\/wp\/v2\/posts\/46430\/revisions\/46432"}],"wp:featuredmedia":[{"embeddable":true,"href":"https:\/\/fedai.az\/index.php?rest_route=\/wp\/v2\/media\/46431"}],"wp:attachment":[{"href":"https:\/\/fedai.az\/index.php?rest_route=%2Fwp%2Fv2%2Fmedia&parent=46430"}],"wp:term":[{"taxonomy":"category","embeddable":true,"href":"https:\/\/fedai.az\/index.php?rest_route=%2Fwp%2Fv2%2Fcategories&post=46430"},{"taxonomy":"post_tag","embeddable":true,"href":"https:\/\/fedai.az\/index.php?rest_route=%2Fwp%2Fv2%2Ftags&post=46430"}],"curies":[{"name":"wp","href":"https:\/\/api.w.org\/{rel}","templated":true}]}}