{"id":46434,"date":"2021-08-26T01:48:30","date_gmt":"2021-08-25T21:48:30","guid":{"rendered":"https:\/\/fedai.az\/?p=46434"},"modified":"2021-08-26T01:53:56","modified_gmt":"2021-08-25T21:53:56","slug":"bu-gun-mehriban-%c9%99liyevanin-dogum-gunudur","status":"publish","type":"post","link":"https:\/\/fedai.az\/?p=46434","title":{"rendered":"Bu g\u00fcn Mehriban \u018fliyevan\u0131n do\u011fum g\u00fcn\u00fcd\u00fcr"},"content":{"rendered":"\n<p><strong><span class=\"has-inline-color has-vivid-red-color\">Bu g\u00fcn Az\u0259rbaycan\u0131n Birinci vitse-prezidenti xan\u0131m Mehriban \u018fliyevan\u0131n do\u011fum g\u00fcn\u00fcd\u00fcr.<\/span><\/strong><\/p>\n\n\n\n<p><br><strong>\u018fliyeva Mehriban Arif q\u0131z\u0131 1964-c\u00fc il avqustun 26-da Bak\u0131 \u015f\u0259h\u0259rind\u0259 ziyal\u0131 ail\u0259sind\u0259 anadan olub. 1982-ci ild\u0259 Bak\u0131 \u015f\u0259h\u0259r 23 \u2116-li orta m\u0259kt\u0259bi q\u0131z\u0131l medalla bitir\u0259r\u0259k N\u0259riman N\u0259rimanov ad\u0131na Az\u0259rbaycan D\u00f6vl\u0259t Tibb \u0130nstitutunun m\u00fcalic\u0259-profilaktika fak\u00fclt\u0259sin\u0259 daxil olub. 1988-ci ild\u0259 \u0130.M.Se\u00e7enov ad\u0131na Birinci Moskva D\u00f6vl\u0259t Tibb \u0130nstitutunu f\u0259rql\u0259nm\u0259 diplomu il\u0259 bitirib. 1988\u20131992-ci ill\u0259rd\u0259 Moskvada Elmi T\u0259dqiqat G\u00f6z X\u0259st\u0259likl\u0259ri \u0130nstitutunda i\u015fl\u0259yib.<\/strong><\/p>\n\n\n\n<figure class=\"wp-block-gallery columns-2 is-cropped wp-block-gallery-1 is-layout-flex wp-block-gallery-is-layout-flex\"><ul class=\"blocks-gallery-grid\"><li class=\"blocks-gallery-item\"><figure><img loading=\"lazy\" decoding=\"async\" width=\"850\" height=\"530\" src=\"https:\/\/fedai.az\/wp-content\/uploads\/2021\/08\/1629923523_aa851d98-630b-3ec9-9aa0-d4d2ce867e0a_850.jpg\" alt=\"\" data-id=\"46435\" data-link=\"https:\/\/fedai.az\/?attachment_id=46435\" class=\"wp-image-46435\" srcset=\"https:\/\/fedai.az\/wp-content\/uploads\/2021\/08\/1629923523_aa851d98-630b-3ec9-9aa0-d4d2ce867e0a_850.jpg 850w, https:\/\/fedai.az\/wp-content\/uploads\/2021\/08\/1629923523_aa851d98-630b-3ec9-9aa0-d4d2ce867e0a_850-300x187.jpg 300w, https:\/\/fedai.az\/wp-content\/uploads\/2021\/08\/1629923523_aa851d98-630b-3ec9-9aa0-d4d2ce867e0a_850-150x94.jpg 150w, https:\/\/fedai.az\/wp-content\/uploads\/2021\/08\/1629923523_aa851d98-630b-3ec9-9aa0-d4d2ce867e0a_850-768x479.jpg 768w, https:\/\/fedai.az\/wp-content\/uploads\/2021\/08\/1629923523_aa851d98-630b-3ec9-9aa0-d4d2ce867e0a_850-115x73.jpg 115w\" sizes=\"auto, (max-width: 850px) 100vw, 850px\" \/><\/figure><\/li><li class=\"blocks-gallery-item\"><figure><img loading=\"lazy\" decoding=\"async\" width=\"278\" height=\"181\" src=\"https:\/\/fedai.az\/wp-content\/uploads\/2021\/08\/images-7-2.jpg\" alt=\"\" data-id=\"46436\" data-full-url=\"https:\/\/fedai.az\/wp-content\/uploads\/2021\/08\/images-7-2.jpg\" data-link=\"https:\/\/fedai.az\/?attachment_id=46436\" class=\"wp-image-46436\" srcset=\"https:\/\/fedai.az\/wp-content\/uploads\/2021\/08\/images-7-2.jpg 278w, https:\/\/fedai.az\/wp-content\/uploads\/2021\/08\/images-7-2-150x98.jpg 150w\" sizes=\"auto, (max-width: 278px) 100vw, 278px\" \/><\/figure><\/li><\/ul><\/figure>\n\n\n\n<p><br>1995-ci ild\u0259 Az\u0259rbaycan M\u0259d\u0259niyy\u0259t Fondunu t\u0259sis edib v\u0259 haz\u0131rda onun r\u0259hb\u0259ridir. 1996-c\u0131 ild\u0259 Az\u0259rbaycan m\u0259d\u0259niyy\u0259tinin geni\u015f t\u0259bli\u011fi m\u0259qs\u0259di il\u0259 \u00fc\u00e7 dild\u0259 (Az\u0259rbaycan, ingilis v\u0259 rus) n\u0259\u015fr olunan &#171;Az\u0259rbaycan \u2013 \u0130rs\u201d jurnal\u0131n\u0131 t\u0259sis edib.<\/p>\n\n\n\n<p>2002-ci ilin oktyabr\u0131nda Az\u0259rbaycan Gimnastika Federasiyas\u0131n\u0131n prezidenti se\u00e7ilib.<\/p>\n\n\n\n<p><br>2004-c\u00fc ild\u0259n Az\u0259rbaycan xalq\u0131n\u0131n \u00fcmummilli lideri Heyd\u0259r \u018fliyevin z\u0259ngin siyasi irsinin \u00f6yr\u0259nilm\u0259si v\u0259 milli d\u00f6vl\u0259t\u00e7ilik ideyalar\u0131n\u0131n t\u0259bli\u011fi m\u0259qs\u0259di il\u0259 yarad\u0131lan Heyd\u0259r \u018fliyev Fonduna r\u0259hb\u0259rlik edir.<\/p>\n\n\n\n<figure class=\"wp-block-gallery columns-2 is-cropped wp-block-gallery-2 is-layout-flex wp-block-gallery-is-layout-flex\"><ul class=\"blocks-gallery-grid\"><li class=\"blocks-gallery-item\"><figure><img loading=\"lazy\" decoding=\"async\" width=\"284\" height=\"178\" src=\"https:\/\/fedai.az\/wp-content\/uploads\/2021\/08\/\u0411\u0435\u0437-\u043d\u0430\u0437\u0432\u0430\u043d\u0438\u044f-7.jpg\" alt=\"\" data-id=\"46437\" data-link=\"https:\/\/fedai.az\/?attachment_id=46437\" class=\"wp-image-46437\" srcset=\"https:\/\/fedai.az\/wp-content\/uploads\/2021\/08\/\u0411\u0435\u0437-\u043d\u0430\u0437\u0432\u0430\u043d\u0438\u044f-7.jpg 284w, https:\/\/fedai.az\/wp-content\/uploads\/2021\/08\/\u0411\u0435\u0437-\u043d\u0430\u0437\u0432\u0430\u043d\u0438\u044f-7-150x94.jpg 150w, https:\/\/fedai.az\/wp-content\/uploads\/2021\/08\/\u0411\u0435\u0437-\u043d\u0430\u0437\u0432\u0430\u043d\u0438\u044f-7-115x73.jpg 115w\" sizes=\"auto, (max-width: 284px) 100vw, 284px\" \/><\/figure><\/li><li class=\"blocks-gallery-item\"><figure><img loading=\"lazy\" decoding=\"async\" width=\"800\" height=\"450\" src=\"https:\/\/fedai.az\/wp-content\/uploads\/2021\/08\/ilham_herbi-mehriban_herbi_30.jpg\" alt=\"\" data-id=\"46438\" data-full-url=\"https:\/\/fedai.az\/wp-content\/uploads\/2021\/08\/ilham_herbi-mehriban_herbi_30.jpg\" data-link=\"https:\/\/fedai.az\/?attachment_id=46438\" class=\"wp-image-46438\" srcset=\"https:\/\/fedai.az\/wp-content\/uploads\/2021\/08\/ilham_herbi-mehriban_herbi_30.jpg 800w, https:\/\/fedai.az\/wp-content\/uploads\/2021\/08\/ilham_herbi-mehriban_herbi_30-300x169.jpg 300w, https:\/\/fedai.az\/wp-content\/uploads\/2021\/08\/ilham_herbi-mehriban_herbi_30-150x84.jpg 150w, https:\/\/fedai.az\/wp-content\/uploads\/2021\/08\/ilham_herbi-mehriban_herbi_30-768x432.jpg 768w\" sizes=\"auto, (max-width: 800px) 100vw, 800px\" \/><\/figure><\/li><\/ul><\/figure>\n\n\n\n<p><br>2004-c\u00fc ilin avqustunda Az\u0259rbaycan \u015fifahi xalq \u0259d\u0259biyyat\u0131 v\u0259 milli musiqi irsinin qorunub saxlan\u0131lmas\u0131 v\u0259 inki\u015faf etdirilm\u0259sind\u0259 xidm\u0259tl\u0259rin\u0259 g\u00f6r\u0259 UNESCO-nun xo\u015fm\u0259raml\u0131 s\u0259firi ad\u0131na layiq g\u00f6r\u00fcl\u00fcb.<\/p>\n\n\n\n<p>2004-c\u00fc ilin dekabr\u0131nda Az\u0259rbaycan Respublikas\u0131 Milli Olimpiya Komit\u0259sinin IV Ba\u015f M\u0259clisind\u0259 MOK-un \u0130craiyy\u0259 Komit\u0259sin\u0259 \u00fczv se\u00e7ilib.<\/p>\n\n\n\n<p><br>2004-c\u00fc ild\u0259n Yeni Az\u0259rbaycan Partiyas\u0131 Siyasi \u015euras\u0131n\u0131n \u00fczv\u00fc, 2013-c\u00fc ild\u0259n is\u0259 partiyan\u0131n s\u0259dr m\u00fcavinidir.<\/p>\n\n\n\n<p><br>2005-ci ild\u0259 f\u0259ls\u0259f\u0259 \u00fczr\u0259 f\u0259ls\u0259f\u0259 doktoru alimlik d\u0259r\u0259c\u0259si al\u0131b.<\/p>\n\n\n\n<figure class=\"wp-block-gallery columns-2 is-cropped wp-block-gallery-3 is-layout-flex wp-block-gallery-is-layout-flex\"><ul class=\"blocks-gallery-grid\"><li class=\"blocks-gallery-item\"><figure><img loading=\"lazy\" decoding=\"async\" width=\"637\" height=\"400\" src=\"https:\/\/fedai.az\/wp-content\/uploads\/2021\/08\/1629923580_p13.jpg\" alt=\"\" data-id=\"46439\" data-link=\"https:\/\/fedai.az\/?attachment_id=46439\" class=\"wp-image-46439\" srcset=\"https:\/\/fedai.az\/wp-content\/uploads\/2021\/08\/1629923580_p13.jpg 637w, https:\/\/fedai.az\/wp-content\/uploads\/2021\/08\/1629923580_p13-300x188.jpg 300w, https:\/\/fedai.az\/wp-content\/uploads\/2021\/08\/1629923580_p13-150x94.jpg 150w, https:\/\/fedai.az\/wp-content\/uploads\/2021\/08\/1629923580_p13-115x73.jpg 115w\" sizes=\"auto, (max-width: 637px) 100vw, 637px\" \/><\/figure><\/li><li class=\"blocks-gallery-item\"><figure><img loading=\"lazy\" decoding=\"async\" width=\"275\" height=\"183\" src=\"https:\/\/fedai.az\/wp-content\/uploads\/2021\/08\/\u0411\u0435\u0437-\u043d\u0430\u0437\u0432\u0430\u043d\u0438\u044f-9.jpg\" alt=\"\" data-id=\"46440\" data-full-url=\"https:\/\/fedai.az\/wp-content\/uploads\/2021\/08\/\u0411\u0435\u0437-\u043d\u0430\u0437\u0432\u0430\u043d\u0438\u044f-9.jpg\" data-link=\"https:\/\/fedai.az\/?attachment_id=46440\" class=\"wp-image-46440\" srcset=\"https:\/\/fedai.az\/wp-content\/uploads\/2021\/08\/\u0411\u0435\u0437-\u043d\u0430\u0437\u0432\u0430\u043d\u0438\u044f-9.jpg 275w, https:\/\/fedai.az\/wp-content\/uploads\/2021\/08\/\u0411\u0435\u0437-\u043d\u0430\u0437\u0432\u0430\u043d\u0438\u044f-9-150x100.jpg 150w\" sizes=\"auto, (max-width: 275px) 100vw, 275px\" \/><\/figure><\/li><\/ul><\/figure>\n\n\n\n<p><br>2005, 2010 v\u0259 2015-ci ill\u0259rd\u0259 \u00fc\u00e7\u00fcnc\u00fc, d\u00f6rd\u00fcnc\u00fc v\u0259 be\u015finci \u00e7a\u011f\u0131r\u0131\u015f Az\u0259rbaycan Respublikas\u0131n\u0131n Milli M\u0259clisinin deputat\u0131 se\u00e7ilib.<br>Humanitar sah\u0259d\u0259 geni\u015fmiqyasl\u0131 f\u0259aliyy\u0259tin\u0259, o c\u00fcml\u0259d\u0259n sivilizasiyalararas\u0131 v\u0259 m\u0259d\u0259niyy\u0259tl\u0259raras\u0131 dialoqun inki\u015faf\u0131na, \u0130slam m\u0259d\u0259ni irsinin t\u0259bli\u011fin\u0259 v\u0259 qay\u011f\u0131ya ehtiyac\u0131 olan u\u015faqlar\u0131n probleml\u0259rinin h\u0259llind\u0259 b\u00f6y\u00fck d\u0259st\u0259y\u0259 g\u00f6r\u0259 2006-c\u0131 ilin noyabr\u0131nda ISESCO-nun xo\u015fm\u0259raml\u0131 s\u0259firi ad\u0131na layiq g\u00f6r\u00fcl\u00fcb.<\/p>\n\n\n\n<p>2016-c\u0131 ilin iyununda Bak\u0131da ke\u00e7iril\u0259n D\u00fcnya Az\u0259rbaycanl\u0131lar\u0131n\u0131n IV Qurultay\u0131nda D\u00fcnya Az\u0259rbaycanl\u0131lar\u0131n\u0131 \u018flaq\u0259l\u0259ndirm\u0259 \u015euras\u0131n\u0131n \u00fczv\u00fc se\u00e7ilib.<\/p>\n\n\n\n<figure class=\"wp-block-gallery columns-2 is-cropped wp-block-gallery-4 is-layout-flex wp-block-gallery-is-layout-flex\"><ul class=\"blocks-gallery-grid\"><li class=\"blocks-gallery-item\"><figure><img loading=\"lazy\" decoding=\"async\" width=\"637\" height=\"400\" src=\"https:\/\/fedai.az\/wp-content\/uploads\/2021\/08\/MyCollages_-_2021-06-15T192302.374.jpg\" alt=\"\" data-id=\"46451\" data-link=\"https:\/\/fedai.az\/?attachment_id=46451\" class=\"wp-image-46451\" srcset=\"https:\/\/fedai.az\/wp-content\/uploads\/2021\/08\/MyCollages_-_2021-06-15T192302.374.jpg 637w, https:\/\/fedai.az\/wp-content\/uploads\/2021\/08\/MyCollages_-_2021-06-15T192302.374-300x188.jpg 300w, https:\/\/fedai.az\/wp-content\/uploads\/2021\/08\/MyCollages_-_2021-06-15T192302.374-150x94.jpg 150w, https:\/\/fedai.az\/wp-content\/uploads\/2021\/08\/MyCollages_-_2021-06-15T192302.374-115x73.jpg 115w\" sizes=\"auto, (max-width: 637px) 100vw, 637px\" \/><\/figure><\/li><li class=\"blocks-gallery-item\"><figure><img loading=\"lazy\" decoding=\"async\" width=\"272\" height=\"185\" src=\"https:\/\/fedai.az\/wp-content\/uploads\/2021\/08\/images-8-2.jpg\" alt=\"\" data-id=\"46452\" data-full-url=\"https:\/\/fedai.az\/wp-content\/uploads\/2021\/08\/images-8-2.jpg\" data-link=\"https:\/\/fedai.az\/?attachment_id=46452\" class=\"wp-image-46452\" srcset=\"https:\/\/fedai.az\/wp-content\/uploads\/2021\/08\/images-8-2.jpg 272w, https:\/\/fedai.az\/wp-content\/uploads\/2021\/08\/images-8-2-150x102.jpg 150w\" sizes=\"auto, (max-width: 272px) 100vw, 272px\" \/><\/figure><\/li><\/ul><\/figure>\n\n\n\n<p><br>2017-ci il fevral\u0131n 21-d\u0259 Az\u0259rbaycan Respublikas\u0131n\u0131n Birinci vitse-prezidenti v\u0259zif\u0259sin\u0259 t\u0259yin edilib. Bununla \u0259laq\u0259dar 2017-ci il mart\u0131n 6-da Milli M\u0259clisin deputat\u0131 s\u0259lahiyy\u0259tl\u0259rin\u0259 xitam verilib.<\/p>\n\n\n\n<p>2021-ci il mart\u0131n 5-d\u0259 Yeni Az\u0259rbaycan Partiyas\u0131n\u0131n (YAP) s\u0259dri \u0130lham \u018fliyevin s\u0259r\u0259ncam\u0131 il\u0259 partiya s\u0259drinin birinci m\u00fcavini t\u0259yin edilib.<\/p>\n\n\n\n<figure class=\"wp-block-gallery columns-2 is-cropped wp-block-gallery-5 is-layout-flex wp-block-gallery-is-layout-flex\"><ul class=\"blocks-gallery-grid\"><li class=\"blocks-gallery-item\"><figure><img loading=\"lazy\" decoding=\"async\" width=\"600\" height=\"400\" src=\"https:\/\/fedai.az\/wp-content\/uploads\/2021\/08\/1629923543_1566840521_untitled-1.jpg\" alt=\"\" data-id=\"46441\" data-link=\"https:\/\/fedai.az\/?attachment_id=46441\" class=\"wp-image-46441\" srcset=\"https:\/\/fedai.az\/wp-content\/uploads\/2021\/08\/1629923543_1566840521_untitled-1.jpg 600w, https:\/\/fedai.az\/wp-content\/uploads\/2021\/08\/1629923543_1566840521_untitled-1-300x200.jpg 300w, https:\/\/fedai.az\/wp-content\/uploads\/2021\/08\/1629923543_1566840521_untitled-1-150x100.jpg 150w\" sizes=\"auto, (max-width: 600px) 100vw, 600px\" \/><\/figure><\/li><li class=\"blocks-gallery-item\"><figure><img loading=\"lazy\" decoding=\"async\" width=\"850\" height=\"530\" src=\"https:\/\/fedai.az\/wp-content\/uploads\/2021\/08\/1615913185_ilham-mehriban-herbi-forma-qarabag.jpg\" alt=\"\" data-id=\"46442\" data-full-url=\"https:\/\/fedai.az\/wp-content\/uploads\/2021\/08\/1615913185_ilham-mehriban-herbi-forma-qarabag.jpg\" data-link=\"https:\/\/fedai.az\/?attachment_id=46442\" class=\"wp-image-46442\" srcset=\"https:\/\/fedai.az\/wp-content\/uploads\/2021\/08\/1615913185_ilham-mehriban-herbi-forma-qarabag.jpg 850w, https:\/\/fedai.az\/wp-content\/uploads\/2021\/08\/1615913185_ilham-mehriban-herbi-forma-qarabag-300x187.jpg 300w, https:\/\/fedai.az\/wp-content\/uploads\/2021\/08\/1615913185_ilham-mehriban-herbi-forma-qarabag-150x94.jpg 150w, https:\/\/fedai.az\/wp-content\/uploads\/2021\/08\/1615913185_ilham-mehriban-herbi-forma-qarabag-768x479.jpg 768w, https:\/\/fedai.az\/wp-content\/uploads\/2021\/08\/1615913185_ilham-mehriban-herbi-forma-qarabag-115x73.jpg 115w\" sizes=\"auto, (max-width: 850px) 100vw, 850px\" \/><\/figure><\/li><\/ul><\/figure>\n\n\n\n<p><br><strong>2020-ci ild\u0259 Az\u0259rbaycan\u0131n \u0259z\u0259li torpaqlar\u0131n\u0131 i\u015f\u011faldan azad etm\u0259si il\u0259 yekunla\u015fan 44 g\u00fcnl\u00fck V\u0259t\u0259n M\u00fcharib\u0259si i\u015ftirak\u00e7\u0131lar\u0131na x\u00fcsusi diqq\u0259t v\u0259 qay\u011f\u0131 g\u00f6st\u0259r\u0259n Birinci vitse-prezident Mehriban \u018fliyeva \u015f\u0259hid ail\u0259l\u0259ri, \u0259lill\u0259r, m\u00fcharib\u0259 veteranlar\u0131 il\u0259 m\u00fct\u0259madi g\u00f6r\u00fc\u015fl\u0259r ke\u00e7irir.<\/strong><\/p>\n\n\n\n<p><br>Mehriban \u018fliyevan\u0131n r\u0259hb\u0259rlik etdiyi Heyd\u0259r \u018fliyev Fondu birba\u015fa onun g\u00f6st\u0259ri\u015fl\u0259ri, tap\u015f\u0131r\u0131qlar\u0131 v\u0259 n\u0259zar\u0259ti alt\u0131nda i\u015f\u011faldan azad olunan \u0259razil\u0259rd\u0259 Az\u0259rbaycan xalq\u0131n\u0131n milli s\u0259rv\u0259ti olan dini abid\u0259l\u0259rin, m\u0259scidl\u0259rin b\u0259rpas\u0131 \u00fczr\u0259 layih\u0259l\u0259r\u0259 ba\u015flay\u0131b.<\/p>\n\n\n\n<p><br>Mehriban \u018fliyeva 1983-c\u00fc ild\u0259 \u0130lham \u018fliyevl\u0259 ail\u0259 h\u0259yat\u0131 qurub. Leyla, Arzu v\u0259 Heyd\u0259r adl\u0131 \u00fc\u00e7 \u00f6vlad\u0131 v\u0259 be\u015f n\u0259v\u0259si var.<\/p>\n\n\n\n<figure class=\"wp-block-gallery columns-2 is-cropped wp-block-gallery-6 is-layout-flex wp-block-gallery-is-layout-flex\"><ul class=\"blocks-gallery-grid\"><li class=\"blocks-gallery-item\"><figure><img loading=\"lazy\" decoding=\"async\" width=\"962\" height=\"669\" src=\"https:\/\/fedai.az\/wp-content\/uploads\/2021\/08\/1629923589_f610029f-6670-348e-aefb-7bab6e84225d.jpg\" alt=\"\" data-id=\"46447\" data-link=\"https:\/\/fedai.az\/?attachment_id=46447\" class=\"wp-image-46447\" srcset=\"https:\/\/fedai.az\/wp-content\/uploads\/2021\/08\/1629923589_f610029f-6670-348e-aefb-7bab6e84225d.jpg 962w, https:\/\/fedai.az\/wp-content\/uploads\/2021\/08\/1629923589_f610029f-6670-348e-aefb-7bab6e84225d-300x209.jpg 300w, https:\/\/fedai.az\/wp-content\/uploads\/2021\/08\/1629923589_f610029f-6670-348e-aefb-7bab6e84225d-150x104.jpg 150w, https:\/\/fedai.az\/wp-content\/uploads\/2021\/08\/1629923589_f610029f-6670-348e-aefb-7bab6e84225d-768x534.jpg 768w\" sizes=\"auto, (max-width: 962px) 100vw, 962px\" \/><\/figure><\/li><li class=\"blocks-gallery-item\"><figure><img loading=\"lazy\" decoding=\"async\" width=\"274\" height=\"184\" src=\"https:\/\/fedai.az\/wp-content\/uploads\/2021\/08\/\u0411\u0435\u0437-\u043d\u0430\u0437\u0432\u0430\u043d\u0438\u044f-10.jpg\" alt=\"\" data-id=\"46448\" data-full-url=\"https:\/\/fedai.az\/wp-content\/uploads\/2021\/08\/\u0411\u0435\u0437-\u043d\u0430\u0437\u0432\u0430\u043d\u0438\u044f-10.jpg\" data-link=\"https:\/\/fedai.az\/?attachment_id=46448\" class=\"wp-image-46448\" srcset=\"https:\/\/fedai.az\/wp-content\/uploads\/2021\/08\/\u0411\u0435\u0437-\u043d\u0430\u0437\u0432\u0430\u043d\u0438\u044f-10.jpg 274w, https:\/\/fedai.az\/wp-content\/uploads\/2021\/08\/\u0411\u0435\u0437-\u043d\u0430\u0437\u0432\u0430\u043d\u0438\u044f-10-150x101.jpg 150w\" sizes=\"auto, (max-width: 274px) 100vw, 274px\" \/><\/figure><\/li><\/ul><\/figure>\n\n\n\n<p>\u00d6lk\u0259mizd\u0259 x\u00fcsusi h\u0259ssas \u0259hali qruplar\u0131 il\u0259 i\u015fl\u0259m\u0259k, onlar\u0131n probleml\u0259rinin h\u0259llin\u0259 d\u0259st\u0259k olmaq Mehriban xan\u0131m \u018fliyevan\u0131n f\u0259aliyy\u0259t sah\u0259sinin ana x\u0259ttini t\u0259\u015fkil edir. Bu i\u015fd\u0259 g\u00fcnd\u0259lik sosial ehtiyaclar\u0131n qar\u015f\u0131lanmas\u0131, insanlar\u0131n sa\u011flaml\u0131\u011f\u0131n\u0131n qorunmas\u0131, x\u0259st\u0259l\u0259r\u0259, kims\u0259sizl\u0259r\u0259, ah\u0131llara v\u0259 ehtiyac\u0131 olan dig\u0259r insanlara qay\u011f\u0131 v\u0259 n\u0259vazi\u015f \u0259n vacib missiya kimi h\u0259yata ke\u00e7irilm\u0259kd\u0259dir.<\/p>\n\n\n\n<p>Sa\u011flaml\u0131q \u0130mkanlar\u0131 M\u0259hdud G\u0259ncl\u0259rin Pe\u015f\u0259 Reabilitasiya M\u0259rk\u0259zinin, \u015ea\u011fan v\u0259 Saray q\u0259s\u0259b\u0259l\u0259rind\u0259 \u0259lil u\u015faqlar \u00fc\u00e7\u00fcn internat evl\u0259rinin, Bilg\u0259hd\u0259ki Pensiya ya\u015f\u0131na \u00e7atm\u0131\u015f \u015f\u0259xsl\u0259r \u00fc\u00e7\u00fcn sosial xidm\u0259t m\u00fc\u0259ssis\u0259sinin y\u00fcks\u0259k s\u0259viyy\u0259d\u0259 yenid\u0259n qurulmas\u0131, internat m\u0259kt\u0259bl\u0259rind\u0259 ya\u015fayan u\u015faqlar\u0131n sonrak\u0131 h\u0259yat\u0131n\u0131n t\u0259hl\u00fck\u0259siz v\u0259 sa\u011flam t\u0259minat\u0131 \u00fc\u00e7\u00fcn ya\u015fay\u0131\u015f binalar\u0131n\u0131n tikilib istifad\u0259y\u0259 verilm\u0259si, \u00f6lk\u0259mizd\u0259 irsi qan x\u0259st\u0259liyind\u0259n \u0259ziyy\u0259t \u00e7\u0259k\u0259n \u015f\u0259xsl\u0259rin sa\u011flaml\u0131\u011f\u0131n\u0131n qorunmas\u0131 v\u0259 m\u00fcalic\u0259si \u00fc\u00e7\u00fcn Bak\u0131 \u015f\u0259h\u0259rind\u0259 Talassemiya M\u0259rk\u0259zinin yarad\u0131lmas\u0131 v\u0259 sair \u00e7ox\u015fax\u0259li f\u0259aliyy\u0259t d\u0259 \u00f6lk\u0259mizd\u0259 m\u0259hz Mehriban xan\u0131m \u018fliyevan\u0131n r\u0259hb\u0259rliyi alt\u0131nda h\u0259yata ke\u00e7irilib.&nbsp;<\/p>\n\n\n\n<figure class=\"wp-block-gallery columns-2 is-cropped wp-block-gallery-7 is-layout-flex wp-block-gallery-is-layout-flex\"><ul class=\"blocks-gallery-grid\"><li class=\"blocks-gallery-item\"><figure><img loading=\"lazy\" decoding=\"async\" width=\"262\" height=\"192\" src=\"https:\/\/fedai.az\/wp-content\/uploads\/2021\/08\/\u0411\u0435\u0437-\u043d\u0430\u0437\u0432\u0430\u043d\u0438\u044f-5-8.jpg\" alt=\"\" data-id=\"46443\" data-link=\"https:\/\/fedai.az\/?attachment_id=46443\" class=\"wp-image-46443\" srcset=\"https:\/\/fedai.az\/wp-content\/uploads\/2021\/08\/\u0411\u0435\u0437-\u043d\u0430\u0437\u0432\u0430\u043d\u0438\u044f-5-8.jpg 262w, https:\/\/fedai.az\/wp-content\/uploads\/2021\/08\/\u0411\u0435\u0437-\u043d\u0430\u0437\u0432\u0430\u043d\u0438\u044f-5-8-150x110.jpg 150w\" sizes=\"auto, (max-width: 262px) 100vw, 262px\" \/><\/figure><\/li><li class=\"blocks-gallery-item\"><figure><img loading=\"lazy\" decoding=\"async\" width=\"316\" height=\"160\" src=\"https:\/\/fedai.az\/wp-content\/uploads\/2021\/08\/images-5-9.jpg\" alt=\"\" data-id=\"46444\" data-full-url=\"https:\/\/fedai.az\/wp-content\/uploads\/2021\/08\/images-5-9.jpg\" data-link=\"https:\/\/fedai.az\/?attachment_id=46444\" class=\"wp-image-46444\" srcset=\"https:\/\/fedai.az\/wp-content\/uploads\/2021\/08\/images-5-9.jpg 316w, https:\/\/fedai.az\/wp-content\/uploads\/2021\/08\/images-5-9-300x152.jpg 300w, https:\/\/fedai.az\/wp-content\/uploads\/2021\/08\/images-5-9-150x76.jpg 150w\" sizes=\"auto, (max-width: 316px) 100vw, 316px\" \/><\/figure><\/li><\/ul><\/figure>\n\n\n\n<p><strong><span class=\"has-inline-color has-vivid-red-color\">M. \u018fliyevan\u0131n m\u00fcharib\u0259 veteranlar\u0131 aras\u0131nda n\u00fcfuzu y\u00fcks\u0259kdi. Bu g\u00fcn m\u00fcharib\u0259 veteranlar\u0131na ayr\u0131lan prezident t\u0259qa\u00fcd\u00fcn\u00fcn verilm\u0259si, m\u0259hz Mehriban \u018fliyevaya m\u00fcraci\u0259td\u0259n sonra \u00f6z h\u0259llini tap\u0131b. H\u0259m\u00e7inin \u00f6lk\u0259nin 81 minlik veteranlar ad\u0131ndan Az\u0259rbaycan V\u0259t\u0259n M\u00fcharib\u0259si Veteranlar\u0131 \u0130ctimai Birliyi (AVMV\u0130B) R\u0259hb\u0259rliyi Mehriban \u018fliyevan\u0131 ad g\u00fcn\u00fc m\u00fcnasib\u0259tiyl\u0259 t\u0259brik edir.<\/span><\/strong><\/p>\n\n\n\n<figure class=\"wp-block-gallery columns-2 is-cropped wp-block-gallery-8 is-layout-flex wp-block-gallery-is-layout-flex\"><ul class=\"blocks-gallery-grid\"><li class=\"blocks-gallery-item\"><figure><img loading=\"lazy\" decoding=\"async\" width=\"1024\" height=\"682\" src=\"https:\/\/fedai.az\/wp-content\/uploads\/2021\/08\/1629923584_3b2d0b1d-ca60-328e-b0f2-85fccc98f89c-1024x682.jpg\" alt=\"\" data-id=\"46445\" data-link=\"https:\/\/fedai.az\/?attachment_id=46445\" class=\"wp-image-46445\" srcset=\"https:\/\/fedai.az\/wp-content\/uploads\/2021\/08\/1629923584_3b2d0b1d-ca60-328e-b0f2-85fccc98f89c-1024x682.jpg 1024w, https:\/\/fedai.az\/wp-content\/uploads\/2021\/08\/1629923584_3b2d0b1d-ca60-328e-b0f2-85fccc98f89c-300x200.jpg 300w, https:\/\/fedai.az\/wp-content\/uploads\/2021\/08\/1629923584_3b2d0b1d-ca60-328e-b0f2-85fccc98f89c-150x100.jpg 150w, https:\/\/fedai.az\/wp-content\/uploads\/2021\/08\/1629923584_3b2d0b1d-ca60-328e-b0f2-85fccc98f89c-768x511.jpg 768w, https:\/\/fedai.az\/wp-content\/uploads\/2021\/08\/1629923584_3b2d0b1d-ca60-328e-b0f2-85fccc98f89c.jpg 1340w\" sizes=\"auto, (max-width: 1024px) 100vw, 1024px\" \/><\/figure><\/li><li class=\"blocks-gallery-item\"><figure><img loading=\"lazy\" decoding=\"async\" width=\"185\" height=\"273\" src=\"https:\/\/fedai.az\/wp-content\/uploads\/2021\/08\/images-3-3.jpg\" alt=\"\" data-id=\"46446\" data-full-url=\"https:\/\/fedai.az\/wp-content\/uploads\/2021\/08\/images-3-3.jpg\" data-link=\"https:\/\/fedai.az\/?attachment_id=46446\" class=\"wp-image-46446\" srcset=\"https:\/\/fedai.az\/wp-content\/uploads\/2021\/08\/images-3-3.jpg 185w, https:\/\/fedai.az\/wp-content\/uploads\/2021\/08\/images-3-3-102x150.jpg 102w\" sizes=\"auto, (max-width: 185px) 100vw, 185px\" \/><\/figure><\/li><\/ul><\/figure>\n\n\n\n<p>F\u0259aliyy\u0259ti d\u00f6vr\u00fcnd\u0259 M. \u018fliyeva bir s\u0131ra y\u00fcks\u0259k m\u00fckafatlarla t\u0259ltif olunub. &#171;Heyd\u0259r \u018fliyev\u201d ordeni (Az\u0259rbaycan Respublikas\u0131), &#171;\u015e\u0259r\u0259f Legionu\u201d ordeni (Fransa Respublikas\u0131), &#171;Xidm\u0259tl\u0259r\u0259 g\u00f6r\u0259\u201d B\u00f6y\u00fck Komandor Xa\u00e7\u0131 ordeni (Pol\u015fa Respublikas\u0131), &#171;Hilal-e Pakistan\u201d ali ordeni (Pakistan \u0130slam Respublikas\u0131), &#171;Sreten\u201d ordeni (Serbiya Respublikas\u0131), &#171;Macar\u0131stan\u0131n Xidm\u0259tl\u0259r\u0259 g\u00f6r\u0259 Komandor Xa\u00e7\u0131\u201d ordeni, UNESCO-nun &#171;Q\u0131z\u0131l Motsart\u201d medal\u0131, BMT-nin \u00dcmumd\u00fcnya \u018fqli M\u00fclkiyy\u0259t T\u0259\u015fkilat\u0131n\u0131n q\u0131z\u0131l medal\u0131, Krans Montana Forumunun Q\u0131z\u0131l medal\u0131 v\u0259 &#171;Prix de la Fondation\u201d m\u00fckafat\u0131, Avropa Olimpiya Komit\u0259l\u0259rinin Ali Ordeni, K\u00fcveyt D\u00f6vl\u0259tinin F\u0259xri diplomu, Heyd\u0259r \u018fliyev M\u00fckafat\u0131, D\u00fcnya S\u0259hiyy\u0259 T\u0259\u015fkilat\u0131 \u0130craiyy\u0259 Komit\u0259sinin m\u00fckafat\u0131, &#171;Q\u0131z\u0131l \u00fcr\u0259k\u201d beyn\u0259lxalq m\u00fckafat\u0131, Beyn\u0259lxalq Olimpiya Akademiyas\u0131n\u0131n &#171;Olympic Excellence\u201d x\u00fcsusi f\u0259xri m\u00fckafat\u0131, T\u00fcrk-Alman Dostluq Federasiyas\u0131n\u0131n f\u0259xri m\u00fckafat\u0131, Rusiya Federasiyas\u0131n\u0131n \u0130.M.Se\u00e7enov ad\u0131na Birinci Moskva D\u00f6vl\u0259t Tibb Universitetinin F\u0259xri professoru, Bolqar\u0131stan\u0131n M\u00fcq\u0259dd\u0259s Kiril v\u0259 Mefodi ad\u0131na Veliko T\u0131rnovo Universitetinin f\u0259xri doktoru ad\u0131, Rusiya Federasiyas\u0131n\u0131n Prezidenti Vladimir Putinin imzalad\u0131\u011f\u0131 f\u0259rmanla &#171;Dostluq\u201d ordeni il\u0259 t\u0259ltif edilib.<\/p>\n\n\n\n<p><strong>AVMV\u0130B M\u0259tbuat Xidm\u0259ti<\/strong><\/p>\n\n\n\n<figure class=\"wp-block-gallery columns-2 is-cropped wp-block-gallery-9 is-layout-flex wp-block-gallery-is-layout-flex\"><ul class=\"blocks-gallery-grid\"><li class=\"blocks-gallery-item\"><figure><img loading=\"lazy\" decoding=\"async\" width=\"683\" height=\"1024\" src=\"https:\/\/fedai.az\/wp-content\/uploads\/2021\/08\/1629923502_05-683x1024.jpg\" alt=\"\" data-id=\"46455\" data-link=\"https:\/\/fedai.az\/?attachment_id=46455\" class=\"wp-image-46455\" srcset=\"https:\/\/fedai.az\/wp-content\/uploads\/2021\/08\/1629923502_05-683x1024.jpg 683w, https:\/\/fedai.az\/wp-content\/uploads\/2021\/08\/1629923502_05-200x300.jpg 200w, https:\/\/fedai.az\/wp-content\/uploads\/2021\/08\/1629923502_05-100x150.jpg 100w, https:\/\/fedai.az\/wp-content\/uploads\/2021\/08\/1629923502_05-768x1152.jpg 768w, https:\/\/fedai.az\/wp-content\/uploads\/2021\/08\/1629923502_05.jpg 899w\" sizes=\"auto, (max-width: 683px) 100vw, 683px\" \/><\/figure><\/li><li class=\"blocks-gallery-item\"><figure><img loading=\"lazy\" decoding=\"async\" width=\"199\" height=\"253\" src=\"https:\/\/fedai.az\/wp-content\/uploads\/2021\/08\/images-9-1.jpg\" alt=\"\" data-id=\"46457\" data-full-url=\"https:\/\/fedai.az\/wp-content\/uploads\/2021\/08\/images-9-1.jpg\" data-link=\"https:\/\/fedai.az\/?attachment_id=46457\" class=\"wp-image-46457\" srcset=\"https:\/\/fedai.az\/wp-content\/uploads\/2021\/08\/images-9-1.jpg 199w, https:\/\/fedai.az\/wp-content\/uploads\/2021\/08\/images-9-1-118x150.jpg 118w\" sizes=\"auto, (max-width: 199px) 100vw, 199px\" \/><\/figure><\/li><\/ul><\/figure>\n","protected":false},"excerpt":{"rendered":"<p>Bu g\u00fcn Az\u0259rbaycan\u0131n Birinci vitse-prezidenti xan\u0131m Mehriban \u018fliyevan\u0131n do\u011fum g\u00fcn\u00fcd\u00fcr. \u018fliyeva Mehriban Arif q\u0131z\u0131 1964-c\u00fc il avqustun 26-da Bak\u0131 \u015f\u0259h\u0259rind\u0259 ziyal\u0131 ail\u0259sind\u0259 anadan olub.<\/p>\n","protected":false},"author":2,"featured_media":46453,"comment_status":"closed","ping_status":"closed","sticky":false,"template":"","format":"standard","meta":{"footnotes":""},"categories":[11],"tags":[],"class_list":["post-46434","post","type-post","status-publish","format-standard","has-post-thumbnail","hentry","category-tbrik"],"aioseo_notices":[],"_links":{"self":[{"href":"https:\/\/fedai.az\/index.php?rest_route=\/wp\/v2\/posts\/46434","targetHints":{"allow":["GET"]}}],"collection":[{"href":"https:\/\/fedai.az\/index.php?rest_route=\/wp\/v2\/posts"}],"about":[{"href":"https:\/\/fedai.az\/index.php?rest_route=\/wp\/v2\/types\/post"}],"author":[{"embeddable":true,"href":"https:\/\/fedai.az\/index.php?rest_route=\/wp\/v2\/users\/2"}],"replies":[{"embeddable":true,"href":"https:\/\/fedai.az\/index.php?rest_route=%2Fwp%2Fv2%2Fcomments&post=46434"}],"version-history":[{"count":2,"href":"https:\/\/fedai.az\/index.php?rest_route=\/wp\/v2\/posts\/46434\/revisions"}],"predecessor-version":[{"id":46458,"href":"https:\/\/fedai.az\/index.php?rest_route=\/wp\/v2\/posts\/46434\/revisions\/46458"}],"wp:featuredmedia":[{"embeddable":true,"href":"https:\/\/fedai.az\/index.php?rest_route=\/wp\/v2\/media\/46453"}],"wp:attachment":[{"href":"https:\/\/fedai.az\/index.php?rest_route=%2Fwp%2Fv2%2Fmedia&parent=46434"}],"wp:term":[{"taxonomy":"category","embeddable":true,"href":"https:\/\/fedai.az\/index.php?rest_route=%2Fwp%2Fv2%2Fcategories&post=46434"},{"taxonomy":"post_tag","embeddable":true,"href":"https:\/\/fedai.az\/index.php?rest_route=%2Fwp%2Fv2%2Ftags&post=46434"}],"curies":[{"name":"wp","href":"https:\/\/api.w.org\/{rel}","templated":true}]}}