{"id":46459,"date":"2021-08-26T02:02:19","date_gmt":"2021-08-25T22:02:19","guid":{"rendered":"https:\/\/fedai.az\/?p=46459"},"modified":"2021-08-26T02:02:23","modified_gmt":"2021-08-25T22:02:23","slug":"kamran-%c9%99liyev-iki-h%c9%99rbi-prokuror-t%c9%99yin-etdi","status":"publish","type":"post","link":"https:\/\/fedai.az\/?p=46459","title":{"rendered":"Kamran \u018fliyev iki h\u0259rbi prokuror t\u0259yin etdi"},"content":{"rendered":"\n<p><strong>Az\u0259rbaycan Respublikas\u0131n\u0131n Prezidenti \u0130lham \u018fliyevin &#171;\u0130\u015f\u011faldan azad olunmu\u015f \u0259razil\u0259rd\u0259 yeni h\u0259rbi prokurorluqlar\u0131n yarad\u0131lmas\u0131 haqq\u0131nda\u201d 1 aprel 2021-ci il tarixli S\u0259r\u0259ncam\u0131na \u0259sas\u0259n, Qubadl\u0131 v\u0259 K\u0259lb\u0259c\u0259r H\u0259rbi Prokurorluqlar\u0131 yarad\u0131ld\u0131qdan sonra Ba\u015f prokuror Kamran \u018fliyevin m\u00fcvafiq \u0259mrl\u0259ri il\u0259 qeyd olunan h\u0259rbi prokurorluqlar\u0131n struktur v\u0259 \u015ftat t\u0259rkibi m\u00fc\u0259yy\u0259n edilib.<\/strong><\/p>\n\n\n\n<p><br>Bu bar\u0259d\u0259 Ba\u015f Prokurorlu\u011fun M\u0259tbuat xidm\u0259tind\u0259n m\u0259lumat verilib.<\/p>\n\n\n\n<p><br>Bundan ba\u015fqa, m\u00fcvafiq \u0259mrl\u0259rl\u0259 Bayramov Mahir \u018fl\u0259mdar o\u011fluna K\u0259lb\u0259c\u0259r h\u0259rbi prokuroru, M\u00fcrs\u0259lov El\u015f\u0259n X\u0131d\u0131r o\u011fluna Qubadl\u0131 h\u0259rbi prokuroru v\u0259zif\u0259l\u0259rinin icras\u0131 h\u0259val\u0259 edilib.<\/p>\n","protected":false},"excerpt":{"rendered":"<p>Az\u0259rbaycan Respublikas\u0131n\u0131n Prezidenti \u0130lham \u018fliyevin &#171;\u0130\u015f\u011faldan azad olunmu\u015f \u0259razil\u0259rd\u0259 yeni h\u0259rbi prokurorluqlar\u0131n yarad\u0131lmas\u0131 haqq\u0131nda\u201d 1 aprel 2021-ci il tarixli S\u0259r\u0259ncam\u0131na \u0259sas\u0259n, Qubadl\u0131 v\u0259 K\u0259lb\u0259c\u0259r<\/p>\n","protected":false},"author":2,"featured_media":46462,"comment_status":"closed","ping_status":"closed","sticky":false,"template":"","format":"standard","meta":{"footnotes":""},"categories":[4],"tags":[],"class_list":["post-46459","post","type-post","status-publish","format-standard","has-post-thumbnail","hentry","category-qarabag"],"aioseo_notices":[],"_links":{"self":[{"href":"https:\/\/fedai.az\/index.php?rest_route=\/wp\/v2\/posts\/46459","targetHints":{"allow":["GET"]}}],"collection":[{"href":"https:\/\/fedai.az\/index.php?rest_route=\/wp\/v2\/posts"}],"about":[{"href":"https:\/\/fedai.az\/index.php?rest_route=\/wp\/v2\/types\/post"}],"author":[{"embeddable":true,"href":"https:\/\/fedai.az\/index.php?rest_route=\/wp\/v2\/users\/2"}],"replies":[{"embeddable":true,"href":"https:\/\/fedai.az\/index.php?rest_route=%2Fwp%2Fv2%2Fcomments&post=46459"}],"version-history":[{"count":1,"href":"https:\/\/fedai.az\/index.php?rest_route=\/wp\/v2\/posts\/46459\/revisions"}],"predecessor-version":[{"id":46463,"href":"https:\/\/fedai.az\/index.php?rest_route=\/wp\/v2\/posts\/46459\/revisions\/46463"}],"wp:featuredmedia":[{"embeddable":true,"href":"https:\/\/fedai.az\/index.php?rest_route=\/wp\/v2\/media\/46462"}],"wp:attachment":[{"href":"https:\/\/fedai.az\/index.php?rest_route=%2Fwp%2Fv2%2Fmedia&parent=46459"}],"wp:term":[{"taxonomy":"category","embeddable":true,"href":"https:\/\/fedai.az\/index.php?rest_route=%2Fwp%2Fv2%2Fcategories&post=46459"},{"taxonomy":"post_tag","embeddable":true,"href":"https:\/\/fedai.az\/index.php?rest_route=%2Fwp%2Fv2%2Ftags&post=46459"}],"curies":[{"name":"wp","href":"https:\/\/api.w.org\/{rel}","templated":true}]}}