{"id":46464,"date":"2021-08-26T02:04:01","date_gmt":"2021-08-25T22:04:01","guid":{"rendered":"https:\/\/fedai.az\/?p=46464"},"modified":"2021-08-26T02:04:03","modified_gmt":"2021-08-25T22:04:03","slug":"ukraynalilar-rus-t%c9%99yyar%c9%99siyl%c9%99-kabild%c9%99n-cixmaqdan-imtina-edibl%c9%99r","status":"publish","type":"post","link":"https:\/\/fedai.az\/?p=46464","title":{"rendered":"Ukraynal\u0131lar rus t\u0259yyar\u0259siyl\u0259 Kabild\u0259n \u00e7\u0131xmaqdan imtina edibl\u0259r"},"content":{"rendered":"\n<p><strong>\u201cUkrayna v\u0259t\u0259nda\u015flar\u0131n\u0131n \u018ffqan\u0131standan Rusiya t\u0259yyar\u0259l\u0259ri il\u0259 \u00e7\u0131xar\u0131lmas\u0131 il\u0259 ba\u011fl\u0131 he\u00e7 bir m\u0259lumat yoxdur. Ukraynal\u0131lar qeydiyyatdan ke\u00e7dil\u0259r, amma sonra g\u0259lm\u0259dil\u0259r &#171;dey\u0259 m\u0259nb\u0259 bildirib.<\/strong><\/p>\n\n\n\n<p><br>Daha \u0259vv\u0259l M\u00fcdafi\u0259 Nazirliyi, d\u00f6rd Rusiya h\u0259rbi t\u0259yyar\u0259sinin Kabuldan Rusiya, Belarusiya, Q\u0131r\u011f\u0131z\u0131stan, Tacikistan, \u00d6zb\u0259kistan v\u0259 Ukrayna v\u0259t\u0259nda\u015flar\u0131n\u0131 g\u00f6t\u00fcrd\u00fcy\u00fcn\u00fc bildirmi\u015fdi.<\/p>\n\n\n\n<p><br>Rusiya M\u00fcdafi\u0259 Nazirliyinin iki t\u0259yyar\u0259si art\u0131q bu respublika v\u0259t\u0259nda\u015flar\u0131n\u0131n \u00e7atd\u0131r\u0131ld\u0131\u011f\u0131 Q\u0131r\u011f\u0131z\u0131standak\u0131 Kant aerodromuna enmi\u015fdi. T\u0259yyar\u0259nin Tacikistana g\u0259ldiyi d\u0259 bildirilirdi.<\/p>\n\n\n\n<p><br>Avqustun 15 -d\u0259n Kabili radikal Taliban h\u0259r\u0259kat\u0131 n\u0259zar\u0259td\u0259 saxlay\u0131r (t\u0259\u015fkilat\u0131n f\u0259aliyy\u0259ti Rusiyada qada\u011fan edilib). Rusiya Prezidenti Vladimir Putinin tap\u015f\u0131r\u0131\u011f\u0131 il\u0259 M\u00fcdafi\u0259 Nazirliyi 500 rus v\u0259 v\u0259t\u0259nda\u015f\u0131n \u018ffqan\u0131standan \u00e7\u0131x\u0131\u015f\u0131n\u0131 t\u0259\u015fkil edib.<\/p>\n\n\n\n<p><strong>E. S\u0259lim<\/strong><\/p>\n","protected":false},"excerpt":{"rendered":"<p>\u201cUkrayna v\u0259t\u0259nda\u015flar\u0131n\u0131n \u018ffqan\u0131standan Rusiya t\u0259yyar\u0259l\u0259ri il\u0259 \u00e7\u0131xar\u0131lmas\u0131 il\u0259 ba\u011fl\u0131 he\u00e7 bir m\u0259lumat yoxdur. Ukraynal\u0131lar qeydiyyatdan ke\u00e7dil\u0259r, amma sonra g\u0259lm\u0259dil\u0259r &#171;dey\u0259 m\u0259nb\u0259 bildirib. Daha \u0259vv\u0259l<\/p>\n","protected":false},"author":2,"featured_media":46460,"comment_status":"closed","ping_status":"closed","sticky":false,"template":"","format":"standard","meta":{"footnotes":""},"categories":[13],"tags":[],"class_list":["post-46464","post","type-post","status-publish","format-standard","has-post-thumbnail","hentry","category-xarici"],"aioseo_notices":[],"_links":{"self":[{"href":"https:\/\/fedai.az\/index.php?rest_route=\/wp\/v2\/posts\/46464","targetHints":{"allow":["GET"]}}],"collection":[{"href":"https:\/\/fedai.az\/index.php?rest_route=\/wp\/v2\/posts"}],"about":[{"href":"https:\/\/fedai.az\/index.php?rest_route=\/wp\/v2\/types\/post"}],"author":[{"embeddable":true,"href":"https:\/\/fedai.az\/index.php?rest_route=\/wp\/v2\/users\/2"}],"replies":[{"embeddable":true,"href":"https:\/\/fedai.az\/index.php?rest_route=%2Fwp%2Fv2%2Fcomments&post=46464"}],"version-history":[{"count":1,"href":"https:\/\/fedai.az\/index.php?rest_route=\/wp\/v2\/posts\/46464\/revisions"}],"predecessor-version":[{"id":46465,"href":"https:\/\/fedai.az\/index.php?rest_route=\/wp\/v2\/posts\/46464\/revisions\/46465"}],"wp:featuredmedia":[{"embeddable":true,"href":"https:\/\/fedai.az\/index.php?rest_route=\/wp\/v2\/media\/46460"}],"wp:attachment":[{"href":"https:\/\/fedai.az\/index.php?rest_route=%2Fwp%2Fv2%2Fmedia&parent=46464"}],"wp:term":[{"taxonomy":"category","embeddable":true,"href":"https:\/\/fedai.az\/index.php?rest_route=%2Fwp%2Fv2%2Fcategories&post=46464"},{"taxonomy":"post_tag","embeddable":true,"href":"https:\/\/fedai.az\/index.php?rest_route=%2Fwp%2Fv2%2Ftags&post=46464"}],"curies":[{"name":"wp","href":"https:\/\/api.w.org\/{rel}","templated":true}]}}