{"id":46494,"date":"2021-08-26T03:38:20","date_gmt":"2021-08-25T23:38:20","guid":{"rendered":"https:\/\/fedai.az\/?p=46494"},"modified":"2021-08-26T03:38:24","modified_gmt":"2021-08-25T23:38:24","slug":"t%c9%99brik-aliyev-elxan-qurban%c9%99li-oglu-68","status":"publish","type":"post","link":"https:\/\/fedai.az\/?p=46494","title":{"rendered":"T\u018fBR\u0130K: ALIYEV ELXAN QURBAN\u018fL\u0130 \u00d6\u011eLU &#8212; 68"},"content":{"rendered":"\n<p><strong>\u00a0\u00a0\u00a0 <span class=\"has-inline-color has-vivid-red-color\">AVMV\u0130B-nin r\u0259hb\u0259rliyi v\u0259 Az\u0259rbaycan V\u0259t\u0259n M\u00fcharib\u0259si Veteranlar\u0131 \u0130ctimai Birliyinin s\u0259dr m\u00fcavini polkovnik Salman Musayev M\u00fcharib\u0259 v\u0259 Silahl\u0131 Q\u00fcvv\u0259l\u0259r Veteran\u0131 istefada\u00a0 olan polkovnik- leytenant Al\u0131yev Elxan Qurban\u0259li o\u011flunu do\u011fum g\u00fcn\u00fc m\u00fcnasib\u0259til\u0259 s\u0259mimi q\u0259lbd\u0259n t\u0259brik edir, h\u0259yatda insan \u00fc\u00e7\u00fcn \u0259n \u015firin neym\u0259t olan m\u00f6hk\u0259m can sa\u011fl\u0131\u011f\u0131 v\u0259 h\u0259yat yollar\u0131nda bitib &#8212; t\u00fck\u0259nm\u0259y\u0259n nailiyy\u0259tl\u0259r arzulay\u0131r.<\/span><\/strong><\/p>\n\n\n\n<p><strong>&nbsp;&nbsp; Qoy ya\u015f\u0131n\u0131n \u00fcst\u0259 g\u0259l\u0259n bu ya\u015f ona sevinc dolu g\u00fcnl\u0259r b\u0259x\u015f etsin, h\u0259r yeni g\u00fcn\u00fc is\u0259 \u00f6t\u0259n g\u00fcnl\u0259rd\u0259n daha g\u00f6z\u0259l ist\u0259kl\u0259rin\u0259 uy\u011fun, onu xo\u015fb\u0259xt ed\u0259c\u0259k \u015f\u0259kild\u0259 ke\u00e7sin. Amin!<\/strong><\/p>\n\n\n\n<p>&nbsp;&nbsp; Polkovnik- leytenant Al\u0131yev Elxan Qurban\u0259li o\u011flu 26 avqust 1953 -c\u00fc ild\u0259 \u015eamax\u0131 rayonun Ov\u00e7ulu k\u0259ndind\u0259 anadan olub.1960 &#8212; c\u0131 ild\u0259 birinci sinif\u0259 gedib,1971-ci ild\u0259 Qanizad\u0259 ad\u0131na&nbsp; \u015eamax\u0131 rayon&nbsp; 1(bir) n\u00f6mr\u0259li orta m\u0259kt\u0259bi, 1881-ci ild\u0259 is\u0259 Az\u0259rbaycan Neft Kimya Akademiyas\u0131n\u0131&nbsp; bitirib.<\/p>\n\n\n\n<figure class=\"wp-block-gallery columns-2 is-cropped wp-block-gallery-1 is-layout-flex wp-block-gallery-is-layout-flex\"><ul class=\"blocks-gallery-grid\"><li class=\"blocks-gallery-item\"><figure><img loading=\"lazy\" decoding=\"async\" width=\"480\" height=\"640\" src=\"https:\/\/fedai.az\/wp-content\/uploads\/2021\/08\/240582507_992245928261549_4890105331787207797_n.jpg\" alt=\"\" data-id=\"46495\" data-full-url=\"https:\/\/fedai.az\/wp-content\/uploads\/2021\/08\/240582507_992245928261549_4890105331787207797_n.jpg\" data-link=\"https:\/\/fedai.az\/?attachment_id=46495\" class=\"wp-image-46495\" srcset=\"https:\/\/fedai.az\/wp-content\/uploads\/2021\/08\/240582507_992245928261549_4890105331787207797_n.jpg 480w, https:\/\/fedai.az\/wp-content\/uploads\/2021\/08\/240582507_992245928261549_4890105331787207797_n-225x300.jpg 225w, https:\/\/fedai.az\/wp-content\/uploads\/2021\/08\/240582507_992245928261549_4890105331787207797_n-113x150.jpg 113w\" sizes=\"auto, (max-width: 480px) 100vw, 480px\" \/><\/figure><\/li><li class=\"blocks-gallery-item\"><figure><img loading=\"lazy\" decoding=\"async\" width=\"702\" height=\"1024\" src=\"https:\/\/fedai.az\/wp-content\/uploads\/2021\/08\/h4-702x1024.jpg\" alt=\"\" data-id=\"46497\" data-full-url=\"https:\/\/fedai.az\/wp-content\/uploads\/2021\/08\/h4.jpg\" data-link=\"https:\/\/fedai.az\/?attachment_id=46497\" class=\"wp-image-46497\" srcset=\"https:\/\/fedai.az\/wp-content\/uploads\/2021\/08\/h4-702x1024.jpg 702w, https:\/\/fedai.az\/wp-content\/uploads\/2021\/08\/h4-206x300.jpg 206w, https:\/\/fedai.az\/wp-content\/uploads\/2021\/08\/h4-103x150.jpg 103w, https:\/\/fedai.az\/wp-content\/uploads\/2021\/08\/h4.jpg 712w\" sizes=\"auto, (max-width: 702px) 100vw, 702px\" \/><\/figure><\/li><\/ul><\/figure>\n\n\n\n<p>&nbsp;&nbsp; Elxan Al\u0131yev 1974 -1976-c\u0131 ill\u0259rd\u0259 SSR\u0130 M\u00fcdafi\u0259 Nazirliyinin Odessa \u015f\u0259h\u0259rind\u0259 yerl\u0259\u015f\u0259n h\u0259rbi hiss\u0259d\u0259 m\u00fcddd\u0259tli h\u0259qqi h\u0259rbi xidm\u0259td\u0259 olub. O, 1971- 1973 -c\u00fc v\u0259 1976- 1992 -ci ill\u0259rd\u0259&nbsp; Daxili \u0130\u015fl\u0259r Nazirliyinin Ba\u015f Yan\u011f\u0131ndan M\u00fchafiz\u0259 \u0130dar\u0259sinin&nbsp; ya\u011f\u0131ndan m\u00fchafiz\u0259 hiss\u0259l\u0259rind\u0259 m\u00fcxt\u0259lif v\u0259zif\u0259l\u0259rd\u0259 , D\u0130N-in texniki yan\u011f\u0131ndan m\u00fchafiz\u0259 m\u0259kt\u0259bind\u0259 is\u0259 ba\u015f m\u00fc\u0259llim v\u0259zif\u0259sind\u0259&nbsp; i\u015fl\u0259yib.<\/p>\n\n\n\n<p>&nbsp;&nbsp;&nbsp;&nbsp; &nbsp;Polkovnik-&nbsp; leytenant Elxan Al\u0131yev&nbsp; 1992-1999-cu ill\u0259rd\u0259 Daxili \u0130\u015fl\u0259r Nazirliyinin&nbsp; Daxili Qo\u015funlar\u0131n Ba\u015f \u0130dar\u0259sinin \u0130\u015fl\u0259r \u0130dar\u0259sinin r\u0259isi, DQB\u0130-nin N\u00f6vb\u0259t\u00e7i Xidm\u0259tinin r\u0259isi v\u0259zif\u0259l\u0259rind\u0259 xidm\u0259t edib.<\/p>\n\n\n\n<p><strong>&nbsp;&nbsp;&nbsp; \u0130stefada olan polkovnik leytenant Elxan Al\u0131yev pe\u015f\u0259karl\u0131\u011f\u0131 v\u0259 humanistliyi il\u0259 secil\u0259n \u0259n m\u0259hsuldar d\u00f6vr\u00fcn\u00fcn&nbsp; 28 ild\u0259n cox \u015f\u0259r\u0259fli xidm\u0259ti yolunu Daxili \u0130\u015fl\u0259r Nazirliyinin Ba\u015f Yan\u011f\u0131ndan M\u00fchafiz\u0259 \u0130dar\u0259sind\u0259 v\u0259 Daxili&nbsp; \u0130\u015fl\u0259r Nazirliyinin Daxili Qo\u015funlar\u0131n Ba\u015f \u0130dar\u0259sind\u0259 xidm\u0259t ed\u0259r\u0259k V\u0259t\u0259n\u0259, D\u00f6vl\u0259t\u0259 v\u0259 Xalqa s\u0259daq\u0259tl\u0259 xidm\u0259t etmi\u015fdir.<\/strong><\/p>\n\n\n\n<p>&nbsp;&nbsp; M\u00fcharib\u0259 v\u0259 Silahl\u0131 q\u00fcvv\u0259l\u0259r veteran\u0131 istefada olan polkovnik- leytenant&nbsp; Elxan Al\u0131yev Az\u0259rbaycan Respublikas\u0131 Konstitusiyas\u0131na v\u0259&nbsp; q\u00fcvv\u0259l\u0259r qanunlar\u0131na,h\u0259rbi and\u0131n, h\u0259rbi nizam\u0259l\u0259rin,Daxili Qo\u015funlar\u0131n Bas \u0130dar\u0259sinin \u0130\u015fl\u0259r \u0130dar\u0259si \u00fczr\u0259 v\u0259 N\u00f6vb\u0259tci xidm\u0259ti \u00fczr\u0259 \u0259sasnam\u0259l\u0259rin v\u0259 t\u0259limatlar\u0131n t\u0259l\u0259bl\u0259rin\u0259 v\u0259 v\u0259zif\u0259 borcuna \u0259m\u0259l&nbsp; etm\u0259kd\u0259 tabeliyind\u0259kil\u0259r \u00fc\u00e7\u00fcn n\u00fcmun\u0259 olmu\u015fdur.<\/p>\n\n\n\n<p>&nbsp;&nbsp;&nbsp; Daxili \u0130\u015fl\u0259r Nazirliyinin Daxili Qo\u015funlar\u0131n\u0131n Ba\u015f \u0130dar\u0259sinin \u0130\u015fl\u0259r \u0130dar\u0259si (bilav\u0259sit\u0259 tabe\u00e7iliyind\u0259&nbsp; olan m\u0259xfi hiss\u0259 ,&nbsp; qeyri m\u0259xfi karg\u00fczarl\u0131q&nbsp; b\u00f6lm\u0259si, klub, felleyyger v\u0259 komendant xidm\u0259ti) \u00fczr\u0259&nbsp; v\u0259 Daxili Qosunlar\u0131n Ba\u015f \u0130dar\u0259sinin N\u00f6vb\u0259tci Xidm\u0259ti \u00fczr\u0259&nbsp; m\u00fcasir t\u0259l\u0259bl\u0259r\u0259 uy\u011fun \u0259sasnam\u0259l\u0259rin, t\u0259limatlar\u0131n, laz\u0131mi t\u0259minat normalar\u0131n, formala\u015fd\u0131r\u0131lm\u0131\u015f s\u0259n\u0259dl\u0259rin, m\u00fcvafiq blanklar\u0131n, qeydiyyat kitab v\u0259 jurnallar\u0131n haz\u0131rlanmas\u0131nda, \u00e7ap olunmasnda,&nbsp; Daxili Qo\u015funlar\u0131n Ba\u015f \u0130dar\u0259sinin idar\u0259, \u015f\u00f6b\u0259 v\u0259 xidm\u0259tl\u0259rinin, h\u0259rbi hiss\u0259 v\u0259 b\u00f6lm\u0259l\u0259rinin laz\u0131m\u0131 qeydiyyat&nbsp; kitab v\u0259 jurnallar il\u0259, d\u0259ft\u0259rxana l\u0259vazimatlar\u0131 v\u0259 dig\u0259r&nbsp; avadanl\u0131qlar&nbsp; il\u0259&nbsp; t\u0259min edilm\u0259sind\u0259 M\u00fcharib\u0259 v\u0259 Silahl\u0131 Q\u00fcvv\u0259l\u0259r Veteran\u0131 ehtiyyatda olan polkovnik&nbsp; -leytenant Elxan Aliyevin b\u00f6yuk xidm\u0259tl\u0259ri olmu\u015fdur.<\/p>\n\n\n\n<figure class=\"wp-block-image size-large\"><img loading=\"lazy\" decoding=\"async\" width=\"663\" height=\"1024\" src=\"https:\/\/fedai.az\/wp-content\/uploads\/2021\/08\/h5-663x1024.jpg\" alt=\"\" class=\"wp-image-46498\" srcset=\"https:\/\/fedai.az\/wp-content\/uploads\/2021\/08\/h5-663x1024.jpg 663w, https:\/\/fedai.az\/wp-content\/uploads\/2021\/08\/h5-194x300.jpg 194w, https:\/\/fedai.az\/wp-content\/uploads\/2021\/08\/h5-97x150.jpg 97w, https:\/\/fedai.az\/wp-content\/uploads\/2021\/08\/h5-768x1187.jpg 768w, https:\/\/fedai.az\/wp-content\/uploads\/2021\/08\/h5.jpg 899w\" sizes=\"auto, (max-width: 663px) 100vw, 663px\" \/><\/figure>\n\n\n\n<p>&nbsp;&nbsp;&nbsp;&nbsp; O,Daxili \u0130\u015fl\u0259r Nazirliyinin Ba\u015f Yan\u011f\u0131ndan M\u00fchafiz\u0259 \u0130dar\u0259sind\u0259 m\u00fcxt\u0259lif v\u0259zif\u0259l\u0259rd\u0259,&nbsp; D\u0130N-in Yan\u011f\u0131ndan texniki M\u00fchaf\u0131z\u0259&nbsp; M\u0259kt\u0259bind\u0259 ba\u015f m\u00fc\u0259llim , Daxili Qo\u015funlar\u0131n Ba\u015f \u0130dar\u0259sind\u0259 is\u0259 \u0130\u015fl\u0259r \u0130dar\u0259sinin v\u0259&nbsp; N\u00f6vb\u0259tci Xidm\u0259tinin r\u0259isi v\u0259zif\u0259l\u0259rind\u0259 xidm\u0259t etdiyi ill\u0259r \u0259rzind\u0259&nbsp; o, s\u0259m\u0259r\u0259li f\u0259aliyy\u0259t il\u0259, i\u015fg\u00fczar v\u0259 m\u0259n\u0259vi keyfiyy\u0259til\u0259, n\u0259z\u0259ri v\u0259 praktiki biliyi il\u0259 \u00fcz\u0259rin\u0259 d\u00fcs\u0259n v\u0259zif\u0259l\u0259rin yerin\u0259 yetirilm\u0259sin\u0259 m\u0259suliyy\u0259tl\u0259 yana\u015fm\u0131\u015fd\u0131r.<\/p>\n\n\n\n<p>&nbsp;&nbsp;&nbsp;&nbsp;&nbsp; \u0130stefada olan polkovnik &#8212; leytenant Elxan Al\u0131yev Xidm\u0259td\u0259 f\u0259riql\u0259ndiyin\u0259 g\u00f6r\u0259 Az\u0259rbaycan Respublikas\u0131n\u0131n Daxili \u0130\u015fl\u0259r Nazirnin, Daxili Qo\u015funlar Komandan\u0131n v\u0259 onun m\u00fcavinl\u0259rinin, Daxili \u0130\u015fl\u0259r Nazirliyinin Ba\u015f Yan\u011f\u0131ndan M\u00fchafiz\u0259 \u0130dar\u0259 r\u0259isinin v\u0259 onun m\u00fcavinl\u0259rinin, D\u0130N-in texniki yan\u011f\u0131ndan m\u00fchafiz\u0259 m\u0259kt\u0259b r\u0259isinin m\u00fcvafiq \u0259mrl\u0259ri il\u0259 bir s\u0131ra medallarla&nbsp; &#171;\u018fla xidm\u0259tl\u0259r\u0259 g\u00f6r\u0259 &#187; v\u0259 &#171;yubley &#171;d\u00f6\u015f ni\u015fanlar\u0131 il\u0259, f\u0259xri f\u0259rmanlarla, pul m\u00fckafatlar\u0131 il\u0259, qiym\u0259tli h\u0259diyy\u0259l\u0259rl\u0259 m\u00fckafatland\u0131rl\u0131b&nbsp; v\u0259 ona t\u0259\u015f\u0259kk\u00fcr elan edilib.<\/p>\n\n\n\n<p><strong>DO\u011eUM G\u00dcN\u00dcN M\u00dcBAR\u018fK OLSUN ELXAN B\u018fY !<\/strong><\/p>\n\n\n\n<p><strong>ALLAH S\u018fN\u0130 B\u00dcT\u00dcN ARZULARINA \u00c7ATDIRSIN.<\/strong><\/p>\n\n\n\n<p><strong>DA\u0130MA XO\u015eB\u018fXT V\u018f F\u0130RAVAN YA\u015eA.<\/strong><\/p>\n\n\n\n<p><strong>D\u0259rin h\u00f6rm\u0259tl\u0259, Az\u0259rbaycan V\u0259t\u0259n M\u00fcharib\u0259si Veteranlari \u0130ctimai Birliyinin s\u0259dr m\u00fcavini polkovnik Salman Musayev<\/strong><\/p>\n\n\n\n<figure class=\"wp-block-gallery columns-2 is-cropped wp-block-gallery-2 is-layout-flex wp-block-gallery-is-layout-flex\"><ul class=\"blocks-gallery-grid\"><li class=\"blocks-gallery-item\"><figure><img loading=\"lazy\" decoding=\"async\" width=\"600\" height=\"600\" src=\"https:\/\/fedai.az\/wp-content\/uploads\/2021\/08\/8265a327389da9fe4fdc2714b309120e-2-21.jpg\" alt=\"\" data-id=\"46500\" data-full-url=\"https:\/\/fedai.az\/wp-content\/uploads\/2021\/08\/8265a327389da9fe4fdc2714b309120e-2-21.jpg\" data-link=\"https:\/\/fedai.az\/?attachment_id=46500\" class=\"wp-image-46500\" srcset=\"https:\/\/fedai.az\/wp-content\/uploads\/2021\/08\/8265a327389da9fe4fdc2714b309120e-2-21.jpg 600w, https:\/\/fedai.az\/wp-content\/uploads\/2021\/08\/8265a327389da9fe4fdc2714b309120e-2-21-300x300.jpg 300w, https:\/\/fedai.az\/wp-content\/uploads\/2021\/08\/8265a327389da9fe4fdc2714b309120e-2-21-150x150.jpg 150w, https:\/\/fedai.az\/wp-content\/uploads\/2021\/08\/8265a327389da9fe4fdc2714b309120e-2-21-215x215.jpg 215w\" sizes=\"auto, (max-width: 600px) 100vw, 600px\" \/><\/figure><\/li><li class=\"blocks-gallery-item\"><figure><img loading=\"lazy\" decoding=\"async\" width=\"480\" height=\"640\" src=\"https:\/\/fedai.az\/wp-content\/uploads\/2021\/08\/240582507_992245928261549_4890105331787207797_n-1.jpg\" alt=\"\" data-id=\"46499\" data-link=\"https:\/\/fedai.az\/?attachment_id=46499\" class=\"wp-image-46499\" srcset=\"https:\/\/fedai.az\/wp-content\/uploads\/2021\/08\/240582507_992245928261549_4890105331787207797_n-1.jpg 480w, https:\/\/fedai.az\/wp-content\/uploads\/2021\/08\/240582507_992245928261549_4890105331787207797_n-1-225x300.jpg 225w, https:\/\/fedai.az\/wp-content\/uploads\/2021\/08\/240582507_992245928261549_4890105331787207797_n-1-113x150.jpg 113w\" sizes=\"auto, (max-width: 480px) 100vw, 480px\" \/><\/figure><\/li><\/ul><\/figure>\n","protected":false},"excerpt":{"rendered":"<p>\u00a0\u00a0\u00a0 AVMV\u0130B-nin r\u0259hb\u0259rliyi v\u0259 Az\u0259rbaycan V\u0259t\u0259n M\u00fcharib\u0259si Veteranlar\u0131 \u0130ctimai Birliyinin s\u0259dr m\u00fcavini polkovnik Salman Musayev M\u00fcharib\u0259 v\u0259 Silahl\u0131 Q\u00fcvv\u0259l\u0259r Veteran\u0131 istefada\u00a0 olan polkovnik- leytenant<\/p>\n","protected":false},"author":2,"featured_media":46501,"comment_status":"closed","ping_status":"closed","sticky":false,"template":"","format":"standard","meta":{"footnotes":""},"categories":[5],"tags":[],"class_list":["post-46494","post","type-post","status-publish","format-standard","has-post-thumbnail","hentry","category-veteran"],"aioseo_notices":[],"_links":{"self":[{"href":"https:\/\/fedai.az\/index.php?rest_route=\/wp\/v2\/posts\/46494","targetHints":{"allow":["GET"]}}],"collection":[{"href":"https:\/\/fedai.az\/index.php?rest_route=\/wp\/v2\/posts"}],"about":[{"href":"https:\/\/fedai.az\/index.php?rest_route=\/wp\/v2\/types\/post"}],"author":[{"embeddable":true,"href":"https:\/\/fedai.az\/index.php?rest_route=\/wp\/v2\/users\/2"}],"replies":[{"embeddable":true,"href":"https:\/\/fedai.az\/index.php?rest_route=%2Fwp%2Fv2%2Fcomments&post=46494"}],"version-history":[{"count":1,"href":"https:\/\/fedai.az\/index.php?rest_route=\/wp\/v2\/posts\/46494\/revisions"}],"predecessor-version":[{"id":46502,"href":"https:\/\/fedai.az\/index.php?rest_route=\/wp\/v2\/posts\/46494\/revisions\/46502"}],"wp:featuredmedia":[{"embeddable":true,"href":"https:\/\/fedai.az\/index.php?rest_route=\/wp\/v2\/media\/46501"}],"wp:attachment":[{"href":"https:\/\/fedai.az\/index.php?rest_route=%2Fwp%2Fv2%2Fmedia&parent=46494"}],"wp:term":[{"taxonomy":"category","embeddable":true,"href":"https:\/\/fedai.az\/index.php?rest_route=%2Fwp%2Fv2%2Fcategories&post=46494"},{"taxonomy":"post_tag","embeddable":true,"href":"https:\/\/fedai.az\/index.php?rest_route=%2Fwp%2Fv2%2Ftags&post=46494"}],"curies":[{"name":"wp","href":"https:\/\/api.w.org\/{rel}","templated":true}]}}