{"id":46508,"date":"2021-08-26T17:38:50","date_gmt":"2021-08-26T13:38:50","guid":{"rendered":"https:\/\/fedai.az\/?p=46508"},"modified":"2021-08-26T17:38:54","modified_gmt":"2021-08-26T13:38:54","slug":"az%c9%99rbaycan-%c9%99sg%c9%99ri-ozbasinaliq-etm%c9%99yib-amma-rusiya-sulhm%c9%99ramlilarinin-n%c9%99zar%c9%99tind%c9%99-olanlar-h%c9%99dl%c9%99rini-asiblar","status":"publish","type":"post","link":"https:\/\/fedai.az\/?p=46508","title":{"rendered":"Az\u0259rbaycan \u0259sg\u0259ri \u00f6zba\u015f\u0131nal\u0131q etm\u0259yib, amma Rusiya s\u00fclhm\u0259raml\u0131lar\u0131n\u0131n n\u0259zar\u0259tind\u0259 olanlar h\u0259dl\u0259rini a\u015f\u0131blar"},"content":{"rendered":"\n<p><strong>Az\u0259rbaycan Ordusunun m\u00fcdd\u0259td\u0259n art\u0131q h\u0259qiqi h\u0259rbi xidm\u0259t h\u0259rbi qulluq\u00e7usu \u0259sg\u0259r Babayev C\u0259mil Natiq o\u011flu G\u0259nc\u0259 hospital\u0131n\u0131n psixiatriya b\u00f6lm\u0259sini \u00f6zba\u015f\u0131na t\u0259rk edib.<\/strong><\/p>\n\n\n\n<figure class=\"wp-block-image size-large is-resized\"><img loading=\"lazy\" decoding=\"async\" src=\"https:\/\/fedai.az\/wp-content\/uploads\/2021\/08\/240792049_6049639318440843_2358929187396160746_n.jpg\" alt=\"\" class=\"wp-image-46509\" width=\"894\" height=\"1118\" srcset=\"https:\/\/fedai.az\/wp-content\/uploads\/2021\/08\/240792049_6049639318440843_2358929187396160746_n.jpg 480w, https:\/\/fedai.az\/wp-content\/uploads\/2021\/08\/240792049_6049639318440843_2358929187396160746_n-240x300.jpg 240w, https:\/\/fedai.az\/wp-content\/uploads\/2021\/08\/240792049_6049639318440843_2358929187396160746_n-120x150.jpg 120w\" sizes=\"auto, (max-width: 894px) 100vw, 894px\" \/><\/figure>\n\n\n\n<p><br>Bu bar\u0259d\u0259 M\u00fcdafi\u0259 Nazirliyind\u0259n bildirilib.<\/p>\n\n\n\n<p><br>Qeyd olunub ki, \u0259sg\u0259r C.Babayev haqq\u0131nda cinay\u0259t i\u015fi ba\u015flan\u0131l\u0131b, ara\u015fd\u0131rma apar\u0131l\u0131r.<\/p>\n\n\n\n<p><br>&#171;Ehtimal olunur ki, h\u0259rbi qulluq\u00e7umuz Rusiya s\u00fclhm\u0259raml\u0131lar\u0131n\u0131n n\u0259zar\u0259tind\u0259 olan \u0259raziy\u0259 ke\u00e7ib&#187;, &#8212; m\u0259lumatda bildirilib.<\/p>\n\n\n\n<p>M\u00fcdafi\u0259 Nazirliyinin d\u0259 t\u0259sdiql\u0259diyi kimi Az\u0259rbaycan Ordusunun m\u00fcdd\u0259td\u0259n art\u0131q h\u0259qiqi h\u0259rbi xidm\u0259t h\u0259rbi qulluq\u00e7usu \u0259sg\u0259r Babayev C\u0259mil Natiq o\u011flu G\u0259nc\u0259 hospital\u0131n\u0131n psixiatriya b\u00f6lm\u0259sini \u00f6zba\u015f\u0131na t\u0259rk edib.<\/p>\n\n\n\n<p>\u018fsg\u0259r C. Babayev haqq\u0131nda cinay\u0259t i\u015fi ba\u015flan\u0131l\u0131b, ara\u015fd\u0131rma apar\u0131l\u0131r.<\/p>\n\n\n\n<p>Ehtimal olunur ki, h\u0259rbi qulluq\u00e7umuz Rusiya s\u00fclhm\u0259raml\u0131lar\u0131n\u0131n n\u0259zar\u0259tind\u0259 olan \u0259raziy\u0259 ke\u00e7ib.<\/p>\n\n\n\n<p>Xat\u0131rlad\u0131m ki, \u00f6t\u0259n gec\u0259 erm\u0259nistan m\u0259tbuat\u0131nda yay\u0131lan m\u0259lumatlara g\u00f6r\u0259, 25 ya\u015fl\u0131 az\u0259rbaycanl\u0131 \u0259sg\u0259r C\u0259mil Babayev A\u011fd\u0259r\u0259d\u0259 yerl\u0259\u015f\u0259n evl\u0259rin birin\u0259 gir\u0259r\u0259k yem\u0259k v\u0259 siqaret ist\u0259yib. Ev sahibi is\u0259 polis\u0259 m\u0259lumat verib v\u0259 C\u0259mil Babayev h\u0259bs edilib.<\/p>\n\n\n\n<p><strong>A\u011fd\u0259r\u0259d\u0259 qanunsuz polis f\u0259aliyy\u0259ti g\u00f6st\u0259r\u0259nl\u0259rin bu h\u0259r\u0259k\u0259ti \u00f6lk\u0259 qanunvericiliyin\u0259 g\u00f6r\u0259, \u0259g\u0259r \u0259razi b\u00fct\u00f6vl\u00fcy\u00fcm\u00fcz\u00fc b\u0259rpa etmi\u015fiks\u0259, n\u00f6vb\u0259ti separatizm fakt\u0131d\u0131r. Rusiya m\u0259suliyy\u0259t zonas\u0131 deyil\u0259n b\u00f6lg\u00fc sazi\u015fd\u0259 \u0259ks olunmay\u0131b. Bel\u0259 \u00e7\u0131x\u0131r ki, B\u0259rd\u0259d\u0259n Yevlaxa g\u0259l\u0259n h\u0259r k\u0259si Yevlax polisi h\u0259bs ed\u0259 bil\u0259r. Rusiyan\u0131n bizim \u00f6lk\u0259d\u0259 yaratd\u0131\u011f\u0131 bu anarxiyaya v\u0259 yollar\u0131m\u0131z\u0131 t\u0259cili azad etm\u0259y\u0259 \u00e7a\u011f\u0131rma\u011f\u0131n vaxt\u0131d\u0131r! Sentyabr\u0131n 2-d\u0259 separat\u00e7\u0131lar ist\u0259kl\u0259rini ortayaqoysa, dem\u0259l\u0131i qazan\u0131lm\u0131\u015f q\u0259l\u0259b\u0259ni Rus fa\u015fizmi yen\u0259 o\u011furlayy\u0131b&#8230;<\/strong><\/p>\n\n\n\n<p><strong>Fedai.az Ara\u015fd\u0131rma Qrupu<\/strong><\/p>\n\n\n\n<figure class=\"wp-block-embed is-type-video is-provider-youtube wp-block-embed-youtube wp-embed-aspect-16-9 wp-has-aspect-ratio\"><div class=\"wp-block-embed__wrapper\">\n<iframe loading=\"lazy\" title=\"A\u011fd\u0259r\u0259d\u0259 Erm\u0259nil\u0259r Az\u0259rbaycan h\u0259rbi\u00e7isini qollar\u0131 ba\u011fl\u0131 apard\u0131lar. H\u0259rbi\u00e7imiz ev\u0259 niy\u0259 giribmi\u015f?\" width=\"715\" height=\"402\" src=\"https:\/\/www.youtube.com\/embed\/9bk6z-nb7XI?feature=oembed\" frameborder=\"0\" allow=\"accelerometer; autoplay; clipboard-write; encrypted-media; gyroscope; picture-in-picture\" allowfullscreen><\/iframe>\n<\/div><\/figure>\n","protected":false},"excerpt":{"rendered":"<p>Az\u0259rbaycan Ordusunun m\u00fcdd\u0259td\u0259n art\u0131q h\u0259qiqi h\u0259rbi xidm\u0259t h\u0259rbi qulluq\u00e7usu \u0259sg\u0259r Babayev C\u0259mil Natiq o\u011flu G\u0259nc\u0259 hospital\u0131n\u0131n psixiatriya b\u00f6lm\u0259sini \u00f6zba\u015f\u0131na t\u0259rk edib. Bu bar\u0259d\u0259 M\u00fcdafi\u0259<\/p>\n","protected":false},"author":2,"featured_media":46510,"comment_status":"closed","ping_status":"closed","sticky":false,"template":"","format":"standard","meta":{"footnotes":""},"categories":[4],"tags":[],"class_list":["post-46508","post","type-post","status-publish","format-standard","has-post-thumbnail","hentry","category-qarabag"],"aioseo_notices":[],"_links":{"self":[{"href":"https:\/\/fedai.az\/index.php?rest_route=\/wp\/v2\/posts\/46508","targetHints":{"allow":["GET"]}}],"collection":[{"href":"https:\/\/fedai.az\/index.php?rest_route=\/wp\/v2\/posts"}],"about":[{"href":"https:\/\/fedai.az\/index.php?rest_route=\/wp\/v2\/types\/post"}],"author":[{"embeddable":true,"href":"https:\/\/fedai.az\/index.php?rest_route=\/wp\/v2\/users\/2"}],"replies":[{"embeddable":true,"href":"https:\/\/fedai.az\/index.php?rest_route=%2Fwp%2Fv2%2Fcomments&post=46508"}],"version-history":[{"count":1,"href":"https:\/\/fedai.az\/index.php?rest_route=\/wp\/v2\/posts\/46508\/revisions"}],"predecessor-version":[{"id":46511,"href":"https:\/\/fedai.az\/index.php?rest_route=\/wp\/v2\/posts\/46508\/revisions\/46511"}],"wp:featuredmedia":[{"embeddable":true,"href":"https:\/\/fedai.az\/index.php?rest_route=\/wp\/v2\/media\/46510"}],"wp:attachment":[{"href":"https:\/\/fedai.az\/index.php?rest_route=%2Fwp%2Fv2%2Fmedia&parent=46508"}],"wp:term":[{"taxonomy":"category","embeddable":true,"href":"https:\/\/fedai.az\/index.php?rest_route=%2Fwp%2Fv2%2Fcategories&post=46508"},{"taxonomy":"post_tag","embeddable":true,"href":"https:\/\/fedai.az\/index.php?rest_route=%2Fwp%2Fv2%2Ftags&post=46508"}],"curies":[{"name":"wp","href":"https:\/\/api.w.org\/{rel}","templated":true}]}}