{"id":46513,"date":"2021-08-26T18:06:35","date_gmt":"2021-08-26T14:06:35","guid":{"rendered":"https:\/\/fedai.az\/?p=46513"},"modified":"2021-08-26T18:06:37","modified_gmt":"2021-08-26T14:06:37","slug":"az%c9%99rbaycan-h%c9%99rbcil%c9%99ri-olk%c9%99nin-yollarini-n%c9%99zar%c9%99t%c9%99-goturur","status":"publish","type":"post","link":"https:\/\/fedai.az\/?p=46513","title":{"rendered":"Az\u0259rbaycan h\u0259rb\u00e7il\u0259ri \u00f6lk\u0259nin yollar\u0131n\u0131 n\u0259zar\u0259t\u0259 g\u00f6t\u00fcr\u00fcr"},"content":{"rendered":"\n<p><strong>\u00d6t\u0259n g\u00fcn, avqustun 25-d\u0259 Az\u0259rbaycan h\u0259rb\u00e7il\u0259ri Erm\u0259nistan\u0131 \u0130ranla birl\u0259\u015fdir\u0259n Gorus-Qafan yolunun bir hiss\u0259sini ba\u011flay\u0131b.<\/strong><\/p>\n\n\n\n<p>Erm\u0259nistan m\u0259tbuat\u0131 yaz\u0131r ki, bu bar\u0259d\u0259 Erm\u0259nistan Milli T\u0259hl\u00fck\u0259sizlik Xidm\u0259tinin m\u0259tbuat m\u0259rk\u0259zi m\u0259lumat yay\u0131b.<\/p>\n\n\n\n<p>&#171;Avqustun 25-d\u0259 saat 23:00 rad\u0259l\u0259rind\u0259 Az\u0259rbaycan t\u0259r\u0259fi Qafan-Gorus d\u00f6vl\u0259tl\u0259raras\u0131 yolun D\u0259rb\u0259nd-\u015eurnux hiss\u0259sini ba\u011flay\u0131b.<\/p>\n\n\n\n<p>Yolun a\u00e7\u0131lmas\u0131, insanlar\u0131n v\u0259 n\u0259qliyyat vasit\u0259l\u0259rinin normal h\u0259r\u0259k\u0259tinin b\u0259rpas\u0131 \u00fc\u00e7\u00fcn i\u015fl\u0259r davam etdirilir\u201d, &#8212; dey\u0259 Erm\u0259nistan Milli T\u0259hl\u00fck\u0259sizlik Xidm\u0259tinin yayd\u0131\u011f\u0131 a\u00e7\u0131qlamada qeyd olunur.<\/p>\n","protected":false},"excerpt":{"rendered":"<p>\u00d6t\u0259n g\u00fcn, avqustun 25-d\u0259 Az\u0259rbaycan h\u0259rb\u00e7il\u0259ri Erm\u0259nistan\u0131 \u0130ranla birl\u0259\u015fdir\u0259n Gorus-Qafan yolunun bir hiss\u0259sini ba\u011flay\u0131b. Erm\u0259nistan m\u0259tbuat\u0131 yaz\u0131r ki, bu bar\u0259d\u0259 Erm\u0259nistan Milli T\u0259hl\u00fck\u0259sizlik Xidm\u0259tinin<\/p>\n","protected":false},"author":2,"featured_media":46514,"comment_status":"closed","ping_status":"closed","sticky":false,"template":"","format":"standard","meta":{"footnotes":""},"categories":[4],"tags":[],"class_list":["post-46513","post","type-post","status-publish","format-standard","has-post-thumbnail","hentry","category-qarabag"],"aioseo_notices":[],"_links":{"self":[{"href":"https:\/\/fedai.az\/index.php?rest_route=\/wp\/v2\/posts\/46513","targetHints":{"allow":["GET"]}}],"collection":[{"href":"https:\/\/fedai.az\/index.php?rest_route=\/wp\/v2\/posts"}],"about":[{"href":"https:\/\/fedai.az\/index.php?rest_route=\/wp\/v2\/types\/post"}],"author":[{"embeddable":true,"href":"https:\/\/fedai.az\/index.php?rest_route=\/wp\/v2\/users\/2"}],"replies":[{"embeddable":true,"href":"https:\/\/fedai.az\/index.php?rest_route=%2Fwp%2Fv2%2Fcomments&post=46513"}],"version-history":[{"count":1,"href":"https:\/\/fedai.az\/index.php?rest_route=\/wp\/v2\/posts\/46513\/revisions"}],"predecessor-version":[{"id":46515,"href":"https:\/\/fedai.az\/index.php?rest_route=\/wp\/v2\/posts\/46513\/revisions\/46515"}],"wp:featuredmedia":[{"embeddable":true,"href":"https:\/\/fedai.az\/index.php?rest_route=\/wp\/v2\/media\/46514"}],"wp:attachment":[{"href":"https:\/\/fedai.az\/index.php?rest_route=%2Fwp%2Fv2%2Fmedia&parent=46513"}],"wp:term":[{"taxonomy":"category","embeddable":true,"href":"https:\/\/fedai.az\/index.php?rest_route=%2Fwp%2Fv2%2Fcategories&post=46513"},{"taxonomy":"post_tag","embeddable":true,"href":"https:\/\/fedai.az\/index.php?rest_route=%2Fwp%2Fv2%2Ftags&post=46513"}],"curies":[{"name":"wp","href":"https:\/\/api.w.org\/{rel}","templated":true}]}}