{"id":46519,"date":"2021-08-27T00:16:03","date_gmt":"2021-08-26T20:16:03","guid":{"rendered":"https:\/\/fedai.az\/?p=46519"},"modified":"2021-08-27T00:16:09","modified_gmt":"2021-08-26T20:16:09","slug":"ilham-%c9%99liyev-v%c9%99-mehriban-%c9%99liyeva-s%c9%99hid-ail%c9%99l%c9%99rin%c9%99-qazil%c9%99r%c9%99-m%c9%99nzil-v%c9%99-avtomobill%c9%99r-t%c9%99qdim-edib","status":"publish","type":"post","link":"https:\/\/fedai.az\/?p=46519","title":{"rendered":"\u0130lham \u018fliyev v\u0259 Mehriban \u018fliyeva \u015f\u0259hid ail\u0259l\u0259rin\u0259, qazil\u0259r\u0259 m\u0259nzil v\u0259 avtomobill\u0259r t\u0259qdim edib"},"content":{"rendered":"\n<p><strong>Az\u0259rbaycan Respublikas\u0131n\u0131n Prezidenti \u0130lham \u018fliyev v\u0259 Birinci vitse-prezident Mehriban \u018fliyeva avqustun 26-da Ab\u015feron rayonunda \u015f\u0259hid ail\u0259l\u0259rin\u0259, m\u00fcharib\u0259 \u0259lill\u0259rin\u0259 v\u0259 V\u0259t\u0259n m\u00fcharib\u0259si q\u0259hr\u0259manlar\u0131na m\u0259nzill\u0259rin v\u0259 avtomobill\u0259rin t\u0259qdim olunmas\u0131 m\u0259rasimind\u0259 i\u015ftirak edibl\u0259r.<\/strong><\/p>\n\n\n\n<p>D\u00f6vl\u0259timizin ba\u015f\u00e7\u0131s\u0131 m\u0259rasimd\u0259 \u00e7\u0131x\u0131\u015f edib:<\/p>\n\n\n\n<p><strong>\u201cBu g\u00f6r\u00fc\u015f \u015f\u0259hid ail\u0259l\u0259ri, Qaraba\u011f qazil\u0259ri il\u0259 n\u00f6vb\u0259ti g\u00f6r\u00fc\u015f\u00fcmd\u00fcr. Xahi\u015f edir\u0259m ki, g\u00f6r\u00fc\u015f\u00fcm\u00fcz\u00fcn \u0259vv\u0259lind\u0259 V\u0259t\u0259n u\u011frunda q\u0259hr\u0259mancas\u0131na h\u0259lak olmu\u015f \u015f\u0259hidl\u0259rimizin \u0259ziz xatir\u0259sini bir d\u0259qiq\u0259lik s\u00fckutla yad ed\u0259k.<\/strong><\/p>\n\n\n\n<p><strong>Allah b\u00fct\u00fcn \u015f\u0259hidl\u0259rimiz\u0259 r\u0259hm\u0259t el\u0259sin!<\/strong><\/p>\n\n\n\n<p>Son ill\u0259r \u0259rzind\u0259 \u015f\u0259hid ail\u0259l\u0259ri v\u0259 Qaraba\u011f m\u00fcharib\u0259si \u0259lill\u0259ri il\u0259 m\u0259nim \u00e7oxsayl\u0131 g\u00f6r\u00fc\u015fl\u0259rim olub. M\u00fcharib\u0259d\u0259n \u0259vv\u0259l h\u0259r d\u0259f\u0259 g\u00f6r\u00fc\u015f \u0259snas\u0131nda m\u0259n deyirdim ki, biz n\u0259yin bahas\u0131na olursa-olsun \u00f6z torpa\u011f\u0131m\u0131z\u0131 qaytaraca\u011f\u0131q, Qaraba\u011f\u0131 qaytaraca\u011f\u0131q, \u0259razi b\u00fct\u00f6vl\u00fcy\u00fcm\u00fcz\u00fc b\u0259rpa ed\u0259c\u0259yik, \u015f\u0259hidl\u0259rimizin qisas\u0131n\u0131 alaca\u011f\u0131q v\u0259 bel\u0259 d\u0259 oldu. Az\u0259rbaycan \u0259dal\u0259ti b\u0259rpa etdi, beyn\u0259lxalq h\u00fcququ b\u0259rpa etdi, \u00f6z torpaqlar\u0131n\u0131 qaytard\u0131 v\u0259 \u015f\u0259hidl\u0259rimizin qan\u0131n\u0131 ald\u0131.<\/p>\n\n\n\n<figure class=\"wp-block-image size-large\"><img loading=\"lazy\" decoding=\"async\" width=\"1024\" height=\"519\" src=\"https:\/\/fedai.az\/wp-content\/uploads\/2021\/08\/13-1024x519.jpg\" alt=\"\" class=\"wp-image-46520\" srcset=\"https:\/\/fedai.az\/wp-content\/uploads\/2021\/08\/13-1024x519.jpg 1024w, https:\/\/fedai.az\/wp-content\/uploads\/2021\/08\/13-300x152.jpg 300w, https:\/\/fedai.az\/wp-content\/uploads\/2021\/08\/13-150x76.jpg 150w, https:\/\/fedai.az\/wp-content\/uploads\/2021\/08\/13-768x389.jpg 768w, https:\/\/fedai.az\/wp-content\/uploads\/2021\/08\/13-1536x778.jpg 1536w, https:\/\/fedai.az\/wp-content\/uploads\/2021\/08\/13-2048x1038.jpg 2048w\" sizes=\"auto, (max-width: 1024px) 100vw, 1024px\" \/><\/figure>\n\n\n\n<p>Bu g\u00fcn m\u00fcharib\u0259d\u0259n ke\u00e7\u0259n aylar \u0259rzind\u0259 \u015f\u0259hid ail\u0259l\u0259ri, Qaraba\u011f qazil\u0259ri il\u0259 g\u00f6r\u00fc\u015fl\u0259r \u0259snas\u0131nda tam ba\u015fqa ab-hava h\u00f6km s\u00fcr\u00fcr. \u018fg\u0259r \u0259vv\u0259lki ill\u0259rd\u0259 biz h\u0259r zaman \u015f\u0259hidl\u0259rimizin xatir\u0259sini yad ed\u0259r\u0259k \u00f6z\u00fcm\u00fcz\u0259 s\u00f6z verirdik ki, onlar\u0131n qisas\u0131n\u0131 alaca\u011f\u0131q, bu g\u00fcn q\u00fcrur hissi il\u0259 dey\u0259 bil\u0259rik ki, \u015f\u0259hidl\u0259rimizin qan\u0131n\u0131 yerd\u0259 qoymad\u0131q, \u0259dal\u0259ti b\u0259rpa etdik, d\u00fc\u015fm\u0259ni torpa\u011f\u0131m\u0131zdan qovduq v\u0259 m\u00fcz\u0259ff\u0259r xalq kimi d\u00fcnya tarixin\u0259 \u00f6z ad\u0131m\u0131z\u0131 yazd\u0131rd\u0131q. Bu g\u00fcn Birinci v\u0259 \u0130kinci Qaraba\u011f m\u00fcharib\u0259si \u015f\u0259hidl\u0259rinin xatir\u0259sini \u0259b\u0259dil\u0259\u015fdirm\u0259k, daim q\u0259lbimizd\u0259 saxlamaq \u00fc\u00e7\u00fcn b\u00f6y\u00fck i\u015fl\u0259r g\u00f6r\u00fcl\u00fcr v\u0259 g\u00f6r\u00fclm\u0259lidir. \u015e\u0259hid ail\u0259l\u0259rini, Qaraba\u011f qazil\u0259rini evl\u0259rl\u0259 t\u0259min etm\u0259k bizim siyas\u0259timizin \u0259sas istiqam\u0259tl\u0259rind\u0259n biri idi, bu g\u00fcn d\u0259 bu, bel\u0259dir. Ancaq bununla yana\u015f\u0131, \u0259lb\u0259tt\u0259 ki, bu proses m\u00fc\u0259yy\u0259n m\u00fcdd\u0259t davam etdiril\u0259c\u0259k. \u00c7\u00fcnki yax\u0131n g\u0259l\u0259c\u0259kd\u0259 bu problem tamamil\u0259 aradan qald\u0131r\u0131lacaq. Ancaq bununla paralel olaraq, \u0130kinci Qaraba\u011f m\u00fcharib\u0259si haqq\u0131nda h\u0259qiq\u0259tl\u0259ri d\u00fcnya ictimaiyy\u0259tin\u0259 \u00e7atd\u0131rmaq \u00fc\u00e7\u00fcn biz daha f\u0259al olmal\u0131y\u0131q. Eyni zamanda, g\u0259ncl\u0259rimizin t\u0259rbiy\u0259 i\u015find\u0259 d\u0259 m\u00fctl\u0259q bu m\u00f6vzu \u00f6n planda olmal\u0131d\u0131r. \u00c7\u00fcnki \u0130kinci Qaraba\u011f m\u00fcharib\u0259sind\u0259ki, V\u0259t\u0259n m\u00fcharib\u0259sind\u0259ki Q\u0259l\u0259b\u0259miz tarixi z\u0259f\u0259rimizdir.<\/p>\n\n\n\n<p>Bu g\u00fcn\u0259 q\u0259d\u0259r d\u00f6vl\u0259t siyas\u0259ti olaraq \u015f\u0259hid ail\u0259l\u0259ri, m\u00fcharib\u0259 \u0259lill\u0259ri \u00fc\u00e7\u00fcn \u00e7ox b\u00f6y\u00fck i\u015fl\u0259r g\u00f6r\u00fclm\u00fc\u015fd\u00fcr. Onu dem\u0259k kifay\u0259tdir ki, bu kateqoriyadan olan 10 min\u0259 yax\u0131n insan d\u00f6vl\u0259t t\u0259r\u0259find\u0259n m\u0259nzill\u0259rl\u0259, f\u0259rdi evl\u0259rl\u0259 t\u0259min edilmi\u015fdir. T\u0259kc\u0259 ke\u00e7\u0259n il 1572 m\u0259nzil verilmi\u015fdir, bu il 3 min\u0259 yax\u0131n m\u0259nzil veril\u0259c\u0259kdir v\u0259 bel\u0259likl\u0259, n\u00f6vb\u0259d\u0259 duran v\u0259t\u0259nda\u015flar\u0131n problemi \u00f6z h\u0259llini tapacaq. Eyni zamanda, bu g\u00fcn 50 avtomobil t\u0259qdim edil\u0259c\u0259k. Bu g\u00fcn\u0259 q\u0259d\u0259r veril\u0259n ma\u015f\u0131nlar\u0131n say\u0131 7 mini \u00f6t\u00fcb, daha do\u011frusu, 7200-d\u00fcr. Bu g\u00fcn a\u00e7\u0131l\u0131\u015f\u0131na topla\u015fd\u0131\u011f\u0131m\u0131z ya\u015fay\u0131\u015f kompleksind\u0259 bu kateqoriyadan olan mind\u0259n \u00e7ox v\u0259t\u0259nda\u015f ya\u015fayacaq. Burada b\u00fct\u00fcn \u015f\u0259rait yarad\u0131l\u0131b, g\u00f6z\u0259l ya\u015fay\u0131\u015f kompleksidir, \u0259sas yollara da yax\u0131nd\u0131r. Burada 1500 n\u0259f\u0259rlik m\u0259kt\u0259b, &#8212; harada ki, biz indi g\u00f6r\u00fc\u015f\u00fcr\u00fck, &#8212; u\u015faq ba\u011f\u00e7as\u0131, i\u015f\u0131ql\u0131, yara\u015f\u0131ql\u0131, rahat m\u0259nzill\u0259r in\u015fa edilib v\u0259 bu, bir daha d\u00f6vl\u0259t t\u0259r\u0259find\u0259n apar\u0131lan siyas\u0259ti g\u00f6st\u0259rir.<\/p>\n\n\n\n<figure class=\"wp-block-image size-large\"><img loading=\"lazy\" decoding=\"async\" width=\"1024\" height=\"720\" src=\"https:\/\/fedai.az\/wp-content\/uploads\/2021\/08\/21-1024x720.jpg\" alt=\"\" class=\"wp-image-46521\" srcset=\"https:\/\/fedai.az\/wp-content\/uploads\/2021\/08\/21-1024x720.jpg 1024w, https:\/\/fedai.az\/wp-content\/uploads\/2021\/08\/21-300x211.jpg 300w, https:\/\/fedai.az\/wp-content\/uploads\/2021\/08\/21-150x105.jpg 150w, https:\/\/fedai.az\/wp-content\/uploads\/2021\/08\/21-768x540.jpg 768w, https:\/\/fedai.az\/wp-content\/uploads\/2021\/08\/21.jpg 1340w\" sizes=\"auto, (max-width: 1024px) 100vw, 1024px\" \/><\/figure>\n\n\n\n<p>Onu da bildirm\u0259liy\u0259m ki, bu sah\u0259d\u0259 Az\u0259rbaycan d\u00fcnya miqyas\u0131nda n\u00fcmun\u0259vi \u00f6lk\u0259 say\u0131la bil\u0259r. \u00c7\u00fcnki bir daha dem\u0259k ist\u0259yir\u0259m ki, bu g\u00fcn\u0259 q\u0259d\u0259r 10 min\u0259 yax\u0131n v\u0259t\u0259nda\u015f m\u0259nzill\u0259rl\u0259, f\u0259rdi evl\u0259rl\u0259 t\u0259min edilib. Biz h\u0259r il d\u00f6vl\u0259t b\u00fcdc\u0259sind\u0259n kifay\u0259t q\u0259d\u0259r b\u00f6y\u00fck v\u0259sait ay\u0131r\u0131r\u0131q ki, bu m\u0259s\u0259l\u0259l\u0259r \u00f6z h\u0259llini taps\u0131n v\u0259 n\u00f6vb\u0259ti m\u00fcdd\u0259t \u0259rzind\u0259 bu proqram tam icra olunacaq. \u018fm\u0259k v\u0259 \u018fhalinin Sosial M\u00fcdafi\u0259si Nazirliyin\u0259 m\u00fcvafiq g\u00f6st\u0259ri\u015fl\u0259r verilib, g\u0259l\u0259n ilin b\u00fcdc\u0259si formala\u015fd\u0131qda, \u0259lb\u0259tt\u0259 ki, bu m\u0259s\u0259l\u0259 \u00f6z h\u0259llini tapacaq. Onu da bildirm\u0259liy\u0259m ki, d\u00fcn\u0259n imzalad\u0131\u011f\u0131m S\u0259r\u0259ncam \u0259sas\u0131nda \u0130kinci Qaraba\u011f m\u00fcharib\u0259sind\u0259 q\u0259hr\u0259manl\u0131q g\u00f6st\u0259rmi\u015f v\u0259 q\u0259hr\u0259man ad\u0131na layiq g\u00f6r\u00fclm\u00fc\u015f \u015f\u0259xsl\u0259r d\u0259 m\u0259nzill\u0259rl\u0259 t\u0259min edil\u0259c\u0259k, m\u00fcvafiq S\u0259r\u0259ncam imzalan\u0131bd\u0131r. V\u0259t\u0259n M\u00fcharib\u0259si Q\u0259hr\u0259man\u0131 ad\u0131n\u0131 alan b\u00fct\u00fcn \u015f\u0259xsl\u0259r m\u0259nzill\u0259rl\u0259 t\u0259min edil\u0259c\u0259k. \u00d6l\u00fcm\u00fcnd\u0259n sonra bu ada layiq g\u00f6r\u00fclm\u00fc\u015f \u015f\u0259hidl\u0259rin ail\u0259l\u0259ri d\u0259 bu m\u0259nzill\u0259r\u0259 sahib olacaqlar.<\/p>\n\n\n\n<figure class=\"wp-block-gallery columns-2 is-cropped wp-block-gallery-1 is-layout-flex wp-block-gallery-is-layout-flex\"><ul class=\"blocks-gallery-grid\"><li class=\"blocks-gallery-item\"><figure><img loading=\"lazy\" decoding=\"async\" width=\"1024\" height=\"723\" src=\"https:\/\/fedai.az\/wp-content\/uploads\/2021\/08\/11-1024x723.jpg\" alt=\"\" data-id=\"46532\" data-link=\"https:\/\/fedai.az\/?attachment_id=46532\" class=\"wp-image-46532\" srcset=\"https:\/\/fedai.az\/wp-content\/uploads\/2021\/08\/11-1024x723.jpg 1024w, https:\/\/fedai.az\/wp-content\/uploads\/2021\/08\/11-300x212.jpg 300w, https:\/\/fedai.az\/wp-content\/uploads\/2021\/08\/11-150x106.jpg 150w, https:\/\/fedai.az\/wp-content\/uploads\/2021\/08\/11-768x542.jpg 768w, https:\/\/fedai.az\/wp-content\/uploads\/2021\/08\/11.jpg 1340w\" sizes=\"auto, (max-width: 1024px) 100vw, 1024px\" \/><\/figure><\/li><li class=\"blocks-gallery-item\"><figure><img loading=\"lazy\" decoding=\"async\" width=\"1024\" height=\"697\" src=\"https:\/\/fedai.az\/wp-content\/uploads\/2021\/08\/12-1024x697.jpg\" alt=\"\" data-id=\"46533\" data-full-url=\"https:\/\/fedai.az\/wp-content\/uploads\/2021\/08\/12.jpg\" data-link=\"https:\/\/fedai.az\/?attachment_id=46533\" class=\"wp-image-46533\" srcset=\"https:\/\/fedai.az\/wp-content\/uploads\/2021\/08\/12-1024x697.jpg 1024w, https:\/\/fedai.az\/wp-content\/uploads\/2021\/08\/12-300x204.jpg 300w, https:\/\/fedai.az\/wp-content\/uploads\/2021\/08\/12-150x102.jpg 150w, https:\/\/fedai.az\/wp-content\/uploads\/2021\/08\/12-768x523.jpg 768w, https:\/\/fedai.az\/wp-content\/uploads\/2021\/08\/12.jpg 1340w\" sizes=\"auto, (max-width: 1024px) 100vw, 1024px\" \/><\/figure><\/li><\/ul><\/figure>\n\n\n\n<p>Eyni zamanda, m\u00fcharib\u0259d\u0259n sonra 9 mind\u0259n \u00e7ox insana sosial \u00f6d\u0259ni\u015fl\u0259r verilibdir. Orta hesabla h\u0259r insana 2 \u00f6d\u0259ni\u015f edilib. Yaral\u0131 v\u0259 sa\u011flaml\u0131\u011f\u0131n\u0131 itirmi\u015f h\u0259rb\u00e7il\u0259r \u0259n m\u00fcasir protezl\u0259rl\u0259 t\u0259min edilir. Onlar \u00fc\u00e7\u00fcn bel\u0259 imkan yarad\u0131l\u0131b v\u0259 son n\u0259sil protezl\u0259r al\u0131n\u0131b. M\u0259n\u0259 veril\u0259n m\u0259lumata g\u00f6r\u0259, 180 n\u0259f\u0259rd\u0259n \u00e7ox insan\u0131n protez\u0259 ehtiyac\u0131 var, onlardan 140 n\u0259f\u0259ri art\u0131q protezl\u0259rl\u0259 t\u0259min edilib v\u0259 bu protezl\u0259r onlar\u0131 normal h\u0259yata qaytar\u0131r. Onlar normal g\u0259z\u0259, qa\u00e7a, h\u0259tta futbol oynaya da bil\u0259rl\u0259r. Bu da siyas\u0259timizin t\u0259rkib hiss\u0259sidir. \u00c7\u00fcnki m\u0259n d\u0259f\u0259l\u0259rl\u0259 demi\u015fdim ki, biz \u0259n h\u0259ssas kateqoriyadan olan insanlara daim diqq\u0259t g\u00f6st\u0259rm\u0259liyik v\u0259 Birinci Qaraba\u011f m\u00fcharib\u0259sind\u0259n sonra ke\u00e7\u0259n d\u00f6vr \u0259rzind\u0259 maddi imkanlar \u00e7\u0259r\u00e7iv\u0259sind\u0259 bunu edirdik. \u0130mkanlar az olanda az edirdik, imkanlar \u00e7ox olanda \u00e7ox edirdik, amma edirdik, bu g\u00fcn d\u0259 edirik v\u0259 ed\u0259c\u0259yik.<\/p>\n\n\n\n<figure class=\"wp-block-image size-large\"><img loading=\"lazy\" decoding=\"async\" width=\"1024\" height=\"675\" src=\"https:\/\/fedai.az\/wp-content\/uploads\/2021\/08\/07-1024x675.jpg\" alt=\"\" class=\"wp-image-46522\" srcset=\"https:\/\/fedai.az\/wp-content\/uploads\/2021\/08\/07-1024x675.jpg 1024w, https:\/\/fedai.az\/wp-content\/uploads\/2021\/08\/07-300x198.jpg 300w, https:\/\/fedai.az\/wp-content\/uploads\/2021\/08\/07-150x99.jpg 150w, https:\/\/fedai.az\/wp-content\/uploads\/2021\/08\/07-768x506.jpg 768w, https:\/\/fedai.az\/wp-content\/uploads\/2021\/08\/07.jpg 1340w\" sizes=\"auto, (max-width: 1024px) 100vw, 1024px\" \/><\/figure>\n\n\n\n<p>Eyni zamanda, m\u00fcharib\u0259 d\u00f6vr\u00fcnd\u0259 \u00f6z \u0259mlak\u0131n\u0131 itirmi\u015f insanlar \u00fc\u00e7\u00fcn d\u0259 minl\u0259rl\u0259 yeni ev tikilm\u0259kd\u0259dir. \u00c7\u00fcnki m\u0259nfur d\u00fc\u015fm\u0259n d\u00f6y\u00fc\u015f meydan\u0131nda m\u0259\u011flubiyy\u0259t\u0259 u\u011frayark\u0259n bunun \u0259v\u0259zini m\u00fclki v\u0259t\u0259nda\u015flardan \u00e7\u0131xmaq ist\u0259yirdi. Bizim bir \u00e7ox \u015f\u0259h\u0259rl\u0259rimiz daim at\u0259\u015f alt\u0131nda idi, artilleriya il\u0259, qada\u011fan edilmi\u015f bombalarla, a\u011f fosforlu bombalarla, ballistik raketl\u0259rl\u0259 bombalan\u0131rd\u0131. Y\u00fczd\u0259n \u00e7ox m\u00fclki \u015f\u0259xs, onlar\u0131n aras\u0131nda qad\u0131nlar, u\u015faqlar bu nam\u0259rd at\u0259\u015f n\u0259tic\u0259sind\u0259 h\u0259lak olmu\u015flar v\u0259 minl\u0259rl\u0259 insan \u00f6z \u0259mlak\u0131n\u0131 itirmi\u015fdir. Ona g\u00f6r\u0259 bu g\u00fcn bu i\u015fl\u0259r d\u0259 g\u00f6r\u00fcl\u00fcr, minl\u0259rl\u0259 ev in\u015fa edilir, onlar\u0131n b\u00f6y\u00fck hiss\u0259si art\u0131q in\u015fa edilib.<\/p>\n\n\n\n<p>T\u0259bii ki, b\u00fct\u00fcn bunlar b\u00f6y\u00fck v\u0259sait t\u0259l\u0259b edir v\u0259 b\u00fct\u00fcn bu i\u015fl\u0259ri Az\u0259rbaycan \u00f6z v\u0259saiti hesab\u0131na edir, he\u00e7 kim\u0259 m\u00f6htac deyil, he\u00e7 kimd\u0259n yard\u0131m ist\u0259mir, \u00f6z hesab\u0131na edir v\u0259 ed\u0259c\u0259k. O c\u00fcml\u0259d\u0259n, azad edilmi\u015f torpaqlarda bu g\u00fcn b\u00fct\u00fcn b\u0259rpa i\u015fl\u0259ri Az\u0259rbaycan\u0131n v\u0259saiti hesab\u0131na icra olunur. Biz Qaraba\u011f\u0131 v\u0259 \u015e\u0259rqi Z\u0259ng\u0259zuru b\u0259rpa etm\u0259k \u00fc\u00e7\u00fcn x\u00fcsusi proqram q\u0259bul etdik. Bu proqram bir ne\u00e7\u0259 ili \u0259hat\u0259 edir v\u0259 birinci il &#8212; 2021-ci il \u00fc\u00e7\u00fcn proqram icra olunur. Bu g\u00fcn o b\u00f6lg\u0259l\u0259rd\u0259 ged\u0259n quruculuq-abadl\u0131q i\u015fl\u0259ri g\u00f6z \u00f6n\u00fcnd\u0259dir. Bir \u00e7oxlar\u0131 \u00fc\u00e7\u00fcn bu, \u00e7ox g\u00f6zl\u0259nilm\u0259z oldu v\u0259 b\u0259zil\u0259ri t\u0259\u0259cc\u00fcb edirl\u0259r ki, biz bu i\u015fl\u0259ri bel\u0259 y\u00fcks\u0259k templ\u0259rl\u0259 g\u00f6r\u00fcr\u00fck. \u018flb\u0259tt\u0259, burada t\u0259kc\u0259 maliyy\u0259 v\u0259saiti kifay\u0259t etm\u0259z. G\u0259r\u0259k bu geni\u015fmiqyasl\u0131 layih\u0259l\u0259ri icra etm\u0259k \u00fc\u00e7\u00fcn texniki imkanlar olsun, kadr potensial\u0131 olsun, daxili resurslar olsun. Biz b\u00fct\u00fcn bu g\u00fccl\u0259ri s\u0259f\u0259rb\u0259r etmi\u015fik v\u0259 bu g\u00fcn erm\u0259ni v\u0259h\u015filiyinin f\u0259sadlar\u0131n\u0131 aradan qald\u0131r\u0131r\u0131q. M\u0259n demi\u015fdim, biz Qaraba\u011f\u0131 v\u0259 \u015e\u0259rqi Z\u0259ng\u0259zuru c\u0259nn\u0259t\u0259 \u00e7evir\u0259c\u0259yik. Biz bunu ed\u0259c\u0259yik. Nec\u0259 ki, bu g\u00fcn\u0259 q\u0259d\u0259r veril\u0259n b\u00fct\u00fcn v\u0259dl\u0259r h\u0259yatda \u00f6z \u0259ksini tapd\u0131, bir d\u0259n\u0259 d\u0259 olsun v\u0259d yerin\u0259 yetirilm\u0259mi\u015f qalmad\u0131 v\u0259 \u0130kinci Qaraba\u011f m\u00fcharib\u0259sind\u0259ki parlaq Q\u0259l\u0259b\u0259miz buna \u0259yani s\u00fcbutdur.<\/p>\n\n\n\n<figure class=\"wp-block-image size-large\"><img loading=\"lazy\" decoding=\"async\" width=\"1024\" height=\"669\" src=\"https:\/\/fedai.az\/wp-content\/uploads\/2021\/08\/10-1024x669.jpg\" alt=\"\" class=\"wp-image-46523\" srcset=\"https:\/\/fedai.az\/wp-content\/uploads\/2021\/08\/10-1024x669.jpg 1024w, https:\/\/fedai.az\/wp-content\/uploads\/2021\/08\/10-300x196.jpg 300w, https:\/\/fedai.az\/wp-content\/uploads\/2021\/08\/10-150x98.jpg 150w, https:\/\/fedai.az\/wp-content\/uploads\/2021\/08\/10-768x502.jpg 768w, https:\/\/fedai.az\/wp-content\/uploads\/2021\/08\/10.jpg 1340w\" sizes=\"auto, (max-width: 1024px) 100vw, 1024px\" \/><\/figure>\n\n\n\n<p>M\u00fcharib\u0259 d\u00f6vr\u00fcnd\u0259 Az\u0259rbaycan h\u0259rb\u00e7il\u0259ri h\u0259m pe\u015f\u0259karl\u0131q, h\u0259m r\u0259\u015fad\u0259t, c\u0259sar\u0259t, q\u0259hr\u0259manl\u0131q, eyni zamanda, f\u0259dakarl\u0131q g\u00f6st\u0259rmi\u015fl\u0259r, s\u00f6z\u00fcn \u0259sl m\u0259nas\u0131nda, \u00f6l\u00fcm\u0259 gedirdil\u0259r. \u015e\u0259hidl\u0259rimizin \u0259ziz xatir\u0259si h\u0259r birimiz \u00fc\u00e7\u00fcn m\u00fcq\u0259dd\u0259sdir. Biz \u0259m\u0259liyyatlar\u0131 planla\u015fd\u0131randa, ilk n\u00f6vb\u0259d\u0259, m\u00fcmk\u00fcn olan itkil\u0259r haqq\u0131nda d\u00fc\u015f\u00fcn\u00fcrd\u00fck v\u0259 m\u00fcqayis\u0259 apard\u0131qda Az\u0259rbaycan m\u0259hz buna g\u00f6r\u0259 az itki verib. H\u0259r bir \u015f\u0259hidin h\u0259yat\u0131 t\u0259krarolunmazd\u0131r, h\u0259r bir \u015f\u0259hidin h\u0259lak olmas\u0131 onun yax\u0131nlar\u0131, qohumlar\u0131 \u00fc\u00e7\u00fcn faci\u0259dir, b\u00f6y\u00fck bir d\u0259rddir.<\/p>\n\n\n\n<p>Ancaq, eyni zamanda, onu da bildirm\u0259k ist\u0259yir\u0259m ki, \u015f\u0259hidl\u0259rin say\u0131 daha \u00e7ox ola bil\u0259rdi. \u018fg\u0259r biz \u0259m\u0259liyyatlar\u0131 planla\u015fd\u0131randa bu amili n\u0259z\u0259r\u0259 almasayd\u0131q. Ona g\u00f6r\u0259 Erm\u0259nistan ordusu il\u0259 m\u00fcqayis\u0259d\u0259 bizd\u0259 itkil\u0259r kifay\u0259t q\u0259d\u0259r azd\u0131r. D\u00fczd\u00fcr, Erm\u0259nistan \u00f6z itkil\u0259rini gizl\u0259dir. Ancaq bizd\u0259 olan d\u0259qiq m\u0259lumata g\u00f6r\u0259 \u0259n az\u0131 7-8 min itki vermi\u015fdir. T\u0259kc\u0259 azad edilmi\u015f torpaqlarda bu g\u00fcn\u0259 q\u0259d\u0259r davam ed\u0259n axtar\u0131\u015f \u0259m\u0259liyyatlar\u0131 n\u0259tic\u0259sind\u0259 1600-d\u0259n \u00e7ox erm\u0259ni i\u015f\u011fal\u00e7\u0131n\u0131n c\u0259s\u0259di tap\u0131lm\u0131\u015fd\u0131r. Burada da Az\u0259rbaycan humanistlik g\u00f6st\u0259rir. Birinci Qaraba\u011f m\u00fcharib\u0259sind\u0259n sonra bizim t\u0259xmin\u0259n 4 min\u0259 yax\u0131n itkin d\u00fc\u015fm\u00fc\u015f insan\u0131m\u0131z olmu\u015fdur. Erm\u0259nil\u0259r onlar\u0131n n\u0259\u015fini biz\u0259 qaytarmad\u0131lar. Ancaq biz yen\u0259 d\u0259 humanizmin \u0259n \u00fclvi \u0259lam\u0259tl\u0259rini, prinsipl\u0259rini r\u0259hb\u0259r tutaraq bu i\u015fi d\u0259 g\u00f6r\u00fcr\u00fck. Biz b\u00fct\u00fcn \u0259m\u0259liyyatlar\u0131 planla\u015fd\u0131randa \u0259m\u0259liyyatlar\u0131n gedi\u015fat\u0131n\u0131 izl\u0259yirdik, canl\u0131 rejimd\u0259 izl\u0259yirdik. Biz bilirik ki, d\u00fc\u015fm\u0259n \u0259n az\u0131 7-8 min itki verib. Az\u0259rbaycan is\u0259 3 min\u0259d\u0259k \u015f\u0259hid verib. N\u0259z\u0259r\u0259 alsaq ki, biz \u0259ks h\u00fccum \u0259m\u0259liyyat\u0131 ke\u00e7irirdik. N\u0259z\u0259r\u0259 alsaq ki, 5-6 m\u00fcdafi\u0259 x\u0259tti var, b\u00f6y\u00fck m\u00fch\u0259ndis istehkamlar\u0131 var idi, t\u0259bii relyef bizim \u00fc\u00e7\u00fcn \u0259lveri\u015fsiz idi. Anlamaq olar ki, biz insanlar\u0131n sa\u011flaml\u0131\u011f\u0131n\u0131, h\u0259yatda qalmas\u0131n\u0131 n\u0259 q\u0259d\u0259r d\u00fc\u015f\u00fcn\u00fcrd\u00fck v\u0259 buna nail olduq.<\/p>\n\n\n\n<p>\u0130kinci Qaraba\u011f m\u00fcharib\u0259si tarixd\u0259 \u0259b\u0259di qalacaq. Az\u0259rbaycan xalq\u0131n\u0131n \u00e7ox\u0259srlik tarixind\u0259 buna ox\u015far parlaq v\u0259 tam Q\u0259l\u0259b\u0259 olmam\u0131\u015fd\u0131r. Biz 300-d\u0259n \u00e7ox \u015f\u0259h\u0259ri, k\u0259ndi, q\u0259s\u0259b\u0259ni d\u00f6y\u00fc\u015f meydan\u0131nda i\u015f\u011fal\u00e7\u0131lardan azad etdik. \u0130\u015f\u011fal\u00e7\u0131lar\u0131 m\u0259cbur etdik ki, onlar kapitulyasiya akt\u0131n\u0131 imzalayaraq dig\u0259r rayonlardan \u00f6z xo\u015flar\u0131 il\u0259 \u00e7\u0131xs\u0131nlar. Halbuki m\u00fcharib\u0259nin ilk g\u00fcnl\u0259rind\u0259n m\u0259n deyirdim ki, Erm\u0259nistan r\u0259hb\u0259rliyi biz\u0259 tarix verm\u0259lidir n\u0259 vaxt bizim torpaqlar\u0131m\u0131zdan \u00e7\u0131x\u0131r v\u0259 biz m\u00fcharib\u0259ni dayand\u0131rma\u011fa haz\u0131r\u0131q. Bel\u0259 d\u0259 oldu. Noyabr\u0131n 9-da Erm\u0259nistan art\u0131q kapitulyasiya akt\u0131n\u0131 imzalama\u011fa haz\u0131r olmu\u015fdur. A\u011fdam, K\u0259lb\u0259c\u0259r, La\u00e7\u0131n rayonlar\u0131n\u0131n biz\u0259 qaytar\u0131lmas\u0131 tarixi m\u00fc\u0259yy\u0259n olunmu\u015fdur. Noyabr\u0131n 10-na ke\u00e7\u0259n gec\u0259 is\u0259 Erm\u0259nistan kapitulyasiya akt\u0131n\u0131 imzalad\u0131 v\u0259 m\u00fcharib\u0259 dayand\u0131. M\u00fcharib\u0259nin bizim t\u0259r\u0259fimizd\u0259n dayand\u0131r\u0131lmas\u0131 da tamamil\u0259 \u0259sasl\u0131 bir add\u0131m idi. \u00c7\u00fcnki m\u00fcharib\u0259 davam ets\u0259ydi, birincisi biz daha \u00e7ox itkil\u0259r ver\u0259c\u0259kdik. M\u00fcharib\u0259 davam ets\u0259ydi, K\u0259lb\u0259c\u0259r v\u0259 La\u00e7\u0131n rayonlar\u0131n\u0131n azad edilm\u0259si m\u00fc\u0259yy\u0259n \u00e7\u0259tinlikl\u0259rl\u0259 \u00fczl\u0259\u015f\u0259 bil\u0259rdi. \u00c7\u00fcnki o b\u00f6lg\u0259nin t\u0259bii iqlimi, da\u011flar\u0131 biz\u0259 problem yarada bil\u0259rdi. Bir d\u0259 ki, q\u0131\u015f ba\u015flay\u0131rd\u0131. Eyni zamanda, Az\u0259rbaycan m\u00fcharib\u0259ni m\u00fcharib\u0259 qanunlar\u0131 il\u0259 apar\u0131rd\u0131. Biz erm\u0259nil\u0259rd\u0259n f\u0259rqli olaraq h\u0259rbi cinay\u0259t t\u00f6r\u0259tm\u0259mi\u015fik, etnik t\u0259mizl\u0259m\u0259 siyas\u0259ti aparmam\u0131\u015f\u0131q. Bu, bir daha xalq\u0131m\u0131z\u0131n b\u00f6y\u00fckl\u00fcy\u00fcn\u00fc, siyas\u0259timizin m\u00fcdrikliyini g\u00f6st\u0259rir. Ona g\u00f6r\u0259 biz h\u0259r \u015feyi vaxt\u0131nda etdik, h\u0259r \u015feyi vaxt\u0131nda. Torpaqlar\u0131m\u0131z\u0131 vaxt\u0131nda azad etdik, m\u00fcharib\u0259ni vaxt\u0131nda dayand\u0131rd\u0131q v\u0259 tarixi Z\u0259f\u0259r\u0259 \u00e7atd\u0131q. Bir ne\u00e7\u0259 g\u00fcn bundan \u0259vv\u0259l dediyim kimi, erm\u0259nil\u0259rin b\u00fct\u00fcn mifl\u0259rini darmada\u011f\u0131n etdik. Bu g\u00fcn Erm\u0259nistan art\u0131q a\u00e7\u0131q etiraf edir ki, \u00f6z t\u0259hl\u00fck\u0259sizliyini \u00f6z\u00fc t\u0259min ed\u0259 bilmir, \u00f6z s\u0259rh\u0259dl\u0259rini \u00f6z\u00fc qoruya bilmir, \u00f6z hesab\u0131na ya\u015faya bilmir. Bel\u0259 olan halda m\u00fcst\u0259qillikd\u0259n s\u00f6hb\u0259t ged\u0259 bilm\u0259z. Erm\u0259nistan\u0131 m\u00fcst\u0259qil \u00f6lk\u0259 adland\u0131rmaq tamamil\u0259 \u0259sass\u0131zd\u0131r. \u00c7\u00fcnki m\u00fcst\u0259qil \u00f6lk\u0259y\u0259 xas olan \u0259lam\u0259tl\u0259rin m\u00fctl\u0259q \u0259ks\u0259riyy\u0259ti Erm\u0259nistan d\u00f6vl\u0259tind\u0259 yoxdur. Bunun da s\u0259b\u0259bi onlar\u0131n i\u015f\u011fal\u00e7\u0131l\u0131q siyas\u0259tidir. \u018fg\u0259r vaxt\u0131nda m\u0259nim s\u00f6zl\u0259rim\u0259 \u0259m\u0259l edib torpaqlar\u0131m\u0131zdan \u00e7\u0131xsayd\u0131lar, bel\u0259 bir r\u0259zil v\u0259ziyy\u0259t\u0259 d\u00fc\u015fm\u0259zdil\u0259r. N\u0259tic\u0259d\u0259 yen\u0259 d\u0259 m\u0259nim s\u00f6zl\u0259rim\u0259 \u0259m\u0259l etm\u0259li oldular. M\u0259n deyirdim ki, bizim torpa\u011f\u0131m\u0131zdan r\u0259dd olmal\u0131s\u0131n\u0131z. R\u0259dd oldular. N\u0259tic\u0259d\u0259 m\u0259n dey\u0259n oldu, amma vaxt itirdil\u0259r. Bu g\u00fcn Erm\u0259nistan n\u0259 g\u00fcnd\u0259dir, h\u0259r k\u0259s bunu g\u00f6r\u00fcr. \u018flb\u0259tt\u0259, ac\u0131 m\u0259\u011flubiyy\u0259tin \u015fokunu onlar h\u0259l\u0259 uzun ill\u0259r ya\u015fayacaqlar. Biz is\u0259 bundan sonra qalib \u00f6lk\u0259, m\u00fcz\u0259ff\u0259r xalq kimi ya\u015fayaca\u011f\u0131q, q\u00fcrurla ya\u015fayaca\u011f\u0131q. \u00d6z g\u0259l\u0259c\u0259yimizi \u00f6z\u00fcm\u00fcz quraca\u011f\u0131q, azad edilmi\u015f torpaqlar\u0131 b\u0259rpa ed\u0259c\u0259yik. \u015e\u0259hidl\u0259rimizin xatir\u0259sini daim q\u0259lbimizd\u0259 ya\u015fadaca\u011f\u0131q.<\/p>\n\n\n\n<figure class=\"wp-block-gallery columns-3 is-cropped wp-block-gallery-2 is-layout-flex wp-block-gallery-is-layout-flex\"><ul class=\"blocks-gallery-grid\"><li class=\"blocks-gallery-item\"><figure><img loading=\"lazy\" decoding=\"async\" width=\"800\" height=\"533\" src=\"https:\/\/fedai.az\/wp-content\/uploads\/2021\/08\/612769872241a612769872241b162997287061276987224166127698722418.jpg\" alt=\"\" data-id=\"46524\" data-link=\"https:\/\/fedai.az\/?attachment_id=46524\" class=\"wp-image-46524\" srcset=\"https:\/\/fedai.az\/wp-content\/uploads\/2021\/08\/612769872241a612769872241b162997287061276987224166127698722418.jpg 800w, https:\/\/fedai.az\/wp-content\/uploads\/2021\/08\/612769872241a612769872241b162997287061276987224166127698722418-300x200.jpg 300w, https:\/\/fedai.az\/wp-content\/uploads\/2021\/08\/612769872241a612769872241b162997287061276987224166127698722418-150x100.jpg 150w, https:\/\/fedai.az\/wp-content\/uploads\/2021\/08\/612769872241a612769872241b162997287061276987224166127698722418-768x512.jpg 768w\" sizes=\"auto, (max-width: 800px) 100vw, 800px\" \/><\/figure><\/li><li class=\"blocks-gallery-item\"><figure><img loading=\"lazy\" decoding=\"async\" width=\"800\" height=\"450\" src=\"https:\/\/fedai.az\/wp-content\/uploads\/2021\/08\/1b0e5dc7a2523a59ba32fcc1f389bf68.jpg\" alt=\"\" data-id=\"46525\" data-link=\"https:\/\/fedai.az\/?attachment_id=46525\" class=\"wp-image-46525\" srcset=\"https:\/\/fedai.az\/wp-content\/uploads\/2021\/08\/1b0e5dc7a2523a59ba32fcc1f389bf68.jpg 800w, https:\/\/fedai.az\/wp-content\/uploads\/2021\/08\/1b0e5dc7a2523a59ba32fcc1f389bf68-300x169.jpg 300w, https:\/\/fedai.az\/wp-content\/uploads\/2021\/08\/1b0e5dc7a2523a59ba32fcc1f389bf68-150x84.jpg 150w, https:\/\/fedai.az\/wp-content\/uploads\/2021\/08\/1b0e5dc7a2523a59ba32fcc1f389bf68-768x432.jpg 768w\" sizes=\"auto, (max-width: 800px) 100vw, 800px\" \/><\/figure><\/li><li class=\"blocks-gallery-item\"><figure><img loading=\"lazy\" decoding=\"async\" width=\"800\" height=\"450\" src=\"https:\/\/fedai.az\/wp-content\/uploads\/2021\/08\/78b91a32a3ed3296a98d87f54d3ee6ca.jpg\" alt=\"\" data-id=\"46526\" data-full-url=\"https:\/\/fedai.az\/wp-content\/uploads\/2021\/08\/78b91a32a3ed3296a98d87f54d3ee6ca.jpg\" data-link=\"https:\/\/fedai.az\/?attachment_id=46526\" class=\"wp-image-46526\" srcset=\"https:\/\/fedai.az\/wp-content\/uploads\/2021\/08\/78b91a32a3ed3296a98d87f54d3ee6ca.jpg 800w, https:\/\/fedai.az\/wp-content\/uploads\/2021\/08\/78b91a32a3ed3296a98d87f54d3ee6ca-300x169.jpg 300w, https:\/\/fedai.az\/wp-content\/uploads\/2021\/08\/78b91a32a3ed3296a98d87f54d3ee6ca-150x84.jpg 150w, https:\/\/fedai.az\/wp-content\/uploads\/2021\/08\/78b91a32a3ed3296a98d87f54d3ee6ca-768x432.jpg 768w\" sizes=\"auto, (max-width: 800px) 100vw, 800px\" \/><\/figure><\/li><\/ul><\/figure>\n\n\n\n<p>M\u00fcharib\u0259d\u0259n sonra b\u00fct\u00fcn d\u00fcnya erm\u0259ni v\u0259h\u015filiyinin y\u0131rt\u0131c\u0131 sif\u0259tini g\u00f6rd\u00fc. \u00c7\u00fcnki m\u00fcharib\u0259y\u0259 q\u0259d\u0259r i\u015f\u011fal d\u00f6vr\u00fcnd\u0259 Erm\u0259nistan t\u0259r\u0259fi o vaxt i\u015f\u011fal edilmi\u015f torpaqlara he\u00e7 kimi buraxm\u0131rd\u0131. Eyni zamanda, bu m\u0259s\u0259l\u0259 il\u0259 m\u0259\u015f\u011ful olan vasit\u0259\u00e7il\u0259r d\u0259 oraya getm\u0259y\u0259 o q\u0259d\u0259r can atm\u0131rd\u0131lar. Halbuki qanunsuz m\u0259skunla\u015fma h\u0259rbi cinay\u0259t say\u0131l\u0131r. \u018fg\u0259r 1990-c\u0131 ill\u0259rin \u0259vv\u0259ll\u0259rind\u0259 Erm\u0259nistan bu qanunsuz m\u0259skunla\u015fman\u0131 gizlin \u015f\u0259kild\u0259 edirdis\u0259, son vaxtlar o q\u0259d\u0259r az\u011f\u0131nla\u015fm\u0131\u015fd\u0131lar ki, bunu a\u00e7\u0131q \u015f\u0259kild\u0259 edirdil\u0259r. \u0130ndi yada salmaq laz\u0131md\u0131r, m\u00fcharib\u0259d\u0259n \u0259vv\u0259l onlar\u0131n televiziyalar\u0131nda hans\u0131 reportajlar gedirdi. Xaricd\u0259n &#8212; Suriyadan, Livandan g\u0259lmi\u015f erm\u0259nil\u0259r \u015eu\u015fa \u015f\u0259h\u0259rind\u0259 m\u00fcsahib\u0259l\u0259r verirdil\u0259r. Deyirdil\u0259r ki, b\u0259li, biz g\u0259lmi\u015fik buraya. Bura Erm\u0259nistan torpa\u011f\u0131d\u0131r. Biz burada ya\u015fay\u0131r\u0131q. Bunlar\u0131 t\u0259bli\u011f edirdi, h\u0259rbi cinay\u0259ti t\u0259bli\u011f edirdi. Onlara bizd\u0259n ba\u015fqa s\u00f6z dey\u0259n yox idi. Minsk qrupu onlara bir s\u00f6z demirdi. Qanunsuz m\u0259skunla\u015fma t\u0259k \u015eu\u015fada getmirdi, C\u0259bray\u0131lda da gedirdi, Z\u0259ngilanda da gedirdi, K\u0259lb\u0259c\u0259rd\u0259 d\u0259, La\u00e7\u0131nda da. T\u0259kc\u0259 A\u011fdam v\u0259 F\u00fczulid\u0259 m\u0259skunla\u015fma getmirdi. \u00c7\u00fcnki orda he\u00e7 n\u0259 yox idi, h\u0259r \u015feyi da\u011f\u0131d\u0131blar, b\u00fct\u00fcn \u015f\u0259h\u0259r v\u0259 k\u0259ndl\u0259rimizi yerl\u0259-yeksan edibl\u0259r. Amma qalan yerl\u0259rd\u0259 &#8212; Z\u0259ngilan, Qubadl\u0131, La\u00e7\u0131n, K\u0259lb\u0259c\u0259r v\u0259 \u015eu\u015fada qanunsuz m\u0259skunla\u015fma gedirdi. D\u00fczd\u00fcr, az gedirdi, \u00e7\u00fcnki onlar\u0131n insan resurslar\u0131 yox idi, amma gedirdi. Bu, h\u0259rbi cinay\u0259tdir. Bu h\u0259rbi cinay\u0259t\u0259 g\u00f6r\u0259 t\u0259kc\u0259 Erm\u0259nistan yox, o cinay\u0259tl\u0259r\u0259 g\u00f6z yuman da m\u0259suliyy\u0259t da\u015f\u0131y\u0131r. Bizim u\u011furlu \u0259m\u0259liyyatlar\u0131m\u0131z buna son qoydu. Ancaq bu g\u00fcn qeyd etdiyim kimi, b\u00fct\u00fcn d\u00fcnya erm\u0259ni v\u0259h\u015filiyini g\u00f6r\u00fcr. G\u00f6r\u00fcr ki, erm\u0259nil\u0259r bizim m\u0259scidl\u0259rimizi da\u011f\u0131d\u0131blar, 60-dan \u00e7ox m\u0259scid da\u011f\u0131d\u0131l\u0131b. Erm\u0259nil\u0259r bizim m\u0259scidl\u0259rimizd\u0259 in\u0259k, donuz saxlay\u0131r\u0131blar. Bu, b\u00fct\u00fcn m\u00fcs\u0259lman al\u0259min\u0259 t\u0259hqirdir. Bir daha sizin qar\u015f\u0131n\u0131zda b\u00fct\u00fcn m\u00fcs\u0259lman \u00f6lk\u0259l\u0259rinin r\u0259hb\u0259rl\u0259rin\u0259 \u00fcz tutaraq deyir\u0259m, bunu he\u00e7 vaxt unutmay\u0131n, buna g\u00f6z yummay\u0131n, g\u00f6rm\u0259zliy\u0259 vurmay\u0131n. Erm\u0259nistan r\u0259hb\u0259rliyi b\u00fct\u00fcn m\u00fcs\u0259lman al\u0259mini t\u0259hqir edib. Q\u0259birl\u0259ri da\u011f\u0131dan da, q\u0259bir da\u015flar\u0131n\u0131n \u00fcz\u00fcn\u00fc sil\u0259r\u0259k satan da erm\u0259nidir, \u00f6l\u00fcl\u0259rin q\u0131z\u0131l di\u015fl\u0259rini \u00e7\u0131xardan da erm\u0259nidir, m\u0259scidl\u0259rimizi s\u00f6k\u0259n d\u0259 erm\u0259nidir, evl\u0259rimizi k\u0259rpic-k\u0259rpic s\u00f6k\u00fcb \u00f6z daxmas\u0131na da\u015f\u0131yan da erm\u0259nidir. Bunu h\u0259r k\u0259s g\u00f6r\u00fcr v\u0259 g\u00f6rm\u0259lidir. Biz azad edilmi\u015f torpaqlara xarici qonaqlar\u0131, jurnalistl\u0259ri, siyas\u0259t\u00e7il\u0259ri, ictimai xadiml\u0259ri m\u00fcnt\u0259z\u0259m olaraq g\u0259tiririk ki, g\u00f6rs\u00fcnl\u0259r v\u0259 bilsinl\u0259r, biz t\u0259kc\u0259 \u00f6z \u0259razimizi i\u015f\u011faldan azad etm\u0259mi\u015fik, biz b\u00f6lg\u0259ni erm\u0259ni fa\u015fizmind\u0259n azad etmi\u015fik.<\/p>\n\n\n\n<p>Bu g\u00fcn biz bu \u0259razil\u0259ri b\u0259rpa ed\u0259r\u0259k tarixi \u0259dal\u0259ti b\u0259rpa edirik. \u018ffsuslar olsun ki, xalq\u0131m\u0131z uzun ill\u0259rdir \u0259dal\u0259tsizlikl\u0259rl\u0259 \u00fczl\u0259\u015fir. XX \u0259srin 20-ci ill\u0259rind\u0259 xalq\u0131m\u0131za iki b\u00f6y\u00fck z\u0259rb\u0259 vuruldu. Birincisi, 1920-ci ild\u0259. O vaxt sovet hakimiyy\u0259ti bizim tarixi torpa\u011f\u0131m\u0131z olan Z\u0259ng\u0259zuru Az\u0259rbaycandan qopar\u0131b Erm\u0259nistana birl\u0259\u015fdirdi. Ondan sonra o b\u00f6lg\u0259d\u0259 az\u0259rbaycanl\u0131lar deportasiyaya m\u0259ruz qald\u0131lar.<\/p>\n\n\n\n<figure class=\"wp-block-image size-large\"><img loading=\"lazy\" decoding=\"async\" width=\"1024\" height=\"847\" src=\"https:\/\/fedai.az\/wp-content\/uploads\/2021\/08\/22-1024x847.jpg\" alt=\"\" class=\"wp-image-46527\" srcset=\"https:\/\/fedai.az\/wp-content\/uploads\/2021\/08\/22-1024x847.jpg 1024w, https:\/\/fedai.az\/wp-content\/uploads\/2021\/08\/22-300x248.jpg 300w, https:\/\/fedai.az\/wp-content\/uploads\/2021\/08\/22-150x124.jpg 150w, https:\/\/fedai.az\/wp-content\/uploads\/2021\/08\/22-768x635.jpg 768w, https:\/\/fedai.az\/wp-content\/uploads\/2021\/08\/22.jpg 1233w\" sizes=\"auto, (max-width: 1024px) 100vw, 1024px\" \/><\/figure>\n\n\n\n<p>\u0130kinci is\u0259 1923-c\u00fc ild\u0259 bizim \u0259razimizd\u0259 s\u00fcni bir qurum yarad\u0131ld\u0131 &#8212; Da\u011fl\u0131q Qaraba\u011f Muxtar Vilay\u0259ti, hans\u0131 ki, bunun yarad\u0131lmas\u0131n\u0131n he\u00e7 bir \u0259sas\u0131 yox idi. N\u0259 tarixi \u0259sas\u0131 var idi, n\u0259 co\u011frafi \u0259sas\u0131 var idi, n\u0259 d\u0259 iqtisadi \u0259sas\u0131 var idi. He\u00e7 bir \u0259sas\u0131 yox idi. Sad\u0259c\u0259 olaraq, bizim can\u0131m\u0131za bu s\u00fcni bir cisim yeridildi ki, bir canl\u0131 bomba kimi orada dursun v\u0259 vaxt\u0131nda partlas\u0131n. Bel\u0259 d\u0259 oldu. 1923-c\u00fc il iyulun 7-d\u0259 Da\u011fl\u0131q Qaraba\u011f Muxtar Vilay\u0259ti yarad\u0131ld\u0131. Onun da m\u0259rk\u0259zi \u015f\u0259h\u0259ri bizim Xank\u0259ndi q\u0259s\u0259b\u0259miz olmu\u015fdu. Ona da c\u0259llad Stepan \u015eaumyan\u0131n ad\u0131n\u0131 verdil\u0259r, Stepanakert adland\u0131rd\u0131lar. Xalq\u0131m\u0131za iki b\u00f6y\u00fck z\u0259rb\u0259 d\u0259ymi\u015fdi. Ondan sonra da z\u0259rb\u0259l\u0259r oldu. 1940-1950-ci ill\u0259rd\u0259 Erm\u0259nistan \u0259razisind\u0259n &#8212; q\u0259dim Az\u0259rbaycan torpaqlar\u0131ndan az\u0259rbaycanl\u0131lar\u0131n deportasiyas\u0131, 1980-ci ill\u0259rin sonlar\u0131nda erm\u0259ni separatizminin ba\u015f qald\u0131rmas\u0131 v\u0259 buna sovet hakimiyy\u0259ti t\u0259r\u0259find\u0259n reaksiyan\u0131n verilm\u0259m\u0259si. \u018fksin\u0259, separat\u00e7\u0131lar\u0131 t\u0259hrik edirdil\u0259r, onlar\u0131n havadarlar\u0131 biz\u0259 meydan oxuyurdular. Da\u011fl\u0131q Qaraba\u011f\u0131 Az\u0259rbaycandan qopar\u0131b Erm\u0259nistana birl\u0259\u015fdirm\u0259k sovet vaxt\u0131nda ortaya at\u0131lm\u0131\u015f tezis idi. Heyd\u0259r \u018fliyev hakimiyy\u0259td\u0259n ged\u0259nd\u0259n iki h\u0259ft\u0259 sonra bu, ortal\u0131\u011fa at\u0131ld\u0131. G\u00f6r\u00fcn\u00fcr ki, \u00e7oxdan bel\u0259 planlar var idi. Amma Heyd\u0259r \u018fliyev amili, onun q\u0259tiyy\u0259ti v\u0259 g\u00fcc\u00fc imkan vermirdi ki, ba\u015f qald\u0131rs\u0131nlar. O canl\u0131 bomba, hans\u0131 ki, 1923-c\u00fc ild\u0259 qoyuldu Az\u0259rbaycanda v\u0259 o partlad\u0131 o vaxt. O vaxtk\u0131 Az\u0259rbaycan r\u0259hb\u0259rliyi, sad\u0259c\u0259 olaraq, buna ya haz\u0131r deyildi, ya da ki, \u00f6z v\u0259zif\u0259 borcunu yerin\u0259 yetir\u0259 bilm\u0259di. B\u0259zi hallarda x\u0259yan\u0259t etdi, satq\u0131nl\u0131q etdi. N\u0259tic\u0259 etibaril\u0259 h\u0259l\u0259 sovet vaxt\u0131nda Da\u011fl\u0131q Qaraba\u011f Muxtar Vilay\u0259ti faktiki olaraq Az\u0259rbaycandan defakto ayr\u0131lm\u0131\u015fd\u0131. Orada bir x\u00fcsusi komit\u0259 yarad\u0131lm\u0131\u015fd\u0131. O komit\u0259y\u0259 r\u0259hb\u0259rlik \u00fc\u00e7\u00fcn Moskvadan erm\u0259nip\u0259r\u0259st bir adam g\u0259tirilmi\u015fdi. Hans\u0131 ki, faktiki olaraq orada erm\u0259nil\u0259rl\u0259 birl\u0259\u015fib biz\u0259 qar\u015f\u0131 i\u015f apar\u0131l\u0131rd\u0131.<\/p>\n\n\n\n<p>Az\u0259rbaycanl\u0131lar \u00f6z do\u011fma torpa\u011f\u0131nda art\u0131q m\u00fcdafi\u0259siz bir topluma \u00e7evrildil\u0259r. Ondan sonrak\u0131 tarix m\u0259lumdur. Biz is\u0259 tarixi, bu antiaz\u0259rbaycan siyas\u0259tini geri \u00e7eviririk. Biz b\u0259zil\u0259rinin he\u00e7 yuxusuna g\u0259lm\u0259y\u0259n i\u015fl\u0259ri g\u00f6r\u00fcr\u00fck. Bu g\u00fcn b\u00f6lg\u0259y\u0259 tam sahibik, s\u00f6z sahibiyik, i\u015f\u011fal edilmi\u015f torpaqlar\u0131 azad etmi\u015fik. Bu torpaqlarda indi m\u00f6hk\u0259ml\u0259nirik.<\/p>\n\n\n\n<figure class=\"wp-block-image size-large\"><img loading=\"lazy\" decoding=\"async\" width=\"1024\" height=\"739\" src=\"https:\/\/fedai.az\/wp-content\/uploads\/2021\/08\/20-1024x739.jpg\" alt=\"\" class=\"wp-image-46529\" srcset=\"https:\/\/fedai.az\/wp-content\/uploads\/2021\/08\/20-1024x739.jpg 1024w, https:\/\/fedai.az\/wp-content\/uploads\/2021\/08\/20-300x216.jpg 300w, https:\/\/fedai.az\/wp-content\/uploads\/2021\/08\/20-150x108.jpg 150w, https:\/\/fedai.az\/wp-content\/uploads\/2021\/08\/20-768x554.jpg 768w, https:\/\/fedai.az\/wp-content\/uploads\/2021\/08\/20.jpg 1340w\" sizes=\"auto, (max-width: 1024px) 100vw, 1024px\" \/><\/figure>\n\n\n\n<p>M\u0259n g\u00f6r\u00fcr\u0259m, b\u0259zi xarici m\u0259tbu orqanlar\u0131nda deyilir ki, Az\u0259rbaycan yeddi rayonu azad edib. Bu h\u0259qiq\u0259t\u0259 uy\u011fun deyil. Yeddi rayonu azad edib, amma bununla b\u0259rab\u0259r \u015eu\u015fa \u015f\u0259h\u0259rini azad edib, bununla b\u0259rab\u0259r Hadrutu azad edib, bununla b\u0259rab\u0259r Xocav\u0259nd rayonunun 60 faizini azad edib, Suqovu\u015fan q\u0259s\u0259b\u0259sini azad edib. Ona g\u00f6r\u0259 biz yeddi rayondan daha \u00e7ox \u0259razini azad etmi\u015fik. Bu \u0259razil\u0259rin strateji \u0259h\u0259miyy\u0259ti g\u00f6z \u00f6n\u00fcnd\u0259dir. H\u0259r k\u0259s x\u0259rit\u0259y\u0259 bax\u0131b g\u00f6r\u0259 bil\u0259r ki, Az\u0259rbaycan hakim strateji n\u00f6qt\u0259l\u0259r\u0259 sahibdir, ist\u0259r Qaraba\u011f b\u00f6lg\u0259sind\u0259, ist\u0259r Az\u0259rbaycan-Erm\u0259nistan s\u0259rh\u0259dind\u0259. \u018fg\u0259r 1923-c\u00fc il 7 iyul tarixi xalq\u0131m\u0131z\u0131n faci\u0259si idis\u0259, 2021-ci ild\u0259 biz art\u0131q bu qara s\u0259hif\u0259ni d\u0259 qapad\u0131q. Art\u0131q 7 iyul g\u00f6z\u0259l bir tarix kimi tarixd\u0259 qalacaq. \u00c7\u00fcnki 2021-ci il iyulun 7-d\u0259 m\u0259nim t\u0259r\u0259fimd\u0259n Qaraba\u011f v\u0259 \u015e\u0259rqi Z\u0259ng\u0259zur iqtisadi zonalar\u0131n\u0131n yarad\u0131lmas\u0131na dair F\u0259rman imzaland\u0131, tarixi \u0259dal\u0259t b\u0259rpa edildi.<\/p>\n\n\n\n<p>M\u0259n bir daha \u015f\u0259hidl\u0259rimizin \u0259ziz xatir\u0259sini yad ed\u0259r\u0259k dem\u0259liy\u0259m ki, siz &#8212; onlar\u0131n yax\u0131nlar\u0131 onlarla f\u0259xr edirsiniz. Haql\u0131 olaraq f\u0259xr edirsiniz. B\u00fct\u00fcn Az\u0259rbaycan xalq\u0131 \u015f\u0259hidl\u0259rimizl\u0259, h\u0259rb\u00e7il\u0259rimizl\u0259 f\u0259xr edir. \u015e\u0259hidl\u0259rimizin \u0259ziz xatir\u0259si bizim \u00fcr\u0259yimizd\u0259 \u0259b\u0259di ya\u015fayacaqd\u0131r.<\/p>\n\n\n\n<figure class=\"wp-block-image size-large\"><img loading=\"lazy\" decoding=\"async\" width=\"1024\" height=\"695\" src=\"https:\/\/fedai.az\/wp-content\/uploads\/2021\/08\/15-1024x695.jpg\" alt=\"\" class=\"wp-image-46530\" srcset=\"https:\/\/fedai.az\/wp-content\/uploads\/2021\/08\/15-1024x695.jpg 1024w, https:\/\/fedai.az\/wp-content\/uploads\/2021\/08\/15-300x204.jpg 300w, https:\/\/fedai.az\/wp-content\/uploads\/2021\/08\/15-150x102.jpg 150w, https:\/\/fedai.az\/wp-content\/uploads\/2021\/08\/15-768x521.jpg 768w, https:\/\/fedai.az\/wp-content\/uploads\/2021\/08\/15.jpg 1340w\" sizes=\"auto, (max-width: 1024px) 100vw, 1024px\" \/><\/figure>\n\n\n\n<p>Bir daha sizi bu hadis\u0259 m\u00fcnasib\u0259til\u0259 t\u0259brik edir\u0259m. Siz\u0259 cansa\u011fl\u0131\u011f\u0131 arzulay\u0131ram. Sa\u011f olun\u201d.<\/p>\n\n\n\n<p>V\u0259t\u0259n M\u00fcharib\u0259si Q\u0259hr\u0259man\u0131, \u015f\u0259hid polkovnik-leytenant Ramiz C\u0259f\u0259rovun h\u0259yat yolda\u015f\u0131 Sitar\u0259 C\u0259f\u0259rova, V\u0259t\u0259n m\u00fcharib\u0259si \u015f\u0259hidi F\u0259rid \u015eamilovun atas\u0131 Mirz\u0259 \u015eamilov v\u0259 V\u0259t\u0259n m\u00fcharib\u0259si qazisi, ehtiyatda olan polkovnik-leytenant Ehtiram M\u0259mm\u0259dov \u00e7\u0131x\u0131\u015f ed\u0259r\u0259k g\u00f6st\u0259ril\u0259n diqq\u0259t v\u0259 qay\u011f\u0131ya g\u00f6r\u0259 d\u00f6vl\u0259timizin ba\u015f\u00e7\u0131s\u0131 \u0130lham \u018fliyev\u0259 v\u0259 Birinci vitse-prezident Mehriban \u018fliyevaya minn\u0259tdarl\u0131qlar\u0131n\u0131 bildiribl\u0259r.<\/p>\n\n\n\n<figure class=\"wp-block-image size-large\"><img loading=\"lazy\" decoding=\"async\" width=\"1024\" height=\"682\" src=\"https:\/\/fedai.az\/wp-content\/uploads\/2021\/08\/03-1024x682.jpg\" alt=\"\" class=\"wp-image-46531\" srcset=\"https:\/\/fedai.az\/wp-content\/uploads\/2021\/08\/03-1024x682.jpg 1024w, https:\/\/fedai.az\/wp-content\/uploads\/2021\/08\/03-300x200.jpg 300w, https:\/\/fedai.az\/wp-content\/uploads\/2021\/08\/03-150x100.jpg 150w, https:\/\/fedai.az\/wp-content\/uploads\/2021\/08\/03-768x512.jpg 768w, https:\/\/fedai.az\/wp-content\/uploads\/2021\/08\/03.jpg 1340w\" sizes=\"auto, (max-width: 1024px) 100vw, 1024px\" \/><\/figure>\n","protected":false},"excerpt":{"rendered":"<p>Az\u0259rbaycan Respublikas\u0131n\u0131n Prezidenti \u0130lham \u018fliyev v\u0259 Birinci vitse-prezident Mehriban \u018fliyeva avqustun 26-da Ab\u015feron rayonunda \u015f\u0259hid ail\u0259l\u0259rin\u0259, m\u00fcharib\u0259 \u0259lill\u0259rin\u0259 v\u0259 V\u0259t\u0259n m\u00fcharib\u0259si q\u0259hr\u0259manlar\u0131na m\u0259nzill\u0259rin v\u0259<\/p>\n","protected":false},"author":2,"featured_media":46534,"comment_status":"closed","ping_status":"closed","sticky":false,"template":"","format":"standard","meta":{"footnotes":""},"categories":[12],"tags":[],"class_list":["post-46519","post","type-post","status-publish","format-standard","has-post-thumbnail","hentry","category-sosial"],"aioseo_notices":[],"_links":{"self":[{"href":"https:\/\/fedai.az\/index.php?rest_route=\/wp\/v2\/posts\/46519","targetHints":{"allow":["GET"]}}],"collection":[{"href":"https:\/\/fedai.az\/index.php?rest_route=\/wp\/v2\/posts"}],"about":[{"href":"https:\/\/fedai.az\/index.php?rest_route=\/wp\/v2\/types\/post"}],"author":[{"embeddable":true,"href":"https:\/\/fedai.az\/index.php?rest_route=\/wp\/v2\/users\/2"}],"replies":[{"embeddable":true,"href":"https:\/\/fedai.az\/index.php?rest_route=%2Fwp%2Fv2%2Fcomments&post=46519"}],"version-history":[{"count":1,"href":"https:\/\/fedai.az\/index.php?rest_route=\/wp\/v2\/posts\/46519\/revisions"}],"predecessor-version":[{"id":46535,"href":"https:\/\/fedai.az\/index.php?rest_route=\/wp\/v2\/posts\/46519\/revisions\/46535"}],"wp:featuredmedia":[{"embeddable":true,"href":"https:\/\/fedai.az\/index.php?rest_route=\/wp\/v2\/media\/46534"}],"wp:attachment":[{"href":"https:\/\/fedai.az\/index.php?rest_route=%2Fwp%2Fv2%2Fmedia&parent=46519"}],"wp:term":[{"taxonomy":"category","embeddable":true,"href":"https:\/\/fedai.az\/index.php?rest_route=%2Fwp%2Fv2%2Fcategories&post=46519"},{"taxonomy":"post_tag","embeddable":true,"href":"https:\/\/fedai.az\/index.php?rest_route=%2Fwp%2Fv2%2Ftags&post=46519"}],"curies":[{"name":"wp","href":"https:\/\/api.w.org\/{rel}","templated":true}]}}