{"id":46536,"date":"2021-08-27T00:26:06","date_gmt":"2021-08-26T20:26:06","guid":{"rendered":"https:\/\/fedai.az\/?p=46536"},"modified":"2021-08-27T00:26:14","modified_gmt":"2021-08-26T20:26:14","slug":"ilham-%c9%99liyev-v%c9%99-mehriban-%c9%99liyeva-g%c9%99nclik-parkinin-acilisinda-istirak-edibl%c9%99r","status":"publish","type":"post","link":"https:\/\/fedai.az\/?p=46536","title":{"rendered":"\u0130lham \u018fliyev v\u0259 Mehriban \u018fliyeva \u201cG\u0259nclik\u201d park\u0131n\u0131n a\u00e7\u0131l\u0131\u015f\u0131nda i\u015ftirak edibl\u0259r"},"content":{"rendered":"\n<p><strong>Avqustun 26-da Az\u0259rbaycan Respublikas\u0131n\u0131n Prezidenti \u0130lham \u018fliyev v\u0259 birinci xan\u0131m Mehriban \u018fliyeva Bak\u0131n\u0131n X\u0259tai rayonu \u0259razisind\u0259 yeni yarad\u0131lan \u201cG\u0259nclik\u201d park\u0131n\u0131n a\u00e7\u0131l\u0131\u015f\u0131nda i\u015ftirak edibl\u0259r.<\/strong><\/p>\n\n\n\n<p>Prezidentin k\u00f6m\u0259k\u00e7isi Anar \u018fl\u0259kb\u0259rov burada yarad\u0131lan \u015f\u0259rait bar\u0259d\u0259 d\u00f6vl\u0259timizin ba\u015f\u00e7\u0131s\u0131na v\u0259 birinci xan\u0131ma m\u0259lumat verib.<\/p>\n\n\n\n<figure class=\"wp-block-image size-large is-resized\"><img loading=\"lazy\" decoding=\"async\" src=\"https:\/\/fedai.az\/wp-content\/uploads\/2021\/08\/1c7ed28f68c43bdbab2acde3044cdffe.jpg\" alt=\"\" class=\"wp-image-46537\" width=\"910\" height=\"605\" srcset=\"https:\/\/fedai.az\/wp-content\/uploads\/2021\/08\/1c7ed28f68c43bdbab2acde3044cdffe.jpg 800w, https:\/\/fedai.az\/wp-content\/uploads\/2021\/08\/1c7ed28f68c43bdbab2acde3044cdffe-300x200.jpg 300w, https:\/\/fedai.az\/wp-content\/uploads\/2021\/08\/1c7ed28f68c43bdbab2acde3044cdffe-150x100.jpg 150w, https:\/\/fedai.az\/wp-content\/uploads\/2021\/08\/1c7ed28f68c43bdbab2acde3044cdffe-768x511.jpg 768w\" sizes=\"auto, (max-width: 910px) 100vw, 910px\" \/><\/figure>\n\n\n\n<p>Bir zamanlar bax\u0131ms\u0131z \u0259razi olan bu yerin indi h\u0259min g\u00f6rk\u0259mind\u0259n \u0259s\u0259r \u0259lam\u0259t qalmay\u0131b. Paytaxt\u0131n X\u0259tai rayonunda yerl\u0259\u015f\u0259n \u0259razi yenid\u0259n qurularaq Az\u0259rbaycan\u0131n me\u015f\u0259 tipli f\u00fcsunkar parklar\u0131ndan birin\u0259 \u00e7evrilib.<\/p>\n\n\n\n<p>H\u0259l\u0259 2019-cu il noyabr\u0131n 11-d\u0259 \u201cG\u0259nclik\u201d park\u0131 yeni sal\u0131nark\u0259n Heyd\u0259r \u018fliyev Fondunun \u201cRegional \u0130nki\u015faf\u201d \u0130ctimai Birliyinin \u201cT\u0259bi\u0259t namin\u0259 birl\u0259\u015f, H\u0259yat namin\u0259 birl\u0259\u015f!\u201d layih\u0259si \u00e7\u0259r\u00e7iv\u0259sind\u0259 a\u011fac\u0259km\u0259 aksiyas\u0131nda i\u015ftirak ed\u0259n d\u00f6vl\u0259timizin ba\u015f\u00e7\u0131s\u0131 park\u0131n abadla\u015fd\u0131r\u0131lmas\u0131, t\u0259bii m\u0259nz\u0259r\u0259sinin qorunub saxlan\u0131lmas\u0131, burada \u0259yl\u0259nc\u0259 v\u0259 idmanla m\u0259\u015f\u011ful olmaq \u00fc\u00e7\u00fcn \u015f\u0259raitin yarad\u0131lmas\u0131 il\u0259 yana\u015f\u0131, ia\u015f\u0259 obyektl\u0259rinin qurulmas\u0131, insanlar\u0131n asud\u0259 vaxtlar\u0131n\u0131n s\u0259m\u0259r\u0259li t\u0259\u015fkili m\u0259qs\u0259dil\u0259 z\u0259ruri infrastrukturun qurulmas\u0131na dair tap\u015f\u0131r\u0131qlar vermi\u015fdi. \u00dcz\u0259rind\u0259n q\u0131sa zaman ke\u00e7m\u0259sin\u0259 baxmayaraq, tap\u015f\u0131r\u0131qlar tam \u015f\u0259kild\u0259 icra olunub v\u0259 n\u0259tic\u0259d\u0259 yeni istirah\u0259t m\u0259rk\u0259zi paytaxt\u0131n \u0259n g\u00f6z\u0259l m\u0259kanlar\u0131ndan birin\u0259 \u00e7evrilib.<\/p>\n\n\n\n<figure class=\"wp-block-image size-large is-resized\"><img loading=\"lazy\" decoding=\"async\" src=\"https:\/\/fedai.az\/wp-content\/uploads\/2021\/08\/e1261b3134303a10b1aedc5cd9dd7fef.jpg\" alt=\"\" class=\"wp-image-46538\" width=\"911\" height=\"616\" srcset=\"https:\/\/fedai.az\/wp-content\/uploads\/2021\/08\/e1261b3134303a10b1aedc5cd9dd7fef.jpg 800w, https:\/\/fedai.az\/wp-content\/uploads\/2021\/08\/e1261b3134303a10b1aedc5cd9dd7fef-300x203.jpg 300w, https:\/\/fedai.az\/wp-content\/uploads\/2021\/08\/e1261b3134303a10b1aedc5cd9dd7fef-150x101.jpg 150w, https:\/\/fedai.az\/wp-content\/uploads\/2021\/08\/e1261b3134303a10b1aedc5cd9dd7fef-768x519.jpg 768w\" sizes=\"auto, (max-width: 911px) 100vw, 911px\" \/><\/figure>\n\n\n\n<p>Parkda \u015f\u0259h\u0259r sakinl\u0259rinin v\u0259 qonaqlar\u0131n istirah\u0259ti \u00fc\u00e7\u00fcn m\u00fcxt\u0259lif infrastruktur yarad\u0131l\u0131b. Buraya \u00fcz tutanlar h\u0259m yay, h\u0259m d\u0259 q\u0131\u015f aylar\u0131nda paytaxt Bak\u0131n\u0131n, o c\u00fcml\u0259d\u0259n X\u0259z\u0259r d\u0259nizinin \u0259srar\u0259ngiz m\u0259nz\u0259r\u0259sini d\u0259 seyr ed\u0259 bil\u0259rl\u0259r.<\/p>\n\n\n\n<p>G\u0259nclik park\u0131 43 hektar \u0259razini \u0259hat\u0259 edir. Burada 300 min\u0259d\u0259k a\u011fac \u0259kilib, ya\u015f\u0131ll\u0131qlar sal\u0131n\u0131b. Bir s\u00f6zl\u0259, sakinl\u0259r v\u0259 qonaqlar parkda asud\u0259 vaxtlar\u0131n\u0131 s\u0259m\u0259r\u0259li ke\u00e7ir\u0259 bil\u0259c\u0259kl\u0259r.<\/p>\n\n\n\n<p>Yeni istirah\u0259t m\u0259kan\u0131nda h\u0259m u\u015faqlar, h\u0259m d\u0259 b\u00f6y\u00fckl\u0259r \u00fc\u00e7\u00fcn idman v\u0259 \u0259yl\u0259nc\u0259 sah\u0259l\u0259ri yarad\u0131l\u0131b, attraksion qura\u015fd\u0131r\u0131l\u0131b. H\u0259m\u00e7inin \u018fm\u0259k v\u0259 \u018fhalinin Sosial M\u00fcdafi\u0259si Nazirliyi t\u0259r\u0259find\u0259n fiziki m\u0259hdudiyy\u0259tli \u015f\u0259xsl\u0259r \u00fc\u00e7\u00fcn idman v\u0259 \u0259yl\u0259nc\u0259 sah\u0259si yarad\u0131l\u0131b.<\/p>\n\n\n\n<p>\u201cG\u0259nclik park\u0131\u201dn\u0131n t\u0259rtibat\u0131 zaman\u0131 h\u0259r bir detal x\u00fcsusi z\u00f6vql\u0259 haz\u0131rlan\u0131b. Burada t\u0259qdim olunan &#171;\u00dcr\u0259kl\u0259r&#187; kompozisiyas\u0131 paytaxt\u0131m\u0131za, t\u0259bi\u0259timiz\u0259, insanlar\u0131m\u0131za olan sevgini t\u0259r\u0259nn\u00fcm edir.<\/p>\n\n\n\n<figure class=\"wp-block-image size-large is-resized\"><img loading=\"lazy\" decoding=\"async\" src=\"https:\/\/fedai.az\/wp-content\/uploads\/2021\/08\/0ed8d768e9d33a1cbf6d17837b4ad44b.jpg\" alt=\"\" class=\"wp-image-46539\" width=\"905\" height=\"637\" srcset=\"https:\/\/fedai.az\/wp-content\/uploads\/2021\/08\/0ed8d768e9d33a1cbf6d17837b4ad44b.jpg 800w, https:\/\/fedai.az\/wp-content\/uploads\/2021\/08\/0ed8d768e9d33a1cbf6d17837b4ad44b-300x211.jpg 300w, https:\/\/fedai.az\/wp-content\/uploads\/2021\/08\/0ed8d768e9d33a1cbf6d17837b4ad44b-150x106.jpg 150w, https:\/\/fedai.az\/wp-content\/uploads\/2021\/08\/0ed8d768e9d33a1cbf6d17837b4ad44b-768x540.jpg 768w\" sizes=\"auto, (max-width: 905px) 100vw, 905px\" \/><\/figure>\n\n\n\n<p>Burada ba\u011fl\u0131 v\u0259 a\u00e7\u0131q futbol meydan\u00e7alar\u0131 in\u015fa olunub. Parkda ziyar\u0259t\u00e7il\u0259r \u00fc\u00e7\u00fcn piknik m\u0259nt\u0259q\u0259l\u0259ri d\u0259 var. Qa\u00e7\u0131\u015f \u00fc\u00e7\u00fcn c\u0131\u011f\u0131rlar, el\u0259c\u0259 d\u0259 velosiped yollar\u0131 park\u0131n idmansev\u0259rl\u0259rin d\u0259 \u0259n \u00e7ox \u00fcz tutduqlar\u0131 m\u0259kana \u00e7evril\u0259c\u0259yind\u0259n x\u0259b\u0259r verir.<\/p>\n\n\n\n<p>Park \u0259razisinin geni\u015fliyi n\u0259z\u0259r\u0259 al\u0131naraq istirah\u0259t ed\u0259n \u015f\u0259xsl\u0259rin rahatl\u0131\u011f\u0131 \u00fc\u00e7\u00fcn m\u00fcvafiq m\u0259lumatland\u0131r\u0131c\u0131 v\u0259 istiqam\u0259tl\u0259ndirici l\u00f6vh\u0259l\u0259r qura\u015fd\u0131r\u0131l\u0131b. \u018frazinin \u0259n g\u00f6rm\u0259li yerl\u0259rind\u0259n biri d\u0259 parkda yarad\u0131lan g\u00f6ld\u00fcr.<\/p>\n\n\n\n<figure class=\"wp-block-image size-large is-resized\"><img loading=\"lazy\" decoding=\"async\" src=\"https:\/\/fedai.az\/wp-content\/uploads\/2021\/08\/2d94031de5b43ef5ba99e85b3ea5cfb1.jpg\" alt=\"\" class=\"wp-image-46540\" width=\"901\" height=\"645\" srcset=\"https:\/\/fedai.az\/wp-content\/uploads\/2021\/08\/2d94031de5b43ef5ba99e85b3ea5cfb1.jpg 800w, https:\/\/fedai.az\/wp-content\/uploads\/2021\/08\/2d94031de5b43ef5ba99e85b3ea5cfb1-300x215.jpg 300w, https:\/\/fedai.az\/wp-content\/uploads\/2021\/08\/2d94031de5b43ef5ba99e85b3ea5cfb1-150x107.jpg 150w, https:\/\/fedai.az\/wp-content\/uploads\/2021\/08\/2d94031de5b43ef5ba99e85b3ea5cfb1-768x550.jpg 768w\" sizes=\"auto, (max-width: 901px) 100vw, 901px\" \/><\/figure>\n\n\n\n<p>Az\u0259rbaycanda ekoloji v\u0259ziyy\u0259tin yax\u015f\u0131la\u015fd\u0131r\u0131lmas\u0131 \u00fc\u00e7\u00fcn d\u00f6vl\u0259t s\u0259viyy\u0259sind\u0259 h\u0259yata ke\u00e7iril\u0259n layih\u0259l\u0259r\u0259 birinci xan\u0131m Mehriban \u018fliyevan\u0131n r\u0259hb\u0259rlik etdiyi Heyd\u0259r \u018fliyev Fondu da x\u00fcsusi diqq\u0259t yetirir. Fond \u00f6lk\u0259mizd\u0259 yeni ya\u015f\u0131ll\u0131qlar\u0131n sal\u0131nmas\u0131 v\u0259 m\u00f6vcud ya\u015f\u0131ll\u0131q sah\u0259l\u0259rinin qorunmas\u0131 \u00fczr\u0259 layih\u0259l\u0259r icra edir. Bu sah\u0259d\u0259 Fondun vitse-prezidenti, IDEA \u0130ctimai Birliyinin t\u0259sis\u00e7isi v\u0259 r\u0259hb\u0259ri Leyla \u018fliyevan\u0131n t\u0259\u015f\u0259bb\u00fcs\u00fc v\u0259 d\u0259st\u0259yi il\u0259 ekoloji durumun daha da yax\u015f\u0131la\u015fd\u0131r\u0131lmas\u0131, yeni ya\u015f\u0131ll\u0131qlar\u0131n sal\u0131nmas\u0131 m\u0259qs\u0259dil\u0259 icra olunan layih\u0259l\u0259rin d\u0259 m\u00fch\u00fcm rolu var.<\/p>\n\n\n\n<p>Bel\u0259likl\u0259, \u201cG\u0259nclik\u201d park\u0131 paytaxtda apar\u0131lan abadl\u0131q-quruculuq i\u015fl\u0259rin\u0259 m\u00fch\u00fcm t\u00f6hf\u0259 verm\u0259kl\u0259 \u00f6lk\u0259nin sosial-ekoloji h\u0259d\u0259fl\u0259rinin realla\u015fd\u0131r\u0131lmas\u0131n\u0131n davaml\u0131 xarakter ald\u0131\u011f\u0131n\u0131 bir daha t\u0259sdiql\u0259yir.<\/p>\n\n\n\n<figure class=\"wp-block-image size-large\"><img loading=\"lazy\" decoding=\"async\" width=\"800\" height=\"550\" src=\"https:\/\/fedai.az\/wp-content\/uploads\/2021\/08\/4a69e474344a3bc09c76f101660b12d2.jpg\" alt=\"\" class=\"wp-image-46541\" srcset=\"https:\/\/fedai.az\/wp-content\/uploads\/2021\/08\/4a69e474344a3bc09c76f101660b12d2.jpg 800w, https:\/\/fedai.az\/wp-content\/uploads\/2021\/08\/4a69e474344a3bc09c76f101660b12d2-300x206.jpg 300w, https:\/\/fedai.az\/wp-content\/uploads\/2021\/08\/4a69e474344a3bc09c76f101660b12d2-150x103.jpg 150w, https:\/\/fedai.az\/wp-content\/uploads\/2021\/08\/4a69e474344a3bc09c76f101660b12d2-768x528.jpg 768w\" sizes=\"auto, (max-width: 800px) 100vw, 800px\" \/><\/figure>\n","protected":false},"excerpt":{"rendered":"<p>Avqustun 26-da Az\u0259rbaycan Respublikas\u0131n\u0131n Prezidenti \u0130lham \u018fliyev v\u0259 birinci xan\u0131m Mehriban \u018fliyeva Bak\u0131n\u0131n X\u0259tai rayonu \u0259razisind\u0259 yeni yarad\u0131lan \u201cG\u0259nclik\u201d park\u0131n\u0131n a\u00e7\u0131l\u0131\u015f\u0131nda i\u015ftirak edibl\u0259r. Prezidentin<\/p>\n","protected":false},"author":2,"featured_media":46542,"comment_status":"closed","ping_status":"closed","sticky":false,"template":"","format":"standard","meta":{"footnotes":""},"categories":[3],"tags":[],"class_list":["post-46536","post","type-post","status-publish","format-standard","has-post-thumbnail","hentry","category-gundm"],"aioseo_notices":[],"_links":{"self":[{"href":"https:\/\/fedai.az\/index.php?rest_route=\/wp\/v2\/posts\/46536","targetHints":{"allow":["GET"]}}],"collection":[{"href":"https:\/\/fedai.az\/index.php?rest_route=\/wp\/v2\/posts"}],"about":[{"href":"https:\/\/fedai.az\/index.php?rest_route=\/wp\/v2\/types\/post"}],"author":[{"embeddable":true,"href":"https:\/\/fedai.az\/index.php?rest_route=\/wp\/v2\/users\/2"}],"replies":[{"embeddable":true,"href":"https:\/\/fedai.az\/index.php?rest_route=%2Fwp%2Fv2%2Fcomments&post=46536"}],"version-history":[{"count":1,"href":"https:\/\/fedai.az\/index.php?rest_route=\/wp\/v2\/posts\/46536\/revisions"}],"predecessor-version":[{"id":46543,"href":"https:\/\/fedai.az\/index.php?rest_route=\/wp\/v2\/posts\/46536\/revisions\/46543"}],"wp:featuredmedia":[{"embeddable":true,"href":"https:\/\/fedai.az\/index.php?rest_route=\/wp\/v2\/media\/46542"}],"wp:attachment":[{"href":"https:\/\/fedai.az\/index.php?rest_route=%2Fwp%2Fv2%2Fmedia&parent=46536"}],"wp:term":[{"taxonomy":"category","embeddable":true,"href":"https:\/\/fedai.az\/index.php?rest_route=%2Fwp%2Fv2%2Fcategories&post=46536"},{"taxonomy":"post_tag","embeddable":true,"href":"https:\/\/fedai.az\/index.php?rest_route=%2Fwp%2Fv2%2Ftags&post=46536"}],"curies":[{"name":"wp","href":"https:\/\/api.w.org\/{rel}","templated":true}]}}