{"id":46544,"date":"2021-08-27T00:28:44","date_gmt":"2021-08-26T20:28:44","guid":{"rendered":"https:\/\/fedai.az\/?p=46544"},"modified":"2021-08-27T00:28:47","modified_gmt":"2021-08-26T20:28:47","slug":"ilham-%c9%99liyev-v%c9%99t%c9%99n-muharib%c9%99sind%c9%99-m%c9%99hv-edilmis-isgalcilarin-sayini-aciqladi","status":"publish","type":"post","link":"https:\/\/fedai.az\/?p=46544","title":{"rendered":"\u0130lham \u018fliyev V\u0259t\u0259n m\u00fcharib\u0259sind\u0259 m\u0259hv edilmi\u015f i\u015f\u011fal\u00e7\u0131lar\u0131n say\u0131n\u0131 a\u00e7\u0131qlad\u0131"},"content":{"rendered":"\n<p><strong>&#171;\u015e\u0259hidl\u0259rin say\u0131 daha \u00e7ox ola bil\u0259rdi, \u0259g\u0259r biz \u0259m\u0259liyyatlar\u0131 planla\u015fd\u0131randa bu amili n\u0259z\u0259r\u0259 almasayd\u0131q. Ona g\u00f6r\u0259 Erm\u0259nistan ordusu il\u0259 m\u00fcqayis\u0259d\u0259 bizd\u0259 itkil\u0259r kifay\u0259t q\u0259d\u0259r azd\u0131r. D\u00fczd\u00fcr, Erm\u0259nistan \u00f6z itkil\u0259rini gizl\u0259dir. Ancaq bizd\u0259 olan d\u0259qiq m\u0259lumata g\u00f6r\u0259, \u0259n az\u0131 7-8 min itki verib&#187;.<\/strong><\/p>\n\n\n\n<p>Bu bar\u0259d\u0259 Az\u0259rbaycan prezident \u0130lham \u018fliyev \u015f\u0259hid ail\u0259l\u0259ri v\u0259 Qaraba\u011f qazil\u0259ri il\u0259 g\u00f6r\u00fc\u015f\u00fcnd\u0259 bildirib. D\u00f6vl\u0259t ba\u015f\u00e7\u0131s\u0131n\u0131n s\u00f6zl\u0259rin\u0259 g\u00f6r\u0259, t\u0259kc\u0259 azad edilmi\u015f torpaqlarda bu g\u00fcn\u0259d\u0259k davam ed\u0259n axtar\u0131\u015f \u0259m\u0259liyyatlar\u0131 n\u0259tic\u0259sind\u0259 1600-d\u0259n \u00e7ox erm\u0259ni i\u015f\u011fal\u00e7\u0131n\u0131n c\u0259s\u0259di tap\u0131l\u0131b.\u00a0<\/p>\n\n\n\n<p>\u201cBurada da Az\u0259rbaycan humanistlik g\u00f6st\u0259rir. Birinci Qaraba\u011f m\u00fcharib\u0259sind\u0259n sonra bizim t\u0259xmin\u0259n 4 min\u0259 yax\u0131n itkin d\u00fc\u015fm\u00fc\u015f insan\u0131m\u0131z olmu\u015fdur. Erm\u0259nil\u0259r onlar\u0131n n\u0259\u015fini biz\u0259 qaytarmad\u0131lar. Ancaq biz yen\u0259 d\u0259 humanizmin \u0259n \u00fclvi \u0259lam\u0259tl\u0259rini, prinsipl\u0259rini r\u0259hb\u0259r tutaraq bu i\u015fi d\u0259 g\u00f6r\u00fcr\u00fck. Biz b\u00fct\u00fcn \u0259m\u0259liyyatlar\u0131 planla\u015fd\u0131randa \u0259m\u0259liyyatlar\u0131n gedi\u015fat\u0131n\u0131 izl\u0259yirdik, canl\u0131 rejimd\u0259 izl\u0259yirdik. Biz bilirik ki, d\u00fc\u015fm\u0259n \u0259n az\u0131 7-8 min itki verib. Az\u0259rbaycan is\u0259 3 min\u0259d\u0259k \u015f\u0259hid verib\u201d, &#8212; dey\u0259 \u00f6lk\u0259 ba\u015f\u00e7\u0131s\u0131 vur\u011fulay\u0131b.<\/p>\n","protected":false},"excerpt":{"rendered":"<p>&#171;\u015e\u0259hidl\u0259rin say\u0131 daha \u00e7ox ola bil\u0259rdi, \u0259g\u0259r biz \u0259m\u0259liyyatlar\u0131 planla\u015fd\u0131randa bu amili n\u0259z\u0259r\u0259 almasayd\u0131q. Ona g\u00f6r\u0259 Erm\u0259nistan ordusu il\u0259 m\u00fcqayis\u0259d\u0259 bizd\u0259 itkil\u0259r kifay\u0259t q\u0259d\u0259r<\/p>\n","protected":false},"author":2,"featured_media":46545,"comment_status":"closed","ping_status":"closed","sticky":false,"template":"","format":"standard","meta":{"footnotes":""},"categories":[4],"tags":[],"class_list":["post-46544","post","type-post","status-publish","format-standard","has-post-thumbnail","hentry","category-qarabag"],"aioseo_notices":[],"_links":{"self":[{"href":"https:\/\/fedai.az\/index.php?rest_route=\/wp\/v2\/posts\/46544","targetHints":{"allow":["GET"]}}],"collection":[{"href":"https:\/\/fedai.az\/index.php?rest_route=\/wp\/v2\/posts"}],"about":[{"href":"https:\/\/fedai.az\/index.php?rest_route=\/wp\/v2\/types\/post"}],"author":[{"embeddable":true,"href":"https:\/\/fedai.az\/index.php?rest_route=\/wp\/v2\/users\/2"}],"replies":[{"embeddable":true,"href":"https:\/\/fedai.az\/index.php?rest_route=%2Fwp%2Fv2%2Fcomments&post=46544"}],"version-history":[{"count":1,"href":"https:\/\/fedai.az\/index.php?rest_route=\/wp\/v2\/posts\/46544\/revisions"}],"predecessor-version":[{"id":46546,"href":"https:\/\/fedai.az\/index.php?rest_route=\/wp\/v2\/posts\/46544\/revisions\/46546"}],"wp:featuredmedia":[{"embeddable":true,"href":"https:\/\/fedai.az\/index.php?rest_route=\/wp\/v2\/media\/46545"}],"wp:attachment":[{"href":"https:\/\/fedai.az\/index.php?rest_route=%2Fwp%2Fv2%2Fmedia&parent=46544"}],"wp:term":[{"taxonomy":"category","embeddable":true,"href":"https:\/\/fedai.az\/index.php?rest_route=%2Fwp%2Fv2%2Fcategories&post=46544"},{"taxonomy":"post_tag","embeddable":true,"href":"https:\/\/fedai.az\/index.php?rest_route=%2Fwp%2Fv2%2Ftags&post=46544"}],"curies":[{"name":"wp","href":"https:\/\/api.w.org\/{rel}","templated":true}]}}