{"id":46579,"date":"2021-08-27T02:31:00","date_gmt":"2021-08-26T22:31:00","guid":{"rendered":"https:\/\/fedai.az\/?p=46579"},"modified":"2021-08-27T02:35:38","modified_gmt":"2021-08-26T22:35:38","slug":"s%c9%99rh%c9%99dd%c9%99-n%c9%99-bas-verir","status":"publish","type":"post","link":"https:\/\/fedai.az\/?p=46579","title":{"rendered":"S\u0259rh\u0259dd\u0259 n\u0259 ba\u015f verir?"},"content":{"rendered":"\n<p><strong>Az\u0259rbaycan-Erm\u0259nistan d\u00f6vl\u0259t s\u0259rh\u0259dind\u0259 s\u0259rh\u0259d m\u00fcdafi\u0259 v\u0259 m\u00fchafiz\u0259si f\u0259aliyy\u0259tl\u0259ri \u00fczr\u0259 z\u0259ruri t\u0259dbirl\u0259rin ke\u00e7irilm\u0259si davam etdirilir.<\/strong><\/p>\n\n\n\n<p>Bu bar\u0259d\u0259 APA-n\u0131n sor\u011fusuna cavab olaraq D\u00f6vl\u0259t S\u0259rh\u0259d Xidm\u0259tind\u0259n (DSX) bildirilib. Qeyd olunub ki, v\u0259ziyy\u0259t stabildir, \u0259m\u0259liyyat \u015f\u0259raiti b\u00f6lm\u0259l\u0259rimizin n\u0259zar\u0259ti alt\u0131ndad\u0131r.<\/p>\n\n\n\n<figure class=\"wp-block-gallery columns-2 is-cropped wp-block-gallery-1 is-layout-flex wp-block-gallery-is-layout-flex\"><ul class=\"blocks-gallery-grid\"><li class=\"blocks-gallery-item\"><figure><img loading=\"lazy\" decoding=\"async\" width=\"727\" height=\"483\" src=\"https:\/\/fedai.az\/wp-content\/uploads\/2021\/08\/photo_87392470.jpeg\" alt=\"\" data-id=\"46580\" data-link=\"https:\/\/fedai.az\/?attachment_id=46580\" class=\"wp-image-46580\" srcset=\"https:\/\/fedai.az\/wp-content\/uploads\/2021\/08\/photo_87392470.jpeg 727w, https:\/\/fedai.az\/wp-content\/uploads\/2021\/08\/photo_87392470-300x199.jpeg 300w, https:\/\/fedai.az\/wp-content\/uploads\/2021\/08\/photo_87392470-150x100.jpeg 150w\" sizes=\"auto, (max-width: 727px) 100vw, 727px\" \/><\/figure><\/li><li class=\"blocks-gallery-item\"><figure><img loading=\"lazy\" decoding=\"async\" width=\"1024\" height=\"722\" src=\"https:\/\/fedai.az\/wp-content\/uploads\/2021\/08\/2021-08-27-00-06-5645L38ooPxXUR2AXcLhvV_file-1024x722.jpg\" alt=\"\" data-id=\"46581\" data-full-url=\"https:\/\/fedai.az\/wp-content\/uploads\/2021\/08\/2021-08-27-00-06-5645L38ooPxXUR2AXcLhvV_file.jpg\" data-link=\"https:\/\/fedai.az\/?attachment_id=46581\" class=\"wp-image-46581\" srcset=\"https:\/\/fedai.az\/wp-content\/uploads\/2021\/08\/2021-08-27-00-06-5645L38ooPxXUR2AXcLhvV_file-1024x722.jpg 1024w, https:\/\/fedai.az\/wp-content\/uploads\/2021\/08\/2021-08-27-00-06-5645L38ooPxXUR2AXcLhvV_file-300x212.jpg 300w, https:\/\/fedai.az\/wp-content\/uploads\/2021\/08\/2021-08-27-00-06-5645L38ooPxXUR2AXcLhvV_file-150x106.jpg 150w, https:\/\/fedai.az\/wp-content\/uploads\/2021\/08\/2021-08-27-00-06-5645L38ooPxXUR2AXcLhvV_file-768x542.jpg 768w, https:\/\/fedai.az\/wp-content\/uploads\/2021\/08\/2021-08-27-00-06-5645L38ooPxXUR2AXcLhvV_file.jpg 1280w\" sizes=\"auto, (max-width: 1024px) 100vw, 1024px\" \/><\/figure><\/li><\/ul><\/figure>\n\n\n\n<p>Erm\u0259ni medias\u0131 is\u0259 Nikol Pa\u015finyandan sitat g\u0259tir\u0259r\u0259k, bu yolun 21 kilometrinin Az\u0259rbaycan \u0259razisind\u0259n ke\u00e7diyini t\u0259sdiql\u0259yib. 44 g\u00fcnl\u00fck sava\u015fdak\u0131 tarixi z\u0259f\u0259rd\u0259n sonra art\u0131q Ordumuz bu \u0259raziy\u0259 d\u0259 n\u0259zar\u0259ti \u0259l\u0259 al\u0131b.<\/p>\n\n\n\n<p><br>\u00d6t\u0259n g\u00fcn Ordumuz \u015e\u0131rn\u0131x (\u015eurnux)-D\u0259rb\u0259nd k\u0259ndi (Karmrakar) yolunu ba\u011flay\u0131b, bu g\u00fcn is\u0259 Gorus-Urud (Vorotan) yolu qapad\u0131l\u0131b.<\/p>\n\n\n\n<p>Xat\u0131rladaq ki, Pa\u015finyan bu bar\u0259d\u0259 \u00f6lk\u0259 parlamentind\u0259 bildirib. O qeyd edib ki, avqustun 25-i ax\u015famdan Az\u0259rbaycan h\u0259rb\u00e7il\u0259ri yolun SSR\u0130 x\u0259rit\u0259l\u0259rin\u0259 \u0259sas\u0259n Sovet Erm\u0259nistan\u0131n\u0131n \u0259razisi olmayan \u0259razid\u0259n ke\u00e7\u0259n 21 km-lik hiss\u0259sini h\u0259r\u0259k\u0259t \u00fc\u00e7\u00fcn ba\u011flay\u0131blar.&nbsp;<\/p>\n\n\n\n<figure class=\"wp-block-image size-large is-resized\"><img loading=\"lazy\" decoding=\"async\" src=\"https:\/\/fedai.az\/wp-content\/uploads\/2021\/08\/1416224.jpg\" alt=\"\" class=\"wp-image-46582\" width=\"901\" height=\"473\" srcset=\"https:\/\/fedai.az\/wp-content\/uploads\/2021\/08\/1416224.jpg 734w, https:\/\/fedai.az\/wp-content\/uploads\/2021\/08\/1416224-300x157.jpg 300w, https:\/\/fedai.az\/wp-content\/uploads\/2021\/08\/1416224-150x79.jpg 150w\" sizes=\"auto, (max-width: 901px) 100vw, 901px\" \/><\/figure>\n\n\n\n<p>&#171;Onlar bunu Az\u0259rbaycan s\u0259rh\u0259d\u00e7isinin erm\u0259nil\u0259r t\u0259r\u0259find\u0259n yaralanmas\u0131 il\u0259 \u0259sasland\u0131r\u0131rlar. Biz r\u0259smi olaraq b\u0259yan edirik ki, bu m\u0259lumat h\u0259qiq\u0259t\u0259 uy\u011fun deyil v\u0259 Az\u0259rbaycan t\u0259r\u0259fini faktlar\u0131 t\u0259hqiqat aparmaq \u00fc\u00e7\u00fcn biz\u0259 t\u0259qdim etm\u0259y\u0259 \u00e7a\u011f\u0131r\u0131ram\u201d, &#8212; dey\u0259 N.Pa\u015finyan deyib.<\/p>\n\n\n\n<p>Pa\u015finyan h\u0259m\u00e7inin bildirib ki, Erm\u0259nistan m\u0259s\u0259l\u0259ni k\u00f6k\u00fcnd\u0259n h\u0259ll etm\u0259k niyy\u0259tind\u0259dir. Bel\u0259 ki, onun s\u00f6zl\u0259rin\u0259 g\u00f6r\u0259, Qafan-A\u011fvani yolunun modernl\u0259\u015fdirilm\u0259si i\u015fl\u0259ri s\u00fcr\u0259tl\u0259 icra olunur: \u201cS\u00fcnik vilay\u0259ti Erm\u0259nistandan ayr\u0131lmay\u0131b. Biz bel\u0259 v\u0259ziyy\u0259ti \u0259vv\u0259lc\u0259d\u0259n g\u00f6r\u00fcrd\u00fck v\u0259 ona g\u00f6r\u0259 d\u0259 yol i\u015fl\u0259rini s\u00fcr\u0259tl\u0259 h\u0259yata ke\u00e7irm\u0259y\u0259 q\u0259rar vermi\u015fik\u201d.<\/p>\n\n\n\n<p>\u0130randan Erm\u0259nistana v\u0259 qanunsuz olaraq Qaraba\u011fa yola d\u00fc\u015f\u0259n yard\u0131m ma\u015f\u0131nlar\u0131 iki \u00f6lk\u0259nin s\u0259rh\u0259dind\u0259 dayand\u0131r\u0131l\u0131b. Erm\u0259nil\u0259rin t\u00f6r\u0259tdiyi t\u0259xribatlardan sonra dan\u0131\u015f\u0131qlara can at\u0131r. Lakin ilkin cavabs\u0131z qalan bu t\u0259klif, Rusiyan\u0131n y\u00fcks\u0259k r\u00fctb\u0259li n\u00fcmay\u0259nd\u0259sinin d\u0259 i\u015ftirak etdiyi dan\u0131\u015f\u0131qlardan sonra da n\u0259tic\u0259siz qal\u0131b.<\/p>\n\n\n\n<p><strong>\u018fli N\u0259sib Z\u0259rdabi<\/strong><\/p>\n\n\n\n<p><strong>P.S. Olayla ba\u011fl\u0131 BBC Az\u0259rbaycanca <strong>x\u0259b\u0259r yay\u0131b<\/strong><\/strong>.<strong> <\/strong><\/p>\n\n\n\n<figure class=\"wp-block-embed is-type-video is-provider-youtube wp-block-embed-youtube wp-embed-aspect-16-9 wp-has-aspect-ratio\"><div class=\"wp-block-embed__wrapper\">\n<iframe loading=\"lazy\" title=\"Az\u0259rbaycan Erm\u0259nistanla s\u0259rh\u0259dd\u0259 &#039;&#039;Qafan-Gorus avtomobil yolunu ba\u011flay\u0131b&#039;&#039;\" width=\"715\" height=\"402\" src=\"https:\/\/www.youtube.com\/embed\/AF3EvP4tt7A?start=7&#038;feature=oembed\" frameborder=\"0\" allow=\"accelerometer; autoplay; clipboard-write; encrypted-media; gyroscope; picture-in-picture\" allowfullscreen><\/iframe>\n<\/div><\/figure>\n","protected":false},"excerpt":{"rendered":"<p>Az\u0259rbaycan-Erm\u0259nistan d\u00f6vl\u0259t s\u0259rh\u0259dind\u0259 s\u0259rh\u0259d m\u00fcdafi\u0259 v\u0259 m\u00fchafiz\u0259si f\u0259aliyy\u0259tl\u0259ri \u00fczr\u0259 z\u0259ruri t\u0259dbirl\u0259rin ke\u00e7irilm\u0259si davam etdirilir. Bu bar\u0259d\u0259 APA-n\u0131n sor\u011fusuna cavab olaraq D\u00f6vl\u0259t S\u0259rh\u0259d Xidm\u0259tind\u0259n (DSX)<\/p>\n","protected":false},"author":2,"featured_media":46514,"comment_status":"closed","ping_status":"closed","sticky":false,"template":"","format":"standard","meta":{"footnotes":""},"categories":[4],"tags":[],"class_list":["post-46579","post","type-post","status-publish","format-standard","has-post-thumbnail","hentry","category-qarabag"],"aioseo_notices":[],"_links":{"self":[{"href":"https:\/\/fedai.az\/index.php?rest_route=\/wp\/v2\/posts\/46579","targetHints":{"allow":["GET"]}}],"collection":[{"href":"https:\/\/fedai.az\/index.php?rest_route=\/wp\/v2\/posts"}],"about":[{"href":"https:\/\/fedai.az\/index.php?rest_route=\/wp\/v2\/types\/post"}],"author":[{"embeddable":true,"href":"https:\/\/fedai.az\/index.php?rest_route=\/wp\/v2\/users\/2"}],"replies":[{"embeddable":true,"href":"https:\/\/fedai.az\/index.php?rest_route=%2Fwp%2Fv2%2Fcomments&post=46579"}],"version-history":[{"count":2,"href":"https:\/\/fedai.az\/index.php?rest_route=\/wp\/v2\/posts\/46579\/revisions"}],"predecessor-version":[{"id":46585,"href":"https:\/\/fedai.az\/index.php?rest_route=\/wp\/v2\/posts\/46579\/revisions\/46585"}],"wp:featuredmedia":[{"embeddable":true,"href":"https:\/\/fedai.az\/index.php?rest_route=\/wp\/v2\/media\/46514"}],"wp:attachment":[{"href":"https:\/\/fedai.az\/index.php?rest_route=%2Fwp%2Fv2%2Fmedia&parent=46579"}],"wp:term":[{"taxonomy":"category","embeddable":true,"href":"https:\/\/fedai.az\/index.php?rest_route=%2Fwp%2Fv2%2Fcategories&post=46579"},{"taxonomy":"post_tag","embeddable":true,"href":"https:\/\/fedai.az\/index.php?rest_route=%2Fwp%2Fv2%2Ftags&post=46579"}],"curies":[{"name":"wp","href":"https:\/\/api.w.org\/{rel}","templated":true}]}}