{"id":46590,"date":"2021-08-27T02:52:23","date_gmt":"2021-08-26T22:52:23","guid":{"rendered":"https:\/\/fedai.az\/?p=46590"},"modified":"2021-08-27T02:52:27","modified_gmt":"2021-08-26T22:52:27","slug":"osmanliya-rusv%c9%99ti-g%c9%99tir%c9%99n-donm%c9%99-devsirm%c9%99-damat-rust%c9%99m-pasa","status":"publish","type":"post","link":"https:\/\/fedai.az\/?p=46590","title":{"rendered":"Osmanl\u0131ya r\u00fc\u015fv\u0259ti g\u0259tir\u0259n d\u00f6nm\u0259 (dev\u015firm\u0259) Damat R\u00fcst\u0259m Pa\u015fa"},"content":{"rendered":"\n<p><strong>Damat R\u00fcst\u0259m Pa\u015fa kimdir?<\/strong><\/p>\n\n\n\n<p><br>Qanun-i Sultan S\u00fcleyman d\u00f6vr\u00fcnd\u0259 ba\u015f v\u0259zir v\u0259zif\u0259sind\u0259 \u00e7al\u0131\u015fm\u0131\u015f Osmanl\u0131 d\u00f6vl\u0259t adam\u0131d\u0131r.<\/p>\n\n\n\n<p><br>R\u00fcst\u0259m Pa\u015fa 1500 -c\u00fc ild\u0259 bu g\u00fcnk\u00fc Xorvatiyada anadan olub, Osmanl\u0131 \u00f6lk\u0259sin\u0259 g\u0259tirildikd\u0259n v\u0259 d\u00f6vl\u0259t xidm\u0259tind\u0259 i\u015ftirak etdikd\u0259n sonra d\u00f6vl\u0259t v\u0259zif\u0259sin\u0259 g\u00f6t\u00fcr\u00fcl\u00fcb.<\/p>\n\n\n\n<p><strong>X\u00dcRR\u018fM SULTANIN V\u018fZ\u0130R\u0130<\/strong><\/p>\n\n\n\n<figure class=\"wp-block-gallery columns-2 is-cropped wp-block-gallery-1 is-layout-flex wp-block-gallery-is-layout-flex\"><ul class=\"blocks-gallery-grid\"><li class=\"blocks-gallery-item\"><figure><img loading=\"lazy\" decoding=\"async\" width=\"267\" height=\"189\" src=\"https:\/\/fedai.az\/wp-content\/uploads\/2021\/08\/\u0411\u0435\u0437-\u043d\u0430\u0437\u0432\u0430\u043d\u0438\u044f-8-4.jpg\" alt=\"\" data-id=\"46592\" data-link=\"https:\/\/fedai.az\/?attachment_id=46592\" class=\"wp-image-46592\" srcset=\"https:\/\/fedai.az\/wp-content\/uploads\/2021\/08\/\u0411\u0435\u0437-\u043d\u0430\u0437\u0432\u0430\u043d\u0438\u044f-8-4.jpg 267w, https:\/\/fedai.az\/wp-content\/uploads\/2021\/08\/\u0411\u0435\u0437-\u043d\u0430\u0437\u0432\u0430\u043d\u0438\u044f-8-4-150x106.jpg 150w\" sizes=\"auto, (max-width: 267px) 100vw, 267px\" \/><\/figure><\/li><li class=\"blocks-gallery-item\"><figure><img loading=\"lazy\" decoding=\"async\" width=\"706\" height=\"431\" src=\"https:\/\/fedai.az\/wp-content\/uploads\/2021\/08\/rustem_pasa_yi_iftiradan_bit_kurtarmisti_h142563_eba37.jpg\" alt=\"\" data-id=\"46593\" data-full-url=\"https:\/\/fedai.az\/wp-content\/uploads\/2021\/08\/rustem_pasa_yi_iftiradan_bit_kurtarmisti_h142563_eba37.jpg\" data-link=\"https:\/\/fedai.az\/?attachment_id=46593\" class=\"wp-image-46593\" srcset=\"https:\/\/fedai.az\/wp-content\/uploads\/2021\/08\/rustem_pasa_yi_iftiradan_bit_kurtarmisti_h142563_eba37.jpg 706w, https:\/\/fedai.az\/wp-content\/uploads\/2021\/08\/rustem_pasa_yi_iftiradan_bit_kurtarmisti_h142563_eba37-300x183.jpg 300w, https:\/\/fedai.az\/wp-content\/uploads\/2021\/08\/rustem_pasa_yi_iftiradan_bit_kurtarmisti_h142563_eba37-150x92.jpg 150w\" sizes=\"auto, (max-width: 706px) 100vw, 706px\" \/><\/figure><\/li><\/ul><\/figure>\n\n\n\n<p><br>\u0130lk olaraq Diyarbak\u0131r valisi olub. III V\u0259zir v\u0259zif\u0259sind\u0259 olark\u0259n \u015eehzad\u0259 Cihangir v\u0259 Bayezidin s\u00fcnn\u0259t toylar\u0131nda Mihrimah Sultan il\u0259 evl\u0259nib. Damat R\u00fcst\u0259m Pa\u015fa q\u0131sa m\u00fcdd\u0259td\u0259 X\u00fcrr\u0259m Sultan\u0131n \u0259n etibarl\u0131 adam\u0131na \u00e7evrilir. H\u0259tta dey\u0259 bil\u0259rik ki, bu yolla ba\u015f v\u0259zir r\u00fctb\u0259sin\u0259 y\u00fcks\u0259lib. \u00c7\u00fcnki V\u0259zir Had\u0131m S\u00fcleyman Pa\u015fan\u0131n v\u0259zir v\u0259zif\u0259sind\u0259n azad edilm\u0259sinin ard\u0131ndan II. V\u0259zir Divane H\u00fcsrev Pa\u015fan\u0131n g\u0259tiril\u0259c\u0259yi g\u00f6zl\u0259nilirdi. Ancaq R\u00fcst\u0259m Pa\u015fa, X\u00fcrr\u0259m Sultan\u0131n t\u0259\u015fviqi v\u0259 \u0259mri il\u0259 bu ikisi Sultan III S\u00fcleymana qar\u015f\u0131 \u00e7\u0131xd\u0131. Bu yol v\u0259zir olan R\u00fcst\u0259m Pa\u015fan\u0131 ba\u015f v\u0259zir (s\u0259dr\u0259z\u0259m) v\u0259zif\u0259sin\u0259 y\u00fcks\u0259ltdi.<\/p>\n\n\n\n<p><strong>S\u018fHZAD\u018f MUSTAFANIN \u00d6L\u00dcM\u00dc<\/strong><\/p>\n\n\n\n<p><br>R\u00fcst\u0259m Pa\u015fa 1544 -c\u00fc il\u0259 t\u0259yin olundu\u011fu s\u0259dr\u0259z\u0259m v\u0259zif\u0259sini 1553 &#8212; c\u00fc il\u0259 q\u0259d\u0259r davam etdirdi. V\u0259zir v\u0259zif\u0259sind\u0259n uzaqla\u015fd\u0131r\u0131lmas\u0131n\u0131n s\u0259b\u0259bi, R\u00fcst\u0259m Pa\u015fan\u0131n X\u00fcrr\u0259m Sultan\u0131n intriqa orta\u011f\u0131 olmas\u0131d\u0131r. N\u0259hay\u0259td\u0259, bu intriqa \u015eahzad\u0259 Mustafan\u0131n \u00f6l\u00fcm\u00fcn\u0259 s\u0259b\u0259b olur. \u00c7\u00fcnki H\u00fcrrem Sultan\u0131n r\u0259hb\u0259rliyi alt\u0131nda R\u00fcst\u0259m Pa\u015fa \u015eehzad\u0259 Mustafan\u0131n m\u00f6h\u00fcr\u00fcn\u00fc t\u0259qlid ed\u0259r\u0259k a\u011fz\u0131ndan \u0130ran \u015fah\u0131 T\u0259hmasb v\u0259 \u00f6z\u00fcn\u0259 x\u0259yan\u0259t etdiyin\u0259 v\u0259 taxtda g\u00f6z\u00fc oldu\u011funa dair b\u00f6htana inanan Sultan S\u00fcleymana m\u0259ktublar yazd\u0131. , o\u011flunu \u00f6ld\u00fcrd\u00fc. Lakin Sultan S\u00fcleyman 1553 -c\u00fc ild\u0259 R\u00fcstem Pa\u015fan\u0131 v\u0259zif\u0259d\u0259n azad etdi, \u00e7\u00fcnki yeni\u00e7\u0259ril\u0259r \u015eahzad\u0259 Mustafan\u0131 \u00e7ox sevirdil\u0259r v\u0259 \u00fcsyana s\u0259b\u0259b ola bil\u0259c\u0259yind\u0259n narahat olub onu Qara \u018fhm\u0259d Pa\u015fa il\u0259 \u0259v\u0259z etdil\u0259r. X\u00fcrr\u0259m Sultan v\u0259 Mihrimah Sultan bu v\u0259ziyy\u0259ti q\u0259bul etm\u0259dikd\u0259n sonra R\u00fcst\u0259m Pa\u015fan\u0131 yenid\u0259n ba\u015f v\u0259zir etm\u0259k s\u0259yl\u0259ri n\u0259tic\u0259sind\u0259 R\u00fcst\u0259m Pa\u015fa yenid\u0259n s\u0259dr\u0259z\u0259m olur. 1561 -ci il\u0259 q\u0259d\u0259r bu v\u0259zif\u0259d\u0259 qald\u0131.<\/p>\n\n\n\n<p><br><strong>EBVAB-I R\u00dc\u015eV\u018fT FATEH\u0130<\/strong><\/p>\n\n\n\n<p><br>Tarix\u00e7il\u0259r R\u00fcst\u0259m Pa\u015fan\u0131 Osmanl\u0131 \u0130mperatorlu\u011funa r\u00fc\u015fv\u0259ti g\u0259tir\u0259n \u015f\u0259xs adland\u0131r\u0131rlar. H\u0259tta r\u00fc\u015fv\u0259t alma i\u015fini o q\u0259d\u0259r \u015fi\u015firdib ki, bunu a\u00e7\u0131q \u015f\u0259kild\u0259 etm\u0259kd\u0259n v\u0259 m\u00fc\u0259yy\u0259n bir tarif\u0259 ba\u011flamaqdan da \u00e7\u0259kinm\u0259yib. Bu s\u0259b\u0259bd\u0259n Osmanl\u0131 m\u0259nb\u0259l\u0259rind\u0259 R\u00fcst\u0259m Pa\u015fan\u0131n ba\u015fqa bir ad\u0131 &#171;Ebvab-\u0131 R\u00fc\u015fvet Fatehi&#187;, y\u0259ni &#171;r\u00fc\u015fv\u0259t qap\u0131s\u0131n\u0131 f\u0259th ed\u0259n&#187; \u015f\u0259xsdir.<\/p>\n\n\n\n<p><strong>KEHLE-\u0130 \u0130KBAL<\/strong><\/p>\n\n\n\n<p><br>R\u00fcst\u0259m Pa\u015fa \u00fc\u00e7\u00fcn istifad\u0259 edil\u0259n ba\u015fqa bir sif\u0259t Kehle-i \u0130kbald\u0131r. Ba\u015fqa s\u00f6zl\u0259, &#171;bitiyl\u0259 b\u0259xti a\u00e7\u0131lan insan&#187;! Bunun hekay\u0259si bel\u0259dir: <\/p>\n\n\n\n<p><strong>R\u00fcst\u0259m Pa\u015fan\u0131n Mihrimah Sultanla evl\u0259n\u0259c\u0259yini e\u015fid\u0259n R\u00fcst\u0259m Pa\u015fan\u0131n \u0259leyhdarlar\u0131 onun c\u00fczam x\u0259st\u0259liyi il\u0259 ba\u011fl\u0131 \u015fayi\u0259l\u0259r yay\u0131rlar. Sultan S\u00fcleyman bunu e\u015fidir v\u0259 h\u0259qiqiliyinin ara\u015fd\u0131r\u0131lmas\u0131n\u0131 ist\u0259yir. \u0130mtahan zaman\u0131 R\u00fcst\u0259m Pa\u015fan\u0131n bitl\u0259ri oldu\u011fu anla\u015f\u0131l\u0131r v\u0259 sultana \u015fayi\u0259l\u0259rin \u0259sass\u0131z oldu\u011fu s\u00f6yl\u0259nilir. \u00c7\u00fcnki bitl\u0259r c\u00fczaml\u0131 bir insan\u0131n \u00fcz\u0259rind\u0259 ya\u015faya bilm\u0259zl\u0259r.<\/strong><\/p>\n\n\n\n<p><br><strong>\u0130K\u0130NC\u0130 \u018fN Z\u018fNG\u0130N ADAM<\/strong><\/p>\n\n\n\n<p><br>Osmanl\u0131 d\u00f6vl\u0259t idar\u0259\u00e7iliyinin pisl\u0259\u015fm\u0259sinin \u0259n b\u00f6y\u00fck s\u0259b\u0259bl\u0259rind\u0259n biri r\u00fc\u015fv\u0259tdir. Osmanl\u0131 \u0130mperatorlu\u011funa r\u00fc\u015fv\u0259t g\u0259tir\u0259n v\u0259 onu yayan R\u00fcst\u0259m Pa\u015fan\u0131n s\u0259rv\u0259ti bar\u0259d\u0259 \u0259fsan\u0259l\u0259r dn\u0131\u015f\u0131l\u0131r v\u0259 onun sultandan sonra \u0259n varl\u0131 adam oldu\u011fu s\u00f6yl\u0259nilirdi.<\/p>\n\n\n\n<p><strong>P.S. N\u0259 yax\u015f\u0131 ki, bizd\u0259 bel\u0259 \u015feyl\u0259r, h\u0259m r\u00fc\u015fv\u0259t, h\u0259tta he\u00e7 d\u00f6nm\u0259l\u0259r d\u0259 yoxdu&#8230;<\/strong><\/p>\n","protected":false},"excerpt":{"rendered":"<p>Damat R\u00fcst\u0259m Pa\u015fa kimdir? Qanun-i Sultan S\u00fcleyman d\u00f6vr\u00fcnd\u0259 ba\u015f v\u0259zir v\u0259zif\u0259sind\u0259 \u00e7al\u0131\u015fm\u0131\u015f Osmanl\u0131 d\u00f6vl\u0259t adam\u0131d\u0131r. R\u00fcst\u0259m Pa\u015fa 1500 -c\u00fc ild\u0259 bu g\u00fcnk\u00fc Xorvatiyada anadan<\/p>\n","protected":false},"author":2,"featured_media":46594,"comment_status":"closed","ping_status":"closed","sticky":false,"template":"","format":"standard","meta":{"footnotes":""},"categories":[7],"tags":[],"class_list":["post-46590","post","type-post","status-publish","format-standard","has-post-thumbnail","hentry","category-tarix"],"aioseo_notices":[],"_links":{"self":[{"href":"https:\/\/fedai.az\/index.php?rest_route=\/wp\/v2\/posts\/46590","targetHints":{"allow":["GET"]}}],"collection":[{"href":"https:\/\/fedai.az\/index.php?rest_route=\/wp\/v2\/posts"}],"about":[{"href":"https:\/\/fedai.az\/index.php?rest_route=\/wp\/v2\/types\/post"}],"author":[{"embeddable":true,"href":"https:\/\/fedai.az\/index.php?rest_route=\/wp\/v2\/users\/2"}],"replies":[{"embeddable":true,"href":"https:\/\/fedai.az\/index.php?rest_route=%2Fwp%2Fv2%2Fcomments&post=46590"}],"version-history":[{"count":1,"href":"https:\/\/fedai.az\/index.php?rest_route=\/wp\/v2\/posts\/46590\/revisions"}],"predecessor-version":[{"id":46595,"href":"https:\/\/fedai.az\/index.php?rest_route=\/wp\/v2\/posts\/46590\/revisions\/46595"}],"wp:featuredmedia":[{"embeddable":true,"href":"https:\/\/fedai.az\/index.php?rest_route=\/wp\/v2\/media\/46594"}],"wp:attachment":[{"href":"https:\/\/fedai.az\/index.php?rest_route=%2Fwp%2Fv2%2Fmedia&parent=46590"}],"wp:term":[{"taxonomy":"category","embeddable":true,"href":"https:\/\/fedai.az\/index.php?rest_route=%2Fwp%2Fv2%2Fcategories&post=46590"},{"taxonomy":"post_tag","embeddable":true,"href":"https:\/\/fedai.az\/index.php?rest_route=%2Fwp%2Fv2%2Ftags&post=46590"}],"curies":[{"name":"wp","href":"https:\/\/api.w.org\/{rel}","templated":true}]}}