{"id":46596,"date":"2021-08-27T03:18:01","date_gmt":"2021-08-26T23:18:01","guid":{"rendered":"https:\/\/fedai.az\/?p=46596"},"modified":"2021-08-27T14:16:33","modified_gmt":"2021-08-27T10:16:33","slug":"taliban-rf-d%c9%99n-bir-jirik-banan-respublikasi-duz%c9%99ld%c9%99c%c9%99k","status":"publish","type":"post","link":"https:\/\/fedai.az\/?p=46596","title":{"rendered":"Taliban RF-d\u0259n bir &#171;J\u0130R\u0130K BANAN RESPUBL\u0130KASI&#187; d\u00fcz\u0259ld\u0259c\u0259k"},"content":{"rendered":"\n<div class=\"wp-block-media-text alignwide is-stacked-on-mobile\" style=\"grid-template-columns:41% auto\"><figure class=\"wp-block-media-text__media\"><img loading=\"lazy\" decoding=\"async\" width=\"239\" height=\"267\" src=\"https:\/\/fedai.az\/wp-content\/uploads\/2021\/08\/177373629_4147233178686409_6699335091012025020_n.jpg\" alt=\"\" class=\"wp-image-46475 size-full\" srcset=\"https:\/\/fedai.az\/wp-content\/uploads\/2021\/08\/177373629_4147233178686409_6699335091012025020_n.jpg 239w, https:\/\/fedai.az\/wp-content\/uploads\/2021\/08\/177373629_4147233178686409_6699335091012025020_n-134x150.jpg 134w\" sizes=\"auto, (max-width: 239px) 100vw, 239px\" \/><\/figure><div class=\"wp-block-media-text__content\">\n<p class=\"has-large-font-size\"><strong>Xaqani \u018fd\u0259bo\u011flu<\/strong><\/p>\n\n\n\n<p><strong><em>AVMV\u0130B M\u0259tbuat Xidm\u0259tinin r\u0259hb\u0259ri<\/em><\/strong><\/p>\n<\/div><\/div>\n\n\n\n<p><strong>Rusiya hakimiyy\u0259tinin qap\u0131 aras\u0131nda qalan cins\u0259l orqan\u0131 Jirinovskinin mujik arzular\u0131 sosial \u015f\u0259b\u0259k\u0259l\u0259rd\u0259 g\u00fcnd\u0259m olub. Bu \u00fczd\u0259niraq liberalistin proqnozlar\u0131 Rusiyan\u0131n d\u00f6\u015fl\u0259rind\u0259n s\u00fcd \u0259m\u0259n terror qruplar\u0131 il\u0259 ba\u011fl\u0131 olmas\u0131 diqq\u0259t \u00e7\u0259k\u0259ndir. PKK -Rusiya t\u0259r\u0259find\u0259n yarad\u0131l\u0131b v\u0259 maliyy\u0259l\u0259\u015fdirilib, ASALA-Rusiya t\u0259r\u0259find\u0259n yarad\u0131l\u0131b v\u0259 maliyy\u0259l\u0259\u015fdirilir&#8230;<\/strong><\/p>\n\n\n\n<p><br>Amma Jirinovski yax\u015f\u0131 olard\u0131 ki, T\u00fcrkiy\u0259 v\u0259 Az\u0259rbaycandan deyil Rusiyan\u0131 g\u00f6zl\u0259y\u0259n par\u00e7alanmalardan, Hyuston layih\u0259sind\u0259n v\u0259 100-d\u0259n art\u0131q xalq\u0131n v\u0259 mill\u0259tin h\u0259bsxanas\u0131na \u00e7evrilmi\u015f Velikorus imperiyas\u0131n\u0131n xisl\u0259tind\u0259n dan\u0131\u015fs\u0131n.<\/p>\n\n\n\n<p><br>Hyuston Layih\u0259sinin, tamamlanma m\u0259rh\u0259l\u0259sini \u0259trafl\u0131 \u015f\u0259rhl\u0259rl\u0259 t\u0259qdim edirik. Yaln\u0131z Rusiya il\u0259 \u0259laq\u0259dard\u0131r v\u0259 art\u0131q SSR\u0130 -nin par\u00e7alanmas\u0131 il\u0259 ba\u011fl\u0131 he\u00e7 bir sual yoxdur (Harvard layih\u0259sind\u0259 oldu\u011fu kimi, art\u0131q o layih\u0259 ba\u015f tutmu\u015fdur). Burada art\u0131q Rusiyan\u0131n ki\u00e7ik d\u00f6vl\u0259tl\u0259r\u0259 par\u00e7alanmas\u0131ndan dan\u0131\u015f\u0131l\u0131r.<\/p>\n\n\n\n<p><br>Eyni plan \u00fczr\u0259:- Sibir Amerika Birl\u0259\u015fmi\u015f \u015etatlar\u0131na verilm\u0259lidir;- \u015eimal -q\u0259rb \u0259razil\u0259ri Almaniyaya t\u0259slim edilm\u0259lidir;- C\u0259nub v\u0259 Volqa b\u00f6lg\u0259si &#8212; T\u00fcrkiy\u0259y\u0259 verilm\u0259lidir;- Uzaq \u015e\u0259rq &#8212; Sibird\u0259 v\u0259 Uzaq \u015e\u0259rqd\u0259 xammal \u00fcz\u0259rind\u0259 birba\u015fa n\u0259zar\u0259t qurmaq \u00fc\u00e7\u00fcn Yaponiyaya t\u0259slim edilm\u0259lidir.<\/p>\n\n\n\n<figure class=\"wp-block-image size-large is-resized\"><img loading=\"lazy\" decoding=\"async\" src=\"https:\/\/fedai.az\/wp-content\/uploads\/2021\/08\/169621012_4043541605693773_7343412011670523032_n.jpg\" alt=\"\" class=\"wp-image-46601\" width=\"1080\" height=\"701\" srcset=\"https:\/\/fedai.az\/wp-content\/uploads\/2021\/08\/169621012_4043541605693773_7343412011670523032_n.jpg 720w, https:\/\/fedai.az\/wp-content\/uploads\/2021\/08\/169621012_4043541605693773_7343412011670523032_n-300x195.jpg 300w, https:\/\/fedai.az\/wp-content\/uploads\/2021\/08\/169621012_4043541605693773_7343412011670523032_n-150x97.jpg 150w\" sizes=\"auto, (max-width: 1080px) 100vw, 1080px\" \/><\/figure>\n\n\n\n<p><br>Son 10-12 ild\u0259 Rusiyadan xaric\u0259 h\u0259r il a\u015fa\u011f\u0131dak\u0131lar ixrac olunur:- istehsal olunan neftin 57% -i;- 40% &#8212; qaz;- 90% &#8212; mis;- 97% &#8212; nikel;- \u00d6lk\u0259d\u0259 istehsal olunan al\u00fcminiumun 99% -i v\u0259 s. Bu ixracat \u0259n gerid\u0259 qalm\u0131\u015f koloniyalarda oldu\u011fu kimi h\u0259yata ke\u00e7irilir!<\/p>\n\n\n\n<p><br>Hyuston layih\u0259si, Rusiyan\u0131 vahid bir d\u00f6vl\u0259t kimi q\u0259bul etm\u0259kd\u0259n imtina etm\u0259yi, bir s\u0131ra ki\u00e7ik d\u00f6vl\u0259tl\u0259r kimi q\u0259bul edilm\u0259sini t\u0259l\u0259b edir.<\/p>\n\n\n\n<p><br>Par\u00e7alanm\u0131\u015f hiss\u0259l\u0259r \u00fc\u00e7\u00fcn ayr\u0131 bir siyas\u0259t haz\u0131rlanmas\u0131n\u0131 t\u00f6vsiyy\u0259 edir. Bu layih\u0259l\u0259rin h\u0259r ikisi bir-birin\u0259 yax\u0131nd\u0131r v\u0259 Rusiyada Q\u0259rbin &#171;be\u015finci kolonu&#187; olan xarici t\u0259sir agentl\u0259ri indiki hakimiyy\u0259tin r\u0259hb\u0259rliyi alt\u0131nda son 15-20 ild\u0259 Rusiyada ba\u015f ver\u0259nl\u0259rd\u0259 ayd\u0131n g\u00f6r\u00fcn\u00fcr.<\/p>\n\n\n\n<p><br>Yenid\u0259nqurma layih\u0259si Mixail Qorba\u00e7ov t\u0259r\u0259find\u0259n tamamland\u0131;- &#171;\u0130slahatlar&#187; layih\u0259si &#8212; Boris Yeltsin\u0259 h\u0259val\u0259 olunmu\u015fdu- Tamamlanma layih\u0259si Vladimir Putin t\u0259r\u0259find\u0259n u\u011furla h\u0259yata ke\u00e7irilir.<\/p>\n\n\n\n<p>Rusiyan\u0131n milli maraqlar\u0131n\u0131n t\u0259slim edilm\u0259si prosesi gedir, Ordunun m\u0259hv edilm\u0259si v\u0259 \u00f6lk\u0259nin m\u00fcdafi\u0259 sisteminin par\u00e7alanmas\u0131na v\u0259 sat\u0131\u015f\u0131na icaz\u0259 verilm\u0259si d\u0259 buraya daxildir. T\u0259sad\u00fcfi deyil ki, bir vaxtlar AB\u015e prezidenti B. Klinton Yeltsin haqq\u0131nda dan\u0131\u015fark\u0259n demi\u015fdi: \u201c\u00d6lk\u0259nin indiki r\u0259hb\u0259rliyi biz\u0259 h\u0259r c\u0259h\u0259td\u0259n uy\u011fun g\u0259lir v\u0259 buna g\u00f6r\u0259 d\u0259 x\u0259rcl\u0259r\u0259 (1996 -c\u0131 ild\u0259 ke\u00e7iril\u0259n prezident se\u00e7kil\u0259ri) q\u0259na\u0259t ed\u0259 bilm\u0259rik. Biz\u0259 m\u00fcsb\u0259t n\u0259tic\u0259 ver\u0259c\u0259kl\u0259r&#187;. Rusiyada ba\u015f ver\u0259n b\u00fct\u00fcn son hadis\u0259l\u0259rin t\u0259sdiq etdiyi kimi, Rusiyadak\u0131 Harvard v\u0259 Hyuston layih\u0259l\u0259ri AB\u015e -\u0131n v\u0259 Q\u0259rbin maraqlar\u0131 namin\u0259 &#171;be\u015finci kolon&#187;larla birg\u0259 h\u0259yata ke\u00e7irilir v\u0259 Rusiyan\u0131n par\u00e7alanmas\u0131 v\u0259 m\u00fcst\u0259qilliyinin l\u0259\u011fv olunma an\u0131n\u0131 yax\u0131nla\u015fd\u0131r\u0131r.<\/p>\n\n\n\n<p><br>Hyuston Layih\u0259sinin t\u0259rtib ed\u0259nl\u0259rd\u0259n biri olan c\u0259nab Z.Bzezinski (Lvovun F\u0259xri V\u0259t\u0259nda\u015f\u0131) Amerika-Ukrayna g\u00f6r\u00fc\u015f\u00fcn\u00fcn qapal\u0131 iclas\u0131nda \u201c&#8230; AB\u015e-\u0131n hegemonlu\u011fu alt\u0131nda Rusiyaya qar\u015f\u0131 Rusiyan\u0131n hesab\u0131na v\u0259 Rusiyan\u0131n xarabal\u0131qlar\u0131 \u00fcz\u0259rind\u0259 yeni bir d\u00fcnya nizam\u0131 yarad\u0131l\u0131r. Rusiyan\u0131n par\u00e7alanaraq q\u0259yyumluq alt\u0131nda olaca\u011f\u0131na he\u00e7 bir \u015f\u00fcbh\u0259 yoxdur &#171;. (&#171;Hyuston Layih\u0259si&#187; 20 \u0130yun 2002 -ci ild\u0259 &#171;Sovet Rusiyas\u0131&#187; q\u0259zetind\u0259 d\u0259rc edilmi\u015fdir). Plan\u0131 h\u0259yata ke\u00e7ir\u0259rk\u0259n, diplomatik yollardan tutmu\u015f iqtisadi v\u0259 &#171;sakit&#187; m\u0259skunla\u015fma v\u0259 torpaqlar\u0131n \u0259l\u0259 ke\u00e7irilm\u0259sin\u0259 q\u0259d\u0259r b\u00fct\u00fcn \u00fcsullardan istifad\u0259 ed\u0259r\u0259k anklav sakinl\u0259rini Rusiyaya getm\u0259y\u0259 m\u0259cbur edin! &#171;<\/p>\n\n\n\n<figure class=\"wp-block-image size-large is-resized\"><img loading=\"lazy\" decoding=\"async\" src=\"https:\/\/fedai.az\/wp-content\/uploads\/2021\/08\/raspad-rossia-7.jpg\" alt=\"\" class=\"wp-image-46597\" width=\"1083\" height=\"663\" srcset=\"https:\/\/fedai.az\/wp-content\/uploads\/2021\/08\/raspad-rossia-7.jpg 791w, https:\/\/fedai.az\/wp-content\/uploads\/2021\/08\/raspad-rossia-7-300x184.jpg 300w, https:\/\/fedai.az\/wp-content\/uploads\/2021\/08\/raspad-rossia-7-150x92.jpg 150w, https:\/\/fedai.az\/wp-content\/uploads\/2021\/08\/raspad-rossia-7-768x470.jpg 768w\" sizes=\"auto, (max-width: 1083px) 100vw, 1083px\" \/><\/figure>\n\n\n\n<p><br><strong>&#171;Hyuston Layih\u0259si&#187;nd\u0259n bir x\u0259rit\u0259nin \u0259lav\u0259 edirik, onlar &#171;Rusiyan\u0131 bel\u0259 g\u00f6r\u00fcrl\u0259r&#187;<\/strong><\/p>\n\n\n\n<p><br>Bu yax\u0131nlarda m\u0259xfilikd\u0259n \u00e7\u0131xar\u0131lan CIA &#171;Global Trends 2015&#187; hesabat\u0131nda deyilir ki, d\u00fcnyan\u0131n \u0259n b\u00f6y\u00fck \u00f6lk\u0259si olan Rusiya ki\u00e7ik d\u00f6vl\u0259tl\u0259r\u0259 par\u00e7alan\u0131r. 2015 -ci il\u0259 q\u0259d\u0259r Rusiyan\u0131n ehtimal olunan konturu &#8212; \u0259lav\u0259 edilmi\u015f x\u0259rit\u0259y\u0259 v\u0259 CIA -n\u0131n hesabat\u0131na g\u00f6r\u0259, do\u011fum nisb\u0259tinin d\u00fc\u015fm\u0259si \u00f6lk\u0259nin \u0259halisinin say\u0131n\u0131n azalmas\u0131na v\u0259 2015 -ci ild\u0259 \u0259halinin say\u0131n\u0131n 130 milyona d\u00fc\u015fm\u0259sin\u0259 s\u0259b\u0259b olacaq (haz\u0131rda Rusiyada statistik olaraq 146 milyon insan ya\u015fad\u0131\u011f\u0131 deyils\u0259 d\u0259 100 milyondan a\u015fa\u011f\u0131 \u0259hali ya\u015famaqdad\u0131r).<\/p>\n\n\n\n<p>\u00dcmumiyy\u0259tl\u0259, bu ssenari Rusiya \u00fc\u00e7\u00fcn qa\u00e7\u0131lmazd\u0131r! Siyasi v\u0259 \u0130qtisadi Kommunikasiya Agentliyinin ba\u015f direktoru Dmitri Orlov, &#171;\u0130zvestiya&#187; q\u0259zetin\u0259 verdiyi m\u00fcsahib\u0259d\u0259, &#171;AB\u015e Respublika\u00e7\u0131lar Partiyas\u0131n\u0131n m\u00fchafiz\u0259kar qanad\u0131 Rusiyan\u0131n m\u00f6vqeyinin maksimum z\u0259ifl\u0259m\u0259sind\u0259 v\u0259 h\u0259tta bir d\u00f6vl\u0259t olaraq par\u00e7alanmas\u0131nda maraql\u0131d\u0131r&#187; deyib.<\/p>\n\n\n\n<p><br>Jirikl\u0259rin yuxusunu qa\u00e7\u0131ran Z. Bzejinski haqq\u0131nda b\u0259zi m\u0259lumat v\u0259 fikirl\u0259ri t\u0259krarlamaq yerin\u0259 d\u00fc\u015f\u0259r. 1976-c\u0131 ild\u0259 AB\u015e prezidenti se\u00e7il\u0259n C. Karterin d\u00f6vr\u00fcnd\u0259 Bjezinski milli t\u0259hl\u00fck\u0259sizlik m\u0259s\u0259l\u0259l\u0259ri \u00fczr\u0259 k\u00f6m\u0259k\u00e7i postuna (1977-1981) t\u0259yin edilir. O bir s\u0131ra sanball\u0131 kitablar yaz\u0131r. Onun &#171;B\u00f6y\u00fck iflas&#187;, &#171;Hakimiyy\u0259t v\u0259 prinsip&#187;, &#171;B\u00f6y\u00fck \u015fahmat taxtas\u0131&#187;, &#171;Se\u00e7im: qlobal hakimiyy\u0259t, yaxud qlobal liderlik&#187; v\u0259 bu kimi \u0259s\u0259rl\u0259ri indi d\u0259 \u00f6z \u0259h\u0259miyy\u0259tini qoruyub saxlay\u0131r. Rusiyan\u0131n siyas\u0259tini h\u0259mi\u015f\u0259 t\u0259nqid ed\u0259n Bjezinski 1991-ci ild\u0259 SSR\u0130-nin s\u00fcqutundan sonra bu \u00f6lk\u0259ni &#171;Avrasiyan\u0131n d\u00fcz m\u0259rk\u0259zind\u0259 yerl\u0259\u015f\u0259n qara d\u0259lik&#187; adland\u0131r\u0131b. Z. Bzejinski daim Az\u0259rbaycana \u00f6z \u0259s\u0259rl\u0259rind\u0259 v\u0259 t\u0259dqiqatlar\u0131nda yer ay\u0131r\u0131b. &#171;B\u00f6y\u00fck \u015fahmat taxtas\u0131&#187; kitab;nda AB\u015e-\u0131n Avrasiyadak\u0131 xarici siyas\u0259tini b\u00f6lg\u0259-b\u00f6lg\u0259 analiz ed\u0259n Brzezinski Rusya \u00fc\u00e7\u00fcn Az\u0259rbaycan\u0131n v\u0259 Ukraynan\u0131n \u0259n \u00f6n\u0259mli \u00f6lk\u0259l\u0259r oldu\u011funu deyir. Az\u0259rbaycan\u0131n ad\u0131 bu \u0259s\u0259rd\u0259 bir ne\u00e7\u0259 d\u0259f\u0259 \u00e7\u0259kilir. Z. Bjezinski, m\u0259hz Rusiyaya m\u00fcqavim\u0259t g\u00f6st\u0259rm\u0259k bax\u0131m\u0131ndan Ukrayna il\u0259 yana\u015f\u0131 Az\u0259rbaycana m\u00fch\u00fcm rol verir: \u201c\u018fg\u0259r Az\u0259rbaycan Moskvan\u0131n n\u0259zar\u0259tin\u0259 tabe edils\u0259, onda Az\u0259rbaycan \u00f6z\u00fcn\u00fcn \u0259h\u0259miyy\u0259tli neft ehtiyyatlar\u0131 da Rusiyan\u0131n n\u0259zar\u0259tin\u0259 ke\u00e7\u0259 bil\u0259r. M\u00fcst\u0259qil Az\u0259rbaycan M\u0259rk\u0259zi Asiyan\u0131n da enerji resurslar\u0131n\u0131n Rusiya \u0259razisinin xaricind\u0259n ke\u00e7m\u0259kl\u0259 Q\u0259rb\u0259 \u00e7atd\u0131r\u0131lmas\u0131 \u00fc\u00e7\u00fcn b\u00f6y\u00fck magistrald\u0131r\u201d- dey\u0259 Z. Bjezinski d\u00f6vl\u0259tin geostrateji \u0259h\u0259miyy\u0259tin\u0259 vur\u011fulay\u0131b.<\/p>\n\n\n\n<p><br>Z. Bzejinskinin Rusiya haqq\u0131nda fikirl\u0259rin\u0259 diqq\u0259t yetirin: &#171;\u018fg\u0259r ruslar imperiyalar\u0131n\u0131 yenid\u0259n b\u0259rpa etm\u0259k kimi bir axmaql\u0131\u011fa c\u0259hd ets\u0259l\u0259r, \u00f6zl\u0259rini el\u0259 m\u00fcnaqi\u015f\u0259l\u0259r\u0259 salacaqlar ki, \u00c7e\u00e7enistan v\u0259 \u018ffqan\u0131stan onun yan\u0131nda piknik istirah\u0259ti kimi g\u0259l\u0259c\u0259k\u201d.<\/p>\n\n\n\n<figure class=\"wp-block-gallery columns-2 is-cropped wp-block-gallery-1 is-layout-flex wp-block-gallery-is-layout-flex\"><ul class=\"blocks-gallery-grid\"><li class=\"blocks-gallery-item\"><figure><img loading=\"lazy\" decoding=\"async\" width=\"194\" height=\"300\" src=\"https:\/\/fedai.az\/wp-content\/uploads\/2021\/08\/zviqnev-son-son1-194x300-1.jpg\" alt=\"\" data-id=\"46598\" data-link=\"https:\/\/fedai.az\/?attachment_id=46598\" class=\"wp-image-46598\" srcset=\"https:\/\/fedai.az\/wp-content\/uploads\/2021\/08\/zviqnev-son-son1-194x300-1.jpg 194w, https:\/\/fedai.az\/wp-content\/uploads\/2021\/08\/zviqnev-son-son1-194x300-1-97x150.jpg 97w\" sizes=\"auto, (max-width: 194px) 100vw, 194px\" \/><\/figure><\/li><li class=\"blocks-gallery-item\"><figure><img loading=\"lazy\" decoding=\"async\" width=\"1024\" height=\"683\" src=\"https:\/\/fedai.az\/wp-content\/uploads\/2021\/08\/311e219e6c970ea6ecaaaa11879351ec.jpg\" alt=\"\" data-id=\"46605\" data-full-url=\"https:\/\/fedai.az\/wp-content\/uploads\/2021\/08\/311e219e6c970ea6ecaaaa11879351ec.jpg\" data-link=\"https:\/\/fedai.az\/?attachment_id=46605\" class=\"wp-image-46605\" srcset=\"https:\/\/fedai.az\/wp-content\/uploads\/2021\/08\/311e219e6c970ea6ecaaaa11879351ec.jpg 1024w, https:\/\/fedai.az\/wp-content\/uploads\/2021\/08\/311e219e6c970ea6ecaaaa11879351ec-300x200.jpg 300w, https:\/\/fedai.az\/wp-content\/uploads\/2021\/08\/311e219e6c970ea6ecaaaa11879351ec-150x100.jpg 150w, https:\/\/fedai.az\/wp-content\/uploads\/2021\/08\/311e219e6c970ea6ecaaaa11879351ec-768x512.jpg 768w\" sizes=\"auto, (max-width: 1024px) 100vw, 1024px\" \/><\/figure><\/li><\/ul><\/figure>\n\n\n\n<p><br><strong>\u201cBiz Sovet \u0130ttifaq\u0131n\u0131 da\u011f\u0131td\u0131q, Rusiyan\u0131 da da\u011f\u0131daca\u011f\u0131q. Ba\u015fqa \u015fans\u0131m\u0131z yoxdur\u201d.<\/strong><\/p>\n\n\n\n<p><strong><br>\u201cRusiya \u00fcmumiyy\u0259tl\u0259, d\u00fcnyada art\u0131q bir \u00f6lk\u0259dir\u201d.<\/strong><\/p>\n\n\n\n<p><strong><br>Bu Jirik kimi bir bo\u015fbo\u011faz\u0131n deyil, SSR\u0130 kimi bir m\u0259nfur imperiyan\u0131 \u00e7\u00f6k\u00fcrtm\u00fc\u015f analitik t\u0259f\u0259kk\u00fcrl\u00fc birinin fikirl\u0259ridir.<\/strong><\/p>\n\n\n\n<p><strong><br>Z. Bzejinski deyir: \u201cRusiyan\u0131n ne\u00e7\u0259 \u00e7emodan n\u00fcv\u0259 silah\u0131 olursa olsun, ancaq ne\u00e7\u0259 ki, rus elitas\u0131n\u0131n 500 milyard dollar pulu bizim banklarda yat\u0131r, onda bu elitan\u0131n kim\u0259 m\u0259xsus oldu\u011funu m\u00fc\u0259yy\u0259n etm\u0259k laz\u0131md\u0131r. Sizinmi, yoxsa art\u0131q bizim?\u201d<\/strong><\/p>\n\n\n\n<p><br>\u00c7exiyadan olan h\u0259rbi ekspert Stanislav Balik, &#171;Halo noviny&#187; q\u0259zetin\u0259 verdiyi m\u00fcsahib\u0259d\u0259 Q\u0259rbin 90 -c\u0131 ill\u0259rin sonlar\u0131nda Rusiyan\u0131 bir ne\u00e7\u0259 ki\u00e7ik d\u00f6vl\u0259t\u0259 b\u00f6lm\u0259k plan\u0131ndan dan\u0131\u015f\u0131b.<\/p>\n\n\n\n<p><br>Haz\u0131rda \u00c7exiya H\u0259rbi Akademiyas\u0131nda m\u00fc\u0259llim v\u0259 m\u00fct\u0259x\u0259ssis olan t\u0259qa\u00fcd\u00e7\u00fc mayorun s\u00f6zl\u0259rin\u0259 g\u00f6r\u0259, Q\u0259rb k\u0259\u015ffiyyat xidm\u0259tl\u0259rinin Rusiyan\u0131 par\u00e7alamaq planlar\u0131n\u0131 \u00f6z\u00fc g\u00f6r\u00fcb.<\/p>\n\n\n\n<p>Bir s\u00f6zl\u0259, AB\u015e -a v\u0259 Q\u0259rb\u0259 z\u0259if Rusiyaya, daha do\u011frusu bel\u0259 bir d\u00f6vl\u0259tin olmamas\u0131na ehtiyac var idi. Bunun \u00fc\u00e7\u00fcn Yuqoslaviyan\u0131n ssenarisin\u0259 uy\u011fun bir \u015f\u0259kild\u0259 bu d\u00f6vl\u0259ti par\u00e7alamaq laz\u0131m idi v\u0259 Yuqoslaviya sad\u0259c\u0259 &#171;q\u0259l\u0259m s\u0131na\u011f\u0131&#187; deyil\u0259n bir \u015fey idi.<\/p>\n\n\n\n<p><br>Rusiya h\u0259qiq\u0259t\u0259n 1999 -cu il\u0259 q\u0259d\u0259r astanada idi. Yeltsinin da\u011f\u0131d\u0131c\u0131 siyas\u0259ti Q\u0259rb t\u0259r\u0259find\u0259n f\u0259al \u015f\u0259kild\u0259 d\u0259st\u0259kl\u0259nirdi v\u0259 \u00f6z b\u0259hr\u0259sini verirdi. \u00c7ox g\u00fcman ki, Rusiya par\u00e7alana bil\u0259rdi, amma Putinin g\u00f6zl\u0259nilm\u0259d\u0259n hakimiyy\u0259t\u0259 g\u0259lm\u0259si b\u00fct\u00fcn kartlar\u0131 yenid\u0259n qar\u0131\u015fd\u0131rd\u0131. Yeltsin bu namiz\u0259d bar\u0259sind\u0259 he\u00e7 kiml\u0259 raz\u0131la\u015fmad\u0131, g\u00f6r\u00fcn\u00fcr bu, Yeltsinin b\u00fct\u00fcn idar\u0259\u00e7ilik yolunda yegan\u0259 ilham m\u0259nb\u0259yi idi. <\/p>\n\n\n\n<p>Bundan sonra Putinin v\u0259t\u0259np\u0259rv\u0259rlik siyas\u0259ti Q\u0259rb t\u0259r\u0259find\u0259n t\u0259cav\u00fczkar siyas\u0259t kimi yozulma\u011fa ba\u015fland\u0131. Sad\u0259c\u0259 olaraq, indi g\u00f6rd\u00fcy\u00fcm\u00fcz Rusiyan\u0131n kims\u0259y\u0259 ehtiyac\u0131 yoxdur.<\/p>\n\n\n\n<p><br>Stanislav Balik, Q\u0259rbin h\u0259mi\u015f\u0259 Rusiyan\u0131 par\u00e7alamaq v\u0259 inki\u015faf etm\u0259kd\u0259 olan ki\u00e7ik d\u00f6vl\u0259tl\u0259ri t\u0259bii s\u0259rv\u0259tl\u0259ri il\u0259 idar\u0259 etm\u0259k ist\u0259diyin\u0259 diqq\u0259t \u00e7\u0259kdi (&#171;par\u00e7ala v\u0259 h\u00f6km et&#187; deyimi h\u0259r zaman aktuald\u0131r). Q\u0259rb d\u00f6vl\u0259tl\u0259ri h\u0259mi\u015f\u0259 Rusiyaya qar\u015f\u0131 h\u0259r hans\u0131 bel\u0259 bir aksiyaya m\u0259mnuniyy\u0259tl\u0259 sponsorluq etmi\u015fl\u0259r. Bel\u0259likl\u0259, \u0259vv\u0259lc\u0259 \u00e7ar Rusiyas\u0131 m\u0259hv edildi, amma sonra s\u0259hv insanlar\u0131n ortaya \u00e7\u0131xd\u0131\u011f\u0131n\u0131 anlayan Q\u0259rb a\u011f qvardiya\u00e7\u0131lara sponsorluq etm\u0259y\u0259 ba\u015flad\u0131. Sonra, gizli raz\u0131l\u0131qla (v\u0259 h\u0259tta onlar\u0131n k\u00f6m\u0259yi il\u0259) Hitler inan\u0131lmaz bir g\u00fccl\u00fc ordu yarada bildi. Sonra, SSR\u0130 -nin da\u011f\u0131lmas\u0131ndan sonra, q\u0259l\u0259b\u0259 dem\u0259k olar ki, \u0259ll\u0259rind\u0259 idi v\u0259 Yeltsind\u0259n sonra bir Q\u0259rb t\u0259r\u0259fdar\u0131 hakimiyy\u0259t\u0259 g\u0259ls\u0259ydi, indi y\u0259qin ki, Rusiya deyil\u0259n bir \u015fey olmayacaqd\u0131.<\/p>\n\n\n\n<figure class=\"wp-block-image size-large is-resized\"><img loading=\"lazy\" decoding=\"async\" src=\"https:\/\/fedai.az\/wp-content\/uploads\/2021\/08\/106074193_3123290804401302_7145121684881399416_n.jpg\" alt=\"\" class=\"wp-image-46600\" width=\"1072\" height=\"1072\" srcset=\"https:\/\/fedai.az\/wp-content\/uploads\/2021\/08\/106074193_3123290804401302_7145121684881399416_n.jpg 680w, https:\/\/fedai.az\/wp-content\/uploads\/2021\/08\/106074193_3123290804401302_7145121684881399416_n-300x300.jpg 300w, https:\/\/fedai.az\/wp-content\/uploads\/2021\/08\/106074193_3123290804401302_7145121684881399416_n-150x150.jpg 150w, https:\/\/fedai.az\/wp-content\/uploads\/2021\/08\/106074193_3123290804401302_7145121684881399416_n-215x215.jpg 215w\" sizes=\"auto, (max-width: 1072px) 100vw, 1072px\" \/><\/figure>\n\n\n\n<p>Yeltsinin Kareliyan\u0131 satmaq ist\u0259diyi bar\u0259d\u0259 m\u0259lumatlar\u0131 oxuduqdan sonra Stanislav Balik m\u00fcsahib\u0259 verib. \u018fslind\u0259 bu yaln\u0131z ba\u015flan\u011f\u0131c olacaqd\u0131. Sonra Kalininqrad\u0131 Almaniyaya verm\u0259k, Sibird\u0259ki etirazlar\u0131 aradan qald\u0131rmaq \u00fc\u00e7\u00fcn Sibir Federal Dair\u0259sini ayr\u0131 bir d\u00f6vl\u0259t\u0259 \u00e7evirilm\u0259si haqq\u0131nda referendum ke\u00e7irm\u0259k, Kurilin Yaponiyaya qay\u0131tar\u0131lmas\u0131, \u0130kinci \u00c7e\u00e7en m\u00fcharib\u0259si zaman\u0131 yaraql\u0131lar\u0131n \u00f6z \u0259razil\u0259rini geri almas\u0131 il\u0259, t\u0259dric\u0259n b\u00fct\u00fcn Rusiyan\u0131n ki\u00e7ik d\u00f6vl\u0259t qurulu\u015flar\u0131na par\u00e7alanacaqd\u0131.<\/p>\n\n\n\n<p><br><strong>V. Jirinovski bo\u015f ba\u015f\u0131yla proqnozlar verir, amma x\u0259b\u0259ri yoxdur ki, &#171;Vaqner&#187; qrupla\u015fmas\u0131n\u0131n \u018ffqan\u0131standa g\u00f6r\u00fcnm\u0259siyl\u0259 Taliban SSR\u0130-d\u0259n RSFSR d\u00fcz\u0259ltdiyi kimi, RSFSR-d\u0259n bir RF, RF-d\u0259n is\u0259 bir Banan respublikas\u0131 do\u011fuzduracaq. Ad\u0131n\u0131 da Jirik Respublikas\u0131 qoyacaq&#8230;<\/strong><\/p>\n\n\n\n<figure class=\"wp-block-image size-large is-resized\"><img loading=\"lazy\" decoding=\"async\" src=\"https:\/\/fedai.az\/wp-content\/uploads\/2021\/08\/prikol-7.jpg\" alt=\"\" class=\"wp-image-46602\" width=\"1087\" height=\"1462\" srcset=\"https:\/\/fedai.az\/wp-content\/uploads\/2021\/08\/prikol-7.jpg 714w, https:\/\/fedai.az\/wp-content\/uploads\/2021\/08\/prikol-7-223x300.jpg 223w, https:\/\/fedai.az\/wp-content\/uploads\/2021\/08\/prikol-7-112x150.jpg 112w\" sizes=\"auto, (max-width: 1087px) 100vw, 1087px\" \/><\/figure>\n\n\n\n<p><br>KTMT \u0259v\u0259zin\u0259 is\u0259 &#171;DNR&#187;, &#171;LNR&#187;, &#171;Dnestryan\u0131&#187;, &#171;C\u0259nubi Osetiya respublikas\u0131&#187;, &#171;Kr\u0131m Respublikas\u0131&#187;, &#171;Artsax&#187;, &#171;Abxaziya&#187; v\u0259 &#171;Serbskaya Krayina Respublilkas\u0131&#187; il\u0259 bir blokda birl\u0259\u015f\u0259c\u0259kl\u0259r&#8230;<\/p>\n\n\n\n<p><strong>P.S. Yaz\u0131da yerli v\u0259 xarici m\u0259tbuat\u0131n materiallar\u0131ndan istifad\u0259 olunub.<\/strong><br><\/p>\n","protected":false},"excerpt":{"rendered":"<p>Xaqani \u018fd\u0259bo\u011flu AVMV\u0130B M\u0259tbuat Xidm\u0259tinin r\u0259hb\u0259ri Rusiya hakimiyy\u0259tinin qap\u0131 aras\u0131nda qalan cins\u0259l orqan\u0131 Jirinovskinin mujik arzular\u0131 sosial \u015f\u0259b\u0259k\u0259l\u0259rd\u0259 g\u00fcnd\u0259m olub. Bu \u00fczd\u0259niraq liberalistin proqnozlar\u0131<\/p>\n","protected":false},"author":2,"featured_media":46603,"comment_status":"closed","ping_status":"closed","sticky":false,"template":"","format":"standard","meta":{"footnotes":""},"categories":[1],"tags":[],"class_list":["post-46596","post","type-post","status-publish","format-standard","has-post-thumbnail","hentry","category-siyast"],"aioseo_notices":[],"_links":{"self":[{"href":"https:\/\/fedai.az\/index.php?rest_route=\/wp\/v2\/posts\/46596","targetHints":{"allow":["GET"]}}],"collection":[{"href":"https:\/\/fedai.az\/index.php?rest_route=\/wp\/v2\/posts"}],"about":[{"href":"https:\/\/fedai.az\/index.php?rest_route=\/wp\/v2\/types\/post"}],"author":[{"embeddable":true,"href":"https:\/\/fedai.az\/index.php?rest_route=\/wp\/v2\/users\/2"}],"replies":[{"embeddable":true,"href":"https:\/\/fedai.az\/index.php?rest_route=%2Fwp%2Fv2%2Fcomments&post=46596"}],"version-history":[{"count":4,"href":"https:\/\/fedai.az\/index.php?rest_route=\/wp\/v2\/posts\/46596\/revisions"}],"predecessor-version":[{"id":46643,"href":"https:\/\/fedai.az\/index.php?rest_route=\/wp\/v2\/posts\/46596\/revisions\/46643"}],"wp:featuredmedia":[{"embeddable":true,"href":"https:\/\/fedai.az\/index.php?rest_route=\/wp\/v2\/media\/46603"}],"wp:attachment":[{"href":"https:\/\/fedai.az\/index.php?rest_route=%2Fwp%2Fv2%2Fmedia&parent=46596"}],"wp:term":[{"taxonomy":"category","embeddable":true,"href":"https:\/\/fedai.az\/index.php?rest_route=%2Fwp%2Fv2%2Fcategories&post=46596"},{"taxonomy":"post_tag","embeddable":true,"href":"https:\/\/fedai.az\/index.php?rest_route=%2Fwp%2Fv2%2Ftags&post=46596"}],"curies":[{"name":"wp","href":"https:\/\/api.w.org\/{rel}","templated":true}]}}