{"id":46627,"date":"2021-08-27T09:57:53","date_gmt":"2021-08-27T05:57:53","guid":{"rendered":"https:\/\/fedai.az\/?p=46627"},"modified":"2021-08-27T09:57:57","modified_gmt":"2021-08-27T05:57:57","slug":"muharib%c9%99-veteranimizi-t%c9%99k-qoymayaq","status":"publish","type":"post","link":"https:\/\/fedai.az\/?p=46627","title":{"rendered":"M\u00fcharib\u0259 veteran\u0131m\u0131z\u0131 t\u0259k qoymayaq!"},"content":{"rendered":"\n<p><strong>Az\u0259rbaycan V\u0259t\u0259n M\u00fcharib\u0259si Veteranlar\u0131 \u0130ctimai Birliyi (AVMV\u0130B) s\u0259drinin s\u0259lahiyy\u0259tli n\u00fcmay\u0259nd\u0259si Sadiq Q\u0259dirli xeyli vaxtd\u0131r ki, x\u0259st\u0259dir.<\/strong><\/p>\n\n\n\n<p><br>Son h\u0259kim diaqnozlar\u0131 narahat\u00e7\u0131l\u0131q yarad\u0131b. M\u00fcharib\u0259 veteran\u0131 Sadiq Q\u0259dirlinin \u0259m\u0259liyyat\u0131 \u00fc\u00e7\u00fcn 8 min manat t\u0259l\u0259b olunur.<br>\u00d6lk\u0259mizin aidiyyatl\u0131 qurumlar\u0131na, imkanl\u0131 \u015f\u0259xsl\u0259rin\u0259 m\u00fcharib\u0259 veteran\u0131 S. Q\u0259dirlinin m\u00fcalic\u0259sin\u0259 yard\u0131m\u00e7\u0131 olmalar\u0131n\u0131 rica edirik. \u0130nan\u0131r\u0131q ki, m\u00fcraci\u0259timiz cavabs\u0131z qalmayacaqd\u0131r.<\/p>\n\n\n\n<figure class=\"wp-block-gallery columns-2 is-cropped wp-block-gallery-1 is-layout-flex wp-block-gallery-is-layout-flex\"><ul class=\"blocks-gallery-grid\"><li class=\"blocks-gallery-item\"><figure><img loading=\"lazy\" decoding=\"async\" width=\"800\" height=\"448\" src=\"https:\/\/fedai.az\/wp-content\/uploads\/2021\/08\/239942030_355917419343286_5956304981625852987_n.jpg\" alt=\"\" data-id=\"46628\" data-link=\"https:\/\/fedai.az\/?attachment_id=46628\" class=\"wp-image-46628\" srcset=\"https:\/\/fedai.az\/wp-content\/uploads\/2021\/08\/239942030_355917419343286_5956304981625852987_n.jpg 800w, https:\/\/fedai.az\/wp-content\/uploads\/2021\/08\/239942030_355917419343286_5956304981625852987_n-300x168.jpg 300w, https:\/\/fedai.az\/wp-content\/uploads\/2021\/08\/239942030_355917419343286_5956304981625852987_n-150x84.jpg 150w, https:\/\/fedai.az\/wp-content\/uploads\/2021\/08\/239942030_355917419343286_5956304981625852987_n-768x430.jpg 768w, https:\/\/fedai.az\/wp-content\/uploads\/2021\/08\/239942030_355917419343286_5956304981625852987_n-715x400.jpg 715w\" sizes=\"auto, (max-width: 800px) 100vw, 800px\" \/><\/figure><\/li><li class=\"blocks-gallery-item\"><figure><img loading=\"lazy\" decoding=\"async\" width=\"750\" height=\"563\" src=\"https:\/\/fedai.az\/wp-content\/uploads\/2021\/08\/239581935_180887304138202_4549374860555649894_n.jpg\" alt=\"\" data-id=\"46629\" data-full-url=\"https:\/\/fedai.az\/wp-content\/uploads\/2021\/08\/239581935_180887304138202_4549374860555649894_n.jpg\" data-link=\"https:\/\/fedai.az\/?attachment_id=46629\" class=\"wp-image-46629\" srcset=\"https:\/\/fedai.az\/wp-content\/uploads\/2021\/08\/239581935_180887304138202_4549374860555649894_n.jpg 750w, https:\/\/fedai.az\/wp-content\/uploads\/2021\/08\/239581935_180887304138202_4549374860555649894_n-300x225.jpg 300w, https:\/\/fedai.az\/wp-content\/uploads\/2021\/08\/239581935_180887304138202_4549374860555649894_n-150x113.jpg 150w\" sizes=\"auto, (max-width: 750px) 100vw, 750px\" \/><\/figure><\/li><\/ul><\/figure>\n\n\n\n<p><br>Onu da bildir\u0259k ki, el\u0259 ilk cavab aidiyyatl\u0131 \u018fm\u0259k v\u0259 \u018fhalinin Sosial M\u00fcdafi\u0259si nazirliyinin anti m\u00fcharib\u0259 i\u015ftirak\u00e7\u0131lar\u0131 komandas\u0131ndan g\u0259lib. Onun \u0259lillik d\u0259r\u0259c\u0259sini qeyri-qanuni olaraq l\u0259\u011fv edibl\u0259r. Bu bar\u0259d\u0259 daha \u0259trafl\u0131 m\u0259lumat ver\u0259c\u0259yik.<\/p>\n\n\n\n<p><br>M\u00fcharib\u0259d\u0259 \u00f6z\u00fcn\u00fc V\u0259t\u0259n\u0259 sip\u0259r ed\u0259n veteran\u0131m\u0131z Sadiq Q\u0259dirlini x\u0259st\u0259likl\u0259 m\u00fcbariz\u0259d\u0259 t\u0259k qoymayaq. V\u0259t\u0259np\u0259rv\u0259r v\u0259 vicdanl\u0131 soyda\u015flar\u0131m\u0131z\u0131 Sadiq Q\u0259dirliy\u0259 yard\u0131m\u00e7\u0131 olma\u011fa \u00e7a\u011f\u0131r\u0131r\u0131q!<\/p>\n\n\n\n<p><strong>\u018flaq\u0259 telefonu: 0505748326<\/strong><\/p>\n\n\n\n<p><strong><br>E. S\u0259lim<\/strong><\/p>\n\n\n\n<p>P.S. Sosial \u015f\u0259b\u0259k\u0259d\u0259 (\u0130lqar Bayramov) S. Q\u0259dirli il\u0259 ba\u011fl\u0131 payla\u015f\u0131m edilib:<\/p>\n\n\n\n<figure class=\"wp-block-image size-large is-resized\"><img loading=\"lazy\" decoding=\"async\" src=\"https:\/\/fedai.az\/wp-content\/uploads\/2021\/08\/240628438_1129568390868863_7549100694781322828_n-1.jpg\" alt=\"\" class=\"wp-image-46630\" width=\"886\" height=\"969\" srcset=\"https:\/\/fedai.az\/wp-content\/uploads\/2021\/08\/240628438_1129568390868863_7549100694781322828_n-1.jpg 526w, https:\/\/fedai.az\/wp-content\/uploads\/2021\/08\/240628438_1129568390868863_7549100694781322828_n-1-274x300.jpg 274w, https:\/\/fedai.az\/wp-content\/uploads\/2021\/08\/240628438_1129568390868863_7549100694781322828_n-1-137x150.jpg 137w\" sizes=\"auto, (max-width: 886px) 100vw, 886px\" \/><\/figure>\n","protected":false},"excerpt":{"rendered":"<p>Az\u0259rbaycan V\u0259t\u0259n M\u00fcharib\u0259si Veteranlar\u0131 \u0130ctimai Birliyi (AVMV\u0130B) s\u0259drinin s\u0259lahiyy\u0259tli n\u00fcmay\u0259nd\u0259si Sadiq Q\u0259dirli xeyli vaxtd\u0131r ki, x\u0259st\u0259dir. Son h\u0259kim diaqnozlar\u0131 narahat\u00e7\u0131l\u0131q yarad\u0131b. M\u00fcharib\u0259 veteran\u0131 Sadiq<\/p>\n","protected":false},"author":2,"featured_media":46631,"comment_status":"closed","ping_status":"closed","sticky":false,"template":"","format":"standard","meta":{"footnotes":""},"categories":[5],"tags":[],"class_list":["post-46627","post","type-post","status-publish","format-standard","has-post-thumbnail","hentry","category-veteran"],"aioseo_notices":[],"_links":{"self":[{"href":"https:\/\/fedai.az\/index.php?rest_route=\/wp\/v2\/posts\/46627","targetHints":{"allow":["GET"]}}],"collection":[{"href":"https:\/\/fedai.az\/index.php?rest_route=\/wp\/v2\/posts"}],"about":[{"href":"https:\/\/fedai.az\/index.php?rest_route=\/wp\/v2\/types\/post"}],"author":[{"embeddable":true,"href":"https:\/\/fedai.az\/index.php?rest_route=\/wp\/v2\/users\/2"}],"replies":[{"embeddable":true,"href":"https:\/\/fedai.az\/index.php?rest_route=%2Fwp%2Fv2%2Fcomments&post=46627"}],"version-history":[{"count":1,"href":"https:\/\/fedai.az\/index.php?rest_route=\/wp\/v2\/posts\/46627\/revisions"}],"predecessor-version":[{"id":46632,"href":"https:\/\/fedai.az\/index.php?rest_route=\/wp\/v2\/posts\/46627\/revisions\/46632"}],"wp:featuredmedia":[{"embeddable":true,"href":"https:\/\/fedai.az\/index.php?rest_route=\/wp\/v2\/media\/46631"}],"wp:attachment":[{"href":"https:\/\/fedai.az\/index.php?rest_route=%2Fwp%2Fv2%2Fmedia&parent=46627"}],"wp:term":[{"taxonomy":"category","embeddable":true,"href":"https:\/\/fedai.az\/index.php?rest_route=%2Fwp%2Fv2%2Fcategories&post=46627"},{"taxonomy":"post_tag","embeddable":true,"href":"https:\/\/fedai.az\/index.php?rest_route=%2Fwp%2Fv2%2Ftags&post=46627"}],"curies":[{"name":"wp","href":"https:\/\/api.w.org\/{rel}","templated":true}]}}