{"id":46633,"date":"2021-08-27T10:29:43","date_gmt":"2021-08-27T06:29:43","guid":{"rendered":"https:\/\/fedai.az\/?p=46633"},"modified":"2021-08-27T10:29:48","modified_gmt":"2021-08-27T06:29:48","slug":"t%c9%99brik-ehtiyyatda-olan-mayor-quliyeva-almaz-m%c9%99h%c9%99mm%c9%99d-qizi-62","status":"publish","type":"post","link":"https:\/\/fedai.az\/?p=46633","title":{"rendered":"T\u018fBR\u0130K: EHT\u0130YYATDA OLAN MAYOR QUL\u0130YEVA ALMAZ M\u018fH\u018fMM\u018fD QIZI  -62"},"content":{"rendered":"\n<p><strong>&nbsp;&nbsp;&nbsp; Avmvib r\u0259hb\u0259rliyi, F\u0259dai. az kolektivi v\u0259 Az\u0259rbaycan V\u0259t\u0259n M\u00fcharib\u0259si Veteranlar\u0131 \u0130ctimai Birliyinin s\u0259dr m\u00fcavini polkovnik Salman Musayev ehtiyyatda olan&nbsp; mayor Quliyeva Almaz M\u0259h\u0259mm\u0259d q\u0131z\u0131n\u0131 do\u011fum g\u00fcn\u00fc munasb\u0259til\u0259&nbsp; s\u0259mimi q\u0259lbd\u0259n t\u0259brik edir, h\u0259yatda insan \u00fc\u00e7\u00fcn \u0259n \u015firin neym\u0259t olan m\u00f6hk\u0259m can sa\u011fl\u0131\u011f\u0131 v\u0259 h\u0259yat yollarinda bitib &#8212; t\u00fck\u0259nm\u0259y\u0259n nailiyy\u0259tl\u0259r arzulay\u0131r.<\/strong><\/p>\n\n\n\n<p><strong>&nbsp;&nbsp;&nbsp; &nbsp;Qoy ya\u015f\u0131n\u0131n \u00fcst\u0259 g\u0259l\u0259n bu ya\u015f ona sevinc dolu g\u00fcnl\u0259r b\u0259x\u015f etsin, h\u0259r yeni g\u00fcn\u00fc is\u0259 \u00f6t\u0259n g\u00fcnl\u0259rd\u0259n daha g\u00f6z\u0259l kecsin. Amin!<\/strong><\/p>\n\n\n\n<p>\u00a0\u00a0 Mayor Quliyeva Almaz M\u0259h\u0259mm\u0259d q\u0131z\u0131 27 avqust\u00a0 1959 -cu ild\u0259\u00a0 T\u0259rt\u0259r rayonunun Qarada\u011fl\u0131 k\u0259ndind\u0259 anadan olmu\u015fdur.<\/p>\n\n\n\n<p>\u00a0 Mayor Quliyeva Almaz M\u0259h\u0259mm\u0259d q\u0131z\u0131 ,1966-ci ild\u0259 T\u0259rt\u0259r rayonun Qarada\u011fl\u0131 k\u0259nd orta m\u0259kt\u0259binin birinci sinfin\u0259 getmi\u015f, 1976 ci ild\u0259 h\u0259min m\u0259kt\u0259bi,1982- ci ild\u0259 is\u0259\u00a0 Bak\u0131 \u015f\u0259h\u0259rind\u0259 Xarici Dill\u0259r \u00dcniverstetini bitirib.<\/p>\n\n\n\n<figure class=\"wp-block-gallery columns-2 is-cropped wp-block-gallery-1 is-layout-flex wp-block-gallery-is-layout-flex\"><ul class=\"blocks-gallery-grid\"><li class=\"blocks-gallery-item\"><figure><img loading=\"lazy\" decoding=\"async\" width=\"740\" height=\"1024\" src=\"https:\/\/fedai.az\/wp-content\/uploads\/2021\/08\/240776015_534219924497384_211413175373206075_n-740x1024.jpg\" alt=\"\" data-id=\"46634\" data-link=\"https:\/\/fedai.az\/?attachment_id=46634\" class=\"wp-image-46634\" srcset=\"https:\/\/fedai.az\/wp-content\/uploads\/2021\/08\/240776015_534219924497384_211413175373206075_n-740x1024.jpg 740w, https:\/\/fedai.az\/wp-content\/uploads\/2021\/08\/240776015_534219924497384_211413175373206075_n-217x300.jpg 217w, https:\/\/fedai.az\/wp-content\/uploads\/2021\/08\/240776015_534219924497384_211413175373206075_n-108x150.jpg 108w, https:\/\/fedai.az\/wp-content\/uploads\/2021\/08\/240776015_534219924497384_211413175373206075_n-768x1062.jpg 768w, https:\/\/fedai.az\/wp-content\/uploads\/2021\/08\/240776015_534219924497384_211413175373206075_n.jpg 828w\" sizes=\"auto, (max-width: 740px) 100vw, 740px\" \/><\/figure><\/li><li class=\"blocks-gallery-item\"><figure><img loading=\"lazy\" decoding=\"async\" width=\"655\" height=\"1024\" src=\"https:\/\/fedai.az\/wp-content\/uploads\/2021\/08\/b6-6-655x1024.jpg\" alt=\"\" data-id=\"46635\" data-full-url=\"https:\/\/fedai.az\/wp-content\/uploads\/2021\/08\/b6-6.jpg\" data-link=\"https:\/\/fedai.az\/?attachment_id=46635\" class=\"wp-image-46635\" srcset=\"https:\/\/fedai.az\/wp-content\/uploads\/2021\/08\/b6-6-655x1024.jpg 655w, https:\/\/fedai.az\/wp-content\/uploads\/2021\/08\/b6-6-192x300.jpg 192w, https:\/\/fedai.az\/wp-content\/uploads\/2021\/08\/b6-6-96x150.jpg 96w, https:\/\/fedai.az\/wp-content\/uploads\/2021\/08\/b6-6-768x1201.jpg 768w, https:\/\/fedai.az\/wp-content\/uploads\/2021\/08\/b6-6.jpg 899w\" sizes=\"auto, (max-width: 655px) 100vw, 655px\" \/><\/figure><\/li><\/ul><\/figure>\n\n\n\n<p>&nbsp;&nbsp; O,1982-1991-ci ill\u0259rd\u0259 orta m\u0259kt\u0259bd\u0259 m\u00fc\u0259llim, Az\u0259rbaycan Milli Elml\u0259r akademiyas\u0131nda is\u0259 Kad\u0131rlar \u015f\u00f6b\u0259sinin inspektoru v\u0259 ba\u015f inispektoru v\u0259zif\u0259l\u0259rind\u0259 i\u015fl\u0259mi\u015fdir.<\/p>\n\n\n\n<p>&nbsp;&nbsp; Almaz Quliyeva Daxili \u0130\u015fl\u0259r Nazirliyinin&nbsp; Daxili Qo\u015funlar\u0131n Ba\u015f idar\u0259sind\u0259 xidm\u0259t ed\u0259n ilk t\u0259cr\u00fcb\u0259li v\u0259 pe\u015f\u0259kar qad\u0131n zabitl\u0259rd\u0259n biri olmu\u015fdur. O,1992 -2013-c\u00fc ill\u0259rd\u0259 Daxili \u0130\u015fl\u0259r Nazirliyinin Daxili Qo\u015funlar\u0131n\u0131n Ba\u015f \u0130dar\u0259sinin Maddi texniki t\u0259minat idar\u0259sinin m\u0259nzil-istismar xidm\u0259tind\u0259 ba\u015f zabit v\u0259zif\u0259sind\u0259 \u015f\u0259r\u0259fl\u0259&nbsp; xidm\u0259t edib.<\/p>\n\n\n\n<p>&nbsp;&nbsp; O, Daxili Qo\u015funlar\u0131n Ba\u015f \u0130dar\u0259sind\u0259 tender, m\u0259nzil -m\u0259i\u015f\u0259t komisiyalar\u0131n\u0131n katibi, qad\u0131nlar \u015furas\u0131n\u0131n is\u0259 s\u0259dr m\u00fcavini kimi ictimai v\u0259zif\u0259l\u0259rin yerin\u0259 yetirilm\u0259sin\u0259 m\u0259suliyy\u0259tl\u0259 yana\u015fm\u0131\u015fd\u0131r.<\/p>\n\n\n\n<p>&nbsp;&nbsp; Almaz Xanim Az\u0259rbaycan Respublikas\u0131 Konstitusiyas\u0131na v\u0259 qanunlar\u0131na, h\u0259rbi and\u0131n, h\u0259rbi nizamnam\u0259l\u0259rin, Daxili Qo\u015funlar\u0131n Bas \u0130dar\u0259sinin maddi texniki t\u0259minat idar\u0259si \u00fczr\u0259 \u0259sanam\u0259 v\u0259 t\u0259limtlar\u0131n&nbsp; t\u0259l\u0259bl\u0259rin\u0259 v\u0259 v\u0259zif\u0259 borcuna \u0259m\u0259l etm\u0259kd\u0259 b\u00fctun \u015f\u0259xsi hey\u0259t\u0259 n\u00fcmun\u0259 olmu\u015fdur.<\/p>\n\n\n\n<figure class=\"wp-block-image size-large\"><img loading=\"lazy\" decoding=\"async\" width=\"1024\" height=\"768\" src=\"https:\/\/fedai.az\/wp-content\/uploads\/2021\/08\/240819589_429815861736202_8298245865858710960_n-1024x768.jpg\" alt=\"\" class=\"wp-image-46636\" srcset=\"https:\/\/fedai.az\/wp-content\/uploads\/2021\/08\/240819589_429815861736202_8298245865858710960_n-1024x768.jpg 1024w, https:\/\/fedai.az\/wp-content\/uploads\/2021\/08\/240819589_429815861736202_8298245865858710960_n-300x225.jpg 300w, https:\/\/fedai.az\/wp-content\/uploads\/2021\/08\/240819589_429815861736202_8298245865858710960_n-150x113.jpg 150w, https:\/\/fedai.az\/wp-content\/uploads\/2021\/08\/240819589_429815861736202_8298245865858710960_n-768x576.jpg 768w, https:\/\/fedai.az\/wp-content\/uploads\/2021\/08\/240819589_429815861736202_8298245865858710960_n.jpg 1152w\" sizes=\"auto, (max-width: 1024px) 100vw, 1024px\" \/><\/figure>\n\n\n\n<p>&nbsp;&nbsp; Ehtiyyatda olan mayor Almaz Quliyeva s\u0259m\u0259r\u0259li f\u0259aliyy\u0259ti il\u0259, n\u0259z\u0259ri v\u0259 praktiki biliyi il\u0259,&nbsp; i\u015fg\u00fczarl\u0131q v\u0259 m\u0259n\u0259vi&nbsp; keyfiyy\u0259t il\u0259, t\u0259\u015fkilatcl\u0131q bacar\u0131\u011f\u0131 il\u0259,&nbsp; xidm\u0259ti v\u0259zif\u0259l\u0259rinin \u0259la&nbsp; yerin\u0259 yetirilm\u0259si il\u0259 Daxili Qo\u015funlar Komandanl\u0131gn\u0131n daimi diqq\u0259t m\u0259rk\u0259zind\u0259 olmu\u015fdur.<\/p>\n\n\n\n<p>&nbsp;&nbsp;&nbsp;&nbsp; Quliyeva &nbsp;Almaz M\u0259h\u0259mm\u0259d q\u0131z\u0131 1992-ci ild\u0259n&nbsp; 2013-ci il\u0259 kimi&nbsp; Daxili \u0130\u015fl\u0259r &nbsp;Nazirliyinin Daxili Qo\u015funlar\u0131n Ba\u015f idar\u0259sinind\u0259 komandir v\u0259 ixtisas&nbsp; haz\u0131rl\u0131\u011f\u0131 \u00fczr\u0259 ke\u00e7iril\u0259n b\u00fct\u00fcn m\u0259\u015f\u011f\u0259l\u0259l\u0259rd\u0259 seminarlarda v\u0259 yekun yoxlamalarda \u0259la qiym\u0259tl\u0259r ald\u0131g\u0131na g\u00f6r\u0259 Daxili Qo\u015funlar Komandan\u0131 v\u0259 onun m\u00fcavinl\u0259ri t\u0259r\u0259find\u0259n h\u0259v\u0259sl\u0259ndirm\u0259 qaydas\u0131nda m\u00fckafatland\u0131rl\u0131b.<\/p>\n\n\n\n<p><strong>&nbsp;&nbsp;&nbsp; O,humanistliyi v\u0259 s\u0259m\u0259r\u0259liliyi il\u0259 se\u00e7il\u0259n \u0259n m\u0259hsuldar d\u00f6vr\u00fcn\u00fcn 30 ild\u0259n cox \u015f\u0259r\u0259fli xidm\u0259t yolunun doqquz ilini t\u0259hsil m\u00fc\u0259ssis\u0259l\u0259rind\u0259 21-ild\u0259n coxunu is\u0259 h\u0259rb\u0131 xidm\u0259td\u0259 ke\u00e7ir\u0259r\u0259k V\u0259t\u0259n\u0259, D\u00f6vl\u0259t\u0259 v\u0259 xalqa s\u0259daq\u0259tl\u0259 xidm\u0259t etmi\u015fdir.<\/strong><\/p>\n\n\n\n<figure class=\"wp-block-image size-large\"><img loading=\"lazy\" decoding=\"async\" width=\"1024\" height=\"768\" src=\"https:\/\/fedai.az\/wp-content\/uploads\/2021\/08\/240725245_204532825036868_9085692148747966388_n-1024x768.jpg\" alt=\"\" class=\"wp-image-46637\" srcset=\"https:\/\/fedai.az\/wp-content\/uploads\/2021\/08\/240725245_204532825036868_9085692148747966388_n-1024x768.jpg 1024w, https:\/\/fedai.az\/wp-content\/uploads\/2021\/08\/240725245_204532825036868_9085692148747966388_n-300x225.jpg 300w, https:\/\/fedai.az\/wp-content\/uploads\/2021\/08\/240725245_204532825036868_9085692148747966388_n-150x113.jpg 150w, https:\/\/fedai.az\/wp-content\/uploads\/2021\/08\/240725245_204532825036868_9085692148747966388_n-768x576.jpg 768w, https:\/\/fedai.az\/wp-content\/uploads\/2021\/08\/240725245_204532825036868_9085692148747966388_n.jpg 1280w\" sizes=\"auto, (max-width: 1024px) 100vw, 1024px\" \/><\/figure>\n\n\n\n<p>&nbsp;&nbsp;&nbsp;&nbsp; Ehtiyyatda olan mayor Quliyeva Almaz M\u0259h\u0259mm\u0259d q\u0131z\u0131&nbsp; Daxili \u0130\u015fl\u0259r Nazirliyinin Daxili Qo\u015funlar\u0131n\u0131n Bas \u0130dar\u0259sind\u0259,&nbsp; Az\u0259rbaycan Milli Elml\u0259r Akademiyas\u0131nda&nbsp; i\u015fl\u0259diyi m\u00fcdd\u0259td\u0259 \u00fcz\u0259rin\u0259 d\u00fcs\u0259n v\u0259zif\u0259l\u0259rin yerin\u0259 yetirilm\u0259sind\u0259 x\u00fcsusi f\u0259riql\u0259ndiyin\u0259 g\u00f6r\u0259 O, Daxili \u0130\u015fl\u0259r Nazirin , Daxili Qo\u015funlar\u0131n Komandan\u0131n v\u0259 onun m\u00fcavinl\u0259rinin, Az\u0259rbaycan Elml\u0259r Akademiyas\u0131n\u0131n r\u0259hb\u0259rliyinin m\u00fcvafiq \u0259mrl\u0259ri il\u0259 bir sira medallarla&#187; \u0259la xidm\u0259tl\u0259r\u0259 g\u00f6r\u0259&#187; v\u0259 &#171;yubiley &#171;d\u00f6\u015f nisanlar\u0131 il\u0259, f\u0259xri f\u0259rmanlarla, pul m\u00fckafatlar\u0131 il\u0259, qiym\u0259tli h\u0259diyy\u0259l\u0259rl\u0259 m\u00fckafatland\u0131rl\u0131b v\u0259 ona t\u0259\u015f\u0259kk\u00fcr elan edilib.<\/p>\n\n\n\n<figure class=\"wp-block-image size-large is-resized\"><img loading=\"lazy\" decoding=\"async\" src=\"https:\/\/fedai.az\/wp-content\/uploads\/2021\/08\/b3-1.jpg\" alt=\"\" class=\"wp-image-46638\" width=\"888\" height=\"584\" srcset=\"https:\/\/fedai.az\/wp-content\/uploads\/2021\/08\/b3-1.jpg 473w, https:\/\/fedai.az\/wp-content\/uploads\/2021\/08\/b3-1-300x197.jpg 300w, https:\/\/fedai.az\/wp-content\/uploads\/2021\/08\/b3-1-150x99.jpg 150w\" sizes=\"auto, (max-width: 888px) 100vw, 888px\" \/><\/figure>\n\n\n\n<p>&nbsp;&nbsp;&nbsp; <strong>Az\u0259rbaycan Respublikas\u0131nda ictimai qaydan\u0131n v\u0259 ictimai t\u0259hl\u00fck\u0259sizliyin qorunmasnda, m\u00fct\u0259\u015f\u0259kkil cinay\u0259tkarl\u0131qla, terror\u00e7uluga v\u0259 dig\u0259r t\u0259hl\u00fck\u0259li cinay\u0259tl\u0259r\u0259 qar\u015f\u0131 m\u00fcbariz\u0259d\u0259 x\u00fcsusi il\u0259 f\u0259riql\u0259ndiyin\u0259 g\u00f6r\u0259 Az\u0259rbaycan Respublikas\u0131n\u0131n Prez\u0131dent\u0131n\u0131n m\u00fcvafiq s\u0259r\u0259ncam\u0131 il\u0259 2008 -ci ild\u0259 mayor Almaz Quliyeva &#171;H\u0259rbi xidm\u0259tl\u0259rin\u0259 g\u00f6r\u0259 &#187; medalla t\u0259ltif olunub.<\/strong><\/p>\n\n\n\n<p><strong>DO\u011eUM G\u00dcN\u00dcN M\u00dcBAR\u018fK OLSUN<\/strong>, <strong>ALMAZ XAN\u0130M!<\/strong><\/p>\n\n\n\n<p><strong>ALLAH S\u018fN\u0130 B\u00dcT\u00dcN ARZULARINA \u00c7ATDIRSIN.<\/strong><\/p>\n\n\n\n<p><strong>\u00d6MR\u00dcN UZUN OLSUN 100YA\u015eA.<\/strong><\/p>\n\n\n\n<p><strong>DA\u0130MA XO\u015eB\u018fXT V\u018f F\u0130RAVAN YA\u015eA<\/strong>!<\/p>\n\n\n\n<p><strong>D\u0259rin h\u00f6rm\u0259tl\u0259, Az\u0259rbaycan V\u0259t\u0259n M\u00fcharib\u0259si Veteranlar\u0131 \u0130ctimai Birliyinin s\u0259dr m\u00fcavini polkovnik Salman Musayev<\/strong><\/p>\n\n\n\n<figure class=\"wp-block-gallery columns-2 is-cropped wp-block-gallery-2 is-layout-flex wp-block-gallery-is-layout-flex\"><ul class=\"blocks-gallery-grid\"><li class=\"blocks-gallery-item\"><figure><img loading=\"lazy\" decoding=\"async\" width=\"702\" height=\"1024\" src=\"https:\/\/fedai.az\/wp-content\/uploads\/2021\/08\/240671815_915546209308729_2491838609915218843_n-702x1024.jpg\" alt=\"\" data-id=\"46639\" data-link=\"https:\/\/fedai.az\/?attachment_id=46639\" class=\"wp-image-46639\" srcset=\"https:\/\/fedai.az\/wp-content\/uploads\/2021\/08\/240671815_915546209308729_2491838609915218843_n-702x1024.jpg 702w, https:\/\/fedai.az\/wp-content\/uploads\/2021\/08\/240671815_915546209308729_2491838609915218843_n-206x300.jpg 206w, https:\/\/fedai.az\/wp-content\/uploads\/2021\/08\/240671815_915546209308729_2491838609915218843_n-103x150.jpg 103w, https:\/\/fedai.az\/wp-content\/uploads\/2021\/08\/240671815_915546209308729_2491838609915218843_n-768x1120.jpg 768w, https:\/\/fedai.az\/wp-content\/uploads\/2021\/08\/240671815_915546209308729_2491838609915218843_n.jpg 828w\" sizes=\"auto, (max-width: 702px) 100vw, 702px\" \/><\/figure><\/li><li class=\"blocks-gallery-item\"><figure><img loading=\"lazy\" decoding=\"async\" width=\"600\" height=\"600\" src=\"https:\/\/fedai.az\/wp-content\/uploads\/2021\/08\/8265a327389da9fe4fdc2714b309120e-1-2-1.jpg\" alt=\"\" data-id=\"46640\" data-full-url=\"https:\/\/fedai.az\/wp-content\/uploads\/2021\/08\/8265a327389da9fe4fdc2714b309120e-1-2-1.jpg\" data-link=\"https:\/\/fedai.az\/?attachment_id=46640\" class=\"wp-image-46640\" srcset=\"https:\/\/fedai.az\/wp-content\/uploads\/2021\/08\/8265a327389da9fe4fdc2714b309120e-1-2-1.jpg 600w, https:\/\/fedai.az\/wp-content\/uploads\/2021\/08\/8265a327389da9fe4fdc2714b309120e-1-2-1-300x300.jpg 300w, https:\/\/fedai.az\/wp-content\/uploads\/2021\/08\/8265a327389da9fe4fdc2714b309120e-1-2-1-150x150.jpg 150w, https:\/\/fedai.az\/wp-content\/uploads\/2021\/08\/8265a327389da9fe4fdc2714b309120e-1-2-1-215x215.jpg 215w\" sizes=\"auto, (max-width: 600px) 100vw, 600px\" \/><\/figure><\/li><\/ul><\/figure>\n","protected":false},"excerpt":{"rendered":"<p>&nbsp;&nbsp;&nbsp; Avmvib r\u0259hb\u0259rliyi, F\u0259dai. az kolektivi v\u0259 Az\u0259rbaycan V\u0259t\u0259n M\u00fcharib\u0259si Veteranlar\u0131 \u0130ctimai Birliyinin s\u0259dr m\u00fcavini polkovnik Salman Musayev ehtiyyatda olan&nbsp; mayor Quliyeva Almaz M\u0259h\u0259mm\u0259d<\/p>\n","protected":false},"author":2,"featured_media":46641,"comment_status":"closed","ping_status":"closed","sticky":false,"template":"","format":"standard","meta":{"footnotes":""},"categories":[5],"tags":[],"class_list":["post-46633","post","type-post","status-publish","format-standard","has-post-thumbnail","hentry","category-veteran"],"aioseo_notices":[],"_links":{"self":[{"href":"https:\/\/fedai.az\/index.php?rest_route=\/wp\/v2\/posts\/46633","targetHints":{"allow":["GET"]}}],"collection":[{"href":"https:\/\/fedai.az\/index.php?rest_route=\/wp\/v2\/posts"}],"about":[{"href":"https:\/\/fedai.az\/index.php?rest_route=\/wp\/v2\/types\/post"}],"author":[{"embeddable":true,"href":"https:\/\/fedai.az\/index.php?rest_route=\/wp\/v2\/users\/2"}],"replies":[{"embeddable":true,"href":"https:\/\/fedai.az\/index.php?rest_route=%2Fwp%2Fv2%2Fcomments&post=46633"}],"version-history":[{"count":1,"href":"https:\/\/fedai.az\/index.php?rest_route=\/wp\/v2\/posts\/46633\/revisions"}],"predecessor-version":[{"id":46642,"href":"https:\/\/fedai.az\/index.php?rest_route=\/wp\/v2\/posts\/46633\/revisions\/46642"}],"wp:featuredmedia":[{"embeddable":true,"href":"https:\/\/fedai.az\/index.php?rest_route=\/wp\/v2\/media\/46641"}],"wp:attachment":[{"href":"https:\/\/fedai.az\/index.php?rest_route=%2Fwp%2Fv2%2Fmedia&parent=46633"}],"wp:term":[{"taxonomy":"category","embeddable":true,"href":"https:\/\/fedai.az\/index.php?rest_route=%2Fwp%2Fv2%2Fcategories&post=46633"},{"taxonomy":"post_tag","embeddable":true,"href":"https:\/\/fedai.az\/index.php?rest_route=%2Fwp%2Fv2%2Ftags&post=46633"}],"curies":[{"name":"wp","href":"https:\/\/api.w.org\/{rel}","templated":true}]}}