{"id":46650,"date":"2021-08-28T00:11:14","date_gmt":"2021-08-27T20:11:14","guid":{"rendered":"https:\/\/fedai.az\/?p=46650"},"modified":"2021-08-28T00:11:18","modified_gmt":"2021-08-27T20:11:18","slug":"mehriban-%c9%99liyeva-az%c9%99rbaycan-xalqina-t%c9%99s%c9%99kkur-etdi","status":"publish","type":"post","link":"https:\/\/fedai.az\/?p=46650","title":{"rendered":"Mehriban \u018fliyeva Az\u0259rbaycan xalq\u0131na t\u0259\u015f\u0259kk\u00fcr etdi"},"content":{"rendered":"\n<p><strong>Az\u0259rbaycan Respublikas\u0131n\u0131n Birinci vitse-prezidenti Mehriban \u018fliyeva ad g\u00fcn\u00fc m\u00fcnasib\u0259til\u0259 onu t\u0259brik ed\u0259nl\u0259r\u0259 t\u0259\u015f\u0259kk\u00fcr\u00fcn\u00fc bildirib.<\/strong><\/p>\n\n\n\n<p><br>M.\u018fliyeva bununla ba\u011fl\u0131 &#171;\u0130nstagram&#187; s\u0259hif\u0259sind\u0259 payla\u015f\u0131m edib.<\/p>\n\n\n\n<p><br><strong>Payla\u015f\u0131mda deyilir:<\/strong><\/p>\n\n\n\n<p><strong><br>&#171;H\u00f6rm\u0259tli bac\u0131lar v\u0259 qarda\u015flar!<\/strong><br><strong>\u018fziz dostlar!<\/strong><\/p>\n\n\n\n<p><br>Ad g\u00fcn\u00fcm m\u00fcnasib\u0259til\u0259 t\u0259brikl\u0259r\u0259, g\u00f6z\u0259l v\u0259 xo\u015f arzulara g\u00f6r\u0259 siz\u0259 s\u0259mimi-q\u0259lbd\u0259n t\u0259\u015f\u0259kk\u00fcr edir\u0259m. Sizin diqq\u0259tiniz, qay\u011f\u0131 v\u0259 d\u0259st\u0259yiniz m\u0259nim \u00fc\u00e7\u00fcn \u00e7ox d\u0259y\u0259rlidir. Sevginiz\u0259, s\u0259mimiyy\u0259tiniz\u0259, h\u00f6rm\u0259tiniz\u0259 v\u0259 inam\u0131n\u0131za g\u00f6r\u0259 \u00e7ox sa\u011f olun. D\u0259rind\u0259n hiss etdiyim, m\u0259ni ilhamland\u0131ran v\u0259 h\u0259r zaman m\u0259n\u0259 k\u00f6m\u0259k olan q\u0259lbl\u0259rinizin istisini m\u0259n\u0259 b\u0259x\u015f etdiyiniz \u00fc\u00e7\u00fcn h\u0259r biriniz\u0259 minn\u0259tdaram. Ulu Tanr\u0131dan h\u0259r biriniz\u0259 m\u00f6hk\u0259m cansa\u011fl\u0131\u011f\u0131, uzun \u00f6m\u00fcr v\u0259 xo\u015fb\u0259xtlik dil\u0259yir\u0259m. Qoy Uca Allah Az\u0259rbaycan xalq\u0131n\u0131 v\u0259 bizim do\u011fma V\u0259t\u0259nimizi qorusun!<\/p>\n\n\n\n<p><br><strong>Sevgil\u0259rl\u0259,Sizin MEHR\u0130BAN&#187;<\/strong><\/p>\n","protected":false},"excerpt":{"rendered":"<p>Az\u0259rbaycan Respublikas\u0131n\u0131n Birinci vitse-prezidenti Mehriban \u018fliyeva ad g\u00fcn\u00fc m\u00fcnasib\u0259til\u0259 onu t\u0259brik ed\u0259nl\u0259r\u0259 t\u0259\u015f\u0259kk\u00fcr\u00fcn\u00fc bildirib. M.\u018fliyeva bununla ba\u011fl\u0131 &#171;\u0130nstagram&#187; s\u0259hif\u0259sind\u0259 payla\u015f\u0131m edib. Payla\u015f\u0131mda deyilir: &#171;H\u00f6rm\u0259tli<\/p>\n","protected":false},"author":2,"featured_media":46435,"comment_status":"closed","ping_status":"closed","sticky":false,"template":"","format":"standard","meta":{"footnotes":""},"categories":[3],"tags":[],"class_list":["post-46650","post","type-post","status-publish","format-standard","has-post-thumbnail","hentry","category-gundm"],"aioseo_notices":[],"_links":{"self":[{"href":"https:\/\/fedai.az\/index.php?rest_route=\/wp\/v2\/posts\/46650","targetHints":{"allow":["GET"]}}],"collection":[{"href":"https:\/\/fedai.az\/index.php?rest_route=\/wp\/v2\/posts"}],"about":[{"href":"https:\/\/fedai.az\/index.php?rest_route=\/wp\/v2\/types\/post"}],"author":[{"embeddable":true,"href":"https:\/\/fedai.az\/index.php?rest_route=\/wp\/v2\/users\/2"}],"replies":[{"embeddable":true,"href":"https:\/\/fedai.az\/index.php?rest_route=%2Fwp%2Fv2%2Fcomments&post=46650"}],"version-history":[{"count":1,"href":"https:\/\/fedai.az\/index.php?rest_route=\/wp\/v2\/posts\/46650\/revisions"}],"predecessor-version":[{"id":46651,"href":"https:\/\/fedai.az\/index.php?rest_route=\/wp\/v2\/posts\/46650\/revisions\/46651"}],"wp:featuredmedia":[{"embeddable":true,"href":"https:\/\/fedai.az\/index.php?rest_route=\/wp\/v2\/media\/46435"}],"wp:attachment":[{"href":"https:\/\/fedai.az\/index.php?rest_route=%2Fwp%2Fv2%2Fmedia&parent=46650"}],"wp:term":[{"taxonomy":"category","embeddable":true,"href":"https:\/\/fedai.az\/index.php?rest_route=%2Fwp%2Fv2%2Fcategories&post=46650"},{"taxonomy":"post_tag","embeddable":true,"href":"https:\/\/fedai.az\/index.php?rest_route=%2Fwp%2Fv2%2Ftags&post=46650"}],"curies":[{"name":"wp","href":"https:\/\/api.w.org\/{rel}","templated":true}]}}