{"id":46654,"date":"2021-08-28T00:21:55","date_gmt":"2021-08-27T20:21:55","guid":{"rendered":"https:\/\/fedai.az\/?p=46654"},"modified":"2021-08-28T11:59:47","modified_gmt":"2021-08-28T07:59:47","slug":"susada-h%c9%99rbcimiz-s%c9%99hid-oldu","status":"publish","type":"post","link":"https:\/\/fedai.az\/?p=46654","title":{"rendered":"\u015eu\u015fada h\u0259rb\u00e7imiz h\u0259lak olub"},"content":{"rendered":"\n<p><strong>D\u00fc\u015fm\u0259n n\u00f6vb\u0259ti d\u0259f\u0259 t\u0259xribata \u0259l at\u0131b.<\/strong><\/p>\n\n\n\n<p>Unikal.org-un verdiyi x\u0259b\u0259r\u0259 g\u00f6r\u0259, \u015eu\u015fa \u015f\u0259h\u0259ri istiqam\u0259tind\u0259\u00a0H\u0259ziyev \u00c7ingiz \u015f\u0259hid olub.<\/p>\n\n\n\n<p>Qeyd ed\u0259k ki, H\u0259ziyev \u00c7ingiz Astara rayonun S\u0259r\u0259k k\u0259ndind\u0259 anadan olub.<\/p>\n\n\n\n<p><strong>Allah r\u0259hm\u0259t el\u0259sin!<\/strong><\/p>\n\n\n\n<p>M\u0259s\u0259l\u0259y\u0259 M\u00fcdafi\u0259 Nazirliyi gecikmi\u015f bir m\u00fcnasib\u0259t bildirib. Y\u0259ni h\u0259mi\u015f\u0259ki kimi yanl\u0131\u015f informasiyadan sonra a\u00e7\u0131qlama yay\u0131b. Amma yen\u0259 unudub ki, yanl\u0131\u015f informasiyan\u0131n yay\u0131lmas\u0131n\u0131n s\u0259b\u0259bkar\u0131 K\u0130V-l\u0259r deyil, el\u0259 MN &#8212; nin \u00f6z\u00fcd\u00fcr.<\/p>\n\n\n\n<p>MN x\u0259b\u0259r verir: <strong>B\u0259zi K\u0130V-d\u0259 v\u0259 sosial \u015f\u0259b\u0259k\u0259l\u0259rd\u0259 \u015eu\u015fa \u015f\u0259h\u0259ri istiqam\u0259tind\u0259 h\u0259rbi qulluq\u00e7umuzun \u015f\u0259hid olmas\u0131 il\u0259 ba\u011fl\u0131 qeyri-d\u0259qiq m\u0259lumat yay\u0131l\u0131b.<\/strong><\/p>\n\n\n\n<p>Bu bar\u0259d\u0259 Qazet.az-a M\u00fcdafi\u0259 Nazirliyind\u0259n bildirilib.<\/p>\n\n\n\n<p>Bildiririk ki, \u0259sg\u0259r H\u0259ziyev \u00c7ingiz Ramin o\u011flu xidm\u0259t etdiyi h\u0259rbi hiss\u0259d\u0259 ba\u015f vermi\u015f b\u0259db\u0259xt hadis\u0259 n\u0259tic\u0259sind\u0259 h\u0259lak olub.<\/p>\n\n\n\n<p>\u0130lkin ara\u015fd\u0131rmalara g\u00f6r\u0259, h\u0259rbi qulluq\u00e7u intihar edib v\u0259 buna s\u0259b\u0259b ail\u0259-m\u0259i\u015f\u0259t probleml\u0259ri olub. M\u00fcdafi\u0259 Nazirliyi etik qaydalara riay\u0259t ed\u0259r\u0259k hadis\u0259nin t\u0259f\u0259rr\u00fcatlar\u0131n\u0131 a\u00e7\u0131qlam\u0131r.<\/p>\n\n\n\n<p>Haz\u0131rda faktla ba\u011fl\u0131 cinay\u0259t i\u015fi ba\u015flan\u0131l\u0131b, ara\u015fd\u0131rma apar\u0131l\u0131r.<\/p>\n\n\n\n<p>M\u00fcdafi\u0259 Nazirliyi bildirir ki, b\u0259zi K\u0130V-l\u0259r h\u0259qiq\u0259ti kobud \u015f\u0259kild\u0259 t\u0259hrif ed\u0259r\u0259k ictimaiyy\u0259ti \u00e7a\u015fd\u0131r\u0131r v\u0259 bununla da d\u00fc\u015fm\u0259nin maraqlar\u0131na xidm\u0259t etmi\u015f olur.<\/p>\n\n\n\n<p>Bir daha d\u0259qiql\u0259\u015fdirilm\u0259mi\u015f m\u0259lumatlar\u0131n yay\u0131lmas\u0131n\u0131n yolverilm\u0259zliyini diqq\u0259t\u0259 \u00e7atd\u0131r\u0131r\u0131q.<\/p>\n\n\n\n<figure class=\"wp-block-gallery columns-3 is-cropped wp-block-gallery-1 is-layout-flex wp-block-gallery-is-layout-flex\"><ul class=\"blocks-gallery-grid\"><li class=\"blocks-gallery-item\"><figure><img loading=\"lazy\" decoding=\"async\" width=\"225\" height=\"300\" src=\"https:\/\/fedai.az\/wp-content\/uploads\/2021\/08\/1630088677_shehid1-1-225x300-1.jpg\" alt=\"\" data-id=\"46655\" data-link=\"https:\/\/fedai.az\/?attachment_id=46655\" class=\"wp-image-46655\" srcset=\"https:\/\/fedai.az\/wp-content\/uploads\/2021\/08\/1630088677_shehid1-1-225x300-1.jpg 225w, https:\/\/fedai.az\/wp-content\/uploads\/2021\/08\/1630088677_shehid1-1-225x300-1-113x150.jpg 113w\" sizes=\"auto, (max-width: 225px) 100vw, 225px\" \/><\/figure><\/li><li class=\"blocks-gallery-item\"><figure><img loading=\"lazy\" decoding=\"async\" width=\"225\" height=\"300\" src=\"https:\/\/fedai.az\/wp-content\/uploads\/2021\/08\/1630088677_shehids-225x300-1.jpg\" alt=\"\" data-id=\"46657\" data-link=\"https:\/\/fedai.az\/?attachment_id=46657\" class=\"wp-image-46657\" srcset=\"https:\/\/fedai.az\/wp-content\/uploads\/2021\/08\/1630088677_shehids-225x300-1.jpg 225w, https:\/\/fedai.az\/wp-content\/uploads\/2021\/08\/1630088677_shehids-225x300-1-113x150.jpg 113w\" sizes=\"auto, (max-width: 225px) 100vw, 225px\" \/><\/figure><\/li><li class=\"blocks-gallery-item\"><figure><img loading=\"lazy\" decoding=\"async\" width=\"675\" height=\"450\" src=\"https:\/\/fedai.az\/wp-content\/uploads\/2021\/08\/1630089420-750-450-1.jpg\" alt=\"\" data-id=\"46659\" data-full-url=\"https:\/\/fedai.az\/wp-content\/uploads\/2021\/08\/1630089420-750-450-1.jpg\" data-link=\"https:\/\/fedai.az\/?attachment_id=46659\" class=\"wp-image-46659\" srcset=\"https:\/\/fedai.az\/wp-content\/uploads\/2021\/08\/1630089420-750-450-1.jpg 675w, https:\/\/fedai.az\/wp-content\/uploads\/2021\/08\/1630089420-750-450-1-300x200.jpg 300w, https:\/\/fedai.az\/wp-content\/uploads\/2021\/08\/1630089420-750-450-1-150x100.jpg 150w\" sizes=\"auto, (max-width: 675px) 100vw, 675px\" \/><\/figure><\/li><\/ul><\/figure>\n","protected":false},"excerpt":{"rendered":"<p>D\u00fc\u015fm\u0259n n\u00f6vb\u0259ti d\u0259f\u0259 t\u0259xribata \u0259l at\u0131b. Unikal.org-un verdiyi x\u0259b\u0259r\u0259 g\u00f6r\u0259, \u015eu\u015fa \u015f\u0259h\u0259ri istiqam\u0259tind\u0259\u00a0H\u0259ziyev \u00c7ingiz \u015f\u0259hid olub. Qeyd ed\u0259k ki, H\u0259ziyev \u00c7ingiz Astara rayonun S\u0259r\u0259k<\/p>\n","protected":false},"author":2,"featured_media":46656,"comment_status":"closed","ping_status":"closed","sticky":false,"template":"","format":"standard","meta":{"footnotes":""},"categories":[4],"tags":[],"class_list":["post-46654","post","type-post","status-publish","format-standard","has-post-thumbnail","hentry","category-qarabag"],"aioseo_notices":[],"_links":{"self":[{"href":"https:\/\/fedai.az\/index.php?rest_route=\/wp\/v2\/posts\/46654","targetHints":{"allow":["GET"]}}],"collection":[{"href":"https:\/\/fedai.az\/index.php?rest_route=\/wp\/v2\/posts"}],"about":[{"href":"https:\/\/fedai.az\/index.php?rest_route=\/wp\/v2\/types\/post"}],"author":[{"embeddable":true,"href":"https:\/\/fedai.az\/index.php?rest_route=\/wp\/v2\/users\/2"}],"replies":[{"embeddable":true,"href":"https:\/\/fedai.az\/index.php?rest_route=%2Fwp%2Fv2%2Fcomments&post=46654"}],"version-history":[{"count":3,"href":"https:\/\/fedai.az\/index.php?rest_route=\/wp\/v2\/posts\/46654\/revisions"}],"predecessor-version":[{"id":46735,"href":"https:\/\/fedai.az\/index.php?rest_route=\/wp\/v2\/posts\/46654\/revisions\/46735"}],"wp:featuredmedia":[{"embeddable":true,"href":"https:\/\/fedai.az\/index.php?rest_route=\/wp\/v2\/media\/46656"}],"wp:attachment":[{"href":"https:\/\/fedai.az\/index.php?rest_route=%2Fwp%2Fv2%2Fmedia&parent=46654"}],"wp:term":[{"taxonomy":"category","embeddable":true,"href":"https:\/\/fedai.az\/index.php?rest_route=%2Fwp%2Fv2%2Fcategories&post=46654"},{"taxonomy":"post_tag","embeddable":true,"href":"https:\/\/fedai.az\/index.php?rest_route=%2Fwp%2Fv2%2Ftags&post=46654"}],"curies":[{"name":"wp","href":"https:\/\/api.w.org\/{rel}","templated":true}]}}