{"id":46661,"date":"2021-08-28T01:42:35","date_gmt":"2021-08-27T21:42:35","guid":{"rendered":"https:\/\/fedai.az\/?p=46661"},"modified":"2021-08-28T02:09:27","modified_gmt":"2021-08-27T22:09:27","slug":"gorus-qafan-yolu-niy%c9%99-baglanmisdi-v%c9%99-niy%c9%99-acildi","status":"publish","type":"post","link":"https:\/\/fedai.az\/?p=46661","title":{"rendered":"Gorus-Qafan yolu niy\u0259 ba\u011flanm\u0131\u015fd\u0131 v\u0259 niy\u0259 a\u00e7\u0131ld\u0131?"},"content":{"rendered":"\n<p><strong>&#171;Z\u0259ng\u0259zur b\u00f6lg\u0259sind\u0259n ke\u00e7\u0259n Gorus-Qafan avtomobil yolu a\u00e7\u0131l\u0131b&#187;.<\/strong><\/p>\n\n\n\n<p><strong>Az\u0259rbaycan medias\u0131&nbsp;yaz\u0131r ki, bu bar\u0259d\u0259&nbsp;S\u00fcnikin (Z\u0259ng\u0259zur) qubernator m\u00fcavini Narek Babayan \u201cFacebook\u201d s\u0259hif\u0259sind\u0259 yaz\u0131b.<\/strong><\/p>\n\n\n\n<p><strong>Erm\u0259ni K\u0130V-l\u0259ri&nbsp;yaz\u0131r ki,&nbsp;Az\u0259rbaycan yolda ziqzaqvari bloklar qurmaq \u015f\u0259rtil\u0259 yolun a\u00e7\u0131lmas\u0131na raz\u0131l\u0131q verib.<\/strong><\/p>\n\n\n\n<p>Erm\u0259nistan t\u0259r\u0259finin iddias\u0131na g\u00f6r\u0259, az\u0259rbaycanl\u0131 h\u0259rb\u00e7il\u0259r avqustun 25-i gec\u0259 saat 23:00-dan etibar\u0259n Gorus-Qafan avtomobil yolunu iki yerd\u0259n ba\u011flay\u0131blar.&nbsp;Bu, Qafan-Gorus yolunda az\u0259rbaycanl\u0131 s\u0259rh\u0259d\u00e7iy\u0259 edil\u0259n h\u00fccumdan sonra ba\u015f verib. Erm\u0259nistan t\u0259r\u0259fi bildirir ki, Gorus-Qafan avtomobil yolu Erm\u0259nistan-\u0130ran s\u0259rh\u0259din\u0259 \u00e7\u0131xd\u0131\u011f\u0131ndan n\u0259inki regional, h\u0259m d\u0259 d\u00f6vl\u0259tl\u0259raras\u0131 \u0259h\u0259miyy\u0259t\u0259 malikdir. H\u0259m\u00e7inin&nbsp;qeyd olunub ki, d\u00fcn\u0259n Tehran-\u0130r\u0259van-Tehran mar\u015frutu il\u0259 h\u0259r\u0259k\u0259t ed\u0259n s\u0259rni\u015fin avtobuslar\u0131n\u0131n reysl\u0259ri l\u0259\u011fv edilib.<\/p>\n\n\n\n<figure class=\"wp-block-image size-large is-resized\"><img loading=\"lazy\" decoding=\"async\" src=\"https:\/\/fedai.az\/wp-content\/uploads\/2021\/08\/1630073518_serhed.jpg\" alt=\"\" class=\"wp-image-46662\" width=\"884\" height=\"555\" srcset=\"https:\/\/fedai.az\/wp-content\/uploads\/2021\/08\/1630073518_serhed.jpg 637w, https:\/\/fedai.az\/wp-content\/uploads\/2021\/08\/1630073518_serhed-300x188.jpg 300w, https:\/\/fedai.az\/wp-content\/uploads\/2021\/08\/1630073518_serhed-150x94.jpg 150w, https:\/\/fedai.az\/wp-content\/uploads\/2021\/08\/1630073518_serhed-115x73.jpg 115w\" sizes=\"auto, (max-width: 884px) 100vw, 884px\" \/><\/figure>\n\n\n\n<p>\u201cArmdaily\u201dnin m\u0259lumat\u0131na g\u00f6r\u0259, Az\u0259rbaycan yolda ziqzaqvari bloklar qurmaq \u015f\u0259rti ir\u0259li s\u00fcr\u00fcb.<\/p>\n\n\n\n<p>R\u0259smi olaraq is\u0259, Erm\u0259nistan\u0131n Ba\u015f naziri N. Pa\u015finyan\u0131n fikirl\u0259rini politoloq Stepan Danilyan bel\u0259 \u015f\u0259rh edib: &#171;T\u0259l\u0259b yerin\u0259 yetirilib v\u0259 ba\u015f nazir Nikol Pa\u015finyan h\u00f6kum\u0259tin iclas\u0131nda b\u0259yan edib ki, 21 kilometr Az\u0259rbaycan\u0131n \u0259razisidir. Eyni zamanda, o iki k\u0259ndin Az\u0259rbaycan adlar\u0131n\u0131 \u00e7\u0259kib. Dan\u0131\u015f\u0131qlarda t\u0259l\u0259bl\u0259rd\u0259n biri bu idi v\u0259 Erm\u0259nistan r\u0259smi olaraq bunu q\u0259bul etdi. Proses \u0259slind\u0259 Erm\u0259nistan-Az\u0259rbaycan s\u0259rh\u0259dinin o hiss\u0259sinin demarkasiyas\u0131 \u0259m\u0259liyyat\u0131 idi\u201d.<\/p>\n\n\n\n<p>Qeyd olunub ki, Pa\u015finyan \u00e7\u0131x\u0131\u015f\u0131nda i\u015f\u011faldan azad olunmu\u015f Qubadl\u0131 rayonunun Eyvazl\u0131 v\u0259 \u00c7ayz\u0259mi k\u0259ndl\u0259rinin adlar\u0131n\u0131 Az\u0259rbaycan toponiml\u0259ri il\u0259 s\u0259sl\u0259ndirib.<\/p>\n\n\n\n<figure class=\"wp-block-image size-large\"><img loading=\"lazy\" decoding=\"async\" width=\"720\" height=\"691\" src=\"https:\/\/fedai.az\/wp-content\/uploads\/2021\/08\/s0-1.jpg\" alt=\"\" class=\"wp-image-46666\" srcset=\"https:\/\/fedai.az\/wp-content\/uploads\/2021\/08\/s0-1.jpg 720w, https:\/\/fedai.az\/wp-content\/uploads\/2021\/08\/s0-1-300x288.jpg 300w, https:\/\/fedai.az\/wp-content\/uploads\/2021\/08\/s0-1-150x144.jpg 150w\" sizes=\"auto, (max-width: 720px) 100vw, 720px\" \/><\/figure>\n\n\n\n<p>Erm\u0259ni m\u0259tbuat\u0131ndan ald\u0131\u011f\u0131m\u0131z dig\u0259r bir m\u0259lumatda is\u0259, Erm\u0259nistan Milli T\u0259hl\u00fck\u0259sizlik Xidm\u0259ti Az\u0259rbaycan s\u0259rh\u0259d\u00e7isin\u0259 h\u00fccum ed\u0259n \u0259sg\u0259rl\u0259rin \u015f\u0259xsiyy\u0259tini m\u00fc\u0259yy\u0259n etm\u0259k \u00fc\u00e7\u00fcn \u0259m\u0259liyyat-axtar\u0131\u015f t\u0259dbirl\u0259ri h\u0259yata ke\u00e7irdiyi bildirilir.<\/p>\n\n\n\n<p>Ara\u015fd\u0131rmalar zaman\u0131, \u00f6nc\u0259 r\u0259dd edil\u0259n dan\u0131\u015f\u0131qlar, bu d\u0259f\u0259 Az\u0259rbaycan Respublikas\u0131 DSX v\u0259 Rusiyan\u0131n FTX (FSB) \u0259m\u0259kda\u015flar\u0131 aras\u0131nda apar\u0131l\u0131b. B\u00f6lg\u0259d\u0259ki rus s\u00fclhm\u0259raml\u0131lar\u0131 il\u0259 dan\u0131\u015f\u0131qlar apar\u0131lmay\u0131b v\u0259 R\u00fcst\u0259m Muradovun m\u0259zuniyy\u0259td\u0259 oldu\u011fu bildirilib. \u00c7\u00fcnki Erm\u0259nistan\u0131n s\u0259rh\u0259dl\u0259ri el\u0259 Rusiya FTX n\u0259zdind\u0259 olan h\u0259rbi s\u0259rh\u0259d d\u0259st\u0259l\u0259ri t\u0259r\u0259find\u0259n qorunur. Apar\u0131lan informasiya sava\u015f\u0131nda yen\u0259 m\u0259lumatlar\u0131n b\u00f6y\u00fck \u0259ks\u0259riyy\u0259tini d\u00fc\u015fm\u0259n t\u0259r\u0259find\u0259n ald\u0131\u011f\u0131m\u0131z fakt kimi ortadad\u0131r. Bu vahid informasiya m\u0259rk\u0259zinin olmamas\u0131 v\u0259 m\u00f6vcud qurumlar\u0131n m\u0259tbuat xidm\u0259tl\u0259rinin yar\u0131tmaz f\u0259aliyy\u0259tiyl\u0259 ba\u011fl\u0131d\u0131r.<\/p>\n\n\n\n<p><strong>Lakin m\u0259s\u0259l\u0259 il\u0259 ba\u011fl\u0131 r\u0259smi Bak\u0131n\u0131n he\u00e7 bir a\u00e7\u0131qlamas\u0131 yoxdur. He\u00e7 DSX &#8212; d\u0259n d\u0259 a\u00e7\u0131qlama verilm\u0259yib. Amma bu g\u00fcnk\u00fc olaylardan d\u0259rs alaraq \u0259razid\u0259 yoxlama ke\u00e7id m\u0259nt\u0259q\u0259si yarad\u0131lmal\u0131 v\u0259 k\u00f6mr\u00fck f\u0259aliyy\u0259ti b\u0259rpa edilm\u0259lidir. Bu da erm\u0259ni kils\u0259sin\u0259 pusuz qaz verm\u0259k deyil ki, \u0259h\u0259miyy\u0259t verm\u0259y\u0259k, s\u0259rh\u0259d \u00f6lk\u0259nin namus m\u0259s\u0259l\u0259sidir v\u0259 h\u0259r bir giri\u015fin hesabat\u0131 apar\u0131lmal\u0131d\u0131r. \u00c7\u00fcnki pulsuz \u00f6lk\u0259miz\u0259 daxil olan d\u00fc\u015fm\u0259nin n\u00f6vb\u0259ti t\u0259xribat\u0131n\u0131n qar\u015f\u0131s\u0131n\u0131 alma\u011f\u0131n t\u0259k yolu budur.<\/strong><\/p>\n\n\n\n<figure class=\"wp-block-image size-large is-resized\"><img loading=\"lazy\" decoding=\"async\" src=\"https:\/\/fedai.az\/wp-content\/uploads\/2021\/08\/28437627-715x400-1.jpg\" alt=\"\" class=\"wp-image-46663\" width=\"892\" height=\"499\" srcset=\"https:\/\/fedai.az\/wp-content\/uploads\/2021\/08\/28437627-715x400-1.jpg 715w, https:\/\/fedai.az\/wp-content\/uploads\/2021\/08\/28437627-715x400-1-300x168.jpg 300w, https:\/\/fedai.az\/wp-content\/uploads\/2021\/08\/28437627-715x400-1-150x84.jpg 150w\" sizes=\"auto, (max-width: 892px) 100vw, 892px\" \/><\/figure>\n\n\n\n<p><strong>Q\u0131sa vaxt \u0259rzind\u0259 Erm\u0259nistana v\u0259 Qaraba\u011fa \u0130ran\u0131n qarda\u015fl\u0131q k\u00f6m\u0259yinin d\u0259 g\u00f6r\u00fcnt\u00fcl\u0259rini \u0259ld\u0259 ed\u0259 bildik. Bir t\u0259r\u0259fd\u0259n d\u0259 s\u0259rh\u0259dd\u0259 erm\u0259ni \u0259sg\u0259rind\u0259n \u00e7ox g\u0259z\u0259n AB\u015e-\u0131n Erm\u0259nistandak\u0131 s\u0259firi Linn Treysi&nbsp;\u00f6lk\u0259sinin \u0130rana qar\u015f\u0131 t\u0259tbiq etdiyi embarqo v\u0259 sanksiyalar\u0131n Erm\u0259nistan t\u0259r\u0259find\u0259n nec\u0259 pozuldu\u011funu v\u0259 he\u00e7\u0259 say\u0131ld\u0131\u011f\u0131n\u0131 izl\u0259m\u0259k daha m\u0259qs\u0259d\u0259uy\u011fun olard\u0131.<\/strong><\/p>\n\n\n\n<figure class=\"wp-block-gallery columns-3 is-cropped wp-block-gallery-1 is-layout-flex wp-block-gallery-is-layout-flex\"><ul class=\"blocks-gallery-grid\"><li class=\"blocks-gallery-item\"><figure><img loading=\"lazy\" decoding=\"async\" width=\"333\" height=\"336\" src=\"https:\/\/fedai.az\/wp-content\/uploads\/2021\/08\/i0.jpg\" alt=\"\" data-id=\"46664\" data-link=\"https:\/\/fedai.az\/?attachment_id=46664\" class=\"wp-image-46664\" srcset=\"https:\/\/fedai.az\/wp-content\/uploads\/2021\/08\/i0.jpg 333w, https:\/\/fedai.az\/wp-content\/uploads\/2021\/08\/i0-297x300.jpg 297w, https:\/\/fedai.az\/wp-content\/uploads\/2021\/08\/i0-150x150.jpg 150w\" sizes=\"auto, (max-width: 333px) 100vw, 333px\" \/><\/figure><\/li><li class=\"blocks-gallery-item\"><figure><img loading=\"lazy\" decoding=\"async\" width=\"329\" height=\"319\" src=\"https:\/\/fedai.az\/wp-content\/uploads\/2021\/08\/i9-1.jpg\" alt=\"\" data-id=\"46665\" data-link=\"https:\/\/fedai.az\/?attachment_id=46665\" class=\"wp-image-46665\" srcset=\"https:\/\/fedai.az\/wp-content\/uploads\/2021\/08\/i9-1.jpg 329w, https:\/\/fedai.az\/wp-content\/uploads\/2021\/08\/i9-1-300x291.jpg 300w, https:\/\/fedai.az\/wp-content\/uploads\/2021\/08\/i9-1-150x145.jpg 150w\" sizes=\"auto, (max-width: 329px) 100vw, 329px\" \/><\/figure><\/li><li class=\"blocks-gallery-item\"><figure><img loading=\"lazy\" decoding=\"async\" width=\"720\" height=\"375\" src=\"https:\/\/fedai.az\/wp-content\/uploads\/2021\/08\/240818919_558801375432634_6979140256915579663_n.jpg\" alt=\"\" data-id=\"46680\" data-full-url=\"https:\/\/fedai.az\/wp-content\/uploads\/2021\/08\/240818919_558801375432634_6979140256915579663_n.jpg\" data-link=\"https:\/\/fedai.az\/?attachment_id=46680\" class=\"wp-image-46680\" srcset=\"https:\/\/fedai.az\/wp-content\/uploads\/2021\/08\/240818919_558801375432634_6979140256915579663_n.jpg 720w, https:\/\/fedai.az\/wp-content\/uploads\/2021\/08\/240818919_558801375432634_6979140256915579663_n-300x156.jpg 300w, https:\/\/fedai.az\/wp-content\/uploads\/2021\/08\/240818919_558801375432634_6979140256915579663_n-150x78.jpg 150w\" sizes=\"auto, (max-width: 720px) 100vw, 720px\" \/><\/figure><\/li><\/ul><figcaption class=\"blocks-gallery-caption\"><strong><span class=\"has-inline-color has-vivid-red-color\">Erm\u0259ni-fars qarda\u015fl\u0131\u011f\u0131<\/span><\/strong><\/figcaption><\/figure>\n\n\n\n<p>\u00c7\u00fcnki AB\u015e-\u0131n son sanksiyalar\u0131na g\u00f6r\u0259 \u0130ranla ticar\u0259t ed\u0259n h\u0259r hans\u0131 bir \u015firk\u0259t Birl\u0259\u015fmi\u015f \u015etatlardak\u0131 biznesind\u0259n m\u0259hrum olur. Amma \u0130ranla cici-bac\u0131l\u0131q ed\u0259n Erm\u0259nistana qar\u015f\u0131 konkret i\u015fl\u0259rin g\u00f6r\u00fcld\u00fcy\u00fcn\u00fc g\u00f6rm\u00fcr\u00fck. \u00dcst\u0259lik MK\u0130 &#8212; nin ill\u0259r \u00f6nc\u0259 hesabatlar\u0131nda, m\u0259hz \u0130ran-Erm\u0259nistan-Rusiya t\u0259r\u0259find\u0259n Yax\u0131n \u015e\u0259rqd\u0259 AB\u015e-a qar\u015f\u0131 d\u00f6y\u00fc\u015f\u0259n terror\u00e7u qruplara, m\u0259hz erm\u0259nil\u0259rin silah satd\u0131\u011f\u0131 \u00f6z \u0259ksini tapm\u0131\u015fd\u0131 v\u0259 amerikal\u0131 \u0259sg\u0259rl\u0259rin bu silahlarla \u00f6ld\u00fcr\u00fcld\u00fcy\u00fc qeyd edilmi\u015fdi.<\/p>\n\n\n\n<p>\u00dcst\u0259lik, aidiyyatl\u0131 qurumlar yolu hans\u0131 \u015f\u0259rtl\u0259rl\u0259 a\u00e7d\u0131\u011f\u0131n\u0131 b\u0259yan etm\u0259lidirl\u0259r. <\/p>\n\n\n\n<p><strong>Xaqani \u018fd\u0259bo\u011flu<\/strong><\/p>\n\n\n\n<p><strong>AVMV\u0130B M\u0259tbuat Xidm\u0259tinin r\u0259hb\u0259ri<\/strong><\/p>\n","protected":false},"excerpt":{"rendered":"<p>&#171;Z\u0259ng\u0259zur b\u00f6lg\u0259sind\u0259n ke\u00e7\u0259n Gorus-Qafan avtomobil yolu a\u00e7\u0131l\u0131b&#187;. Az\u0259rbaycan medias\u0131&nbsp;yaz\u0131r ki, bu bar\u0259d\u0259&nbsp;S\u00fcnikin (Z\u0259ng\u0259zur) qubernator m\u00fcavini Narek Babayan \u201cFacebook\u201d s\u0259hif\u0259sind\u0259 yaz\u0131b. Erm\u0259ni K\u0130V-l\u0259ri&nbsp;yaz\u0131r ki,&nbsp;Az\u0259rbaycan yolda<\/p>\n","protected":false},"author":2,"featured_media":46667,"comment_status":"closed","ping_status":"closed","sticky":false,"template":"","format":"standard","meta":{"footnotes":""},"categories":[4],"tags":[],"class_list":["post-46661","post","type-post","status-publish","format-standard","has-post-thumbnail","hentry","category-qarabag"],"aioseo_notices":[],"_links":{"self":[{"href":"https:\/\/fedai.az\/index.php?rest_route=\/wp\/v2\/posts\/46661","targetHints":{"allow":["GET"]}}],"collection":[{"href":"https:\/\/fedai.az\/index.php?rest_route=\/wp\/v2\/posts"}],"about":[{"href":"https:\/\/fedai.az\/index.php?rest_route=\/wp\/v2\/types\/post"}],"author":[{"embeddable":true,"href":"https:\/\/fedai.az\/index.php?rest_route=\/wp\/v2\/users\/2"}],"replies":[{"embeddable":true,"href":"https:\/\/fedai.az\/index.php?rest_route=%2Fwp%2Fv2%2Fcomments&post=46661"}],"version-history":[{"count":2,"href":"https:\/\/fedai.az\/index.php?rest_route=\/wp\/v2\/posts\/46661\/revisions"}],"predecessor-version":[{"id":46681,"href":"https:\/\/fedai.az\/index.php?rest_route=\/wp\/v2\/posts\/46661\/revisions\/46681"}],"wp:featuredmedia":[{"embeddable":true,"href":"https:\/\/fedai.az\/index.php?rest_route=\/wp\/v2\/media\/46667"}],"wp:attachment":[{"href":"https:\/\/fedai.az\/index.php?rest_route=%2Fwp%2Fv2%2Fmedia&parent=46661"}],"wp:term":[{"taxonomy":"category","embeddable":true,"href":"https:\/\/fedai.az\/index.php?rest_route=%2Fwp%2Fv2%2Fcategories&post=46661"},{"taxonomy":"post_tag","embeddable":true,"href":"https:\/\/fedai.az\/index.php?rest_route=%2Fwp%2Fv2%2Ftags&post=46661"}],"curies":[{"name":"wp","href":"https:\/\/api.w.org\/{rel}","templated":true}]}}