{"id":46669,"date":"2021-08-28T01:55:47","date_gmt":"2021-08-27T21:55:47","guid":{"rendered":"https:\/\/fedai.az\/?p=46669"},"modified":"2021-08-28T01:58:30","modified_gmt":"2021-08-27T21:58:30","slug":"talibandan-qacan-pilot-sarpatov-onlarin-kecmis-ssri-respublikalarini-birl%c9%99sdirm%c9%99k-planlarindan-danisdi","status":"publish","type":"post","link":"https:\/\/fedai.az\/?p=46669","title":{"rendered":"Talibandan qa\u00e7an pilot \u015earpatov onlar\u0131n ke\u00e7mi\u015f SSR\u0130 respublikalar\u0131n\u0131 birl\u0259\u015fdirm\u0259k planlar\u0131ndan dan\u0131\u015fd\u0131"},"content":{"rendered":"\n<p><strong>Taliban\u0131n hakimiyy\u0259t\u0259 g\u0259li\u015find\u0259n \u0259n \u00e7ox \u0259ndi\u015f\u0259l\u0259n\u0259n Rusiyad\u0131r des\u0259k, yan\u0131lmar\u0131q. Rusiya saytlar\u0131nda yay\u0131nllanm\u0131\u015f iki yaz\u0131n\u0131n x\u00fclas\u0259sini diqq\u0259tiniz\u0259 \u00e7atd\u0131r\u0131r\u0131q.<\/strong><\/p>\n\n\n\n<p><br><strong>Taliban t\u0259r\u0259find\u0259n \u0259sir g\u00f6t\u00fcr\u00fcl\u0259n (Taliban Rusiyada terror\u00e7u olaraq tan\u0131n\u0131r v\u0259 f\u0259aliyy\u0259ti qada\u011fan edilb) Rusiya Q\u0259hr\u0259man\u0131, \u0130l-76 t\u0259yyar\u0259sinin komandiri Vladimir \u015earpatov, \u018ffqan\u0131standak\u0131 m\u00f6vcud v\u0259ziyy\u0259tin Rusiya \u00fc\u00e7\u00fcn real t\u0259hl\u00fck\u0259 yaratd\u0131\u011f\u0131n\u0131 s\u00f6yl\u0259yib.<\/strong><\/p>\n\n\n\n<p><br>&#171;\u018fsl t\u0259hl\u00fck\u0259&#187;: Rusiya Q\u0259hr\u0259man\u0131, Taliban\u0131n ke\u00e7mi\u015f SSR\u0130 respublikalar\u0131n\u0131 ilhaq etm\u0259k planlar\u0131ndan dan\u0131\u015f\u0131b.<\/p>\n\n\n\n<p><br>&#171;\u018ffqan\u0131standa ba\u015f ver\u0259nl\u0259ri \u00e7ox narahatl\u0131qla izl\u0259yir\u0259m v\u0259 azadl\u0131qda oldu\u011fum ilk g\u00fcnd\u0259n b\u0259ri daim izl\u0259yir\u0259m. X\u00fcsusil\u0259 d\u0259, bu yax\u0131nlarda, amerikal\u0131lar ora r\u0259hb\u0259rlik ed\u0259nd\u0259. \u0130ndi dostlar\u0131m m\u0259n\u0259 \u0130nternetd\u0259n Talibl\u0259rin orda nec\u0259 h\u00f6kmranl\u0131q etm\u0259y\u0259 ba\u015flad\u0131\u011f\u0131 il\u0259 ba\u011fl\u0131 epizodlar g\u00f6nd\u0259rirl\u0259r&#187;-dey\u0259 Sharpatov R\u0130A Novosti -y\u0259 bildirib.<\/p>\n\n\n\n<p><br>Talibl\u0259rin r\u0259qibl\u0259rin\u0259 v\u0259 yerli \u0259haliy\u0259 qar\u015f\u0131 v\u0259h\u015fic\u0259sin\u0259 davrand\u0131\u011f\u0131 bar\u0259d\u0259 videolara baxmaq onun \u00fc\u00e7\u00fcn \u00e7\u0259tindir. &#171;Bunlara baxd\u0131qdan sonra gec\u0259ni yatm\u0131ram&#187; -dey\u0259 q\u0259hr\u0259man qeyd edib.<\/p>\n\n\n\n<p><br>Pilot, Taliban\u0131n \u0259sirliyind\u0259 olark\u0259n onlar\u0131n bu planlar haqq\u0131nda dan\u0131\u015fd\u0131\u011f\u0131n\u0131 e\u015fidib.<\/p>\n\n\n\n<p>Onlar deyirdil\u0259r: &#171;Ke\u00e7mi\u015f Asiya respublikalar\u0131 biz\u0259 qo\u015fulacaqlar&#187;. M\u0259n dedim: &#171;Ham\u0131 sizinl\u0259 raz\u0131la\u015fmayacaq.&#187; &#171;Onlar\u0131 m\u0259cbur ed\u0259c\u0259yik, n\u0259 ed\u0259c\u0259kl\u0259r?&#187; &#8212; \u015earpatov deyib.<\/p>\n\n\n\n<p><br>Q\u0259hr\u0259man bunu x\u00fcsusi xidm\u0259t orqanlar\u0131na \u0259sirlikd\u0259n d\u00f6nd\u00fckd\u0259n sonra x\u0259b\u0259r verdiyini, onlar bundan x\u0259b\u0259rdar olduqlar\u0131n\u0131, ancaq kims\u0259nin onlar\u0131 &#171;e\u015fitm\u0259diyini&#187; qeyd etdi.<\/p>\n\n\n\n<p>&#171;Bu, d\u00f6vl\u0259timiz \u00fc\u00e7\u00fcn \u0259sl t\u0259hl\u00fck\u0259dir&#187; &#8212; \u015earpatov deyib.<\/p>\n\n\n\n<p><br>\u015earpatovun n\u0259zar\u0259tind\u0259 olan &#171;Aerostan&#187; hava yollar\u0131n\u0131n \u0130l-76 t\u0259yyar\u0259si 1995-ci ilin avqustunda Q\u0259nd\u0259harda \u0259l\u0259 ke\u00e7irilmi\u015fdi. T\u0259yyar\u0259 Tiranadan (Albaniya) Baqrama (\u015eimali \u018ffqan\u0131stan) u\u00e7urdu.<\/p>\n\n\n\n<p><br>Ekipaj, \u015earpatovun r\u0259hb\u0259rliyi alt\u0131nda olan yeddi n\u0259f\u0259rd\u0259n ibar\u0259t idi. \u018ffqan\u0131stan s\u0259mas\u0131nda, t\u0259yyar\u0259ni Q\u0259nd\u0259har b\u00f6lg\u0259sin\u0259 enm\u0259y\u0259 bir Taliban MiG-21 q\u0131r\u0131c\u0131s\u0131 m\u0259cbur etmi\u015fdi.<\/p>\n\n\n\n<p><br>B\u00fct\u00fcn ekipaj \u00fczvl\u0259ri h\u0259bs edil\u0259r\u0259k, 378 g\u00fcn \u00e7ox \u00e7\u0259tin \u015f\u0259raitd\u0259 \u0259sir qalm\u0131\u015fd\u0131lar, istid\u0259n, su v\u0259 yem\u0259kd\u0259n \u0259ziyy\u0259t \u00e7\u0259kmi\u015fdil\u0259r. 1996-c\u0131 ilin avqustunda, \u0130l-76-n\u0131 t\u0259mir ed\u0259r\u0259k i\u015f\u0259 salaraq havaya qald\u0131ra bilmi\u015fdil\u0259r.<\/p>\n\n\n\n<p>T\u0259yyar\u0259 B\u018f\u018f -y\u0259 endi, bundan sonra \u00f6z v\u0259t\u0259nl\u0259rin\u0259 \u00e7atd\u0131r\u0131ld\u0131lar.<\/p>\n\n\n\n<p><br>Avqust ay\u0131nda Rusiya Prezidentinin f\u0259rman\u0131 il\u0259 komandir Vladimir \u015earpatov Rusiya Federasiyas\u0131n\u0131n Q\u0259hr\u0259man\u0131 ad\u0131na layiq g\u00f6r\u00fcld\u00fc v\u0259 \u018ffqan\u0131standa \u0259sirlikd\u0259n azad olunark\u0259n g\u00f6st\u0259rdiyi q\u0259hr\u0259manl\u0131\u011fa, c\u0259sar\u0259t\u0259 v\u0259 \u0259zmkarl\u0131\u011fa g\u00f6r\u0259 Q\u0131z\u0131l Ulduz medal\u0131 il\u0259 t\u0259ltif edildi.<\/p>\n\n\n\n<figure class=\"wp-block-image size-large\"><img loading=\"lazy\" decoding=\"async\" width=\"800\" height=\"535\" src=\"https:\/\/fedai.az\/wp-content\/uploads\/2021\/08\/orig-1629616113hxqDv8VvZje7bGsE1SzrKUaRE1LRFMR2IeD9TSB7.jpeg\" alt=\"\" class=\"wp-image-46671\" srcset=\"https:\/\/fedai.az\/wp-content\/uploads\/2021\/08\/orig-1629616113hxqDv8VvZje7bGsE1SzrKUaRE1LRFMR2IeD9TSB7.jpeg 800w, https:\/\/fedai.az\/wp-content\/uploads\/2021\/08\/orig-1629616113hxqDv8VvZje7bGsE1SzrKUaRE1LRFMR2IeD9TSB7-300x201.jpeg 300w, https:\/\/fedai.az\/wp-content\/uploads\/2021\/08\/orig-1629616113hxqDv8VvZje7bGsE1SzrKUaRE1LRFMR2IeD9TSB7-150x100.jpeg 150w, https:\/\/fedai.az\/wp-content\/uploads\/2021\/08\/orig-1629616113hxqDv8VvZje7bGsE1SzrKUaRE1LRFMR2IeD9TSB7-768x514.jpeg 768w\" sizes=\"auto, (max-width: 800px) 100vw, 800px\" \/><\/figure>\n\n\n\n<p><br><strong>Dig\u0259r bir yaz\u0131da is\u0259, g\u00f6r\u00fcc\u00fc \u0130qor Ve\u00e7erskiy, Taliban t\u0259r\u0259find\u0259n hakimiyy\u0259ti \u0259l\u0259 ke\u00e7irdikd\u0259n sonra \u018ffqan\u0131stan\u0131n g\u0259l\u0259c\u0259yini proqnozla\u015fd\u0131r\u0131b.<\/strong><\/p>\n\n\n\n<p><br>\u00d6t\u0259n bazar, 15 avqust radikal Taliban h\u0259r\u0259kat\u0131 (Taliban\u0131n f\u0259aliyy\u0259ti Rusiya Federasiyas\u0131nda qada\u011fan edilib) \u018ffqan\u0131stan \u0259razisin\u0259 tam n\u0259zar\u0259ti elan etdi. Taliban bu n\u0259tic\u0259y\u0259 bir ne\u00e7\u0259 h\u0259ft\u0259 \u0259rzind\u0259 nail ola bildi. V\u0259ziyy\u0259t\u0259 AB\u015e -\u0131n \u018ffqan\u0131standak\u0131 qo\u015funlar\u0131n\u0131 \u00e7\u0131xarmas\u0131 t\u0259sir etdi. N\u0259tic\u0259d\u0259 \u00f6lk\u0259 prezidenti v\u0259zif\u0259sini t\u0259rk ed\u0259r\u0259k \u00f6lk\u0259d\u0259n getdi.<\/p>\n\n\n\n<p><br>Taliban hakimiyy\u0259ti \u0259l\u0259 ke\u00e7irdikd\u0259n sonra \u00f6lk\u0259d\u0259 xaos ba\u015flad\u0131.<\/p>\n\n\n\n<p><br>\u00c7ox sayda qa\u00e7q\u0131n \u018ffqan\u0131stan\u0131 t\u0259rk etm\u0259k \u00fc\u00e7\u00fcn \u0259n ki\u00e7ik f\u00fcrs\u0259td\u0259n yararlanma\u011fa \u00e7al\u0131\u015f\u0131r. X\u00fcsusil\u0259 d\u0259 qad\u0131nlar, Taliban\u0131n riay\u0259t etdiyi \u015f\u0259ri\u0259t qanunlar\u0131ndan qorxurdular. Son hadis\u0259l\u0259rd\u0259n sonra \u018ffqan\u0131stan\u0131n taleyi nec\u0259 inki\u015faf ed\u0259c\u0259k? G\u00f6r\u00fcc\u00fc \u0130qor Ve\u00e7erskiy bu bar\u0259d\u0259 a\u00e7\u0131qlamalar verib.<\/p>\n\n\n\n<p>\u201c\u018ffqan\u0131standak\u0131 v\u0259ziyy\u0259t qa\u00e7\u0131lmaz olaraq b\u00f6y\u00fck siyas\u0259td\u0259 ciddi d\u0259yi\u015fiklikl\u0259r\u0259 s\u0259b\u0259b olacaq. Taliban t\u0259r\u0259find\u0259n hakimiyy\u0259ti \u0259l\u0259 ke\u00e7irm\u0259k k\u0259nardan d\u0259st\u0259k almadan h\u0259yata ke\u00e7m\u0259di v\u0259 b\u00f6y\u00fck d\u00f6vl\u0259tl\u0259rin strateji maraqlar\u0131 bax\u0131m\u0131ndan cari prosesl\u0259r\u0259 t\u0259sir etm\u0259k \u00fc\u00e7\u00fcn bir yoldan istifad\u0259 olundu. H\u0259r\u0259kat eyni zamanda \u0259halinin ruhuna yol tapa v\u0259 g\u00fccl\u0259n\u0259 bildi&#187;.<\/p>\n\n\n\n<p><br>Taliban, \u018ffqan\u0131stan\u0131 5 il &#8212; 1996 -dan 2001 -ci il\u0259 q\u0259d\u0259r, AB\u015e v\u0259ziyy\u0259t\u0259 m\u00fcdaxil\u0259 ed\u0259n\u0259 q\u0259d\u0259r \u00f6lk\u0259ni idar\u0259 etdi.<\/p>\n\n\n\n<p>&#171;Hakimiyy\u0259t\u0259 g\u0259l\u0259n q\u00fcvv\u0259l\u0259rin h\u00f6kmranl\u0131\u011f\u0131 davam etm\u0259k qabiliyy\u0259tin\u0259 malikdir v\u0259 bu, yeni bir g\u0259rginlik oca\u011f\u0131na v\u0259 h\u0259tta m\u00fcharib\u0259y\u0259 s\u0259b\u0259b ola bil\u0259r ki, bu da bu prosesd\u0259 i\u015ftirak ed\u0259n bir s\u0131ra manipulyatorlar \u00fc\u00e7\u00fcn faydal\u0131d\u0131r. Ba\u015f ver\u0259n hadis\u0259l\u0259r insan t\u0259l\u0259fat\u0131na s\u0259b\u0259b olacaq v\u0259 kor inanc\u0131n m\u00fclahiz\u0259l\u0259ri il\u0259 getdikc\u0259 artan radikal \u00fcns\u00fcrl\u0259ri c\u0259lb ed\u0259n m\u00fcst\u0259qil bir h\u0259yat ya\u015fama\u011fa ba\u015flamaq ist\u0259yi n\u0259zar\u0259t\u00e7i q\u00fcvv\u0259l\u0259rin n\u0259zar\u0259tind\u0259n \u00e7\u0131xa bil\u0259r&#187;-dey\u0259 vur\u011fulay\u0131r.<\/p>\n\n\n\n<p><br>T\u0259bii ki, \u018ffqan\u0131stan\u0131n g\u0259l\u0259c\u0259yinin nec\u0259 olaca\u011f\u0131 zaman m\u0259s\u0259l\u0259sidir. Qlobal diqq\u0259t \u00f6lk\u0259d\u0259ki v\u0259ziyy\u0259t\u0259 y\u00f6n\u0259lib.<\/p>\n\n\n\n<p>&#171;Haz\u0131rda d\u00f6vl\u0259t daxilind\u0259 qoyulan b\u00fct\u00fcn m\u0259qs\u0259dl\u0259r\u0259 \u00e7at\u0131lacaq v\u0259 prioritetl\u0259rin t\u0259tbiqi g\u0259rginliyin daha da artmas\u0131na s\u0259b\u0259b olacaq. Bu hadis\u0259nin v\u0259zif\u0259l\u0259ri daxili prosesl\u0259rin \u00fcz\u0259rin\u0259 c\u0259ml\u0259\u015fdirilib v\u0259 qlobal geosiyasi sferadad\u0131r&#187; &#8212; dey\u0259 Ve\u00e7erskiy \u00f6z fikirl\u0259rini yekunla\u015fd\u0131r\u0131b.<\/p>\n\n\n\n<div class=\"wp-block-media-text alignwide is-stacked-on-mobile\" style=\"grid-template-columns:43% auto\"><figure class=\"wp-block-media-text__media\"><img loading=\"lazy\" decoding=\"async\" width=\"720\" height=\"733\" src=\"https:\/\/fedai.az\/wp-content\/uploads\/2021\/08\/221216236_530342995054327_2278753446263105490_n.jpg\" alt=\"\" class=\"wp-image-46670 size-full\" srcset=\"https:\/\/fedai.az\/wp-content\/uploads\/2021\/08\/221216236_530342995054327_2278753446263105490_n.jpg 720w, https:\/\/fedai.az\/wp-content\/uploads\/2021\/08\/221216236_530342995054327_2278753446263105490_n-295x300.jpg 295w, https:\/\/fedai.az\/wp-content\/uploads\/2021\/08\/221216236_530342995054327_2278753446263105490_n-147x150.jpg 147w\" sizes=\"auto, (max-width: 720px) 100vw, 720px\" \/><\/figure><div class=\"wp-block-media-text__content\">\n<p class=\"has-large-font-size\"><strong>\u018fli N\u0259sib Z\u0259rdabi<\/strong><\/p>\n<\/div><\/div>\n","protected":false},"excerpt":{"rendered":"<p>Taliban\u0131n hakimiyy\u0259t\u0259 g\u0259li\u015find\u0259n \u0259n \u00e7ox \u0259ndi\u015f\u0259l\u0259n\u0259n Rusiyad\u0131r des\u0259k, yan\u0131lmar\u0131q. Rusiya saytlar\u0131nda yay\u0131nllanm\u0131\u015f iki yaz\u0131n\u0131n x\u00fclas\u0259sini diqq\u0259tiniz\u0259 \u00e7atd\u0131r\u0131r\u0131q. Taliban t\u0259r\u0259find\u0259n \u0259sir g\u00f6t\u00fcr\u00fcl\u0259n (Taliban Rusiyada terror\u00e7u<\/p>\n","protected":false},"author":2,"featured_media":46674,"comment_status":"closed","ping_status":"closed","sticky":false,"template":"","format":"standard","meta":{"footnotes":""},"categories":[13],"tags":[],"class_list":["post-46669","post","type-post","status-publish","format-standard","has-post-thumbnail","hentry","category-xarici"],"aioseo_notices":[],"_links":{"self":[{"href":"https:\/\/fedai.az\/index.php?rest_route=\/wp\/v2\/posts\/46669","targetHints":{"allow":["GET"]}}],"collection":[{"href":"https:\/\/fedai.az\/index.php?rest_route=\/wp\/v2\/posts"}],"about":[{"href":"https:\/\/fedai.az\/index.php?rest_route=\/wp\/v2\/types\/post"}],"author":[{"embeddable":true,"href":"https:\/\/fedai.az\/index.php?rest_route=\/wp\/v2\/users\/2"}],"replies":[{"embeddable":true,"href":"https:\/\/fedai.az\/index.php?rest_route=%2Fwp%2Fv2%2Fcomments&post=46669"}],"version-history":[{"count":1,"href":"https:\/\/fedai.az\/index.php?rest_route=\/wp\/v2\/posts\/46669\/revisions"}],"predecessor-version":[{"id":46673,"href":"https:\/\/fedai.az\/index.php?rest_route=\/wp\/v2\/posts\/46669\/revisions\/46673"}],"wp:featuredmedia":[{"embeddable":true,"href":"https:\/\/fedai.az\/index.php?rest_route=\/wp\/v2\/media\/46674"}],"wp:attachment":[{"href":"https:\/\/fedai.az\/index.php?rest_route=%2Fwp%2Fv2%2Fmedia&parent=46669"}],"wp:term":[{"taxonomy":"category","embeddable":true,"href":"https:\/\/fedai.az\/index.php?rest_route=%2Fwp%2Fv2%2Fcategories&post=46669"},{"taxonomy":"post_tag","embeddable":true,"href":"https:\/\/fedai.az\/index.php?rest_route=%2Fwp%2Fv2%2Ftags&post=46669"}],"curies":[{"name":"wp","href":"https:\/\/api.w.org\/{rel}","templated":true}]}}