{"id":46676,"date":"2021-08-28T02:08:31","date_gmt":"2021-08-27T22:08:31","guid":{"rendered":"https:\/\/fedai.az\/?p=46676"},"modified":"2021-08-28T02:08:34","modified_gmt":"2021-08-27T22:08:34","slug":"ilham-%c9%99liyevin-novb%c9%99ti-ugurlu-diplomatiyasi-fransa-m%c9%99hk%c9%99m%c9%99si-qarabag-separatcilarini-tanimadi","status":"publish","type":"post","link":"https:\/\/fedai.az\/?p=46676","title":{"rendered":"\u0130lham \u018fliyevin n\u00f6vb\u0259ti u\u011furlu diplomatiyas\u0131 \u2014 Fransa m\u0259hk\u0259m\u0259si Qaraba\u011f separat\u00e7\u0131lar\u0131n\u0131 tan\u0131mad\u0131"},"content":{"rendered":"\n<p><strong>Lion Apellyasiya M\u0259hk\u0259m\u0259si Fransa \u015f\u0259h\u0259rl\u0259rinin merl\u0259rinin \u015eu\u015fada v\u0259 Xocav\u0259ndd\u0259 Qaraba\u011f separat\u00e7\u0131lar\u0131n\u0131n &#171;administrasiyalar\u0131&#187; il\u0259 imzalad\u0131qlar\u0131 sazi\u015fl\u0259rin l\u0259\u011fv edilm\u0259si bar\u0259d\u0259 birinci instansiya m\u0259hk\u0259m\u0259l\u0259rinin q\u0259rarlar\u0131n\u0131 q\u00fcvv\u0259d\u0259 saxlay\u0131b.<br><br><\/strong>Bu bar\u0259d\u0259 Az\u0259rbaycan\u0131n Fransadak\u0131 s\u0259firliyi bildirib.<\/p>\n\n\n\n<p>\u018fsas\u0259n Burq-le Valans (5 oktyabr 2014-c\u00fc il), Desin-\u015earpye (25 sentyabr 2017-ci il) v\u0259 Sent-Etyen (21 oktyabr 2018-ci il) merl\u0259rinin imzalad\u0131qlar\u0131 sazi\u015fl\u0259r q\u00fcvv\u0259d\u0259 deyil.<\/p>\n\n\n\n<p>Bundan \u00f6nc\u0259 bu q\u0259rarlar Grenoble (6 iyun 2019-cu il) v\u0259 Lionun (19 sentyabr 2019-cu il) inzibati m\u0259hk\u0259m\u0259l\u0259ri t\u0259r\u0259find\u0259n qanunsuz say\u0131l\u0131b. Lakin erm\u0259ni lobbisi q\u0259rarlardan apellyasiya instansiyas\u0131na etiraz edib. Lion Apellyasiya M\u0259hk\u0259m\u0259sinin q\u0259rar\u0131 q\u0259tidir v\u0259 art\u0131q \u015fikay\u0259t veril\u0259 bilm\u0259z.<\/p>\n\n\n\n<p>Fransa m\u0259hk\u0259m\u0259l\u0259ri etiraf edibl\u0259r ki, merl\u0259rin q\u0259rarlar\u0131 Fransa Konstitusiyas\u0131na ziddir v\u0259 beyn\u0259lxalq \u00f6hd\u0259likl\u0259ri pozublar. Az\u0259rbaycan\u0131n Fransadak\u0131 s\u0259firliyinin s\u0259yl\u0259ril\u0259 Fransa \u015f\u0259h\u0259rl\u0259rinin Qaraba\u011f separat\u00e7\u0131lar\u0131 il\u0259 10 &#171;xartiya v\u0259 sazi\u015fi&#187; l\u0259\u011fv edilib.<\/p>\n\n\n\n<p>M\u0259hk\u0259m\u0259l\u0259rd\u0259 daha \u00fc\u00e7 qanunsuz xartiya \u00fczr\u0259 iddia var. Az\u0259rbaycan t\u0259r\u0259fi 2020-ci ilin pay\u0131z\u0131nda 44 g\u00fcnl\u00fck m\u00fcharib\u0259 zaman\u0131 q\u0259bul edilmi\u015f daha 13 qanunsuz akt\u0131n l\u0259\u011fvi \u00fczr\u0259 t\u0259dbirl\u0259r g\u00f6r\u00fcr.<\/p>\n\n\n\n<p><strong>Vaqif H\u00fcseynli<\/strong><\/p>\n\n\n\n<p><br>M\u0259nb\u0259: Demokrat.az<\/p>\n","protected":false},"excerpt":{"rendered":"<p>Lion Apellyasiya M\u0259hk\u0259m\u0259si Fransa \u015f\u0259h\u0259rl\u0259rinin merl\u0259rinin \u015eu\u015fada v\u0259 Xocav\u0259ndd\u0259 Qaraba\u011f separat\u00e7\u0131lar\u0131n\u0131n &#171;administrasiyalar\u0131&#187; il\u0259 imzalad\u0131qlar\u0131 sazi\u015fl\u0259rin l\u0259\u011fv edilm\u0259si bar\u0259d\u0259 birinci instansiya m\u0259hk\u0259m\u0259l\u0259rinin q\u0259rarlar\u0131n\u0131 q\u00fcvv\u0259d\u0259 saxlay\u0131b.<\/p>\n","protected":false},"author":2,"featured_media":46678,"comment_status":"closed","ping_status":"closed","sticky":false,"template":"","format":"standard","meta":{"footnotes":""},"categories":[4],"tags":[],"class_list":["post-46676","post","type-post","status-publish","format-standard","has-post-thumbnail","hentry","category-qarabag"],"aioseo_notices":[],"_links":{"self":[{"href":"https:\/\/fedai.az\/index.php?rest_route=\/wp\/v2\/posts\/46676","targetHints":{"allow":["GET"]}}],"collection":[{"href":"https:\/\/fedai.az\/index.php?rest_route=\/wp\/v2\/posts"}],"about":[{"href":"https:\/\/fedai.az\/index.php?rest_route=\/wp\/v2\/types\/post"}],"author":[{"embeddable":true,"href":"https:\/\/fedai.az\/index.php?rest_route=\/wp\/v2\/users\/2"}],"replies":[{"embeddable":true,"href":"https:\/\/fedai.az\/index.php?rest_route=%2Fwp%2Fv2%2Fcomments&post=46676"}],"version-history":[{"count":1,"href":"https:\/\/fedai.az\/index.php?rest_route=\/wp\/v2\/posts\/46676\/revisions"}],"predecessor-version":[{"id":46679,"href":"https:\/\/fedai.az\/index.php?rest_route=\/wp\/v2\/posts\/46676\/revisions\/46679"}],"wp:featuredmedia":[{"embeddable":true,"href":"https:\/\/fedai.az\/index.php?rest_route=\/wp\/v2\/media\/46678"}],"wp:attachment":[{"href":"https:\/\/fedai.az\/index.php?rest_route=%2Fwp%2Fv2%2Fmedia&parent=46676"}],"wp:term":[{"taxonomy":"category","embeddable":true,"href":"https:\/\/fedai.az\/index.php?rest_route=%2Fwp%2Fv2%2Fcategories&post=46676"},{"taxonomy":"post_tag","embeddable":true,"href":"https:\/\/fedai.az\/index.php?rest_route=%2Fwp%2Fv2%2Ftags&post=46676"}],"curies":[{"name":"wp","href":"https:\/\/api.w.org\/{rel}","templated":true}]}}