{"id":46685,"date":"2021-08-28T02:45:14","date_gmt":"2021-08-27T22:45:14","guid":{"rendered":"https:\/\/fedai.az\/?p=46685"},"modified":"2021-08-28T23:58:51","modified_gmt":"2021-08-28T19:58:51","slug":"polkovnik%c9%99-t%c9%99brik-var-b%c9%99xtiyar-abdullayev-63","status":"publish","type":"post","link":"https:\/\/fedai.az\/?p=46685","title":{"rendered":"POLKOVN\u0130K\u018f T\u018fBR\u0130K VAR: B\u0259xtiyar Abdullayev &#8212; 63"},"content":{"rendered":"\n<p><strong>&nbsp;&nbsp;&nbsp; AVMV\u0130B r\u0259hb\u0259rliyi v\u0259 F\u0259dai kolektivi v\u0259 Az\u0259rbaycan V\u0259t\u0259n M\u00fcharib\u0259si Veteranlar\u0131 \u0130ctimai Birliyinin s\u0259dr m\u00fcavini polkovnik Salman Musayev ehtiyyatda olan polkovnik B\u0259xtiyar Abdullayevi do\u011fum g\u00fcn\u00fc munasb\u0259til\u0259 t\u0259brik edir, h\u0259yatda insan \u00fcc\u00fcn \u0259n \u015firin nem\u0259t olan m\u00f6hk\u0259m can sa\u011fl\u0131\u011f\u0131 v\u0259 h\u0259yat yollar\u0131nda bitib &#8212; t\u00fck\u0259nm\u0259y\u0259n nailiyy\u0259tl\u0259r arzulay\u0131r.<\/strong><\/p>\n\n\n\n<p><strong>&nbsp;&nbsp;&nbsp;&nbsp; Qoy ya\u015f\u0131n\u0131n \u00fcst\u0259 g\u0259l\u0259n bu ya\u015f ona sevinc dolu g\u00fcnl\u0259r b\u0259x\u015f etsin, h\u0259r yeni g\u00fcn\u00fc is\u0259 \u00f6t\u0259n g\u00fcnl\u0259rd\u0259n daha g\u00f6z\u0259l ist\u0259kl\u0259rin\u0259 uy\u011fun olaraq h\u0259yata ke\u00e7sin. <\/strong><strong>Amin!<\/strong><\/p>\n\n\n\n<p>&nbsp;&nbsp;&nbsp;&nbsp; M\u00fcharib\u0259 v\u0259 Silahl\u0131 Q\u00fcvv\u0259l\u0259r Veteran\u0131 ehtiyyatda olan polkovnik Abdullayev B\u0259xtiyar Fetah o\u011flu 28 avqust&nbsp; 1958-ci ild\u0259 A\u011fsu rayonunun Dilman k\u0259ndind\u0259 anadan olub.<\/p>\n\n\n\n<figure class=\"wp-block-gallery columns-2 is-cropped wp-block-gallery-1 is-layout-flex wp-block-gallery-is-layout-flex\"><ul class=\"blocks-gallery-grid\"><li class=\"blocks-gallery-item\"><figure><img loading=\"lazy\" decoding=\"async\" width=\"1024\" height=\"1014\" src=\"https:\/\/fedai.az\/wp-content\/uploads\/2021\/08\/239621214_4377373762316725_1107987411697598243_n-1024x1014.jpg\" alt=\"\" data-id=\"46686\" data-link=\"https:\/\/fedai.az\/?attachment_id=46686\" class=\"wp-image-46686\" srcset=\"https:\/\/fedai.az\/wp-content\/uploads\/2021\/08\/239621214_4377373762316725_1107987411697598243_n-1024x1014.jpg 1024w, https:\/\/fedai.az\/wp-content\/uploads\/2021\/08\/239621214_4377373762316725_1107987411697598243_n-300x297.jpg 300w, https:\/\/fedai.az\/wp-content\/uploads\/2021\/08\/239621214_4377373762316725_1107987411697598243_n-150x148.jpg 150w, https:\/\/fedai.az\/wp-content\/uploads\/2021\/08\/239621214_4377373762316725_1107987411697598243_n-768x760.jpg 768w, https:\/\/fedai.az\/wp-content\/uploads\/2021\/08\/239621214_4377373762316725_1107987411697598243_n.jpg 1080w\" sizes=\"auto, (max-width: 1024px) 100vw, 1024px\" \/><\/figure><\/li><li class=\"blocks-gallery-item\"><figure><img loading=\"lazy\" decoding=\"async\" width=\"574\" height=\"1024\" src=\"https:\/\/fedai.az\/wp-content\/uploads\/2021\/08\/239723709_822625511776834_8179258878627530453_n-574x1024.jpg\" alt=\"\" data-id=\"46687\" data-full-url=\"https:\/\/fedai.az\/wp-content\/uploads\/2021\/08\/239723709_822625511776834_8179258878627530453_n.jpg\" data-link=\"https:\/\/fedai.az\/?attachment_id=46687\" class=\"wp-image-46687\" srcset=\"https:\/\/fedai.az\/wp-content\/uploads\/2021\/08\/239723709_822625511776834_8179258878627530453_n-574x1024.jpg 574w, https:\/\/fedai.az\/wp-content\/uploads\/2021\/08\/239723709_822625511776834_8179258878627530453_n-168x300.jpg 168w, https:\/\/fedai.az\/wp-content\/uploads\/2021\/08\/239723709_822625511776834_8179258878627530453_n-84x150.jpg 84w, https:\/\/fedai.az\/wp-content\/uploads\/2021\/08\/239723709_822625511776834_8179258878627530453_n.jpg 718w\" sizes=\"auto, (max-width: 574px) 100vw, 574px\" \/><\/figure><\/li><\/ul><\/figure>\n\n\n\n<p>&nbsp;&nbsp;&nbsp;&nbsp; O, 1965-1975-ci il\u0259rd\u0259 A\u011fsu rayonunun Dilman v\u0259 Kalva k\u0259nd orta m\u0259kt\u0259b\u0259l\u0259rind\u0259&nbsp; orta t\u0259hsilini ba\u015fa vurmu\u015fdur. Polkovnik B\u0259xt\u0131yar Abdullayev 1975-ci ild\u0259 Bak\u0131 M\u0259d\u0259ni Maarif Texnikomuna daxil olmu\u015f,&nbsp; 1977-ci ild\u0259&nbsp; h\u0259min Texnikomu,1980- ci ild\u0259 is\u0259 Az\u0259rbaycan D\u00f6vl\u0259t \u0130nc\u0259s\u0259n\u0259t \u0130nstitutunun m\u0259d\u0259ni Maarif fakult\u0259sin\u0259 daxil olub, 1985-ci ild\u0259 h\u0259min \u0130nstitutu bitirib.<\/p>\n\n\n\n<p>&nbsp;&nbsp;&nbsp;&nbsp; Polkovnik B\u0259xt\u0131yar Abdullayev 1978-1980-ci ill\u0259rd\u0259 Arxangelsk vilay\u0259tinin \u015eenkursk \u015f\u0259h\u0259rind\u0259 Havadan M\u00fcdafi\u0259 Qo\u015funlar\u0131nda m\u00fcddd\u0259tli h\u0259qqi h\u0259rbi xidm\u0259td\u0259 rabit\u0259ci&nbsp; v\u0259zif\u0259sind\u0259 olub.<\/p>\n\n\n\n<p>&nbsp;&nbsp;&nbsp;&nbsp; O, 1980-1991-ci ill\u0259rd\u0259 Daxili \u0130\u015fl\u0259r Nazirliyinin Yan\u011f\u0131ndan m\u00fchafiz\u0259 idar\u0259sinin 5 n\u00f6mr\u0259li yan\u011f\u0131ndan m\u00fchafiz\u0259 d\u0259st\u0259sind\u0259 siyasi \u015f\u00f6b\u0259nin t\u0259limatc\u0131s\u0131, d\u0259st\u0259 r\u0259isinin m\u00fcavini,&nbsp; 1992-ci ild\u0259n 2012-ci ilin son ay\u0131na kimi Daxili \u0130\u015fl\u0259r Nazirliyinin&nbsp; Daxili Qo\u015funlar\u0131n\u0131n Ba\u015f \u0130dar\u0259sinin&nbsp; h\u0259rbi hiss\u0259l\u0259rind\u0259 h\u0259rbi hiss\u0259 komandirinin t\u0259rbiy\u0259vi i\u015fl\u0259r \u00fczr\u0259 m\u00fcavini, Agdam rayonunda yerl\u0259\u015f\u0259n h\u0259rbi hiss\u0259nin komandiri, DQB\u0130-nin M\u0259tubat xidm\u0259tinin r\u0259isi&nbsp; v\u0259 h\u0259rbi \u0259m\u0259kda\u015fl\u0131q \u015f\u00f6b\u0259sinin r\u0259isi v\u0259zif\u0259l\u0259rind\u0259 xidm\u0259t edib.<\/p>\n\n\n\n<figure class=\"wp-block-gallery columns-2 is-cropped wp-block-gallery-2 is-layout-flex wp-block-gallery-is-layout-flex\"><ul class=\"blocks-gallery-grid\"><li class=\"blocks-gallery-item\"><figure><img loading=\"lazy\" decoding=\"async\" width=\"576\" height=\"1024\" src=\"https:\/\/fedai.az\/wp-content\/uploads\/2021\/08\/239614986_527087735245639_8433315091396759700_n-576x1024.jpg\" alt=\"\" data-id=\"46688\" data-link=\"https:\/\/fedai.az\/?attachment_id=46688\" class=\"wp-image-46688\" srcset=\"https:\/\/fedai.az\/wp-content\/uploads\/2021\/08\/239614986_527087735245639_8433315091396759700_n-576x1024.jpg 576w, https:\/\/fedai.az\/wp-content\/uploads\/2021\/08\/239614986_527087735245639_8433315091396759700_n-169x300.jpg 169w, https:\/\/fedai.az\/wp-content\/uploads\/2021\/08\/239614986_527087735245639_8433315091396759700_n-84x150.jpg 84w, https:\/\/fedai.az\/wp-content\/uploads\/2021\/08\/239614986_527087735245639_8433315091396759700_n.jpg 720w\" sizes=\"auto, (max-width: 576px) 100vw, 576px\" \/><\/figure><\/li><li class=\"blocks-gallery-item\"><figure><img loading=\"lazy\" decoding=\"async\" width=\"1016\" height=\"1024\" src=\"https:\/\/fedai.az\/wp-content\/uploads\/2021\/08\/239570636_893635104901739_8760121086845613702_n-1016x1024.jpg\" alt=\"\" data-id=\"46689\" data-full-url=\"https:\/\/fedai.az\/wp-content\/uploads\/2021\/08\/239570636_893635104901739_8760121086845613702_n.jpg\" data-link=\"https:\/\/fedai.az\/?attachment_id=46689\" class=\"wp-image-46689\" srcset=\"https:\/\/fedai.az\/wp-content\/uploads\/2021\/08\/239570636_893635104901739_8760121086845613702_n-1016x1024.jpg 1016w, https:\/\/fedai.az\/wp-content\/uploads\/2021\/08\/239570636_893635104901739_8760121086845613702_n-298x300.jpg 298w, https:\/\/fedai.az\/wp-content\/uploads\/2021\/08\/239570636_893635104901739_8760121086845613702_n-150x150.jpg 150w, https:\/\/fedai.az\/wp-content\/uploads\/2021\/08\/239570636_893635104901739_8760121086845613702_n-768x774.jpg 768w, https:\/\/fedai.az\/wp-content\/uploads\/2021\/08\/239570636_893635104901739_8760121086845613702_n.jpg 1080w\" sizes=\"auto, (max-width: 1016px) 100vw, 1016px\" \/><\/figure><\/li><\/ul><\/figure>\n\n\n\n<p>&nbsp;&nbsp;&nbsp;&nbsp;&nbsp; B\u0259xtiyar Abdullayev erm\u0259ni t\u0259cav\u00fczkarlar\u0131na qar\u015f\u0131 apar\u0131lan d\u00f6y\u00fc\u015f \u0259m\u0259liyyatlar\u0131 zaman\u0131 d\u0259f\u0259l\u0259rl\u0259 d\u00f6y\u00fc\u015f tap\u015f\u0131r\u0131qlar\u0131n\u0131 yerin\u0259 yetirmi\u015f,\u00f6z\u00fcn\u00fc bir komandir kimi do\u011frultmu\u015fdur. Bel\u0259 ki, 25 iyun 1992-ci&nbsp; tarixd\u0259 \u018flia\u011fal\u0131 k\u0259ndind\u0259 ged\u0259n d\u00f6y\u00fc\u015fl\u0259rd\u0259 onun ba\u015f\u00e7\u0131l\u0131q etdiyi \u015f\u0259xsi hey\u0259t d\u00fc\u015fm\u0259nin qar\u015f\u0131s\u0131ndan&nbsp; geri c\u0259kilm\u0259mi\u015f, xeyli davam ed\u0259n d\u00f6y\u00fc\u015fd\u0259n sonra d\u00fc\u015fm\u0259n geri oturdulmu\u015fdur. <\/p>\n\n\n\n<p>&nbsp;&nbsp;&nbsp;&nbsp;&nbsp;Polkovnik B. Abdullayev,A\u011fdam rayonunun onlarla ya\u015fay\u0131\u015f m\u0259nt\u0259q\u0259sinin d\u00fc\u015fm\u0259n h\u00fccumundan m\u00fcdafi\u0259si \u00fczr\u0259 \u0259m\u0259liyyatlarda&nbsp; yax\u0131ndan i\u015ftirak etmi\u015fdir. O, 16 iyun 1993 -ci ild\u0259 A\u011fdam rayonunun \u018flim\u0259d\u0259tli ya\u015fay\u0131\u015f m\u0259nt\u0259q\u0259sinin d\u00fc\u015fm\u0259n h\u00fccumundan m\u00fcdafi\u0259si zaman\u0131 a\u011f\u0131r yaralanm\u0131\u015fd\u0131r.<\/p>\n\n\n\n<p>&nbsp;&nbsp;&nbsp; O, Daxili \u0130\u015fl\u0259r Nazirliyinin Daxili Qo\u015funlar\u0131na h\u0259val\u0259 edilmi\u015f v\u0259zif\u0259l\u0259rin v\u0259 tap\u015f\u0131r\u0131qlar\u0131n yerin\u0259 yetirilm\u0259sind\u0259, silahl\u0131 d\u0259st\u0259l\u0259rin z\u0259r\u0259rsizl\u0259\u015fdirilm\u0259sind\u0259, cinay\u0259tkarl\u0131\u011fa qar\u015f\u0131 m\u00fcbarizd\u0259,ictimai t\u0259hl\u00fck\u0259sizliyin t\u0259min edilm\u0259sind\u0259, D\u00f6vl\u0259tin \u0259razi b\u00fct\u00f6vl\u00fcy\u00fcn\u00fcn&nbsp; t\u0259min edilm\u0259sind\u0259, D\u00f6yu\u015f v\u0259 x\u00fcsusi \u0259m\u0259liyyatlar zaman\u0131 igidlik g\u00f6st\u0259rdiyin\u0259,\u00f6z v\u0259zif\u0259l\u0259rini yerin\u0259 yetir\u0259rk\u0259n f\u0259riql\u0259ndiyin\u0259 g\u00f6r\u0259,<\/p>\n\n\n\n<figure class=\"wp-block-image size-large\"><img loading=\"lazy\" decoding=\"async\" width=\"1024\" height=\"807\" src=\"https:\/\/fedai.az\/wp-content\/uploads\/2021\/08\/239586507_214651310687510_297353757924418648_n-1024x807.jpg\" alt=\"\" class=\"wp-image-46721\" srcset=\"https:\/\/fedai.az\/wp-content\/uploads\/2021\/08\/239586507_214651310687510_297353757924418648_n-1024x807.jpg 1024w, https:\/\/fedai.az\/wp-content\/uploads\/2021\/08\/239586507_214651310687510_297353757924418648_n-300x236.jpg 300w, https:\/\/fedai.az\/wp-content\/uploads\/2021\/08\/239586507_214651310687510_297353757924418648_n-150x118.jpg 150w, https:\/\/fedai.az\/wp-content\/uploads\/2021\/08\/239586507_214651310687510_297353757924418648_n-768x605.jpg 768w, https:\/\/fedai.az\/wp-content\/uploads\/2021\/08\/239586507_214651310687510_297353757924418648_n.jpg 1080w\" sizes=\"auto, (max-width: 1024px) 100vw, 1024px\" \/><\/figure>\n\n\n\n<p>Az\u0259rbaycan Respublikas\u0131 Prezidentinin&nbsp; 30 iyun 2002-ci il tarixli s\u0259r\u0259ncam\u0131 il\u0259 s\u0259r\u0259ncam\u0131 il\u0259 ehtiyyatda olan polkovnik Abdullayev B\u0259xtiyar Fetdah o\u011flu&nbsp; &#171;V\u0259t\u0259n u\u011frunda&#187;&nbsp; medal\u0131 il\u0259 t\u0259ltif olunub.<\/p>\n\n\n\n<p>&nbsp;&nbsp;&nbsp;&nbsp;&nbsp;&nbsp; B\u0259xtiyar Abdullayev Az\u0259rbaycan Respublikas\u0131 Konstitusiyas\u0131na v\u0259 qanunlar\u0131na, h\u0259rbi and\u0131n, h\u0259rbi nizamnam\u0259l\u0259rin, Daxili Qo\u015funlar\u0131n Bas \u0130dar\u0259sinin M\u0259tbuat xidm\u0259ti v\u0259 Beyn\u0259lxalq h\u0259rbi \u0259m\u0259kda\u015fl\u0131q \u015f\u00f6b\u0259sinin r\u0259isi \u00fczr\u0259 \u0259sasnam\u0259nin&nbsp;&nbsp; t\u0259l\u0259bl\u0259rin\u0259 v\u0259 v\u0259zif\u0259 borcuna \u0259m\u0259l&nbsp; etm\u0259kd\u0259 tabeliyind\u0259kil\u0259r ucun n\u00fcmn\u0259 olmu\u015fdur.<\/p>\n\n\n\n<p><strong>&nbsp;&nbsp;&nbsp; O,humanistliyi v\u0259 s\u0259m\u0259r\u0259liliyi il\u0259 secil\u0259n \u0259n m\u0259hsuldar d\u00f6vr\u00fcn\u00fcn 34 ild\u0259n cox \u015f\u0259r\u0259fli xidm\u0259t yolunun&nbsp; on d\u00f6rd ilini&nbsp;&nbsp; Daxili \u0130\u015fl\u0259r Nazirliyinin Ba\u015f Yan\u011f\u0131ndan M\u00fchafiz\u0259 \u0130dar\u0259sind\u0259, iyrimi ilini is\u0259 Daxili Qo\u015funlarda&nbsp;&nbsp; ke\u00e7ir\u0259r\u0259k, V\u0259t\u0259n\u0259, D\u00f6vl\u0259t\u0259 v\u0259 xalqa s\u0259daq\u0259tl\u0259 xidm\u0259t etmi\u015fdir.<\/strong><\/p>\n\n\n\n<figure class=\"wp-block-gallery columns-1 is-cropped wp-block-gallery-3 is-layout-flex wp-block-gallery-is-layout-flex\"><ul class=\"blocks-gallery-grid\"><li class=\"blocks-gallery-item\"><figure><img loading=\"lazy\" decoding=\"async\" width=\"768\" height=\"1024\" src=\"https:\/\/fedai.az\/wp-content\/uploads\/2021\/08\/239653038_1799279430276217_4070958890648147201_n-768x1024.jpg\" alt=\"\" data-id=\"46713\" data-full-url=\"https:\/\/fedai.az\/wp-content\/uploads\/2021\/08\/239653038_1799279430276217_4070958890648147201_n.jpg\" data-link=\"https:\/\/fedai.az\/?attachment_id=46713\" class=\"wp-image-46713\" srcset=\"https:\/\/fedai.az\/wp-content\/uploads\/2021\/08\/239653038_1799279430276217_4070958890648147201_n-768x1024.jpg 768w, https:\/\/fedai.az\/wp-content\/uploads\/2021\/08\/239653038_1799279430276217_4070958890648147201_n-225x300.jpg 225w, https:\/\/fedai.az\/wp-content\/uploads\/2021\/08\/239653038_1799279430276217_4070958890648147201_n-113x150.jpg 113w, https:\/\/fedai.az\/wp-content\/uploads\/2021\/08\/239653038_1799279430276217_4070958890648147201_n-1152x1536.jpg 1152w, https:\/\/fedai.az\/wp-content\/uploads\/2021\/08\/239653038_1799279430276217_4070958890648147201_n.jpg 1200w\" sizes=\"auto, (max-width: 768px) 100vw, 768px\" \/><\/figure><\/li><\/ul><\/figure>\n\n\n\n<p>&nbsp;&nbsp;&nbsp;&nbsp;&nbsp; B\u0259xtiyar Abdullayev Daxili Qo\u015funlar\u0131n Bas \u0130dar\u0259sinin h\u0259rbi hiss\u0259l\u0259rind\u0259 h\u0259rbi hiss\u0259 komandirinin t\u0259rbiy\u0259vi i\u015fl\u0259r \u00fczr\u0259 m\u00fcavini v\u0259zif\u0259sind\u0259 xidm\u0259t etdiyi ill\u0259r \u0259rzind\u0259 O,s\u0259m\u0259r\u0259li f\u0259aliyy\u0259ti il\u0259, i\u015fg\u00fczar v\u0259 m\u0259n\u0259vi keyfiyy\u0259til\u0259, n\u0259z\u0259ri v\u0259 praktiki biliyi il\u0259 \u00fcz\u0259rin\u0259 d\u00fcs\u0259n v\u0259zif\u0259l\u0259rin v\u0259 tap\u015f\u0131r\u0131qlar\u0131n yerin\u0259 yetirilm\u0259sin\u0259 m\u0259suliyy\u0259tl\u0259 yana\u015fm\u0131\u015fd\u0131r.<\/p>\n\n\n\n<p>&nbsp;&nbsp;&nbsp;&nbsp;&nbsp;M\u00fcharib\u0259 v\u0259 Silahl\u0131 q\u00fcvv\u0259l\u0259r veteran\u0131 ehtiyyatda olan polkovnik&nbsp; B\u0259xtiyar Abdullayev&nbsp; Daxili \u0130\u015fl\u0259r Nazirliyinin Ba\u015f Yan\u011f\u0131ndan M\u00fchafiz\u0259 \u0130dar\u0259sind\u0259 v\u0259 Daxili \u0130\u015fl\u0259r Nazirliyinin Daxili Qo\u015funlar\u0131n\u0131n Ba\u015f&nbsp; \u0130dar\u0259sinin \u015e\u00f6b\u0259 v\u0259 xidm\u0259tl\u0259rinid\u0259, h\u0259rbi hiss\u0259 v\u0259 b\u00f6lm\u0259l\u0259ind\u0259 i\u015fl\u0259diyi m\u00fcdd\u0259td\u0259 \u00fcz\u0259rin\u0259 d\u00fcs\u0259n v\u0259zif\u0259l\u0259rin yerin\u0259 yetirilm\u0259sind\u0259 x\u00fcsusi f\u0259riql\u0259ndiyin\u0259 g\u00f6r\u0259 o, Daxili \u0130\u015fl\u0259r&nbsp; Nazirinin, Daxili Qo\u015funlar Komandan\u0131n v\u0259 onun m\u00fcavinl\u0259rinin, Din-in Ba\u015f Yan\u011f\u0131ndan M\u00fchafiz\u0259 idar\u0259 r\u0259isinin, xidm\u0259t etdiyi h\u0259rbi hiss\u0259nin komandirinin m\u00fcvaf\u0131q \u0259mrl\u0259ri il\u0259 bir sira medallarla &#171;\u0259la xidm\u0259tl\u0259r\u0259 g\u00f6r\u0259&#187; d\u00f6\u015f v\u0259 &#171;yubley&#187;nisanlar\u0131 il\u0259,f\u0259xri f\u0259rmanlarla, pul m\u00fckafatlar\u0131 il\u0259, qiym\u0259tli h\u0259diyy\u0259l\u0259rl\u0259 m\u00fckafatland\u0131rl\u0131b v\u0259 ona t\u0259\u015f\u0259kk\u00fcr elan olunub.<\/p>\n\n\n\n<figure class=\"wp-block-gallery columns-1 is-cropped wp-block-gallery-4 is-layout-flex wp-block-gallery-is-layout-flex\"><ul class=\"blocks-gallery-grid\"><li class=\"blocks-gallery-item\"><figure><img loading=\"lazy\" decoding=\"async\" width=\"719\" height=\"1022\" src=\"https:\/\/fedai.az\/wp-content\/uploads\/2021\/08\/m4.jpg\" alt=\"\" data-id=\"46692\" data-full-url=\"https:\/\/fedai.az\/wp-content\/uploads\/2021\/08\/m4.jpg\" data-link=\"https:\/\/fedai.az\/?attachment_id=46692\" class=\"wp-image-46692\" srcset=\"https:\/\/fedai.az\/wp-content\/uploads\/2021\/08\/m4.jpg 719w, https:\/\/fedai.az\/wp-content\/uploads\/2021\/08\/m4-211x300.jpg 211w, https:\/\/fedai.az\/wp-content\/uploads\/2021\/08\/m4-106x150.jpg 106w\" sizes=\"auto, (max-width: 719px) 100vw, 719px\" \/><\/figure><\/li><\/ul><\/figure>\n\n\n\n<p>&nbsp;&nbsp;&nbsp;&nbsp; B\u0259xtiyar Abdullayev DQB\u0130-nin Beyn\u0259lxalq h\u0259rbi \u0259m\u0259kda\u015fl\u0131q \u015f\u00f6b\u0259sinin r\u0259isi v\u0259zif\u0259l\u0259rind\u0259 xidm\u0259t etdiyi ill\u0259r \u0259rzind\u0259 Daxili Qo\u015funlar\u0131n N\u00fcmay\u0259nd\u0259 hey\u0259tinin t\u0259rkibind\u0259 Ankarada, \u0130stanbulda, Moskvada v\u0259 Br\u00fcsseld\u0259 i\u015fg\u00fczar s\u0259f\u0259rd\u0259 olub.<\/p>\n\n\n\n<p><strong>AD G\u00dcN\u00dcN\u00dcZ M\u00dcBAR\u018fK OLSUN!<\/strong><\/p>\n\n\n\n<p><strong>BU YEN\u0130 YA\u015eINIZDA \u00d6MR\u00dcN\u00dcZ\u00dcN \u018fN G\u00d6Z\u018fL V\u018f XO\u015e G\u00dcNL\u018fR\u0130N\u0130&nbsp; YA\u015eAYASINIZ!<\/strong><\/p>\n\n\n\n<p><strong>D\u0259rin h\u00f6rm\u0259tl\u0259, Az\u0259rbaycan V\u0259t\u0259n M\u00fcharib\u0259si Veteranlar\u0131 \u0130ctimai Birliyinin s\u0259dr m\u00fcavini polkovnik Salman Musayev<\/strong><\/p>\n\n\n\n<figure class=\"wp-block-gallery columns-2 is-cropped wp-block-gallery-5 is-layout-flex wp-block-gallery-is-layout-flex\"><ul class=\"blocks-gallery-grid\"><li class=\"blocks-gallery-item\"><figure><img loading=\"lazy\" decoding=\"async\" width=\"533\" height=\"675\" src=\"https:\/\/fedai.az\/wp-content\/uploads\/2021\/08\/b2-2.jpg\" alt=\"\" data-id=\"46693\" data-link=\"https:\/\/fedai.az\/?attachment_id=46693\" class=\"wp-image-46693\" srcset=\"https:\/\/fedai.az\/wp-content\/uploads\/2021\/08\/b2-2.jpg 533w, https:\/\/fedai.az\/wp-content\/uploads\/2021\/08\/b2-2-237x300.jpg 237w, https:\/\/fedai.az\/wp-content\/uploads\/2021\/08\/b2-2-118x150.jpg 118w\" sizes=\"auto, (max-width: 533px) 100vw, 533px\" \/><\/figure><\/li><li class=\"blocks-gallery-item\"><figure><img loading=\"lazy\" decoding=\"async\" width=\"600\" height=\"600\" src=\"https:\/\/fedai.az\/wp-content\/uploads\/2021\/08\/8265a327389da9fe4fdc2714b309120e-2-22.jpg\" alt=\"\" data-id=\"46694\" data-full-url=\"https:\/\/fedai.az\/wp-content\/uploads\/2021\/08\/8265a327389da9fe4fdc2714b309120e-2-22.jpg\" data-link=\"https:\/\/fedai.az\/?attachment_id=46694\" class=\"wp-image-46694\" srcset=\"https:\/\/fedai.az\/wp-content\/uploads\/2021\/08\/8265a327389da9fe4fdc2714b309120e-2-22.jpg 600w, https:\/\/fedai.az\/wp-content\/uploads\/2021\/08\/8265a327389da9fe4fdc2714b309120e-2-22-300x300.jpg 300w, https:\/\/fedai.az\/wp-content\/uploads\/2021\/08\/8265a327389da9fe4fdc2714b309120e-2-22-150x150.jpg 150w, https:\/\/fedai.az\/wp-content\/uploads\/2021\/08\/8265a327389da9fe4fdc2714b309120e-2-22-215x215.jpg 215w\" sizes=\"auto, (max-width: 600px) 100vw, 600px\" \/><\/figure><\/li><\/ul><\/figure>\n","protected":false},"excerpt":{"rendered":"<p>&nbsp;&nbsp;&nbsp; AVMV\u0130B r\u0259hb\u0259rliyi v\u0259 F\u0259dai kolektivi v\u0259 Az\u0259rbaycan V\u0259t\u0259n M\u00fcharib\u0259si Veteranlar\u0131 \u0130ctimai Birliyinin s\u0259dr m\u00fcavini polkovnik Salman Musayev ehtiyyatda olan polkovnik B\u0259xtiyar Abdullayevi do\u011fum<\/p>\n","protected":false},"author":2,"featured_media":46695,"comment_status":"closed","ping_status":"closed","sticky":false,"template":"","format":"standard","meta":{"footnotes":""},"categories":[5],"tags":[],"class_list":["post-46685","post","type-post","status-publish","format-standard","has-post-thumbnail","hentry","category-veteran"],"aioseo_notices":[],"_links":{"self":[{"href":"https:\/\/fedai.az\/index.php?rest_route=\/wp\/v2\/posts\/46685","targetHints":{"allow":["GET"]}}],"collection":[{"href":"https:\/\/fedai.az\/index.php?rest_route=\/wp\/v2\/posts"}],"about":[{"href":"https:\/\/fedai.az\/index.php?rest_route=\/wp\/v2\/types\/post"}],"author":[{"embeddable":true,"href":"https:\/\/fedai.az\/index.php?rest_route=\/wp\/v2\/users\/2"}],"replies":[{"embeddable":true,"href":"https:\/\/fedai.az\/index.php?rest_route=%2Fwp%2Fv2%2Fcomments&post=46685"}],"version-history":[{"count":6,"href":"https:\/\/fedai.az\/index.php?rest_route=\/wp\/v2\/posts\/46685\/revisions"}],"predecessor-version":[{"id":46760,"href":"https:\/\/fedai.az\/index.php?rest_route=\/wp\/v2\/posts\/46685\/revisions\/46760"}],"wp:featuredmedia":[{"embeddable":true,"href":"https:\/\/fedai.az\/index.php?rest_route=\/wp\/v2\/media\/46695"}],"wp:attachment":[{"href":"https:\/\/fedai.az\/index.php?rest_route=%2Fwp%2Fv2%2Fmedia&parent=46685"}],"wp:term":[{"taxonomy":"category","embeddable":true,"href":"https:\/\/fedai.az\/index.php?rest_route=%2Fwp%2Fv2%2Fcategories&post=46685"},{"taxonomy":"post_tag","embeddable":true,"href":"https:\/\/fedai.az\/index.php?rest_route=%2Fwp%2Fv2%2Ftags&post=46685"}],"curies":[{"name":"wp","href":"https:\/\/api.w.org\/{rel}","templated":true}]}}