{"id":46697,"date":"2021-08-28T02:54:15","date_gmt":"2021-08-27T22:54:15","guid":{"rendered":"https:\/\/fedai.az\/?p=46697"},"modified":"2021-08-28T02:54:18","modified_gmt":"2021-08-27T22:54:18","slug":"az%c9%99rbaycan-sulhm%c9%99ramlilari-v%c9%99t%c9%99n%c9%99-qayidib","status":"publish","type":"post","link":"https:\/\/fedai.az\/?p=46697","title":{"rendered":"Az\u0259rbaycan s\u00fclhm\u0259raml\u0131lar\u0131 V\u0259t\u0259n\u0259 qay\u0131d\u0131b"},"content":{"rendered":"\n<p><strong>\u018ffqan\u0131stan \u0130slam Respublikas\u0131n\u0131n Kabil Beyn\u0259lxalq Hava Liman\u0131nda xidm\u0259ti v\u0259zif\u0259l\u0259rini yerin\u0259 yetir\u0259n 120 n\u0259f\u0259rd\u0259n ibar\u0259t Az\u0259rbaycan s\u00fclhm\u0259raml\u0131s\u0131 bu g\u00fcn V\u0259t\u0259n\u0259 qay\u0131d\u0131b.<\/strong><\/p>\n\n\n\n<p>NATO-nun \u018ffqan\u0131stan \u0130slam Respublikas\u0131nda h\u0259yata ke\u00e7irdiyi \u201cQ\u0259tiyy\u0259tli D\u0259st\u0259k\u201d missiyas\u0131n\u0131n t\u0259rkibind\u0259 f\u0259aliyy\u0259t g\u00f6st\u0259r\u0259r\u0259k qar\u015f\u0131ya qoyulan tap\u015f\u0131r\u0131qlar\u0131 m\u00fcv\u0259ff\u0259qiyy\u0259tl\u0259 yerin\u0259 yetir\u0259n h\u0259rb\u00e7il\u0259rimizi Ankaradan g\u0259tir\u0259n t\u0259yyar\u0259 Bak\u0131ya eni\u015f edib.<\/p>\n\n\n\n<p>S\u00fclhm\u0259raml\u0131lar\u0131m\u0131z h\u0259rbi orkestrin m\u00fc\u015fayi\u0259ti il\u0259 qar\u015f\u0131lan\u0131b.<\/p>\n\n\n\n<p>Qar\u015f\u0131lanma m\u0259rasimind\u0259 M\u00fcadafi\u0259 Nazirliyinin r\u0259smil\u0259ri v\u0259 K\u0130V n\u00fcmay\u0259nd\u0259l\u0259ri i\u015ftirak edib.<\/p>\n\n\n\n<p>Qar\u015f\u0131ya qoyulan tap\u015f\u0131r\u0131qlar\u0131 m\u00fcv\u0259ff\u0259qiyy\u0259tl\u0259 yerin\u0259 yetir\u0259n 120 n\u0259f\u0259rd\u0259n ibar\u0259t Az\u0259rbaycan s\u00fclhm\u0259raml\u0131 b\u00f6lm\u0259si T\u00fcrkiy\u0259 q\u00fcvv\u0259l\u0259ri il\u0259 birlikd\u0259&nbsp;Kabil Beyn\u0259lxalq Hava Liman\u0131n\u0131n t\u0259hl\u00fck\u0259sizliyini t\u0259min ed\u0259r\u0259k xidm\u0259ti v\u0259zif\u0259l\u0259rini y\u00fcks\u0259k pe\u015f\u0259karl\u0131qla icra edib.<\/p>\n\n\n\n<p>\u00d6t\u0259n g\u00fcn \u018ffqan\u0131standan \u00e7\u0131xar\u0131lan s\u00fclhm\u0259raml\u0131lar\u0131m\u0131z v\u0259 onlara m\u0259xsus silah, h\u0259rbi \u0259mlak hava yolu il\u0259 Ankara \u015f\u0259h\u0259rin\u0259 da\u015f\u0131n\u0131b.<\/p>\n\n\n\n<p>Qeyd ed\u0259k ki, 20 noyabr 2002-ci il tarixind\u0259n Az\u0259rbaycan Ordusunun 22 n\u0259f\u0259rlik s\u00fclhm\u0259raml\u0131 taq\u0131m\u0131 \u018ffqan\u0131stan \u0130slam Respublikas\u0131nda Beyn\u0259lxalq T\u0259hl\u00fck\u0259sizliy\u0259 Yard\u0131m Q\u00fcvv\u0259l\u0259ri (ISAF) t\u0259rkibind\u0259 f\u0259aliyy\u0259t g\u00f6st\u0259rm\u0259y\u0259 ba\u015flay\u0131b.<\/p>\n\n\n\n<p>15 yanvar 2008-ci il tarixd\u0259 Az\u0259rbaycan\u0131n \u018ffqan\u0131standak\u0131 s\u00fclhm\u0259raml\u0131 kontingentinin say\u0131 40 n\u0259f\u0259r\u0259 \u00e7atd\u0131r\u0131l\u0131b.<\/p>\n\n\n\n<p>M\u0259nb\u0259: Apa<\/p>\n","protected":false},"excerpt":{"rendered":"<p>\u018ffqan\u0131stan \u0130slam Respublikas\u0131n\u0131n Kabil Beyn\u0259lxalq Hava Liman\u0131nda xidm\u0259ti v\u0259zif\u0259l\u0259rini yerin\u0259 yetir\u0259n 120 n\u0259f\u0259rd\u0259n ibar\u0259t Az\u0259rbaycan s\u00fclhm\u0259raml\u0131s\u0131 bu g\u00fcn V\u0259t\u0259n\u0259 qay\u0131d\u0131b. NATO-nun \u018ffqan\u0131stan \u0130slam Respublikas\u0131nda<\/p>\n","protected":false},"author":2,"featured_media":46698,"comment_status":"closed","ping_status":"closed","sticky":false,"template":"","format":"standard","meta":{"footnotes":""},"categories":[3],"tags":[],"class_list":["post-46697","post","type-post","status-publish","format-standard","has-post-thumbnail","hentry","category-gundm"],"aioseo_notices":[],"_links":{"self":[{"href":"https:\/\/fedai.az\/index.php?rest_route=\/wp\/v2\/posts\/46697","targetHints":{"allow":["GET"]}}],"collection":[{"href":"https:\/\/fedai.az\/index.php?rest_route=\/wp\/v2\/posts"}],"about":[{"href":"https:\/\/fedai.az\/index.php?rest_route=\/wp\/v2\/types\/post"}],"author":[{"embeddable":true,"href":"https:\/\/fedai.az\/index.php?rest_route=\/wp\/v2\/users\/2"}],"replies":[{"embeddable":true,"href":"https:\/\/fedai.az\/index.php?rest_route=%2Fwp%2Fv2%2Fcomments&post=46697"}],"version-history":[{"count":1,"href":"https:\/\/fedai.az\/index.php?rest_route=\/wp\/v2\/posts\/46697\/revisions"}],"predecessor-version":[{"id":46699,"href":"https:\/\/fedai.az\/index.php?rest_route=\/wp\/v2\/posts\/46697\/revisions\/46699"}],"wp:featuredmedia":[{"embeddable":true,"href":"https:\/\/fedai.az\/index.php?rest_route=\/wp\/v2\/media\/46698"}],"wp:attachment":[{"href":"https:\/\/fedai.az\/index.php?rest_route=%2Fwp%2Fv2%2Fmedia&parent=46697"}],"wp:term":[{"taxonomy":"category","embeddable":true,"href":"https:\/\/fedai.az\/index.php?rest_route=%2Fwp%2Fv2%2Fcategories&post=46697"},{"taxonomy":"post_tag","embeddable":true,"href":"https:\/\/fedai.az\/index.php?rest_route=%2Fwp%2Fv2%2Ftags&post=46697"}],"curies":[{"name":"wp","href":"https:\/\/api.w.org\/{rel}","templated":true}]}}