{"id":46700,"date":"2021-08-28T03:05:18","date_gmt":"2021-08-27T23:05:18","guid":{"rendered":"https:\/\/fedai.az\/?p=46700"},"modified":"2021-08-28T03:06:15","modified_gmt":"2021-08-27T23:06:15","slug":"pasinyandan-%c9%99rdoganin-cagirisina-cavab-bunu-etm%c9%99y%c9%99-haziriq","status":"publish","type":"post","link":"https:\/\/fedai.az\/?p=46700","title":{"rendered":"Pa\u015finyandan \u018frdo\u011fan\u0131n \u00c7A\u011eIRI\u015eINA CAVAB: &#171;Bunu etm\u0259y\u0259 haz\u0131r\u0131q&#187;"},"content":{"rendered":"\n<p><strong>\u201cT\u00fcrkiy\u0259nin b\u00f6lg\u0259d\u0259ki sabitlik \u00e7a\u011f\u0131r\u0131\u015flar\u0131 il\u0259 mesajlar\u0131na m\u00fcsb\u0259t mesajlarla cavab ver\u0259c\u0259yik\u201d.<\/strong><\/p>\n\n\n\n<p>Erm\u0259nistan\u0131n Ba\u015f naziri Nikol Pa\u015finyan bel\u0259 a\u00e7\u0131qlama verib. O bildirib ki,&nbsp;T\u00fcrkiy\u0259 b\u00f6lg\u0259d\u0259 regional s\u00fclh\u00fcn t\u0259min olunmas\u0131 il\u0259 ba\u011fl\u0131 pozitiv mesajlar verir. Pa\u015finyan bunu m\u00fcsb\u0259t qiym\u0259tl\u0259ndirdiyini ifad\u0259 edib.<\/p>\n\n\n\n<p>Xat\u0131rladaq ki, T\u00fcrkiy\u0259 prezidenti R\u0259c\u0259b Tayyib \u018frdo\u011fan iki g\u00fcn \u0259vv\u0259lki \u00e7\u0131x\u0131\u015f\u0131 zaman\u0131 Qaraba\u011f m\u00fcnaqi\u015f\u0259sind\u0259n sonra b\u00f6lg\u0259d\u0259 davaml\u0131 sabitliyin b\u0259rq\u0259rar edilm\u0259si \u00fc\u00e7\u00fcn f\u00fcrs\u0259t yarand\u0131\u011f\u0131n\u0131 ifad\u0259 edib. \u018frdo\u011fan\u0131n s\u00f6zl\u0259rin\u0259 g\u00f6r\u0259,&nbsp;Erm\u0259nistan bu \u015fansdan istifad\u0259 ed\u0259rs\u0259, laz\u0131m olan add\u0131mlar at\u0131lacaq.<\/p>\n\n\n\n<p>T\u00fcrkiy\u0259 Prezidenti bu ilin dekabr\u0131nda demi\u015fdi ki, \u201c\u0259g\u0259r Erm\u0259nistan \u201calt\u0131l\u0131q platformas\u0131\u201d t\u0259\u015f\u0259bb\u00fcs\u00fcn\u0259 qat\u0131lsa, \u0259laq\u0259l\u0259rd\u0259 yeni s\u0259hif\u0259 a\u00e7\u0131la bil\u0259r\u201d: \u201c\u018frdo\u011fan daha sonra iyunun 16-da Az\u0259rbaycan parlamentind\u0259 \u00e7\u0131x\u0131\u015f\u0131 zaman\u0131 \u201cErm\u0259nistan Az\u0259rbaycanla probleml\u0259rini h\u0259ll etdikc\u0259, biz d\u0259 T\u00fcrkiy\u0259 olaraq laz\u0131m\u0131 add\u0131mlar\u0131 ataca\u011f\u0131q\u201d ifad\u0259sini i\u015fl\u0259tdi. \u018frdo\u011fan bu m\u00f6vzuya d\u00fcn\u0259n Bitlis vilay\u0259tind\u0259 bir s\u0131ra \u00f6lk\u0259l\u0259rin s\u0259firl\u0259rin\u0259 m\u00fcraci\u0259t ed\u0259rk\u0259n bir daha toxunub: \u201cQaraba\u011f\u0131n i\u015f\u011faldan azad edilm\u0259si il\u0259 b\u00f6lg\u0259d\u0259 uzunm\u00fcdd\u0259tli s\u00fclh \u00fc\u00e7\u00fcn \u015f\u0259rait yarad\u0131l\u0131b. Erm\u0259nistan bu \u015fansdan istifad\u0259 ed\u0259rs\u0259, o zaman laz\u0131m olan add\u0131mlar\u0131 ataca\u011f\u0131q\u201d.<\/p>\n","protected":false},"excerpt":{"rendered":"<p>\u201cT\u00fcrkiy\u0259nin b\u00f6lg\u0259d\u0259ki sabitlik \u00e7a\u011f\u0131r\u0131\u015flar\u0131 il\u0259 mesajlar\u0131na m\u00fcsb\u0259t mesajlarla cavab ver\u0259c\u0259yik\u201d. Erm\u0259nistan\u0131n Ba\u015f naziri Nikol Pa\u015finyan bel\u0259 a\u00e7\u0131qlama verib. O bildirib ki,&nbsp;T\u00fcrkiy\u0259 b\u00f6lg\u0259d\u0259 regional s\u00fclh\u00fcn<\/p>\n","protected":false},"author":2,"featured_media":46703,"comment_status":"closed","ping_status":"closed","sticky":false,"template":"","format":"standard","meta":{"footnotes":""},"categories":[1],"tags":[],"class_list":["post-46700","post","type-post","status-publish","format-standard","has-post-thumbnail","hentry","category-siyast"],"aioseo_notices":[],"_links":{"self":[{"href":"https:\/\/fedai.az\/index.php?rest_route=\/wp\/v2\/posts\/46700","targetHints":{"allow":["GET"]}}],"collection":[{"href":"https:\/\/fedai.az\/index.php?rest_route=\/wp\/v2\/posts"}],"about":[{"href":"https:\/\/fedai.az\/index.php?rest_route=\/wp\/v2\/types\/post"}],"author":[{"embeddable":true,"href":"https:\/\/fedai.az\/index.php?rest_route=\/wp\/v2\/users\/2"}],"replies":[{"embeddable":true,"href":"https:\/\/fedai.az\/index.php?rest_route=%2Fwp%2Fv2%2Fcomments&post=46700"}],"version-history":[{"count":2,"href":"https:\/\/fedai.az\/index.php?rest_route=\/wp\/v2\/posts\/46700\/revisions"}],"predecessor-version":[{"id":46704,"href":"https:\/\/fedai.az\/index.php?rest_route=\/wp\/v2\/posts\/46700\/revisions\/46704"}],"wp:featuredmedia":[{"embeddable":true,"href":"https:\/\/fedai.az\/index.php?rest_route=\/wp\/v2\/media\/46703"}],"wp:attachment":[{"href":"https:\/\/fedai.az\/index.php?rest_route=%2Fwp%2Fv2%2Fmedia&parent=46700"}],"wp:term":[{"taxonomy":"category","embeddable":true,"href":"https:\/\/fedai.az\/index.php?rest_route=%2Fwp%2Fv2%2Fcategories&post=46700"},{"taxonomy":"post_tag","embeddable":true,"href":"https:\/\/fedai.az\/index.php?rest_route=%2Fwp%2Fv2%2Ftags&post=46700"}],"curies":[{"name":"wp","href":"https:\/\/api.w.org\/{rel}","templated":true}]}}