{"id":46710,"date":"2021-08-28T03:38:20","date_gmt":"2021-08-27T23:38:20","guid":{"rendered":"https:\/\/fedai.az\/?p=46710"},"modified":"2021-08-28T22:04:47","modified_gmt":"2021-08-28T18:04:47","slug":"t%c9%99brik-tibb-xidm%c9%99ti-mayoru-p%c9%99rviz-seydgulov-56","status":"publish","type":"post","link":"https:\/\/fedai.az\/?p=46710","title":{"rendered":"T\u018fBR\u0130K: T\u0130BB X\u0130DM\u018fT\u0130 MAYORU P\u018fRV\u0130Z SEY\u0130DGULOV &#8212; 56"},"content":{"rendered":"\n<p><strong>&nbsp;&nbsp;&nbsp;&nbsp;&nbsp; AVMV\u0130B r\u0259hb\u0259rliyi, F\u0259dai .az kolektivi v\u0259 Az\u0259rbaycan V\u0259t\u0259n M\u00fcharib\u0259si Veteranlar\u0131 \u0130ctimai Birliyinin s\u0259dr m\u00fcavini polkovnik Salman Musayev tibb xidm\u0259ti mayoru Seyidgulov P\u0259rviz Seyidbaba o\u011flunu do\u011fum g\u00fcn\u00fc m\u00fcnasib\u0259til\u0259 s\u0259mimi q\u0259lbd\u0259n t\u0259brik edir,h\u0259yatda insan \u00fc\u00e7\u00fcn \u0259n \u015firin neym\u0259t olan m\u00f6hk\u0259m can sa\u011fl\u0131\u011f\u0131 v\u0259 h\u0259yat yollar\u0131nda bitib &#8212; t\u00fck\u0259nm\u0259y\u0259n nailiyy\u0259tl\u0259r arzulay\u0131r.<\/strong><\/p>\n\n\n\n<p><strong>&nbsp;&nbsp;&nbsp; Qoy ya\u015f\u0131n\u0131n \u00fcst\u0259 g\u0259l\u0259n bu ya\u015f ona sevinc dolu g\u00fcnl\u0259r b\u0259x\u015f etsin, h\u0259r yeni g\u00fcn\u00fc is\u0259 \u00f6t\u0259n g\u00fcnl\u0259rd\u0259n daha g\u00f6z\u0259l ist\u0259kl\u0259rin\u0259 uy\u011fun, onu xo\u015fb\u0259xt ed\u0259c\u0259k \u015f\u0259kild\u0259 ke\u00e7sin. AM\u0130N!<\/strong><\/p>\n\n\n\n<p>&nbsp;&nbsp; Tibb xidm\u0259ti mayoru Seyidgulov P\u0259rviz Seyidbaba o\u011flu Quba rayonunun Pa\u015faoba k\u0259ndind\u0259 anadan olub.<\/p>\n\n\n\n<p>&nbsp;&nbsp;&nbsp;&nbsp; O, 1972- ci ild\u0259 Quba rayonun Pa\u015faoba k\u0259nd orta m\u0259kt\u0259b\u0259inin birinci sinifin\u0259 getmi\u015f 1983-ci ild\u0259 h\u0259min orta m\u0259kt\u0259bi bitirb.O,1983-1985-ci ild\u0259 SSR\u0130 M\u00fcdafi\u0259 Nazirliyinin Zabaykal H\u0259rbi Dair\u0259sinin Monqolustanda yerl\u0259\u015f\u0259n h\u0259rbi hiss\u0259sind\u0259 m\u00fcddd\u0259tli h\u0259qqi h\u0259rbi xidm\u0259td\u0259 olub.<\/p>\n\n\n\n<p>&nbsp;&nbsp;&nbsp; P\u0259rviz Seyidgulov 1972 -ci ild\u0259 Quba rayonun Pa\u015faoba k\u0259nd orta m\u0259kt\u0259b\u0259inin birinci sinif\u0259 getmi\u015f, 1983-c\u00fc ild\u0259 h\u0259min m\u0259kt\u0259bi bitirib.<\/p>\n\n\n\n<figure class=\"wp-block-gallery columns-2 is-cropped wp-block-gallery-1 is-layout-flex wp-block-gallery-is-layout-flex\"><ul class=\"blocks-gallery-grid\"><li class=\"blocks-gallery-item\"><figure><img loading=\"lazy\" decoding=\"async\" width=\"815\" height=\"1024\" src=\"https:\/\/fedai.az\/wp-content\/uploads\/2021\/08\/240789614_561482738404797_3287081018301391579_n-815x1024.jpg\" alt=\"\" data-id=\"46711\" data-link=\"https:\/\/fedai.az\/?attachment_id=46711\" class=\"wp-image-46711\" srcset=\"https:\/\/fedai.az\/wp-content\/uploads\/2021\/08\/240789614_561482738404797_3287081018301391579_n-815x1024.jpg 815w, https:\/\/fedai.az\/wp-content\/uploads\/2021\/08\/240789614_561482738404797_3287081018301391579_n-239x300.jpg 239w, https:\/\/fedai.az\/wp-content\/uploads\/2021\/08\/240789614_561482738404797_3287081018301391579_n-119x150.jpg 119w, https:\/\/fedai.az\/wp-content\/uploads\/2021\/08\/240789614_561482738404797_3287081018301391579_n-768x965.jpg 768w, https:\/\/fedai.az\/wp-content\/uploads\/2021\/08\/240789614_561482738404797_3287081018301391579_n-1222x1536.jpg 1222w, https:\/\/fedai.az\/wp-content\/uploads\/2021\/08\/240789614_561482738404797_3287081018301391579_n.jpg 1273w\" sizes=\"auto, (max-width: 815px) 100vw, 815px\" \/><\/figure><\/li><li class=\"blocks-gallery-item\"><figure><img loading=\"lazy\" decoding=\"async\" width=\"473\" height=\"681\" src=\"https:\/\/fedai.az\/wp-content\/uploads\/2021\/08\/V6-2.jpg\" alt=\"\" data-id=\"46712\" data-full-url=\"https:\/\/fedai.az\/wp-content\/uploads\/2021\/08\/V6-2.jpg\" data-link=\"https:\/\/fedai.az\/?attachment_id=46712\" class=\"wp-image-46712\" srcset=\"https:\/\/fedai.az\/wp-content\/uploads\/2021\/08\/V6-2.jpg 473w, https:\/\/fedai.az\/wp-content\/uploads\/2021\/08\/V6-2-208x300.jpg 208w, https:\/\/fedai.az\/wp-content\/uploads\/2021\/08\/V6-2-104x150.jpg 104w\" sizes=\"auto, (max-width: 473px) 100vw, 473px\" \/><\/figure><\/li><\/ul><\/figure>\n\n\n\n<p>&nbsp;&nbsp; O,1983- 1985 -ci ill\u0259rd\u0259 SSR\u0130 M\u00fcdafi\u0259 Nazirliyinin Zabaykal h\u0259rbi dair\u0259sinin Monqolustanda yerl\u0259\u015f\u0259n h\u0259rbi hiss\u0259sind\u0259 m\u00fcddd\u0259tli h\u0259qqi h\u0259rbi xidm\u0259td\u0259 olub .<\/p>\n\n\n\n<p>Tibb Xidm\u0259ti mayoru&nbsp; Seyidgulov P\u0259rviz Seyidbaba o\u011flu 1987 -ci ild\u0259 Az\u0259rbaycan D\u00f6vl\u0259t T\u0130BB \u00dcnverstetin\u0259 daxil olmu\u015f, 1994- c\u00fc ild\u0259 h\u0259min Universiteti , 2013-c\u00fc ild\u0259 is\u0259 T\u00fcrkiy\u0259 C\u00fcmhuriyy\u0259tinin G\u00fclxana&nbsp; Akademik kursunu bitrib.<\/p>\n\n\n\n<p>&nbsp;&nbsp;&nbsp; P\u0259rviz Seyidbaba&nbsp; 1993- c\u00fc ilin mart ayinin sonundan 2015- ci&nbsp; ilin son ay\u0131na kimi Daxili \u0130\u015fl\u0259r Nazirliyinin Daxili Qo\u015funlar\u0131n\u0131n Ba\u015f \u0130dar\u0259sinin F\u00fczuli, X\u0259z\u0259r v\u0259 Quba rayonlar\u0131nda yerl\u0259\u015f\u0259n h\u0259rbi hiss\u0259l\u0259rd\u0259 tibb&nbsp; xidm\u0259t r\u0259isinin k\u00f6m\u0259k\u00e7isi v\u0259&nbsp; tibb xidm\u0259t r\u0259isi v\u0259zif\u0259l\u0259rind\u0259,V\u0259t\u0259n\u0259&nbsp; D\u00f6vl\u0259t\u0259, Xalqa s\u0259daq\u0259tl\u0259 xidm\u0259t etmi\u015fdir.<\/p>\n\n\n\n<p>M\u00fcharib\u0259 veteran\u0131 P\u0259rviz Seydgulov Pe\u015f\u0259karl\u0131\u011f\u0131 v\u0259 humanistliyi il\u0259 se\u00e7il\u0259n \u0259n m\u0259hsuldar d\u00f6vr\u00fcn\u00fcn 29 ild\u0259n \u00e7ox \u015f\u0259r\u0259fli xidm\u0259ti yolununun 23 ilini h\u0259rbi xidm\u0259td\u0259 kecirib,&nbsp; alt\u0131 ilini&nbsp;&nbsp; is\u0259 Quba rayon t\u0131bb kollecind\u0259 ba\u015f m\u00fc\u0259llim v\u0259zif\u0259sind\u0259 ke\u00e7irir.<\/p>\n\n\n\n<p>&nbsp;&nbsp;&nbsp; P\u0259rviz Seyidgulov Daxili Qo\u015funlar\u0131n Ba\u015f idar\u0259sinin F\u00fczuli, X\u0259tai v\u0259 Quba rayonlar\u0131nda yerl\u0259\u015f\u0259n h\u0259rbi hiss\u0259l\u0259rind\u0259 xidm\u0259t etdiyi ill\u0259r \u0259rzind\u0259 \u00fcz\u0259rin\u0259 d\u00fc\u015f\u0259n v\u0259zif\u0259l\u0259rin yerin\u0259 yetirilm\u0259sin\u0259 m\u0259suliyy\u0259tl\u0259 yana\u015fm\u0131\u015fd\u0131r.<\/p>\n\n\n\n<p>&nbsp;&nbsp; P\u0259rviz Seyidgulov Daxili \u0130\u015fl\u0259r Nazirliyinin Daxili Qo\u015funlar\u0131n\u0131n Ba\u015f \u0130dar\u0259sinin h\u0259rbi hiss\u0259l\u0259rinde tibb xidm\u0259ti r\u0259isi v\u0259zif\u0259sind\u0259 xidm\u0259t etdiyi ill\u0259r \u0259rzind\u0259&nbsp; Az\u0259rbaycan Respublikas\u0131 Konstitusiyas\u0131na v\u0259 qanunlar\u0131na, h\u0259rbi and\u0131n (h\u0259kim and\u0131n) h\u0259rbi nizamnam\u0259l\u0259rin t\u0259l\u0259bl\u0259rin\u0259 v\u0259 v\u0259zif\u0259 borcuna \u0259m\u0259l etm\u0259kd\u0259, veril\u0259n tap\u015f\u0131r\u0131q v\u0259 s\u0259rancamlar\u0131 d\u0259qiq vaxt\u0131nda yerin\u0259 yetirm\u0259kd\u0259 tabeliyind\u0259kil\u0259r v\u0259 b\u00fct\u00fcn \u015f\u0259xsi hey\u0259t \u00fcc\u00fcn n\u00fcmun\u0259 olmu\u015fdur.<\/p>\n\n\n\n<p>&nbsp; &nbsp;Tibb Xidm\u0259ti mayoru Seyidgulov P\u0259rviz Seyidbaba o\u011flu h\u0259rbi hiss\u0259nin t\u0259dris d\u00f6vru \u00fc\u00e7\u00fcn d\u00f6y\u00fc\u015f v\u0259 ictimai s\u0131yas\u0131 haz\u0131rl\u0131\u011f plana \u0259sas\u0259n \u00f6z ixtisas\u0131 \u00fczr\u0259 Zabitl\u0259rl\u0259, gizir v\u0259 m\u00fcdd\u0259td\u0259n art\u0131q xidm\u0259t ed\u0259n h\u0259rbi qulluq\u00e7ularla \u0259sg\u0259r v\u0259 cavu\u015flarla, tibb xidm\u0259ti \u00fczr\u0259 ki\u00e7ik m\u00fct\u0259x\u0259ssisl\u0259rl\u0259, ke\u00e7iril\u0259n m\u0259\u015fg\u0259l\u0259l\u0259rin, metodiki t\u0259lim toplan\u0131\u015flar\u0131n\u0131n keyfiyy\u0259til\u0259 ke\u00e7irilm\u0259sin\u0259,tibb xidm\u0259ti \u00fczr\u0259 h\u0259rbi hiss\u0259d\u0259 marifi i\u015fl\u0259rin apar\u0131lmas\u0131na, h\u0259rbi hiss\u0259d\u0259 yekun v\u0259 m\u0259qs\u0259dli yoxlamalar zaman\u0131 a\u015fkar edilmi\u015f n\u00f6qsanlar\u0131n aradan qald\u0131r\u0131lmas\u0131na m\u0259suliyy\u0259tl\u0259 yana\u015fm\u0131\u015fd\u0131r.<\/p>\n\n\n\n<figure class=\"wp-block-gallery columns-2 is-cropped wp-block-gallery-2 is-layout-flex wp-block-gallery-is-layout-flex\"><ul class=\"blocks-gallery-grid\"><li class=\"blocks-gallery-item\"><figure><img loading=\"lazy\" decoding=\"async\" width=\"768\" height=\"1024\" src=\"https:\/\/fedai.az\/wp-content\/uploads\/2021\/08\/228841227_208505171115616_8132540419556829898_n-768x1024.jpg\" alt=\"\" data-id=\"46714\" data-link=\"https:\/\/fedai.az\/?attachment_id=46714\" class=\"wp-image-46714\" srcset=\"https:\/\/fedai.az\/wp-content\/uploads\/2021\/08\/228841227_208505171115616_8132540419556829898_n-768x1024.jpg 768w, https:\/\/fedai.az\/wp-content\/uploads\/2021\/08\/228841227_208505171115616_8132540419556829898_n-225x300.jpg 225w, https:\/\/fedai.az\/wp-content\/uploads\/2021\/08\/228841227_208505171115616_8132540419556829898_n-113x150.jpg 113w, https:\/\/fedai.az\/wp-content\/uploads\/2021\/08\/228841227_208505171115616_8132540419556829898_n.jpg 960w\" sizes=\"auto, (max-width: 768px) 100vw, 768px\" \/><\/figure><\/li><li class=\"blocks-gallery-item\"><figure><img loading=\"lazy\" decoding=\"async\" width=\"540\" height=\"583\" src=\"https:\/\/fedai.az\/wp-content\/uploads\/2021\/08\/y6.jpg\" alt=\"\" data-id=\"46715\" data-full-url=\"https:\/\/fedai.az\/wp-content\/uploads\/2021\/08\/y6.jpg\" data-link=\"https:\/\/fedai.az\/?attachment_id=46715\" class=\"wp-image-46715\" srcset=\"https:\/\/fedai.az\/wp-content\/uploads\/2021\/08\/y6.jpg 540w, https:\/\/fedai.az\/wp-content\/uploads\/2021\/08\/y6-278x300.jpg 278w, https:\/\/fedai.az\/wp-content\/uploads\/2021\/08\/y6-139x150.jpg 139w\" sizes=\"auto, (max-width: 540px) 100vw, 540px\" \/><\/figure><\/li><\/ul><\/figure>\n\n\n\n<p>&nbsp;&nbsp; O, Daxili \u0130\u015fl\u0259r Nazirliyinin Daxili Qo\u015funlar\u0131na h\u0259val\u0259 edilmi\u015f v\u0259zif\u0259l\u0259rin v\u0259 tap\u015f\u0131r\u0131qlar\u0131n\u0131n yerin\u0259 yetirilm\u0259sind\u0259 yerin\u0259 yetirilm\u0259sind\u0259, silahl\u0131 d\u0259st\u0259l\u0259rin z\u0259r\u0259rsizl\u0259\u015fdirilm\u0259sind\u0259, cinay\u0259tkarl\u0131\u011fa qar\u015f\u0131 m\u00fcbarizd\u0259, ictimai t\u0259hl\u00fck\u0259sizliyin t\u0259min edilm\u0259sind\u0259, islah- \u0259m\u0259k m\u00fc\u0259ssis\u0259l\u0259rind\u0259 kecirl\u0259n t\u0259dbirl\u0259r zaman\u0131 qar\u015f\u0131ya qoyulan v\u0259zif\u0259l\u0259rin icras\u0131 zaman\u0131 el\u0259c\u0259d\u0259 Az\u0259rbaycan\u0131n&nbsp; \u0259razi b\u00fct\u00f6vl\u00fcy\u00fc u\u011frunda ged\u0259n d\u00f6y\u00fc\u015f v\u0259 x\u00fcsusi \u0259m\u0259liyyatlar vaxt\u0131 tibb xidm\u0259tin r\u0259isi kimi xidm\u0259td\u0259 f\u0259riql\u0259ndiyin\u0259 g\u00f6r\u0259 O,Daxili \u0130\u015fl\u0259r Nazirinin, Daxili Qo\u015funlar Komandan\u0131n\u0131n v\u0259 onun m\u00fcavinl\u0259rinin, xidm\u0259t etdiyi h\u0259rbi hiss\u0259nin komandirinin&nbsp; m\u00fcvaf\u0131q \u0259mrl\u0259ri il\u0259 bir s\u0131ra medallarla, d\u00f6\u015f nisanlar\u0131 il\u0259, pul m\u00fckafatlar\u0131 il\u0259, qiym\u0259tli h\u0259diyy\u0259l\u0259rl\u0259 m\u00fckafatland\u0131rl\u0131b v\u0259 ona t\u0259\u015f\u0259kk\u00fcr elan edilib.<\/p>\n\n\n\n<figure class=\"wp-block-image size-large\"><img loading=\"lazy\" decoding=\"async\" width=\"1024\" height=\"768\" src=\"https:\/\/fedai.az\/wp-content\/uploads\/2021\/08\/240773029_3015201312132961_4058250610067569669_n-1024x768.jpg\" alt=\"\" class=\"wp-image-46716\" srcset=\"https:\/\/fedai.az\/wp-content\/uploads\/2021\/08\/240773029_3015201312132961_4058250610067569669_n-1024x768.jpg 1024w, https:\/\/fedai.az\/wp-content\/uploads\/2021\/08\/240773029_3015201312132961_4058250610067569669_n-300x225.jpg 300w, https:\/\/fedai.az\/wp-content\/uploads\/2021\/08\/240773029_3015201312132961_4058250610067569669_n-150x113.jpg 150w, https:\/\/fedai.az\/wp-content\/uploads\/2021\/08\/240773029_3015201312132961_4058250610067569669_n-768x576.jpg 768w, https:\/\/fedai.az\/wp-content\/uploads\/2021\/08\/240773029_3015201312132961_4058250610067569669_n-1536x1152.jpg 1536w, https:\/\/fedai.az\/wp-content\/uploads\/2021\/08\/240773029_3015201312132961_4058250610067569669_n.jpg 1600w\" sizes=\"auto, (max-width: 1024px) 100vw, 1024px\" \/><\/figure>\n\n\n\n<p><strong>AD G\u00dcN\u00dcN M\u00dcBAR\u018fK OLSUN<\/strong>, <strong>P\u018fRV\u0130Z H\u018fK\u0130M!<\/strong><\/p>\n\n\n\n<p><strong>ALLAH, S\u018fN\u0130 B\u00dcT\u00dcN ARZULARINA \u00c7ATDIRSIN.<\/strong><\/p>\n\n\n\n<p><strong>DA\u0130MA XO\u015eB\u018fXT V\u018f F\u0130RAVAN YA\u015eA!<\/strong><\/p>\n\n\n\n<p><strong>D\u0259rin h\u00f6rm\u0259tl\u0259, Az\u0259rbaycan Veten M\u00fcharib\u0259si Veteranlar\u0131 \u0130ctimai Birliyinin s\u0259dr m\u00fcavini polkovnik Salman Musayev<\/strong><\/p>\n\n\n\n<figure class=\"wp-block-gallery columns-2 is-cropped wp-block-gallery-3 is-layout-flex wp-block-gallery-is-layout-flex\"><ul class=\"blocks-gallery-grid\"><li class=\"blocks-gallery-item\"><figure><img loading=\"lazy\" decoding=\"async\" width=\"576\" height=\"1024\" src=\"https:\/\/fedai.az\/wp-content\/uploads\/2021\/08\/240830336_1008384496581297_4131049810018466484_n-576x1024.jpg\" alt=\"\" data-id=\"46717\" data-link=\"https:\/\/fedai.az\/?attachment_id=46717\" class=\"wp-image-46717\" srcset=\"https:\/\/fedai.az\/wp-content\/uploads\/2021\/08\/240830336_1008384496581297_4131049810018466484_n-576x1024.jpg 576w, https:\/\/fedai.az\/wp-content\/uploads\/2021\/08\/240830336_1008384496581297_4131049810018466484_n-169x300.jpg 169w, https:\/\/fedai.az\/wp-content\/uploads\/2021\/08\/240830336_1008384496581297_4131049810018466484_n-84x150.jpg 84w, https:\/\/fedai.az\/wp-content\/uploads\/2021\/08\/240830336_1008384496581297_4131049810018466484_n-768x1365.jpg 768w, https:\/\/fedai.az\/wp-content\/uploads\/2021\/08\/240830336_1008384496581297_4131049810018466484_n-864x1536.jpg 864w, https:\/\/fedai.az\/wp-content\/uploads\/2021\/08\/240830336_1008384496581297_4131049810018466484_n.jpg 900w\" sizes=\"auto, (max-width: 576px) 100vw, 576px\" \/><\/figure><\/li><li class=\"blocks-gallery-item\"><figure><img loading=\"lazy\" decoding=\"async\" width=\"600\" height=\"600\" src=\"https:\/\/fedai.az\/wp-content\/uploads\/2021\/08\/8265a327389da9fe4fdc2714b309120e-2-23.jpg\" alt=\"\" data-id=\"46718\" data-full-url=\"https:\/\/fedai.az\/wp-content\/uploads\/2021\/08\/8265a327389da9fe4fdc2714b309120e-2-23.jpg\" data-link=\"https:\/\/fedai.az\/?attachment_id=46718\" class=\"wp-image-46718\" srcset=\"https:\/\/fedai.az\/wp-content\/uploads\/2021\/08\/8265a327389da9fe4fdc2714b309120e-2-23.jpg 600w, https:\/\/fedai.az\/wp-content\/uploads\/2021\/08\/8265a327389da9fe4fdc2714b309120e-2-23-300x300.jpg 300w, https:\/\/fedai.az\/wp-content\/uploads\/2021\/08\/8265a327389da9fe4fdc2714b309120e-2-23-150x150.jpg 150w, https:\/\/fedai.az\/wp-content\/uploads\/2021\/08\/8265a327389da9fe4fdc2714b309120e-2-23-215x215.jpg 215w\" sizes=\"auto, (max-width: 600px) 100vw, 600px\" \/><\/figure><\/li><\/ul><\/figure>\n","protected":false},"excerpt":{"rendered":"<p>&nbsp;&nbsp;&nbsp;&nbsp;&nbsp; AVMV\u0130B r\u0259hb\u0259rliyi, F\u0259dai .az kolektivi v\u0259 Az\u0259rbaycan V\u0259t\u0259n M\u00fcharib\u0259si Veteranlar\u0131 \u0130ctimai Birliyinin s\u0259dr m\u00fcavini polkovnik Salman Musayev tibb xidm\u0259ti mayoru Seyidgulov P\u0259rviz Seyidbaba<\/p>\n","protected":false},"author":2,"featured_media":46719,"comment_status":"closed","ping_status":"closed","sticky":false,"template":"","format":"standard","meta":{"footnotes":""},"categories":[5],"tags":[],"class_list":["post-46710","post","type-post","status-publish","format-standard","has-post-thumbnail","hentry","category-veteran"],"aioseo_notices":[],"_links":{"self":[{"href":"https:\/\/fedai.az\/index.php?rest_route=\/wp\/v2\/posts\/46710","targetHints":{"allow":["GET"]}}],"collection":[{"href":"https:\/\/fedai.az\/index.php?rest_route=\/wp\/v2\/posts"}],"about":[{"href":"https:\/\/fedai.az\/index.php?rest_route=\/wp\/v2\/types\/post"}],"author":[{"embeddable":true,"href":"https:\/\/fedai.az\/index.php?rest_route=\/wp\/v2\/users\/2"}],"replies":[{"embeddable":true,"href":"https:\/\/fedai.az\/index.php?rest_route=%2Fwp%2Fv2%2Fcomments&post=46710"}],"version-history":[{"count":3,"href":"https:\/\/fedai.az\/index.php?rest_route=\/wp\/v2\/posts\/46710\/revisions"}],"predecessor-version":[{"id":46758,"href":"https:\/\/fedai.az\/index.php?rest_route=\/wp\/v2\/posts\/46710\/revisions\/46758"}],"wp:featuredmedia":[{"embeddable":true,"href":"https:\/\/fedai.az\/index.php?rest_route=\/wp\/v2\/media\/46719"}],"wp:attachment":[{"href":"https:\/\/fedai.az\/index.php?rest_route=%2Fwp%2Fv2%2Fmedia&parent=46710"}],"wp:term":[{"taxonomy":"category","embeddable":true,"href":"https:\/\/fedai.az\/index.php?rest_route=%2Fwp%2Fv2%2Fcategories&post=46710"},{"taxonomy":"post_tag","embeddable":true,"href":"https:\/\/fedai.az\/index.php?rest_route=%2Fwp%2Fv2%2Ftags&post=46710"}],"curies":[{"name":"wp","href":"https:\/\/api.w.org\/{rel}","templated":true}]}}