{"id":46725,"date":"2021-08-28T10:54:44","date_gmt":"2021-08-28T06:54:44","guid":{"rendered":"https:\/\/fedai.az\/?p=46725"},"modified":"2021-08-28T10:54:47","modified_gmt":"2021-08-28T06:54:47","slug":"sentyabrin-1-d%c9%99n-bu-m%c9%99kanlarda-covid-pasportu-t%c9%99l%c9%99b-olunacaq-siyahi","status":"publish","type":"post","link":"https:\/\/fedai.az\/?p=46725","title":{"rendered":"Sentyabr\u0131n 1-d\u0259n bu m\u0259kanlarda COVID pasportu t\u0259l\u0259b olunacaq &#8212; S\u0130YAHI"},"content":{"rendered":"\n<p><strong>Sentyabr ay\u0131n\u0131n ba\u015flanmas\u0131na c\u0259mi 4 g\u00fcn qal\u0131b. Bu tarixd\u0259n art\u0131q yeni m\u0259hdudiyy\u0259tl\u0259rin t\u0259tbiqin\u0259 ba\u015flanacaq.\u00a0<\/strong><br><br>Bu d\u0259f\u0259ki m\u0259hdudiyy\u0259tl\u0259rin \u0259vv\u0259lkil\u0259rind\u0259n f\u0259rqli c\u0259h\u0259ti is\u0259 qada\u011falar\u0131n COVID pasportu olmayanlar \u00fc\u00e7\u00fcn q\u00fcvv\u0259d\u0259 olaca\u011f\u0131d\u0131r.<br><br>Nazirl\u0259r Kabinetinin bu bar\u0259d\u0259 q\u0259rar\u0131 xeyli \u0259vv\u0259ld\u0259n a\u00e7\u0131qlansa da, h\u0259l\u0259 d\u0259 COVID pasportunun hans\u0131 m\u00fc\u0259ssis\u0259l\u0259rd\u0259 t\u0259l\u0259b olunaca\u011f\u0131 il\u0259 ba\u011fl\u0131 m\u00fczakir\u0259l\u0259r var.<\/p>\n\n\n\n<figure class=\"wp-block-image size-large is-resized\"><img loading=\"lazy\" decoding=\"async\" src=\"https:\/\/fedai.az\/wp-content\/uploads\/2021\/08\/covidpasp.jpg\" alt=\"\" class=\"wp-image-46726\" width=\"898\" height=\"564\" srcset=\"https:\/\/fedai.az\/wp-content\/uploads\/2021\/08\/covidpasp.jpg 637w, https:\/\/fedai.az\/wp-content\/uploads\/2021\/08\/covidpasp-300x188.jpg 300w, https:\/\/fedai.az\/wp-content\/uploads\/2021\/08\/covidpasp-150x94.jpg 150w, https:\/\/fedai.az\/wp-content\/uploads\/2021\/08\/covidpasp-115x73.jpg 115w\" sizes=\"auto, (max-width: 898px) 100vw, 898px\" \/><\/figure>\n\n\n\n<p><br>Pasport t\u0259l\u0259b olunacaq m\u0259kanlar\u0131 bir daha t\u0259qdim edirik.<br><br>Qeyd ed\u0259k ki, bu t\u0259l\u0259b ya\u015f\u0131 18-d\u0259n yuxar\u0131 olan \u015f\u0259xsl\u0259ri \u0259hat\u0259 edir.<br><br>1. \u0130ctimai ia\u015f\u0259 m\u00fc\u0259ssis\u0259l\u0259ri,\u00a0<\/p>\n\n\n\n<p>2. Mehmanxanalar,&nbsp;<\/p>\n\n\n\n<p>3. \u0130ri ticar\u0259t m\u0259rk\u0259zl\u0259ri,<\/p>\n\n\n\n<p>4. Ali m\u0259kt\u0259bl\u0259r<\/p>\n\n\n\n<p>5. Orta ixtisas m\u0259kt\u0259bl\u0259ri<br><br>B\u0259s, bu t\u0259l\u0259b hans\u0131 ictimai ia\u015f\u0259 m\u00fc\u0259ssis\u0259l\u0259rind\u0259 qoyulacaq?<\/p>\n\n\n\n<p>1. \u015eadl\u0131q saraylar\u0131<\/p>\n\n\n\n<p>2. Sa\u011flaml\u0131q-idman kompleksl\u0259ri<\/p>\n\n\n\n<p>3. Restoranlar<\/p>\n\n\n\n<p>4. Kafel\u0259r<\/p>\n\n\n\n<p><br>Qeyd ed\u0259k ki, g\u00f6z\u0259llik salonlar\u0131 v\u0259 b\u0259rb\u0259rxanalarda COVID pasportu t\u0259l\u0259b olunmayacaq. \u00c7\u00fcnki onlar eyni anda insanlar\u0131n k\u00fctl\u0259vi xidm\u0259tl\u0259rind\u0259n istifad\u0259 etdiyi m\u0259kanlar hesab olunmur.<\/p>\n\n\n\n<p><br>Bu m\u0259ntiql\u0259 qeyd etm\u0259k olar ki, d\u0259rzi, ayaqab\u0131 t\u0259miri v\u0259 dig\u0259r bu kimi xidm\u0259t sah\u0259l\u0259rind\u0259 d\u0259 m\u00fc\u015ft\u0259ril\u0259rd\u0259n pasport t\u0259l\u0259b olunmayacaq.<br><br>Q\u0259rarda COVID pasportu t\u0259l\u0259binin iri ticar\u0259t m\u0259rk\u0259zl\u0259rin\u0259 \u015famil olunmas\u0131 da onu dem\u0259y\u0259 \u0259sas verir ki, pasportu olmayanlar ki\u00e7ik ma\u011fazalar\u0131n xidm\u0259tind\u0259n istifad\u0259 ed\u0259 bil\u0259c\u0259k.<\/p>\n\n\n\n<p><br>B\u0259zi m\u0259kanlarda m\u00fc\u015ft\u0259ril\u0259rin giri\u015fi \u00fc\u00e7\u00fcn m\u0259hdudiyy\u0259t olmasa da, bu he\u00e7 d\u0259 o dem\u0259k deyil ki, h\u0259min m\u0259kanlarda \u00e7al\u0131\u015fanlar\u0131n da pasportsuz giri\u015f-\u00e7\u0131x\u0131\u015f\u0131na imkan veril\u0259c\u0259k.<br><br>Bel\u0259 ki, q\u0259rarda bu i\u015f yerl\u0259rind\u0259 \u0259m\u0259kda\u015flar\u0131n\u0131n az\u0131 80 faizinin sentyabr\u0131n 1-d\u0259k COVID-19-a qar\u015f\u0131 birinci doza, 1 oktyabr tarixind\u0259n etibar\u0259n is\u0259 ikinci doza peyv\u0259nd olunmas\u0131 v\u0259 ya COVID-19-a qar\u015f\u0131 immunitet sertifikat\u0131n\u0131n olmas\u0131 t\u0259l\u0259b edilir:<br><br>B\u00fct\u00fcn tibb v\u0259 \u0259cza\u00e7\u0131l\u0131q m\u00fc\u0259ssis\u0259l\u0259rinin,<br>B\u00fct\u00fcn elm v\u0259 t\u0259hsil m\u00fc\u0259ssis\u0259l\u0259rinin (\u0259m\u0259k v\u0259 ya m\u00fclki m\u00fcqavil\u0259l\u0259rl\u0259 i\u015fl\u0259m\u0259sind\u0259n as\u0131l\u0131 olmayaraq)<br>El\u0259c\u0259 d\u0259 dig\u0259r d\u00f6vl\u0259t orqanlar\u0131n\u0131n.<\/p>\n\n\n\n<p><br>B\u0259rb\u0259rxana, g\u00f6z\u0259llik salonlar\u0131 da vaksinasiya olunmayan m\u00fc\u015ft\u0259ril\u0259rin \u00fcz\u00fcn\u0259 a\u00e7\u0131q olsa da, bu xidm\u0259t sah\u0259sind\u0259 d\u0259 i\u015f\u00e7il\u0259rd\u0259n peyv\u0259nd pasportu t\u0259l\u0259b olunacaq.<br><br>\u018flav\u0259 ed\u0259k ki, \u0130nzibati X\u0259talar M\u0259c\u0259ll\u0259nin 211-ci madd\u0259sind\u0259 epidemiya \u0259leyhin\u0259 rejimin, sanitariya-gigiyena v\u0259 karantin rejiml\u0259rinin pozulmas\u0131na g\u00f6r\u0259 fiziki \u015f\u0259xsl\u0259r \u00fc\u00e7\u00fcn 200 manatdan 400 manatad\u0259k, v\u0259zif\u0259li \u015f\u0259xsl\u0259r \u00fc\u00e7\u00fcn is\u0259 3 min manatdan 4 min manatad\u0259k m\u0259bl\u0259\u011fd\u0259 c\u0259rim\u0259 n\u0259z\u0259rd\u0259 tutulur.<\/p>\n","protected":false},"excerpt":{"rendered":"<p>Sentyabr ay\u0131n\u0131n ba\u015flanmas\u0131na c\u0259mi 4 g\u00fcn qal\u0131b. Bu tarixd\u0259n art\u0131q yeni m\u0259hdudiyy\u0259tl\u0259rin t\u0259tbiqin\u0259 ba\u015flanacaq.\u00a0 Bu d\u0259f\u0259ki m\u0259hdudiyy\u0259tl\u0259rin \u0259vv\u0259lkil\u0259rind\u0259n f\u0259rqli c\u0259h\u0259ti is\u0259 qada\u011falar\u0131n COVID pasportu<\/p>\n","protected":false},"author":2,"featured_media":46727,"comment_status":"closed","ping_status":"closed","sticky":false,"template":"","format":"standard","meta":{"footnotes":""},"categories":[3],"tags":[],"class_list":["post-46725","post","type-post","status-publish","format-standard","has-post-thumbnail","hentry","category-gundm"],"aioseo_notices":[],"_links":{"self":[{"href":"https:\/\/fedai.az\/index.php?rest_route=\/wp\/v2\/posts\/46725","targetHints":{"allow":["GET"]}}],"collection":[{"href":"https:\/\/fedai.az\/index.php?rest_route=\/wp\/v2\/posts"}],"about":[{"href":"https:\/\/fedai.az\/index.php?rest_route=\/wp\/v2\/types\/post"}],"author":[{"embeddable":true,"href":"https:\/\/fedai.az\/index.php?rest_route=\/wp\/v2\/users\/2"}],"replies":[{"embeddable":true,"href":"https:\/\/fedai.az\/index.php?rest_route=%2Fwp%2Fv2%2Fcomments&post=46725"}],"version-history":[{"count":1,"href":"https:\/\/fedai.az\/index.php?rest_route=\/wp\/v2\/posts\/46725\/revisions"}],"predecessor-version":[{"id":46728,"href":"https:\/\/fedai.az\/index.php?rest_route=\/wp\/v2\/posts\/46725\/revisions\/46728"}],"wp:featuredmedia":[{"embeddable":true,"href":"https:\/\/fedai.az\/index.php?rest_route=\/wp\/v2\/media\/46727"}],"wp:attachment":[{"href":"https:\/\/fedai.az\/index.php?rest_route=%2Fwp%2Fv2%2Fmedia&parent=46725"}],"wp:term":[{"taxonomy":"category","embeddable":true,"href":"https:\/\/fedai.az\/index.php?rest_route=%2Fwp%2Fv2%2Fcategories&post=46725"},{"taxonomy":"post_tag","embeddable":true,"href":"https:\/\/fedai.az\/index.php?rest_route=%2Fwp%2Fv2%2Ftags&post=46725"}],"curies":[{"name":"wp","href":"https:\/\/api.w.org\/{rel}","templated":true}]}}