{"id":46749,"date":"2021-08-28T19:32:16","date_gmt":"2021-08-28T15:32:16","guid":{"rendered":"https:\/\/fedai.az\/?p=46749"},"modified":"2021-08-28T19:32:25","modified_gmt":"2021-08-28T15:32:25","slug":"mehriban-%c9%99liyeva-qizil-medal-qazanan-paralimpiyacilarimizi-t%c9%99brik-etdi","status":"publish","type":"post","link":"https:\/\/fedai.az\/?p=46749","title":{"rendered":"Mehriban \u018fliyeva q\u0131z\u0131l medal qazanan paralimpiya\u00e7\u0131lar\u0131m\u0131z\u0131 t\u0259brik etdi"},"content":{"rendered":"\n<p><strong>Az\u0259rbaycan\u0131n Birinci vitse-prezidenti Mehriban \u018fliyeva &#171;Tokio-2020\u201d XVI Yay Paralimpiya Oyunlar\u0131nda Az\u0259rbaycan\u0131 t\u0259msil ed\u0259n idman\u00e7\u0131lar\u0131 t\u0259brik edib.<\/strong><\/p>\n\n\n\n<p><br>Fedai.az x\u0259b\u0259r verir ki, Birinci vitse-prezidentin bununla ba\u011fl\u0131 &#171;\u0130nstagram&#187; hesab\u0131nda payla\u015f\u0131m\u0131nda deyilir:<\/p>\n\n\n\n<p><br><strong>&#171;Bizim idman\u00e7\u0131lar\u0131m\u0131z\u0131 \u2013 q\u0131z\u0131l medal sahibl\u0259ri \u015e\u0259han\u0259 Hac\u0131yeva, V\u00fcqar \u015eirinli, Saleh Raman, Sevda V\u0259liyeva, Xan\u0131m H\u00fcseynova, H\u00fcseyn R\u0259himlini, b\u00fcr\u00fcnc medal sahibl\u0259ri P\u0259rvin M\u0259mm\u0259dov v\u0259 Namiq Abasl\u0131n\u0131 parlaq q\u0259l\u0259b\u0259 m\u00fcnasib\u0259til\u0259 s\u0259mimi-q\u0259lbd\u0259n t\u0259brik edir\u0259m. M\u00fck\u0259mm\u0259l fiziki haz\u0131rl\u0131q v\u0259 yenilm\u0259z q\u0259l\u0259b\u0259 \u0259zmi n\u00fcmayi\u015f etdir\u0259r\u0259k, siz Az\u0259rbaycan\u0131 &#171;Tokio-2020\u201d XVI Yay Paralimpiya Oyunlar\u0131nda layiqinc\u0259 t\u0259msil etdiniz. \u018fld\u0259 etdiyiniz y\u00fcks\u0259k n\u0259tic\u0259l\u0259r sizin bacar\u0131\u011f\u0131n\u0131z\u0131n, \u0259la s\u0259viyy\u0259d\u0259 haz\u0131rl\u0131\u011f\u0131n\u0131z\u0131n, m\u0259qs\u0259dy\u00f6nl\u00fcl\u00fcy\u00fcn\u00fcz\u00fcn v\u0259 irad\u0259nizin \u0259yani s\u00fcbutudur. Sizin h\u0259r biriniz\u0259 v\u0259 milli paralimpiya y\u0131\u011fmam\u0131z\u0131n dig\u0259r \u00fczvl\u0259rin\u0259 m\u00f6hk\u0259m cansa\u011fl\u0131\u011f\u0131, yeni nailiyy\u0259tl\u0259r dil\u0259yir v\u0259 \u0259n xo\u015f arzular\u0131m\u0131 \u00e7atd\u0131r\u0131ram&#187;.<\/strong><\/p>\n\n\n\n<p><a href=\"https:\/\/www.instagram.com\/p\/CTHdnW7Aiju\/?utm_source=ig_web_copy_link\">https:\/\/www.instagram.com\/p\/CTHdnW7Aiju\/?utm_source=ig_web_copy_link<\/a><\/p>\n","protected":false},"excerpt":{"rendered":"<p>Az\u0259rbaycan\u0131n Birinci vitse-prezidenti Mehriban \u018fliyeva &#171;Tokio-2020\u201d XVI Yay Paralimpiya Oyunlar\u0131nda Az\u0259rbaycan\u0131 t\u0259msil ed\u0259n idman\u00e7\u0131lar\u0131 t\u0259brik edib. Fedai.az x\u0259b\u0259r verir ki, Birinci vitse-prezidentin bununla ba\u011fl\u0131<\/p>\n","protected":false},"author":2,"featured_media":46445,"comment_status":"closed","ping_status":"closed","sticky":false,"template":"","format":"standard","meta":{"footnotes":""},"categories":[3],"tags":[],"class_list":["post-46749","post","type-post","status-publish","format-standard","has-post-thumbnail","hentry","category-gundm"],"aioseo_notices":[],"_links":{"self":[{"href":"https:\/\/fedai.az\/index.php?rest_route=\/wp\/v2\/posts\/46749","targetHints":{"allow":["GET"]}}],"collection":[{"href":"https:\/\/fedai.az\/index.php?rest_route=\/wp\/v2\/posts"}],"about":[{"href":"https:\/\/fedai.az\/index.php?rest_route=\/wp\/v2\/types\/post"}],"author":[{"embeddable":true,"href":"https:\/\/fedai.az\/index.php?rest_route=\/wp\/v2\/users\/2"}],"replies":[{"embeddable":true,"href":"https:\/\/fedai.az\/index.php?rest_route=%2Fwp%2Fv2%2Fcomments&post=46749"}],"version-history":[{"count":1,"href":"https:\/\/fedai.az\/index.php?rest_route=\/wp\/v2\/posts\/46749\/revisions"}],"predecessor-version":[{"id":46750,"href":"https:\/\/fedai.az\/index.php?rest_route=\/wp\/v2\/posts\/46749\/revisions\/46750"}],"wp:featuredmedia":[{"embeddable":true,"href":"https:\/\/fedai.az\/index.php?rest_route=\/wp\/v2\/media\/46445"}],"wp:attachment":[{"href":"https:\/\/fedai.az\/index.php?rest_route=%2Fwp%2Fv2%2Fmedia&parent=46749"}],"wp:term":[{"taxonomy":"category","embeddable":true,"href":"https:\/\/fedai.az\/index.php?rest_route=%2Fwp%2Fv2%2Fcategories&post=46749"},{"taxonomy":"post_tag","embeddable":true,"href":"https:\/\/fedai.az\/index.php?rest_route=%2Fwp%2Fv2%2Ftags&post=46749"}],"curies":[{"name":"wp","href":"https:\/\/api.w.org\/{rel}","templated":true}]}}