{"id":46761,"date":"2021-08-29T01:00:46","date_gmt":"2021-08-28T21:00:46","guid":{"rendered":"https:\/\/fedai.az\/?p=46761"},"modified":"2021-08-29T01:00:50","modified_gmt":"2021-08-28T21:00:50","slug":"ilham-z%c9%99kiyev-mubariz%c9%99y%c9%99-baslayir","status":"publish","type":"post","link":"https:\/\/fedai.az\/?p=46761","title":{"rendered":"\u0130lham Z\u0259kiyev m\u00fcbariz\u0259y\u0259 ba\u015flay\u0131r"},"content":{"rendered":"\n<p><strong>Bu g\u00fcn Az\u0259rbaycan\u0131n daha 7 idman\u00e7\u0131s\u0131 Tokio-2020 Yay Paralimpiya Oyunlar\u0131nda m\u00fcbariz\u0259y\u0259 ba\u015flayacaq.<\/strong><\/p>\n\n\n\n<p>N\u00f6vb\u0259ti yar\u0131\u015f g\u00fcn\u00fcnd\u0259 \u0259vv\u0259lc\u0259 para-atlet Elvin Astanov q\u00fcvv\u0259sini s\u0131nayacaq. O, n\u00fcv\u0259 it\u0259l\u0259m\u0259 n\u00f6v\u00fcnd\u0259 medal qazanma\u011fa \u00e7al\u0131\u015facaq.<\/p>\n\n\n\n<p>100 metr m\u0259saf\u0259y\u0259 arxas\u0131 \u00fcst\u0259 \u00fczm\u0259 yar\u0131\u015f\u0131nda paralimpiya \u00e7empionu olan Raman Saleh bu d\u0259f\u0259 50 metr m\u0259saf\u0259y\u0259 s\u0259rb\u0259st \u00fcsulla \u00fczm\u0259d\u0259 eyni u\u011furu t\u0259krarlama\u011fa \u00e7al\u0131\u015facaq.<\/p>\n\n\n\n<p>Ard\u0131nca b\u00fct\u00fcn diqq\u0259tl\u0259r parac\u00fcdo\u00e7ulara y\u00f6n\u0259l\u0259c\u0259k. Qad\u0131nlardan D\u00fcrs\u0259d\u0259f K\u0259rimova (+70 kq), ki\u015fil\u0259rd\u0259n is\u0259 K\u0259nan Abdullaxanl\u0131 (100 kq) v\u0259 \u0130lham Z\u0259kiyev (+100 kq) tatamiy\u0259 \u00e7\u0131xacaq.<\/p>\n\n\n\n<p>M\u00fcbariz\u0259y\u0259 1\/4 finaldan start ver\u0259c\u0259k K\u0259rimovan\u0131n r\u0259qibi ukraynal\u0131 Anastasiya Harnik olacaq. Abdullaxanl\u0131 is\u0259 ilk g\u00f6r\u00fc\u015f\u00fcn\u00fc \u00d6zb\u0259kistan c\u00fcdo\u00e7usuna qar\u015f\u0131 ke\u00e7ir\u0259c\u0259k. O, 1\/8 finalda \u015e\u0259rif X\u0259lilovla m\u00fcnasib\u0259tl\u0259rin\u0259 ayd\u0131nl\u0131q g\u0259tir\u0259c\u0259k. \u0130kiqat paralimpiya v\u0259 d\u00fcnya \u00e7empionu Z\u0259kiyev is\u0259 1\/8 finalda AB\u015e t\u0259msil\u00e7isi Cek Hocsonla qar\u015f\u0131la\u015facaq.<\/p>\n\n\n\n<p>Az\u0259rbaycan\u0131n dig\u0259r para-atleti Elmir C\u0259bray\u0131lov 100 metr m\u0259saf\u0259y\u0259 qa\u00e7\u0131\u015f \u00fczr\u0259 t\u0259snifat m\u0259rh\u0259l\u0259sind\u0259 m\u00fcbariz\u0259 aparacaq. O, finala y\u00fcks\u0259lm\u0259k \u00fc\u00e7\u00fcn \u00f6z qrupunda fini\u015f\u0259 \u0259n az\u0131 ikinci \u00e7atmal\u0131d\u0131r.<\/p>\n\n\n\n<p>Son olaraq is\u0259 Az\u0259rbaycan pauerliftinq\u00e7isi Nurlan Babacanov (97 kq) q\u00fcvv\u0259sini s\u0131nayacaq.<\/p>\n\n\n\n<p><strong>Tokio-2020 Yay Paralimpiya Oyunlar\u0131<\/strong><\/p>\n\n\n\n<p><strong>Atletika<\/strong><\/p>\n\n\n\n<p><strong>N\u00fcv\u0259 it\u0259l\u0259m\u0259<\/strong><\/p>\n\n\n\n<p>04:34 Elvin Astanov<\/p>\n\n\n\n<p><strong>\u00dczg\u00fc\u00e7\u00fcl\u00fck<\/strong><\/p>\n\n\n\n<p><strong>50 metr m\u0259saf\u0259y\u0259 s\u0259rb\u0259st \u00fcsulla \u00fczm\u0259<\/strong><\/p>\n\n\n\n<p>05:13 Raman Saleh<\/p>\n\n\n\n<p><strong>C\u00fcdo<\/strong><\/p>\n\n\n\n<p><strong>Qad\u0131nlar<\/strong><\/p>\n\n\n\n<p><strong>+70 kq<\/strong><\/p>\n\n\n\n<p>05:30. 1\/4 final. D\u00fcrs\u0259d\u0259f K\u0259rimova &#8212; Anastasiya Harnik (Ukrayna)<\/p>\n\n\n\n<p><strong>Ki\u015fil\u0259r<\/strong><\/p>\n\n\n\n<p><strong>100 kq<\/strong><\/p>\n\n\n\n<p>05:30. 1\/8 final. K\u0259nan Abdullaxanl\u0131 &#8212; \u015e\u0259rif X\u0259lilov (\u00d6zb\u0259kistan)<\/p>\n\n\n\n<p><strong>+100 kq<\/strong><\/p>\n\n\n\n<p>05:30. 1\/8 final. \u0130lham Z\u0259kiyev (+100 kq) &#8212; Cek Hocson (AB\u015e)<\/p>\n\n\n\n<p><strong>Atletika<\/strong><\/p>\n\n\n\n<p><strong>100 metr m\u0259saf\u0259y\u0259 qa\u00e7\u0131\u015f<\/strong><\/p>\n\n\n\n<p>07:25. T\u0259snifat. Elmir C\u0259bray\u0131lov<\/p>\n\n\n\n<p><strong>Pauerliftinq<\/strong><\/p>\n\n\n\n<p><strong>97 kq<\/strong><\/p>\n\n\n\n<p>13:30. Nurlan Babacanov<\/p>\n\n\n\n<p>Qeyd ed\u0259k ki, Az\u0259rbaycan Tokio paralimpiadas\u0131nda 7-si q\u0131z\u0131l, 2-si b\u00fcr\u00fcnc olmaqla 9 medal qazan\u0131b. Y\u0131\u011fma bu g\u00f6st\u0259rici il\u0259 medal s\u0131ralamas\u0131nda 7-cidir.<\/p>\n\n\n\n<p>M\u0259nb\u0259: Publika.az<\/p>\n","protected":false},"excerpt":{"rendered":"<p>Bu g\u00fcn Az\u0259rbaycan\u0131n daha 7 idman\u00e7\u0131s\u0131 Tokio-2020 Yay Paralimpiya Oyunlar\u0131nda m\u00fcbariz\u0259y\u0259 ba\u015flayacaq. N\u00f6vb\u0259ti yar\u0131\u015f g\u00fcn\u00fcnd\u0259 \u0259vv\u0259lc\u0259 para-atlet Elvin Astanov q\u00fcvv\u0259sini s\u0131nayacaq. O, n\u00fcv\u0259 it\u0259l\u0259m\u0259<\/p>\n","protected":false},"author":2,"featured_media":46762,"comment_status":"closed","ping_status":"closed","sticky":false,"template":"","format":"standard","meta":{"footnotes":""},"categories":[3],"tags":[],"class_list":["post-46761","post","type-post","status-publish","format-standard","has-post-thumbnail","hentry","category-gundm"],"aioseo_notices":[],"_links":{"self":[{"href":"https:\/\/fedai.az\/index.php?rest_route=\/wp\/v2\/posts\/46761","targetHints":{"allow":["GET"]}}],"collection":[{"href":"https:\/\/fedai.az\/index.php?rest_route=\/wp\/v2\/posts"}],"about":[{"href":"https:\/\/fedai.az\/index.php?rest_route=\/wp\/v2\/types\/post"}],"author":[{"embeddable":true,"href":"https:\/\/fedai.az\/index.php?rest_route=\/wp\/v2\/users\/2"}],"replies":[{"embeddable":true,"href":"https:\/\/fedai.az\/index.php?rest_route=%2Fwp%2Fv2%2Fcomments&post=46761"}],"version-history":[{"count":1,"href":"https:\/\/fedai.az\/index.php?rest_route=\/wp\/v2\/posts\/46761\/revisions"}],"predecessor-version":[{"id":46763,"href":"https:\/\/fedai.az\/index.php?rest_route=\/wp\/v2\/posts\/46761\/revisions\/46763"}],"wp:featuredmedia":[{"embeddable":true,"href":"https:\/\/fedai.az\/index.php?rest_route=\/wp\/v2\/media\/46762"}],"wp:attachment":[{"href":"https:\/\/fedai.az\/index.php?rest_route=%2Fwp%2Fv2%2Fmedia&parent=46761"}],"wp:term":[{"taxonomy":"category","embeddable":true,"href":"https:\/\/fedai.az\/index.php?rest_route=%2Fwp%2Fv2%2Fcategories&post=46761"},{"taxonomy":"post_tag","embeddable":true,"href":"https:\/\/fedai.az\/index.php?rest_route=%2Fwp%2Fv2%2Ftags&post=46761"}],"curies":[{"name":"wp","href":"https:\/\/api.w.org\/{rel}","templated":true}]}}