{"id":46764,"date":"2021-08-29T01:08:20","date_gmt":"2021-08-28T21:08:20","guid":{"rendered":"https:\/\/fedai.az\/?p=46764"},"modified":"2021-08-29T01:23:41","modified_gmt":"2021-08-28T21:23:41","slug":"mehriban-%c9%99liyeva-dunya-rekordunu-qiran-h%c9%99midd%c9%99n-yazdi","status":"publish","type":"post","link":"https:\/\/fedai.az\/?p=46764","title":{"rendered":"Mehriban \u018fliyeva d\u00fcnya rekordunu q\u0131ran H\u0259midd\u0259n yazd\u0131"},"content":{"rendered":"\n<p><strong>Bizim n\u00f6vb\u0259ti q\u0259l\u0259b\u0259miz! Milli y\u0131\u011fmam\u0131z\u0131n atleti H\u0259mid Heyd\u0259ri Az\u0259rbaycan \u00fc\u00e7\u00fcn yeddinci q\u0131z\u0131l medal\u0131 qazand\u0131! Niz\u0259 atma yar\u0131\u015flar\u0131nda o, 51,42 metr n\u0259tic\u0259 g\u00f6st\u0259r\u0259r\u0259k yeni d\u00fcnya rekorduna imza atd\u0131. \u0130dman\u00e7\u0131m\u0131z\u0131 s\u0259mimi-q\u0259lbd\u0259n t\u0259brik edir v\u0259 milli y\u0131\u011fmam\u0131za yeni nailiyy\u0259tl\u0259r arz\u0131lay\u0131ram!<\/strong><\/p>\n\n\n\n<p>Bunu Az\u0259rbaycan\u0131n Birinci vitse-prezidenti <strong>Mehriban \u018fliyeva<\/strong> \u0130nstaqram hesab\u0131nda qeyd edib.<\/p>\n\n\n\n<figure class=\"wp-block-image size-large is-resized\"><img loading=\"lazy\" decoding=\"async\" src=\"https:\/\/fedai.az\/wp-content\/uploads\/2021\/08\/1630159239_7-ci.jpg\" alt=\"\" class=\"wp-image-46766\" width=\"881\" height=\"587\" srcset=\"https:\/\/fedai.az\/wp-content\/uploads\/2021\/08\/1630159239_7-ci.jpg 600w, https:\/\/fedai.az\/wp-content\/uploads\/2021\/08\/1630159239_7-ci-300x200.jpg 300w, https:\/\/fedai.az\/wp-content\/uploads\/2021\/08\/1630159239_7-ci-150x100.jpg 150w\" sizes=\"auto, (max-width: 881px) 100vw, 881px\" \/><\/figure>\n","protected":false},"excerpt":{"rendered":"<p>Bizim n\u00f6vb\u0259ti q\u0259l\u0259b\u0259miz! Milli y\u0131\u011fmam\u0131z\u0131n atleti H\u0259mid Heyd\u0259ri Az\u0259rbaycan \u00fc\u00e7\u00fcn yeddinci q\u0131z\u0131l medal\u0131 qazand\u0131! Niz\u0259 atma yar\u0131\u015flar\u0131nda o, 51,42 metr n\u0259tic\u0259 g\u00f6st\u0259r\u0259r\u0259k yeni d\u00fcnya<\/p>\n","protected":false},"author":2,"featured_media":46435,"comment_status":"closed","ping_status":"closed","sticky":false,"template":"","format":"standard","meta":{"footnotes":""},"categories":[3],"tags":[],"class_list":["post-46764","post","type-post","status-publish","format-standard","has-post-thumbnail","hentry","category-gundm"],"aioseo_notices":[],"_links":{"self":[{"href":"https:\/\/fedai.az\/index.php?rest_route=\/wp\/v2\/posts\/46764","targetHints":{"allow":["GET"]}}],"collection":[{"href":"https:\/\/fedai.az\/index.php?rest_route=\/wp\/v2\/posts"}],"about":[{"href":"https:\/\/fedai.az\/index.php?rest_route=\/wp\/v2\/types\/post"}],"author":[{"embeddable":true,"href":"https:\/\/fedai.az\/index.php?rest_route=\/wp\/v2\/users\/2"}],"replies":[{"embeddable":true,"href":"https:\/\/fedai.az\/index.php?rest_route=%2Fwp%2Fv2%2Fcomments&post=46764"}],"version-history":[{"count":2,"href":"https:\/\/fedai.az\/index.php?rest_route=\/wp\/v2\/posts\/46764\/revisions"}],"predecessor-version":[{"id":46767,"href":"https:\/\/fedai.az\/index.php?rest_route=\/wp\/v2\/posts\/46764\/revisions\/46767"}],"wp:featuredmedia":[{"embeddable":true,"href":"https:\/\/fedai.az\/index.php?rest_route=\/wp\/v2\/media\/46435"}],"wp:attachment":[{"href":"https:\/\/fedai.az\/index.php?rest_route=%2Fwp%2Fv2%2Fmedia&parent=46764"}],"wp:term":[{"taxonomy":"category","embeddable":true,"href":"https:\/\/fedai.az\/index.php?rest_route=%2Fwp%2Fv2%2Fcategories&post=46764"},{"taxonomy":"post_tag","embeddable":true,"href":"https:\/\/fedai.az\/index.php?rest_route=%2Fwp%2Fv2%2Ftags&post=46764"}],"curies":[{"name":"wp","href":"https:\/\/api.w.org\/{rel}","templated":true}]}}