{"id":46772,"date":"2021-08-29T01:31:34","date_gmt":"2021-08-28T21:31:34","guid":{"rendered":"https:\/\/fedai.az\/?p=46772"},"modified":"2021-08-29T01:31:38","modified_gmt":"2021-08-28T21:31:38","slug":"g%c9%99l%c9%99n-ilin-ortalarinad%c9%99k-dunya-%c9%99halisinin-70-faizi-vaksinasiya-olunmalidir-ust","status":"publish","type":"post","link":"https:\/\/fedai.az\/?p=46772","title":{"rendered":"G\u0259l\u0259n ilin ortalar\u0131nad\u0259k d\u00fcnya \u0259halisinin 70 faizi vaksinasiya olunmal\u0131d\u0131r &#8212; \u00dcST"},"content":{"rendered":"\n<p><strong>\u00dcmumd\u00fcnya S\u0259hiyy\u0259 T\u0259\u015fkilat\u0131n\u0131n (\u00dcST) h\u0259d\u0259fi cari il sentyabr\u0131n sonuna q\u0259d\u0259r planetin \u0259halisinin az\u0131 10%-nin peyv\u0259ndl\u0259nm\u0259sin\u0259 nail olmaqd\u0131r v\u0259 bu istiqam\u0259td\u0259 ir\u0259lil\u0259yi\u015f var.<\/strong><\/p>\n\n\n\n<p>EDNews.net x\u0259b\u0259r verir ki, bunu Cenevr\u0259d\u0259 ke\u00e7irdiyi brifinqd\u0259 \u00dcST-\u00fcn ba\u015f direktoru Tedros Adanom Qebreyesus bildirib.<\/p>\n\n\n\n<p>&#171;D\u00fcnya \u0259halisinin vaksinasiya olunmas\u0131 istiqam\u0259tind\u0259 t\u0259\u015fkilata \u00fczv olan d\u00f6vl\u0259tl\u0259rin birg\u0259 \u00e7al\u0131\u015fmas\u0131 vacibdir. Sentyabr ay\u0131n\u0131n sonuna q\u0259d\u0259r d\u00fcnya \u0259halisinin 10%-i, ilin sonuna q\u0259d\u0259r 40%-i v\u0259 g\u0259l\u0259n ilin ortalar\u0131na q\u0259d\u0259r 70%-nin vaksinasiya olunmas\u0131 qar\u015f\u0131da duran \u0259sas h\u0259d\u0259fdir&#187;, &#8212; Qebreyesus vur\u011fulay\u0131b.<\/p>\n\n\n\n<p>\u00dcST-\u00fcn m\u0259lumat\u0131na g\u00f6r\u0259, pandemiya ba\u015flayandan b\u0259ri 214 milyon 468 min 601 n\u0259f\u0259r koronavirus infeksiyas\u0131na yoluxma fakt\u0131 qeyd\u0259 al\u0131n\u0131b, 4 milyon 470 min 969 n\u0259f\u0259r v\u0259fat edib.<\/p>\n\n\n\n<p>Avqustun 25-\u0259 q\u0259d\u0259r d\u00fcnyada 4 953 887 422 n\u0259f\u0259r peyv\u0259nd olunub<\/p>\n","protected":false},"excerpt":{"rendered":"<p>\u00dcmumd\u00fcnya S\u0259hiyy\u0259 T\u0259\u015fkilat\u0131n\u0131n (\u00dcST) h\u0259d\u0259fi cari il sentyabr\u0131n sonuna q\u0259d\u0259r planetin \u0259halisinin az\u0131 10%-nin peyv\u0259ndl\u0259nm\u0259sin\u0259 nail olmaqd\u0131r v\u0259 bu istiqam\u0259td\u0259 ir\u0259lil\u0259yi\u015f var. EDNews.net x\u0259b\u0259r<\/p>\n","protected":false},"author":2,"featured_media":46773,"comment_status":"closed","ping_status":"closed","sticky":false,"template":"","format":"standard","meta":{"footnotes":""},"categories":[13],"tags":[],"class_list":["post-46772","post","type-post","status-publish","format-standard","has-post-thumbnail","hentry","category-xarici"],"aioseo_notices":[],"_links":{"self":[{"href":"https:\/\/fedai.az\/index.php?rest_route=\/wp\/v2\/posts\/46772","targetHints":{"allow":["GET"]}}],"collection":[{"href":"https:\/\/fedai.az\/index.php?rest_route=\/wp\/v2\/posts"}],"about":[{"href":"https:\/\/fedai.az\/index.php?rest_route=\/wp\/v2\/types\/post"}],"author":[{"embeddable":true,"href":"https:\/\/fedai.az\/index.php?rest_route=\/wp\/v2\/users\/2"}],"replies":[{"embeddable":true,"href":"https:\/\/fedai.az\/index.php?rest_route=%2Fwp%2Fv2%2Fcomments&post=46772"}],"version-history":[{"count":1,"href":"https:\/\/fedai.az\/index.php?rest_route=\/wp\/v2\/posts\/46772\/revisions"}],"predecessor-version":[{"id":46774,"href":"https:\/\/fedai.az\/index.php?rest_route=\/wp\/v2\/posts\/46772\/revisions\/46774"}],"wp:featuredmedia":[{"embeddable":true,"href":"https:\/\/fedai.az\/index.php?rest_route=\/wp\/v2\/media\/46773"}],"wp:attachment":[{"href":"https:\/\/fedai.az\/index.php?rest_route=%2Fwp%2Fv2%2Fmedia&parent=46772"}],"wp:term":[{"taxonomy":"category","embeddable":true,"href":"https:\/\/fedai.az\/index.php?rest_route=%2Fwp%2Fv2%2Fcategories&post=46772"},{"taxonomy":"post_tag","embeddable":true,"href":"https:\/\/fedai.az\/index.php?rest_route=%2Fwp%2Fv2%2Ftags&post=46772"}],"curies":[{"name":"wp","href":"https:\/\/api.w.org\/{rel}","templated":true}]}}